{"id":39890,"date":"2018-02-19T11:23:01","date_gmt":"2018-02-19T17:23:01","guid":{"rendered":"http:\/\/www.lospoliticosveracruz.com.mx\/?p=39890"},"modified":"2018-02-19T11:23:01","modified_gmt":"2018-02-19T17:23:01","slug":"les-va-como-en-feria-a-hombres-en-el-issste","status":"publish","type":"post","link":"https:\/\/lospoliticosveracruz.com\/?p=39890","title":{"rendered":"Les va como en feria a hombres en el Issste"},"content":{"rendered":"<p align=\"JUSTIFY\"><span style=\"font-family: 'Soberana Sans', serif;\">Con el prop\u00f3sito de promover entre los varones el cuidado de la salud y sum\u00e1ndose a la campa\u00f1a nacional \u201cFebrero, Mes de la Salud del Hombre 2018\u201d, la Cl\u00ednica de Medicina Familiar de primer nivel del ISSSTE en Xalapa, realiza Ferias de la salud, todos los lunes, para el cuidado y prevenci\u00f3n en materia de salud para de los m\u00e1s de 56 mil hombres que tiene adscritos este nosocomio, as\u00ed lo inform\u00f3 la directora, Mar\u00eda del Socorro Acosta Flores. <\/span><\/p>\n<p align=\"JUSTIFY\"><span style=\"font-family: 'Soberana Sans', serif;\">Se\u00f1al\u00f3 que por instrucciones de la Delegada del ISSSTE, las 85 Unidades M\u00e9dicas con las que cuenta el Instituto en Veracruz realizan ferias de la salud durante este mes, adem\u00e1s del programa, \u201cISSSTE en tu dependencia\u201d. <\/span><\/p>\n<p align=\"JUSTIFY\"><span style=\"font-family: 'Soberana Sans', serif;\">La directora de esta Cl\u00ednica de Medicina Familiar, afirm\u00f3 que el principal objetivo de esta campa\u00f1a es impulsar la prevenci\u00f3n de c\u00e1ncer de pr\u00f3stata, as\u00ed como las enfermedades cr\u00f3nico degenerativas como diabetes e hipertensi\u00f3n, adem\u00e1s de incentivar la detecci\u00f3n oportuna de c\u00e1ncer de test\u00edculo, considerado uno de los principales padecimientos entre la poblaci\u00f3n masculina. <\/span><\/p>\n<p align=\"JUSTIFY\">\u201c<span style=\"font-family: 'Soberana Sans', serif;\">Por instrucciones de nuestra delegada, El\u00edzabeth Morales Garc\u00eda, que nos ha brindado todo su apoyo en esta campa\u00f1a \u2018Febrero, Mes de la Salud del Hombre\u2019, estamos buscando concientizar a la poblaci\u00f3n en general de la importancia de la cultura de la prevenci\u00f3n y autocuidado de la salud en los hombres\u201d. <\/span><\/p>\n<p align=\"JUSTIFY\"><span style=\"font-family: 'Soberana Sans', serif;\">Acosta Flores, dijo que entre las acciones que se llevan a cabo en estas ferias de la salud que se efect\u00faan todos los lunes, son <\/span><span style=\"font-family: 'Soberana Sans', serif;\">chequeos de glucosa, medici\u00f3n de peso y talla, toma de presi\u00f3n arterial, prueba r\u00e1pida de ant\u00edgeno prost\u00e1tico, vacunaci\u00f3n, entrega de preservativos, \u00e1cido f\u00f3lico, sobres vida oral, cepillos dentales; as\u00ed como la informaci\u00f3n sobre: vasectom\u00eda sin bistur\u00ed, sida, hipertensi\u00f3n, higiene bucal, entre otros temas de inter\u00e9s para el sector masculino. <\/span><\/p>\n<p align=\"JUSTIFY\"><span style=\"font-family: 'Soberana Sans', serif;\">Mar\u00eda del Socorro Acosta Flores, coment\u00f3 que es de vital importancia fomentar y fortalecer la medicina preventiva en los hombres, ya que en el rango de edad de los 15 a 40 a\u00f1os en M\u00e9xico, el 60 por ciento de los casos de c\u00e1ncer en los hombres llegan en etapas tard\u00edas. <\/span><\/p>\n<p align=\"JUSTIFY\">\u201c<span style=\"font-family: 'Soberana Sans', serif;\">En el Instituto fallecen m\u00e1s hombres por c\u00e1ncer de pr\u00f3stata y test\u00edculo que mujeres por c\u00e1ncer de mama, sin embargo, respecto a otros tipos de c\u00e1ncer, tiene una de las tasas m\u00e1s altas de curaci\u00f3n que asciende al 90 por ciento, por tal motivo, es importante promover el autocuidado en la salud de los hombres\u201d. <\/span><\/p>\n<p align=\"JUSTIFY\"><span style=\"font-family: 'Soberana Sans', serif;\">En la Cl\u00ednica de Medicina Familiar de primer nivel del Instituto en Xalapa, adem\u00e1s de realizar ferias de la salud en esta campa\u00f1a de \u201cFebrero, Mes de la Salud del Hombre\u201d, se tiene programas como el MIDE (Programa de Manejo Integral de Diabetes por Etapas) o ADEC (Atenci\u00f3n a la Diabetes y Enfermedades Cr\u00f3nicas) y el de Planificaci\u00f3n familiar para reforzar la salud en los derechohabientes y sobre todo en el sector masculino. <\/span><\/p>\n<p align=\"JUSTIFY\">\u201c<span style=\"font-family: 'Soberana Sans', serif;\">Adem\u00e1s de contar con estos programas preventivos, en esta Cl\u00ednica y en las 85 Unidades M\u00e9dicas que tiene el Instituto se realizan activaciones f\u00edsicas para que los hombres y derechohabientes est\u00e9n saludables\u201d, finaliz\u00f3. <\/span><\/p>\n<p align=\"JUSTIFY\"><span style=\"color: #000000;\"><span style=\"font-family: 'Soberana Sans', serif;\">Entre los retos de 2018 de esta campa\u00f1a se encuentra posicionar a \u201cFebrero, Mes de la Salud del Hombre\u201d como una estrategia nacional en todas las \u00e1reas de salud y mantener las acciones preventivas y de diagn\u00f3stico oportuno todo el a\u00f1o. <\/span><\/span><\/p>\n","protected":false},"excerpt":{"rendered":"<p>Con el prop\u00f3sito de promover entre los varones el cuidado de la salud y sum\u00e1ndose a la campa\u00f1a nacional \u201cFebrero, Mes de la Salud del Hombre 2018\u201d, la Cl\u00ednica de Medicina Familiar de primer nivel del ISSSTE en Xalapa, realiza Ferias de la salud, todos los lunes, para el cuidado y prevenci\u00f3n en materia de [&hellip;]<\/p>\n","protected":false},"author":2,"featured_media":0,"comment_status":"open","ping_status":"open","sticky":false,"template":"","format":"standard","meta":{"tdm_status":"","tdm_grid_status":"","footnotes":""},"categories":[1],"tags":[405,895,10965],"class_list":{"0":"post-39890","1":"post","2":"type-post","3":"status-publish","4":"format-standard","6":"category-sin-categoria","7":"tag-elizabeth-morales-garcia","8":"tag-issste","9":"tag-maria-del-socorro-acosta-flores"},"yoast_head":"<!-- This site is optimized with the Yoast SEO plugin v27.4 - https:\/\/yoast.com\/product\/yoast-seo-wordpress\/ -->\n<title>Les va como en feria a hombres en el Issste - Los pol\u00edticos Veracruz<\/title>\n<meta name=\"robots\" content=\"index, follow, max-snippet:-1, max-image-preview:large, max-video-preview:-1\" \/>\n<link rel=\"canonical\" href=\"https:\/\/lospoliticosveracruz.com\/?p=39890\" \/>\n<meta property=\"og:locale\" content=\"es_ES\" \/>\n<meta property=\"og:type\" content=\"article\" \/>\n<meta property=\"og:title\" content=\"Les va como en feria a hombres en el Issste - Los pol\u00edticos Veracruz\" \/>\n<meta property=\"og:description\" content=\"Con el prop\u00f3sito de promover entre los varones el cuidado de la salud y sum\u00e1ndose a la campa\u00f1a nacional \u201cFebrero, Mes de la Salud del Hombre 2018\u201d, la Cl\u00ednica de Medicina Familiar de primer nivel del ISSSTE en Xalapa, realiza Ferias de la salud, todos los lunes, para el cuidado y prevenci\u00f3n en materia de [&hellip;]\" \/>\n<meta property=\"og:url\" content=\"https:\/\/lospoliticosveracruz.com\/?p=39890\" \/>\n<meta property=\"og:site_name\" content=\"Los pol\u00edticos Veracruz\" \/>\n<meta property=\"article:publisher\" content=\"https:\/\/www.facebook.com\/people\/Notimemes-de-los-Polticos\/61565672886568\/\" \/>\n<meta property=\"article:published_time\" content=\"2018-02-19T17:23:01+00:00\" \/>\n<meta property=\"og:image\" content=\"https:\/\/lospoliticosveracruz.com\/wp-content\/uploads\/2016\/07\/Logo-Dor.jpg\" \/>\n\t<meta property=\"og:image:width\" content=\"200\" \/>\n\t<meta property=\"og:image:height\" content=\"200\" \/>\n\t<meta property=\"og:image:type\" content=\"image\/jpeg\" \/>\n<meta name=\"author\" content=\"Lo viste en Los Pol\u00edticos\" \/>\n<meta name=\"twitter:card\" content=\"summary_large_image\" \/>\n<meta name=\"twitter:creator\" content=\"@LosPoliticosVer\" \/>\n<meta name=\"twitter:site\" content=\"@LosPoliticosVer\" \/>\n<meta name=\"twitter:label1\" content=\"Escrito por\" \/>\n\t<meta name=\"twitter:data1\" content=\"Lo viste en Los Pol\u00edticos\" \/>\n\t<meta name=\"twitter:label2\" content=\"Tiempo de lectura\" \/>\n\t<meta name=\"twitter:data2\" content=\"3 minutos\" \/>\n<script type=\"application\/ld+json\" class=\"yoast-schema-graph\">{\"@context\":\"https:\\\/\\\/schema.org\",\"@graph\":[{\"@type\":\"Article\",\"@id\":\"https:\\\/\\\/lospoliticosveracruz.com\\\/?p=39890#article\",\"isPartOf\":{\"@id\":\"https:\\\/\\\/lospoliticosveracruz.com\\\/?p=39890\"},\"author\":{\"name\":\"Lo viste en Los Pol\u00edticos\",\"@id\":\"https:\\\/\\\/lospoliticosveracruz.com\\\/#\\\/schema\\\/person\\\/b8702bb0e538456e6efd07080bf2a4a2\"},\"headline\":\"Les va como en feria a hombres en el Issste\",\"datePublished\":\"2018-02-19T17:23:01+00:00\",\"mainEntityOfPage\":{\"@id\":\"https:\\\/\\\/lospoliticosveracruz.com\\\/?p=39890\"},\"wordCount\":613,\"commentCount\":0,\"publisher\":{\"@id\":\"https:\\\/\\\/lospoliticosveracruz.com\\\/#organization\"},\"keywords\":[\"Elizabeth Morales Garc\u00eda\",\"Issste\",\"Mar\u00eda del Socorro Acosta Flores\"],\"inLanguage\":\"es\",\"potentialAction\":[{\"@type\":\"CommentAction\",\"name\":\"Comment\",\"target\":[\"https:\\\/\\\/lospoliticosveracruz.com\\\/?p=39890#respond\"]}]},{\"@type\":\"WebPage\",\"@id\":\"https:\\\/\\\/lospoliticosveracruz.com\\\/?p=39890\",\"url\":\"https:\\\/\\\/lospoliticosveracruz.com\\\/?p=39890\",\"name\":\"Les va como en feria a hombres en el Issste - Los pol\u00edticos Veracruz\",\"isPartOf\":{\"@id\":\"https:\\\/\\\/lospoliticosveracruz.com\\\/#website\"},\"datePublished\":\"2018-02-19T17:23:01+00:00\",\"breadcrumb\":{\"@id\":\"https:\\\/\\\/lospoliticosveracruz.com\\\/?p=39890#breadcrumb\"},\"inLanguage\":\"es\",\"potentialAction\":[{\"@type\":\"ReadAction\",\"target\":[\"https:\\\/\\\/lospoliticosveracruz.com\\\/?p=39890\"]}]},{\"@type\":\"BreadcrumbList\",\"@id\":\"https:\\\/\\\/lospoliticosveracruz.com\\\/?p=39890#breadcrumb\",\"itemListElement\":[{\"@type\":\"ListItem\",\"position\":1,\"name\":\"Portada\",\"item\":\"https:\\\/\\\/lospoliticosveracruz.com\\\/\"},{\"@type\":\"ListItem\",\"position\":2,\"name\":\"Les va como en feria a hombres en el Issste\"}]},{\"@type\":\"WebSite\",\"@id\":\"https:\\\/\\\/lospoliticosveracruz.com\\\/#website\",\"url\":\"https:\\\/\\\/lospoliticosveracruz.com\\\/\",\"name\":\"Los pol\u00edticos Veracruz\",\"description\":\"\",\"publisher\":{\"@id\":\"https:\\\/\\\/lospoliticosveracruz.com\\\/#organization\"},\"potentialAction\":[{\"@type\":\"SearchAction\",\"target\":{\"@type\":\"EntryPoint\",\"urlTemplate\":\"https:\\\/\\\/lospoliticosveracruz.com\\\/?s={search_term_string}\"},\"query-input\":{\"@type\":\"PropertyValueSpecification\",\"valueRequired\":true,\"valueName\":\"search_term_string\"}}],\"inLanguage\":\"es\"},{\"@type\":\"Organization\",\"@id\":\"https:\\\/\\\/lospoliticosveracruz.com\\\/#organization\",\"name\":\"Los pol\u00edticos Veracruz\",\"url\":\"https:\\\/\\\/lospoliticosveracruz.com\\\/\",\"logo\":{\"@type\":\"ImageObject\",\"inLanguage\":\"es\",\"@id\":\"https:\\\/\\\/lospoliticosveracruz.com\\\/#\\\/schema\\\/logo\\\/image\\\/\",\"url\":\"https:\\\/\\\/lospoliticosveracruz.com\\\/wp-content\\\/uploads\\\/2025\\\/12\\\/Logo-Nuevo-LOS-POLITICOS-1.jpg\",\"contentUrl\":\"https:\\\/\\\/lospoliticosveracruz.com\\\/wp-content\\\/uploads\\\/2025\\\/12\\\/Logo-Nuevo-LOS-POLITICOS-1.jpg\",\"width\":260,\"height\":70,\"caption\":\"Los pol\u00edticos Veracruz\"},\"image\":{\"@id\":\"https:\\\/\\\/lospoliticosveracruz.com\\\/#\\\/schema\\\/logo\\\/image\\\/\"},\"sameAs\":[\"https:\\\/\\\/www.facebook.com\\\/people\\\/Notimemes-de-los-Polticos\\\/61565672886568\\\/\",\"https:\\\/\\\/x.com\\\/LosPoliticosVer\"]},{\"@type\":\"Person\",\"@id\":\"https:\\\/\\\/lospoliticosveracruz.com\\\/#\\\/schema\\\/person\\\/b8702bb0e538456e6efd07080bf2a4a2\",\"name\":\"Lo viste en Los Pol\u00edticos\",\"image\":{\"@type\":\"ImageObject\",\"inLanguage\":\"es\",\"@id\":\"https:\\\/\\\/secure.gravatar.com\\\/avatar\\\/3a8de04a2656d44082be478bd6c086daa447c4651605818287b9532d3d0bd435?s=96&d=mm&r=g\",\"url\":\"https:\\\/\\\/secure.gravatar.com\\\/avatar\\\/3a8de04a2656d44082be478bd6c086daa447c4651605818287b9532d3d0bd435?s=96&d=mm&r=g\",\"contentUrl\":\"https:\\\/\\\/secure.gravatar.com\\\/avatar\\\/3a8de04a2656d44082be478bd6c086daa447c4651605818287b9532d3d0bd435?s=96&d=mm&r=g\",\"caption\":\"Lo viste en Los Pol\u00edticos\"},\"url\":\"https:\\\/\\\/lospoliticosveracruz.com\\\/?author=2\"}]}<\/script>\n<!-- \/ Yoast SEO plugin. -->","yoast_head_json":{"title":"Les va como en feria a hombres en el Issste - Los pol\u00edticos Veracruz","robots":{"index":"index","follow":"follow","max-snippet":"max-snippet:-1","max-image-preview":"max-image-preview:large","max-video-preview":"max-video-preview:-1"},"canonical":"https:\/\/lospoliticosveracruz.com\/?p=39890","og_locale":"es_ES","og_type":"article","og_title":"Les va como en feria a hombres en el Issste - Los pol\u00edticos Veracruz","og_description":"Con el prop\u00f3sito de promover entre los varones el cuidado de la salud y sum\u00e1ndose a la campa\u00f1a nacional \u201cFebrero, Mes de la Salud del Hombre 2018\u201d, la Cl\u00ednica de Medicina Familiar de primer nivel del ISSSTE en Xalapa, realiza Ferias de la salud, todos los lunes, para el cuidado y prevenci\u00f3n en materia de [&hellip;]","og_url":"https:\/\/lospoliticosveracruz.com\/?p=39890","og_site_name":"Los pol\u00edticos Veracruz","article_publisher":"https:\/\/www.facebook.com\/people\/Notimemes-de-los-Polticos\/61565672886568\/","article_published_time":"2018-02-19T17:23:01+00:00","og_image":[{"width":200,"height":200,"url":"https:\/\/lospoliticosveracruz.com\/wp-content\/uploads\/2016\/07\/Logo-Dor.jpg","type":"image\/jpeg"}],"author":"Lo viste en Los Pol\u00edticos","twitter_card":"summary_large_image","twitter_creator":"@LosPoliticosVer","twitter_site":"@LosPoliticosVer","twitter_misc":{"Escrito por":"Lo viste en Los Pol\u00edticos","Tiempo de lectura":"3 minutos"},"schema":{"@context":"https:\/\/schema.org","@graph":[{"@type":"Article","@id":"https:\/\/lospoliticosveracruz.com\/?p=39890#article","isPartOf":{"@id":"https:\/\/lospoliticosveracruz.com\/?p=39890"},"author":{"name":"Lo viste en Los Pol\u00edticos","@id":"https:\/\/lospoliticosveracruz.com\/#\/schema\/person\/b8702bb0e538456e6efd07080bf2a4a2"},"headline":"Les va como en feria a hombres en el Issste","datePublished":"2018-02-19T17:23:01+00:00","mainEntityOfPage":{"@id":"https:\/\/lospoliticosveracruz.com\/?p=39890"},"wordCount":613,"commentCount":0,"publisher":{"@id":"https:\/\/lospoliticosveracruz.com\/#organization"},"keywords":["Elizabeth Morales Garc\u00eda","Issste","Mar\u00eda del Socorro Acosta Flores"],"inLanguage":"es","potentialAction":[{"@type":"CommentAction","name":"Comment","target":["https:\/\/lospoliticosveracruz.com\/?p=39890#respond"]}]},{"@type":"WebPage","@id":"https:\/\/lospoliticosveracruz.com\/?p=39890","url":"https:\/\/lospoliticosveracruz.com\/?p=39890","name":"Les va como en feria a hombres en el Issste - Los pol\u00edticos Veracruz","isPartOf":{"@id":"https:\/\/lospoliticosveracruz.com\/#website"},"datePublished":"2018-02-19T17:23:01+00:00","breadcrumb":{"@id":"https:\/\/lospoliticosveracruz.com\/?p=39890#breadcrumb"},"inLanguage":"es","potentialAction":[{"@type":"ReadAction","target":["https:\/\/lospoliticosveracruz.com\/?p=39890"]}]},{"@type":"BreadcrumbList","@id":"https:\/\/lospoliticosveracruz.com\/?p=39890#breadcrumb","itemListElement":[{"@type":"ListItem","position":1,"name":"Portada","item":"https:\/\/lospoliticosveracruz.com\/"},{"@type":"ListItem","position":2,"name":"Les va como en feria a hombres en el Issste"}]},{"@type":"WebSite","@id":"https:\/\/lospoliticosveracruz.com\/#website","url":"https:\/\/lospoliticosveracruz.com\/","name":"Los pol\u00edticos Veracruz","description":"","publisher":{"@id":"https:\/\/lospoliticosveracruz.com\/#organization"},"potentialAction":[{"@type":"SearchAction","target":{"@type":"EntryPoint","urlTemplate":"https:\/\/lospoliticosveracruz.com\/?s={search_term_string}"},"query-input":{"@type":"PropertyValueSpecification","valueRequired":true,"valueName":"search_term_string"}}],"inLanguage":"es"},{"@type":"Organization","@id":"https:\/\/lospoliticosveracruz.com\/#organization","name":"Los pol\u00edticos Veracruz","url":"https:\/\/lospoliticosveracruz.com\/","logo":{"@type":"ImageObject","inLanguage":"es","@id":"https:\/\/lospoliticosveracruz.com\/#\/schema\/logo\/image\/","url":"https:\/\/lospoliticosveracruz.com\/wp-content\/uploads\/2025\/12\/Logo-Nuevo-LOS-POLITICOS-1.jpg","contentUrl":"https:\/\/lospoliticosveracruz.com\/wp-content\/uploads\/2025\/12\/Logo-Nuevo-LOS-POLITICOS-1.jpg","width":260,"height":70,"caption":"Los pol\u00edticos Veracruz"},"image":{"@id":"https:\/\/lospoliticosveracruz.com\/#\/schema\/logo\/image\/"},"sameAs":["https:\/\/www.facebook.com\/people\/Notimemes-de-los-Polticos\/61565672886568\/","https:\/\/x.com\/LosPoliticosVer"]},{"@type":"Person","@id":"https:\/\/lospoliticosveracruz.com\/#\/schema\/person\/b8702bb0e538456e6efd07080bf2a4a2","name":"Lo viste en Los Pol\u00edticos","image":{"@type":"ImageObject","inLanguage":"es","@id":"https:\/\/secure.gravatar.com\/avatar\/3a8de04a2656d44082be478bd6c086daa447c4651605818287b9532d3d0bd435?s=96&d=mm&r=g","url":"https:\/\/secure.gravatar.com\/avatar\/3a8de04a2656d44082be478bd6c086daa447c4651605818287b9532d3d0bd435?s=96&d=mm&r=g","contentUrl":"https:\/\/secure.gravatar.com\/avatar\/3a8de04a2656d44082be478bd6c086daa447c4651605818287b9532d3d0bd435?s=96&d=mm&r=g","caption":"Lo viste en Los Pol\u00edticos"},"url":"https:\/\/lospoliticosveracruz.com\/?author=2"}]}},"_links":{"self":[{"href":"https:\/\/lospoliticosveracruz.com\/index.php?rest_route=\/wp\/v2\/posts\/39890","targetHints":{"allow":["GET"]}}],"collection":[{"href":"https:\/\/lospoliticosveracruz.com\/index.php?rest_route=\/wp\/v2\/posts"}],"about":[{"href":"https:\/\/lospoliticosveracruz.com\/index.php?rest_route=\/wp\/v2\/types\/post"}],"author":[{"embeddable":true,"href":"https:\/\/lospoliticosveracruz.com\/index.php?rest_route=\/wp\/v2\/users\/2"}],"replies":[{"embeddable":true,"href":"https:\/\/lospoliticosveracruz.com\/index.php?rest_route=%2Fwp%2Fv2%2Fcomments&post=39890"}],"version-history":[{"count":1,"href":"https:\/\/lospoliticosveracruz.com\/index.php?rest_route=\/wp\/v2\/posts\/39890\/revisions"}],"predecessor-version":[{"id":39893,"href":"https:\/\/lospoliticosveracruz.com\/index.php?rest_route=\/wp\/v2\/posts\/39890\/revisions\/39893"}],"wp:attachment":[{"href":"https:\/\/lospoliticosveracruz.com\/index.php?rest_route=%2Fwp%2Fv2%2Fmedia&parent=39890"}],"wp:term":[{"taxonomy":"category","embeddable":true,"href":"https:\/\/lospoliticosveracruz.com\/index.php?rest_route=%2Fwp%2Fv2%2Fcategories&post=39890"},{"taxonomy":"post_tag","embeddable":true,"href":"https:\/\/lospoliticosveracruz.com\/index.php?rest_route=%2Fwp%2Fv2%2Ftags&post=39890"}],"curies":[{"name":"wp","href":"https:\/\/api.w.org\/{rel}","templated":true}]}}