{"id":39896,"date":"2018-02-19T12:07:47","date_gmt":"2018-02-19T18:07:47","guid":{"rendered":"http:\/\/www.lospoliticosveracruz.com.mx\/?p=39896"},"modified":"2018-02-19T12:07:47","modified_gmt":"2018-02-19T18:07:47","slug":"campanas-de-odio-2","status":"publish","type":"post","link":"https:\/\/lospoliticosveracruz.com\/?p=39896","title":{"rendered":"Campa\u00f1as de odio"},"content":{"rendered":"<p class=\"x_MsoNormal\"><strong>Claudia Guerrero Mart\u00ednez<\/strong><\/p>\n<p class=\"x_MsoNormal\"><em>Entre lo ut\u00f3pico y lo verdadero<\/em><\/p>\n<p class=\"x_MsoNormal\">\n<p class=\"x_MsoNormal\">\n<p class=\"x_MsoNormal\">\n<p class=\"x_MsoNormal\">Despu\u00e9s del triunfo de Donald Trump a la Presidencia de los Estados Unidos, \u00e9sta evidenci\u00f3 la estrategia de odio, xenofobia y discriminaci\u00f3n,\u00a0\u00a0componentes perfectos para el incre\u00edble triunfo de este republicano, quien hoy goza de una baja popular, gracias\u00a0\u00a0a torpes y soberbios comentarios, as\u00ed como su caricaturesco f\u00edsico, que en nada orgullece a los estadounidenses&#8230; Y los continuos ataques perpetrados por presuntos solitarios francotiradores en contra de\u00a0\u00a0gente inocente en secundarias, universidades y conciertos al aire libre, como el ocurrido en Las Vegas, Nevada, son claros ejemplos de c\u00f3mo el fomento al odio interracial, estatus social y hasta nacionalidad, provocan resentimientos y hasta tab\u00fas culturales&#8230;<\/p>\n<p class=\"x_MsoNormal\">\n<p class=\"x_MsoNormal\">Mikel Arreola,\u00a0\u00a0exsecretario del\u00a0\u00a0IMSS y\u00a0\u00a0ya candidato a la Jefatura del Gobierno de la Ciudad de M\u00e9xico, por el Partido Revolucionario Institucional, en su discurso, utiliza las estrategias de odio homof\u00f3bico, con la excusa de \u201crescatar los valores\u201d, al estar en contra de las relaciones y matrimonios, as\u00ed como la adopci\u00f3n entre\u00a0\u00a0parejas del mismo sexo y esto\u00a0\u00a0violenta los derechos humanos, de igualdad y olvida que vivimos en un pa\u00eds libre&#8230; En nuestra postura como persona heterosexual, respetamos much\u00edsimo la orientaci\u00f3n sexual de cada persona y eso no nos hace ser diferentes entre s\u00ed, ni minimiza\u00a0\u00a0a unos de tener m\u00e1s derechos, que otros&#8230;<\/p>\n<p class=\"x_MsoNormal\">\n<p class=\"x_MsoNormal\">Lo lamentable, es la postura de seguidores de MORENA&#8230; El mismo Andr\u00e9s Manuel L\u00f3pez Obrador ha fomentado\u00a0\u00a0la campa\u00f1a de odio en contra de\u00a0\u00a0las instituciones gubernamentales y tambi\u00e9n,\u00a0\u00a0en contra de medios de comunicaci\u00f3n y columnistas, quienes hacen an\u00e1lisis pol\u00edtico o critican la postura populista de L\u00f3pez Obrador ante sus seguidores&#8230; Y asumir una actitud de Mes\u00edas, quien perdonar\u00e1 y salvar\u00e1 a M\u00e9xico, cuando el propio L\u00f3pez Obrador es humano&#8230;<\/p>\n<p class=\"x_MsoNormal\">\n<p class=\"x_MsoNormal\">Los comentarios de Enrique Ochoa Reza, Dirigente Nacional del PRI, al llamar a\u00a0AMLO y sus seguidores de \u201cPrietos, que no aprietan\u201d, tambi\u00e9n utiliza la estrategia de odio al color de piel, que culturalmente es ofensivo entre los mexicanos y hasta en la raza negra, en los Estados Unidos&#8230; Y el l\u00edder priista se escuda de\u00a0\u00a0haber hecho alusi\u00f3n comparativa de Morenos-prietos&#8230; Por su parte, los seguidores de L\u00f3pez Obrador se mofan de los defectos de Jos\u00e9 Antonio Meade Kuribre\u00f1a, candidato del PRI-Verde Ecologista-Nueva Alianza a la Presidencia de M\u00e9xico, al llamarlo \u201cpinto\u201d, \u201cmanchado\u201d, \u201cmeado\u201d, entre otros, gracias a que el abanderado tricolor sufre de vit\u00edligo, una enfermedad en el h\u00edgado, que cambia la pigmentaci\u00f3n de la piel&#8230;<\/p>\n<p class=\"x_MsoNormal\">\n<p class=\"x_MsoNormal\">Periodistas y columnistas nacionales y estatales, el publicar una cr\u00edtica, comentario o foto que no apoye a Andr\u00e9s Manuel L\u00f3pez Obrador, sus seguidores, cuentas falsas o bots y hasta personas resentidas por la vida, quienes usan las redes sociales para mostrar el odio a sus semejantes, atacan, calumnian, critican y todos niegan\u00a0\u00a0que su Mes\u00edas no miente, no roba, no traiciona, cuando la historia evidencia los or\u00edgenes de AMLO en el PRI, como dirigente y beneficiado de ese partido pol\u00edtico&#8230; Y al no ceder a sus caprichos y aspiraciones pol\u00edticas, emigra al PRD para ser Jefe\u00a0\u00a0de Gobierno del Distrito Federal&#8230; Luego, se pelea con las tribus perredistas, para optar por\u00a0\u00a0fundar su propio partido pol\u00edtico MORENA, con recursos, muchos de ellos ilegales&#8230;<\/p>\n<p class=\"x_MsoNormal\">\n<p class=\"x_MsoNormal\">La Alianza PAN-PRD-MC, no se quedan atr\u00e1s&#8230; Las recientes listas a Senadores por\u00a0\u00a0Representaci\u00f3n Proporcional, caus\u00f3 molestia y hasta deslinde&#8230; Los grupos internos panistas llevan una \u201ccordialidad\u201d que pende de alfileres y son los mismos quienes acusan a Ricardo Anaya Cort\u00e9s de realizar imposiciones, sin tomar en cuenta a l\u00edderes de grupos contrarios al staff del candidato a la Presidencia de M\u00e9xico, como ocurri\u00f3 con el grupo que encabeza el Gobernador de Chihuahua, Javier Corral Jurado&#8230; Lo interesante, es que esas decisiones no dependen s\u00f3lo del Ricardo Anaya, sino tambi\u00e9n calmar los \u00e1nimos de las tribus del PRD y la ambici\u00f3n de Dante Delgado Rannauro, l\u00edder nacional de Movimiento Ciudadano&#8230;<\/p>\n<p class=\"x_MsoNormal\">\n<p class=\"x_MsoNormal\">El PRI Nacional promocion\u00f3, mediante spots, las bondades de este partido pol\u00edtico y lo ocurrir\u00eda, si los mexicanos no votaran por\u00a0\u00a0\u00e9l, al augurar que podr\u00eda\u00a0desaparecer las instituciones gubernamentales, as\u00ed como no habr\u00eda personal en los servicios de salud, ni maestros e inmobiliario en las escuelas, entre otros absurdos&#8230; Estos promocionales, en lugar de lavar el cerebro de los ciudadanos, indign\u00f3 a muchas personas, pues el PRI se adjudica logros, que al final, son obligaci\u00f3n de todos sus presidentes, gobernadores y Alcaldes, emanados por este partido pol\u00edtico, que se ha beneficiado con el voto de sus verdaderos\u00a0\u00a0jefes,\u00a0los mexicanos&#8230;<\/p>\n<p class=\"x_MsoNormal\">\n<p class=\"x_MsoNormal\">La manipulaci\u00f3n de discursos en las redes sociales, conteniendo palabras de odio, frases xenof\u00f3bicas y de discriminaci\u00f3n, fomentan la violencia y se convierten en una apolog\u00eda para agredir verbalmente y\u00a0\u00a0hasta de manera f\u00edsica. Hay que tener cuidado, pues esto se puede salir de control en cualquier momento&#8230;<\/p>\n<p class=\"x_MsoNormal\">Carta a la redacci\u00f3n: \u00abSin facultades ni conocimiento en materia de Seguridad P\u00fablica, a trav\u00e9s de la Direcci\u00f3n de Consolidaci\u00f3n del Nuevo Sistema de Justicia Penal y Derechos Humanos, que dirige Juan Jos\u00e9 Ni\u00f1o Tejedor, el d\u00eda de ayer se instal\u00f3 el Comit\u00e9 de Prevenci\u00f3n del Delito.\u00a0 Dependencia a cargo de la Secretar\u00eda de Gobierno del Estado, y quien sin experiencia alguna en materia de Prevenci\u00f3n del Delito y \u201cpor lo oscurito\u201d, pretende adjudicarse los m\u00e1s de 8 millones de pesos que se otorgan a los municipios como Xalapa y Veracruz,\u00a0 para la aplicaci\u00f3n de programas en materia de prevenci\u00f3n social de la violencia y la delincuencia.\u00a0Ni\u00f1o Tejedor fue Director General de Administraci\u00f3n y Finanzas de la Secretar\u00eda T\u00e9cnica del Consejo de Coordinaci\u00f3n para la Implementaci\u00f3n del Sistema de Justicia Penal, en tiempos en que Mar\u00eda de los \u00c1ngeles Fromow Rangel fung\u00eda como Secretaria T\u00e9cnica del SETEC.\u00a0 Fromow Rangel, quien desde la Federaci\u00f3n y ten\u00eda como colaborador a Ni\u00f1o Tejedor, ambos en tiempos de Javier Duarte, solaparon el desv\u00edo de recursos etiquetados para el nuevo sistema de justicia penal y hoy se adjudica la ejecuci\u00f3n del Programa Nacional para la Prevenci\u00f3n de la Violencia y la Delincuencia con nulo conocimiento en la materia y con un muy cuestionado pasado administrativo a nivel federal.\u00a0 Todo indica que ni los mismos municipios que tendr\u00edan que ser beneficiados con acciones concretas para prevenir el delito en la entidad como Xalapa y Veracruz, est\u00e1n enterados que este recurso de 8 millones de pesos, estar\u00e1 pasando por debajo del agua y sin ser tomados en cuenta, a trav\u00e9s de una empresa privada, misma que ejecuta proyectos de FORTASEG y PRONAPRED y es dirigida hoy por Mar\u00eda de los \u00c1ngeles Fromow Rangel. Estos recursos ser\u00e1n ejecutados por empresas ligadas a la ex jefa de este funcionario con oscuros antecedentes\u00bb&#8230;<\/p>\n<p class=\"x_MsoNormal\">\n<p class=\"x_MsoNormal\">Dudas y comentarios:\u00a0<a href=\"mailto:claudiaguerreromtz@gmail.com\" target=\"_blank\" rel=\"noopener noreferrer\">claudiaguerreromtz@gmail.com<\/a><\/p>\n<p class=\"x_MsoNormal\">Visite:\u00a0<a href=\"http:\/\/www.periodicoveraz.com\/\" target=\"_blank\" rel=\"noopener noreferrer\">www.periodicoveraz.com<\/a>\u00a0y\u00a0<a href=\"http:\/\/www.claudiaguerrero.mx\/\" target=\"_blank\" rel=\"noopener noreferrer\">www.claudiaguerrero.mx<\/a><\/p>\n<p class=\"x_MsoNormal\">Twitter: @cguerreromtz<\/p>\n","protected":false},"excerpt":{"rendered":"<p>Claudia Guerrero Mart\u00ednez Entre lo ut\u00f3pico y lo verdadero Despu\u00e9s del triunfo de Donald Trump a la Presidencia de los Estados Unidos, \u00e9sta evidenci\u00f3 la estrategia de odio, xenofobia y discriminaci\u00f3n,\u00a0\u00a0componentes perfectos para el incre\u00edble triunfo de este republicano, quien hoy goza de una baja popular, gracias\u00a0\u00a0a torpes y soberbios comentarios, as\u00ed como su caricaturesco [&hellip;]<\/p>\n","protected":false},"author":2,"featured_media":0,"comment_status":"open","ping_status":"open","sticky":false,"template":"","format":"standard","meta":{"tdm_status":"","tdm_grid_status":"","footnotes":""},"categories":[70],"tags":[618,2846,6551,5608,4743],"class_list":{"0":"post-39896","1":"post","2":"type-post","3":"status-publish","4":"format-standard","6":"category-de-opinion","7":"tag-andres-manuel-lopez-obrador","8":"tag-donald-trump","9":"tag-enrique-ochoa","10":"tag-homofobia","11":"tag-mikel-arriola"},"yoast_head":"<!-- This site is optimized with the Yoast SEO plugin v27.4 - https:\/\/yoast.com\/product\/yoast-seo-wordpress\/ -->\n<title>Campa\u00f1as de odio - Los pol\u00edticos Veracruz<\/title>\n<meta name=\"robots\" content=\"index, follow, max-snippet:-1, max-image-preview:large, max-video-preview:-1\" \/>\n<link rel=\"canonical\" href=\"https:\/\/lospoliticosveracruz.com\/?p=39896\" \/>\n<meta property=\"og:locale\" content=\"es_ES\" \/>\n<meta property=\"og:type\" content=\"article\" \/>\n<meta property=\"og:title\" content=\"Campa\u00f1as de odio - Los pol\u00edticos Veracruz\" \/>\n<meta property=\"og:description\" content=\"Claudia Guerrero Mart\u00ednez Entre lo ut\u00f3pico y lo verdadero Despu\u00e9s del triunfo de Donald Trump a la Presidencia de los Estados Unidos, \u00e9sta evidenci\u00f3 la estrategia de odio, xenofobia y discriminaci\u00f3n,\u00a0\u00a0componentes perfectos para el incre\u00edble triunfo de este republicano, quien hoy goza de una baja popular, gracias\u00a0\u00a0a torpes y soberbios comentarios, as\u00ed como su caricaturesco [&hellip;]\" \/>\n<meta property=\"og:url\" content=\"https:\/\/lospoliticosveracruz.com\/?p=39896\" \/>\n<meta property=\"og:site_name\" content=\"Los pol\u00edticos Veracruz\" \/>\n<meta property=\"article:publisher\" content=\"https:\/\/www.facebook.com\/people\/Notimemes-de-los-Polticos\/61565672886568\/\" \/>\n<meta property=\"article:published_time\" content=\"2018-02-19T18:07:47+00:00\" \/>\n<meta property=\"og:image\" content=\"https:\/\/lospoliticosveracruz.com\/wp-content\/uploads\/2016\/07\/Logo-Dor.jpg\" \/>\n\t<meta property=\"og:image:width\" content=\"200\" \/>\n\t<meta property=\"og:image:height\" content=\"200\" \/>\n\t<meta property=\"og:image:type\" content=\"image\/jpeg\" \/>\n<meta name=\"author\" content=\"Lo viste en Los Pol\u00edticos\" \/>\n<meta name=\"twitter:card\" content=\"summary_large_image\" \/>\n<meta name=\"twitter:creator\" content=\"@LosPoliticosVer\" \/>\n<meta name=\"twitter:site\" content=\"@LosPoliticosVer\" \/>\n<meta name=\"twitter:label1\" content=\"Escrito por\" \/>\n\t<meta name=\"twitter:data1\" content=\"Lo viste en Los Pol\u00edticos\" \/>\n\t<meta name=\"twitter:label2\" content=\"Tiempo de lectura\" \/>\n\t<meta name=\"twitter:data2\" content=\"6 minutos\" \/>\n<script type=\"application\/ld+json\" class=\"yoast-schema-graph\">{\"@context\":\"https:\\\/\\\/schema.org\",\"@graph\":[{\"@type\":\"Article\",\"@id\":\"https:\\\/\\\/lospoliticosveracruz.com\\\/?p=39896#article\",\"isPartOf\":{\"@id\":\"https:\\\/\\\/lospoliticosveracruz.com\\\/?p=39896\"},\"author\":{\"name\":\"Lo viste en Los Pol\u00edticos\",\"@id\":\"https:\\\/\\\/lospoliticosveracruz.com\\\/#\\\/schema\\\/person\\\/b8702bb0e538456e6efd07080bf2a4a2\"},\"headline\":\"Campa\u00f1as de odio\",\"datePublished\":\"2018-02-19T18:07:47+00:00\",\"mainEntityOfPage\":{\"@id\":\"https:\\\/\\\/lospoliticosveracruz.com\\\/?p=39896\"},\"wordCount\":1210,\"commentCount\":0,\"publisher\":{\"@id\":\"https:\\\/\\\/lospoliticosveracruz.com\\\/#organization\"},\"keywords\":[\"Andr\u00e9s Manuel L\u00f3pez Obrador\",\"Donald Trump\",\"Enrique Ochoa\",\"Homofobia\",\"Mikel Arriola\"],\"articleSection\":[\"De Opini\u00f3n\"],\"inLanguage\":\"es\",\"potentialAction\":[{\"@type\":\"CommentAction\",\"name\":\"Comment\",\"target\":[\"https:\\\/\\\/lospoliticosveracruz.com\\\/?p=39896#respond\"]}]},{\"@type\":\"WebPage\",\"@id\":\"https:\\\/\\\/lospoliticosveracruz.com\\\/?p=39896\",\"url\":\"https:\\\/\\\/lospoliticosveracruz.com\\\/?p=39896\",\"name\":\"Campa\u00f1as de odio - Los pol\u00edticos Veracruz\",\"isPartOf\":{\"@id\":\"https:\\\/\\\/lospoliticosveracruz.com\\\/#website\"},\"datePublished\":\"2018-02-19T18:07:47+00:00\",\"breadcrumb\":{\"@id\":\"https:\\\/\\\/lospoliticosveracruz.com\\\/?p=39896#breadcrumb\"},\"inLanguage\":\"es\",\"potentialAction\":[{\"@type\":\"ReadAction\",\"target\":[\"https:\\\/\\\/lospoliticosveracruz.com\\\/?p=39896\"]}]},{\"@type\":\"BreadcrumbList\",\"@id\":\"https:\\\/\\\/lospoliticosveracruz.com\\\/?p=39896#breadcrumb\",\"itemListElement\":[{\"@type\":\"ListItem\",\"position\":1,\"name\":\"Portada\",\"item\":\"https:\\\/\\\/lospoliticosveracruz.com\\\/\"},{\"@type\":\"ListItem\",\"position\":2,\"name\":\"Campa\u00f1as de odio\"}]},{\"@type\":\"WebSite\",\"@id\":\"https:\\\/\\\/lospoliticosveracruz.com\\\/#website\",\"url\":\"https:\\\/\\\/lospoliticosveracruz.com\\\/\",\"name\":\"Los pol\u00edticos Veracruz\",\"description\":\"\",\"publisher\":{\"@id\":\"https:\\\/\\\/lospoliticosveracruz.com\\\/#organization\"},\"potentialAction\":[{\"@type\":\"SearchAction\",\"target\":{\"@type\":\"EntryPoint\",\"urlTemplate\":\"https:\\\/\\\/lospoliticosveracruz.com\\\/?s={search_term_string}\"},\"query-input\":{\"@type\":\"PropertyValueSpecification\",\"valueRequired\":true,\"valueName\":\"search_term_string\"}}],\"inLanguage\":\"es\"},{\"@type\":\"Organization\",\"@id\":\"https:\\\/\\\/lospoliticosveracruz.com\\\/#organization\",\"name\":\"Los pol\u00edticos Veracruz\",\"url\":\"https:\\\/\\\/lospoliticosveracruz.com\\\/\",\"logo\":{\"@type\":\"ImageObject\",\"inLanguage\":\"es\",\"@id\":\"https:\\\/\\\/lospoliticosveracruz.com\\\/#\\\/schema\\\/logo\\\/image\\\/\",\"url\":\"https:\\\/\\\/lospoliticosveracruz.com\\\/wp-content\\\/uploads\\\/2025\\\/12\\\/Logo-Nuevo-LOS-POLITICOS-1.jpg\",\"contentUrl\":\"https:\\\/\\\/lospoliticosveracruz.com\\\/wp-content\\\/uploads\\\/2025\\\/12\\\/Logo-Nuevo-LOS-POLITICOS-1.jpg\",\"width\":260,\"height\":70,\"caption\":\"Los pol\u00edticos Veracruz\"},\"image\":{\"@id\":\"https:\\\/\\\/lospoliticosveracruz.com\\\/#\\\/schema\\\/logo\\\/image\\\/\"},\"sameAs\":[\"https:\\\/\\\/www.facebook.com\\\/people\\\/Notimemes-de-los-Polticos\\\/61565672886568\\\/\",\"https:\\\/\\\/x.com\\\/LosPoliticosVer\"]},{\"@type\":\"Person\",\"@id\":\"https:\\\/\\\/lospoliticosveracruz.com\\\/#\\\/schema\\\/person\\\/b8702bb0e538456e6efd07080bf2a4a2\",\"name\":\"Lo viste en Los Pol\u00edticos\",\"image\":{\"@type\":\"ImageObject\",\"inLanguage\":\"es\",\"@id\":\"https:\\\/\\\/secure.gravatar.com\\\/avatar\\\/3a8de04a2656d44082be478bd6c086daa447c4651605818287b9532d3d0bd435?s=96&d=mm&r=g\",\"url\":\"https:\\\/\\\/secure.gravatar.com\\\/avatar\\\/3a8de04a2656d44082be478bd6c086daa447c4651605818287b9532d3d0bd435?s=96&d=mm&r=g\",\"contentUrl\":\"https:\\\/\\\/secure.gravatar.com\\\/avatar\\\/3a8de04a2656d44082be478bd6c086daa447c4651605818287b9532d3d0bd435?s=96&d=mm&r=g\",\"caption\":\"Lo viste en Los Pol\u00edticos\"},\"url\":\"https:\\\/\\\/lospoliticosveracruz.com\\\/?author=2\"}]}<\/script>\n<!-- \/ Yoast SEO plugin. -->","yoast_head_json":{"title":"Campa\u00f1as de odio - Los pol\u00edticos Veracruz","robots":{"index":"index","follow":"follow","max-snippet":"max-snippet:-1","max-image-preview":"max-image-preview:large","max-video-preview":"max-video-preview:-1"},"canonical":"https:\/\/lospoliticosveracruz.com\/?p=39896","og_locale":"es_ES","og_type":"article","og_title":"Campa\u00f1as de odio - Los pol\u00edticos Veracruz","og_description":"Claudia Guerrero Mart\u00ednez Entre lo ut\u00f3pico y lo verdadero Despu\u00e9s del triunfo de Donald Trump a la Presidencia de los Estados Unidos, \u00e9sta evidenci\u00f3 la estrategia de odio, xenofobia y discriminaci\u00f3n,\u00a0\u00a0componentes perfectos para el incre\u00edble triunfo de este republicano, quien hoy goza de una baja popular, gracias\u00a0\u00a0a torpes y soberbios comentarios, as\u00ed como su caricaturesco [&hellip;]","og_url":"https:\/\/lospoliticosveracruz.com\/?p=39896","og_site_name":"Los pol\u00edticos Veracruz","article_publisher":"https:\/\/www.facebook.com\/people\/Notimemes-de-los-Polticos\/61565672886568\/","article_published_time":"2018-02-19T18:07:47+00:00","og_image":[{"width":200,"height":200,"url":"https:\/\/lospoliticosveracruz.com\/wp-content\/uploads\/2016\/07\/Logo-Dor.jpg","type":"image\/jpeg"}],"author":"Lo viste en Los Pol\u00edticos","twitter_card":"summary_large_image","twitter_creator":"@LosPoliticosVer","twitter_site":"@LosPoliticosVer","twitter_misc":{"Escrito por":"Lo viste en Los Pol\u00edticos","Tiempo de lectura":"6 minutos"},"schema":{"@context":"https:\/\/schema.org","@graph":[{"@type":"Article","@id":"https:\/\/lospoliticosveracruz.com\/?p=39896#article","isPartOf":{"@id":"https:\/\/lospoliticosveracruz.com\/?p=39896"},"author":{"name":"Lo viste en Los Pol\u00edticos","@id":"https:\/\/lospoliticosveracruz.com\/#\/schema\/person\/b8702bb0e538456e6efd07080bf2a4a2"},"headline":"Campa\u00f1as de odio","datePublished":"2018-02-19T18:07:47+00:00","mainEntityOfPage":{"@id":"https:\/\/lospoliticosveracruz.com\/?p=39896"},"wordCount":1210,"commentCount":0,"publisher":{"@id":"https:\/\/lospoliticosveracruz.com\/#organization"},"keywords":["Andr\u00e9s Manuel L\u00f3pez Obrador","Donald Trump","Enrique Ochoa","Homofobia","Mikel Arriola"],"articleSection":["De Opini\u00f3n"],"inLanguage":"es","potentialAction":[{"@type":"CommentAction","name":"Comment","target":["https:\/\/lospoliticosveracruz.com\/?p=39896#respond"]}]},{"@type":"WebPage","@id":"https:\/\/lospoliticosveracruz.com\/?p=39896","url":"https:\/\/lospoliticosveracruz.com\/?p=39896","name":"Campa\u00f1as de odio - Los pol\u00edticos Veracruz","isPartOf":{"@id":"https:\/\/lospoliticosveracruz.com\/#website"},"datePublished":"2018-02-19T18:07:47+00:00","breadcrumb":{"@id":"https:\/\/lospoliticosveracruz.com\/?p=39896#breadcrumb"},"inLanguage":"es","potentialAction":[{"@type":"ReadAction","target":["https:\/\/lospoliticosveracruz.com\/?p=39896"]}]},{"@type":"BreadcrumbList","@id":"https:\/\/lospoliticosveracruz.com\/?p=39896#breadcrumb","itemListElement":[{"@type":"ListItem","position":1,"name":"Portada","item":"https:\/\/lospoliticosveracruz.com\/"},{"@type":"ListItem","position":2,"name":"Campa\u00f1as de odio"}]},{"@type":"WebSite","@id":"https:\/\/lospoliticosveracruz.com\/#website","url":"https:\/\/lospoliticosveracruz.com\/","name":"Los pol\u00edticos Veracruz","description":"","publisher":{"@id":"https:\/\/lospoliticosveracruz.com\/#organization"},"potentialAction":[{"@type":"SearchAction","target":{"@type":"EntryPoint","urlTemplate":"https:\/\/lospoliticosveracruz.com\/?s={search_term_string}"},"query-input":{"@type":"PropertyValueSpecification","valueRequired":true,"valueName":"search_term_string"}}],"inLanguage":"es"},{"@type":"Organization","@id":"https:\/\/lospoliticosveracruz.com\/#organization","name":"Los pol\u00edticos Veracruz","url":"https:\/\/lospoliticosveracruz.com\/","logo":{"@type":"ImageObject","inLanguage":"es","@id":"https:\/\/lospoliticosveracruz.com\/#\/schema\/logo\/image\/","url":"https:\/\/lospoliticosveracruz.com\/wp-content\/uploads\/2025\/12\/Logo-Nuevo-LOS-POLITICOS-1.jpg","contentUrl":"https:\/\/lospoliticosveracruz.com\/wp-content\/uploads\/2025\/12\/Logo-Nuevo-LOS-POLITICOS-1.jpg","width":260,"height":70,"caption":"Los pol\u00edticos Veracruz"},"image":{"@id":"https:\/\/lospoliticosveracruz.com\/#\/schema\/logo\/image\/"},"sameAs":["https:\/\/www.facebook.com\/people\/Notimemes-de-los-Polticos\/61565672886568\/","https:\/\/x.com\/LosPoliticosVer"]},{"@type":"Person","@id":"https:\/\/lospoliticosveracruz.com\/#\/schema\/person\/b8702bb0e538456e6efd07080bf2a4a2","name":"Lo viste en Los Pol\u00edticos","image":{"@type":"ImageObject","inLanguage":"es","@id":"https:\/\/secure.gravatar.com\/avatar\/3a8de04a2656d44082be478bd6c086daa447c4651605818287b9532d3d0bd435?s=96&d=mm&r=g","url":"https:\/\/secure.gravatar.com\/avatar\/3a8de04a2656d44082be478bd6c086daa447c4651605818287b9532d3d0bd435?s=96&d=mm&r=g","contentUrl":"https:\/\/secure.gravatar.com\/avatar\/3a8de04a2656d44082be478bd6c086daa447c4651605818287b9532d3d0bd435?s=96&d=mm&r=g","caption":"Lo viste en Los Pol\u00edticos"},"url":"https:\/\/lospoliticosveracruz.com\/?author=2"}]}},"_links":{"self":[{"href":"https:\/\/lospoliticosveracruz.com\/index.php?rest_route=\/wp\/v2\/posts\/39896","targetHints":{"allow":["GET"]}}],"collection":[{"href":"https:\/\/lospoliticosveracruz.com\/index.php?rest_route=\/wp\/v2\/posts"}],"about":[{"href":"https:\/\/lospoliticosveracruz.com\/index.php?rest_route=\/wp\/v2\/types\/post"}],"author":[{"embeddable":true,"href":"https:\/\/lospoliticosveracruz.com\/index.php?rest_route=\/wp\/v2\/users\/2"}],"replies":[{"embeddable":true,"href":"https:\/\/lospoliticosveracruz.com\/index.php?rest_route=%2Fwp%2Fv2%2Fcomments&post=39896"}],"version-history":[{"count":1,"href":"https:\/\/lospoliticosveracruz.com\/index.php?rest_route=\/wp\/v2\/posts\/39896\/revisions"}],"predecessor-version":[{"id":39897,"href":"https:\/\/lospoliticosveracruz.com\/index.php?rest_route=\/wp\/v2\/posts\/39896\/revisions\/39897"}],"wp:attachment":[{"href":"https:\/\/lospoliticosveracruz.com\/index.php?rest_route=%2Fwp%2Fv2%2Fmedia&parent=39896"}],"wp:term":[{"taxonomy":"category","embeddable":true,"href":"https:\/\/lospoliticosveracruz.com\/index.php?rest_route=%2Fwp%2Fv2%2Fcategories&post=39896"},{"taxonomy":"post_tag","embeddable":true,"href":"https:\/\/lospoliticosveracruz.com\/index.php?rest_route=%2Fwp%2Fv2%2Ftags&post=39896"}],"curies":[{"name":"wp","href":"https:\/\/api.w.org\/{rel}","templated":true}]}}