{"id":39941,"date":"2018-02-21T22:44:47","date_gmt":"2018-02-22T04:44:47","guid":{"rendered":"http:\/\/www.lospoliticosveracruz.com.mx\/?p=39941"},"modified":"2018-02-21T22:44:47","modified_gmt":"2018-02-22T04:44:47","slug":"amlo-en-picada","status":"publish","type":"post","link":"https:\/\/lospoliticosveracruz.com\/?p=39941","title":{"rendered":"AMLO \u00bfen picada?"},"content":{"rendered":"<p><strong>Brenda Caballero<\/strong><\/p>\n<p><em>N\u00fameros Rojos<\/em><\/p>\n<p>&nbsp;<\/p>\n<p>&nbsp;<\/p>\n<p>Pero \u00bfqu\u00e9 le pasa al candidato de Morena Andr\u00e9s Manuel L\u00f3pez Obrador?<\/p>\n<p>Siendo sincera, anteayer me qued\u00e9 anonadada, por no decir otra cosa.<\/p>\n<p>Por un momento pens\u00e9 que su presentaci\u00f3n como candidato del Partido Encuentro Social (PES) era un Congreso Religioso. \u00a1Vaya! Hasta El Heraldo de M\u00e9xico en su portada se\u00f1al\u00f3: \u201cY ungen al Mes\u00edas\u201d.<\/p>\n<p>En lo particular respeto todas las religiones y a los que la profesan, pero ese acto \u201cpol\u00edtico-religioso\u201d del PES me pareci\u00f3 eso\u2026 \u00a1todo un acto! Mire que comparar a AMLO con el personaje b\u00edblico de Caleb, uno de los doce mensajeros de Mois\u00e9s enviados al desierto para explorar Cana\u00e1n, siendo Caleb junto con Josu\u00e9 los \u00fanicos que entraron a tierra prometida. O bueno, tal vez interpret\u00e9 mal y simplemente el dirigente del PES, Hugo Eric Flores, lo llam\u00f3 audaz o impetuoso, de acuerdo a la acepci\u00f3n literaria.<\/p>\n<p>Pero no, no hubo malos entendidos, L\u00f3pez Obrador reforz\u00f3 el ser elegido, al igual que Caleb, con el discurso de una Rep\u00fablica Amorosa. Resalt\u00f3 que M\u00e9xico tiene una falta de valores, raz\u00f3n de todos nuestros males, pero\u2026 \u00bfCrear una Constituci\u00f3n Moral? Constituci\u00f3n ya tenemos, lo que nos falta es aplicarla. No me imagino echar a la basura 194 a\u00f1os de legislaci\u00f3n y reformas de nuestros ancestros o que los abogados vuelvan a la escuela para estudiar una Constituci\u00f3n Moral. Incluso, una abogada me hac\u00eda el comentario de que existe jurisprudencia aprobada por la Suprema Corte de Justicia sobre el criterio subjetivo del valor probatorio en los juicios de valor como un argumento perteneciente a la ideolog\u00eda personal, la cual no debe ser considerada para efectos legales.<\/p>\n<p>Entiendo que el se\u00f1or se sienta todo un \u201cAmlove\u201d y que est\u00e9 feliz siendo puntero en las encuestas a la Presidencia de la Rep\u00fablica, pero qu\u00e9 pretende\u2026 \u00bfdesinflarse? Pareciera que as\u00ed es, pues sus \u00faltimas decisiones y discursos en lugar de ayudarle han dejado a m\u00e1s de uno pensando.<\/p>\n<p>A\u00fan no entramos de lleno a las campa\u00f1as, pero si L\u00f3pez Obrador sigue con \u201cocurrencias\u201d ya no subir\u00e1 en las encuestas, al contrario, pues d\u00edgame usted, \u00bfa qui\u00e9n le gusta que le hablen de moralidad?<\/p>\n<p>La l\u00f3gica indica que si Morena puntea por la Presidencia, el efecto AMLO repercutir\u00e1 en todos los estados donde se llevar\u00e1 a cabo elecciones, tal es el caso de Veracruz, donde actualmente Cuitl\u00e1huac Garc\u00eda, candidato de Morena, contiende para la Gubernatura.<\/p>\n<p>El caso del Cuic es peculiar, porque estando como diputado federal su trabajo legislativo nunca se vio reflejado y su discurso se basa en ser \u201ccontreras\u201d a todo y contra todos. \u00a1Y le ha funcionado! pues seg\u00fan encuestas conserva una ventaja m\u00ednima, pero \u00bfla seguir\u00e1 conservando?<\/p>\n<p>Reconozco que el efecto Peje es muy fuerte, pero en Veracruz, los ciudadanos ya probamos la forma de legislar de los diputados Morenos y estamos probando la forma de gobernar de los Alcaldes.<\/p>\n<p>Entonces, como ciudadanos ya podemos tener un voto razonado.<\/p>\n<p>Por cierto hablando de Morenas, Daniela Griego Ceballos, diputada local con licencia, ya se prepara para la contienda electoral por la diputaci\u00f3n federal. En su caso, s\u00ed se puede ver el trabajo realizado.<\/p>\n<p>caballero_brenda@hotmail.com<\/p>\n","protected":false},"excerpt":{"rendered":"<p>Brenda Caballero N\u00fameros Rojos &nbsp; &nbsp; Pero \u00bfqu\u00e9 le pasa al candidato de Morena Andr\u00e9s Manuel L\u00f3pez Obrador? Siendo sincera, anteayer me qued\u00e9 anonadada, por no decir otra cosa. Por un momento pens\u00e9 que su presentaci\u00f3n como candidato del Partido Encuentro Social (PES) era un Congreso Religioso. \u00a1Vaya! Hasta El Heraldo de M\u00e9xico en su [&hellip;]<\/p>\n","protected":false},"author":2,"featured_media":0,"comment_status":"open","ping_status":"open","sticky":false,"template":"","format":"standard","meta":{"tdm_status":"","tdm_grid_status":"","footnotes":""},"categories":[70],"tags":[618,10988,1026,437],"class_list":{"0":"post-39941","1":"post","2":"type-post","3":"status-publish","4":"format-standard","6":"category-de-opinion","7":"tag-andres-manuel-lopez-obrador","8":"tag-mesias","9":"tag-morena","10":"tag-pes"},"yoast_head":"<!-- This site is optimized with the Yoast SEO plugin v27.4 - https:\/\/yoast.com\/product\/yoast-seo-wordpress\/ -->\n<title>AMLO \u00bfen picada? - Los pol\u00edticos Veracruz<\/title>\n<meta name=\"robots\" content=\"index, follow, max-snippet:-1, max-image-preview:large, max-video-preview:-1\" \/>\n<link rel=\"canonical\" href=\"https:\/\/lospoliticosveracruz.com\/?p=39941\" \/>\n<meta property=\"og:locale\" content=\"es_ES\" \/>\n<meta property=\"og:type\" content=\"article\" \/>\n<meta property=\"og:title\" content=\"AMLO \u00bfen picada? - Los pol\u00edticos Veracruz\" \/>\n<meta property=\"og:description\" content=\"Brenda Caballero N\u00fameros Rojos &nbsp; &nbsp; Pero \u00bfqu\u00e9 le pasa al candidato de Morena Andr\u00e9s Manuel L\u00f3pez Obrador? Siendo sincera, anteayer me qued\u00e9 anonadada, por no decir otra cosa. Por un momento pens\u00e9 que su presentaci\u00f3n como candidato del Partido Encuentro Social (PES) era un Congreso Religioso. \u00a1Vaya! Hasta El Heraldo de M\u00e9xico en su [&hellip;]\" \/>\n<meta property=\"og:url\" content=\"https:\/\/lospoliticosveracruz.com\/?p=39941\" \/>\n<meta property=\"og:site_name\" content=\"Los pol\u00edticos Veracruz\" \/>\n<meta property=\"article:publisher\" content=\"https:\/\/www.facebook.com\/people\/Notimemes-de-los-Polticos\/61565672886568\/\" \/>\n<meta property=\"article:published_time\" content=\"2018-02-22T04:44:47+00:00\" \/>\n<meta property=\"og:image\" content=\"https:\/\/lospoliticosveracruz.com\/wp-content\/uploads\/2016\/07\/Logo-Dor.jpg\" \/>\n\t<meta property=\"og:image:width\" content=\"200\" \/>\n\t<meta property=\"og:image:height\" content=\"200\" \/>\n\t<meta property=\"og:image:type\" content=\"image\/jpeg\" \/>\n<meta name=\"author\" content=\"Lo viste en Los Pol\u00edticos\" \/>\n<meta name=\"twitter:card\" content=\"summary_large_image\" \/>\n<meta name=\"twitter:creator\" content=\"@LosPoliticosVer\" \/>\n<meta name=\"twitter:site\" content=\"@LosPoliticosVer\" \/>\n<meta name=\"twitter:label1\" content=\"Escrito por\" \/>\n\t<meta name=\"twitter:data1\" content=\"Lo viste en Los Pol\u00edticos\" \/>\n\t<meta name=\"twitter:label2\" content=\"Tiempo de lectura\" \/>\n\t<meta name=\"twitter:data2\" content=\"3 minutos\" \/>\n<script type=\"application\/ld+json\" class=\"yoast-schema-graph\">{\"@context\":\"https:\\\/\\\/schema.org\",\"@graph\":[{\"@type\":\"Article\",\"@id\":\"https:\\\/\\\/lospoliticosveracruz.com\\\/?p=39941#article\",\"isPartOf\":{\"@id\":\"https:\\\/\\\/lospoliticosveracruz.com\\\/?p=39941\"},\"author\":{\"name\":\"Lo viste en Los Pol\u00edticos\",\"@id\":\"https:\\\/\\\/lospoliticosveracruz.com\\\/#\\\/schema\\\/person\\\/b8702bb0e538456e6efd07080bf2a4a2\"},\"headline\":\"AMLO \u00bfen picada?\",\"datePublished\":\"2018-02-22T04:44:47+00:00\",\"mainEntityOfPage\":{\"@id\":\"https:\\\/\\\/lospoliticosveracruz.com\\\/?p=39941\"},\"wordCount\":563,\"commentCount\":0,\"publisher\":{\"@id\":\"https:\\\/\\\/lospoliticosveracruz.com\\\/#organization\"},\"keywords\":[\"Andr\u00e9s Manuel L\u00f3pez Obrador\",\"Mes\u00edas\",\"Morena\",\"PES\"],\"articleSection\":[\"De Opini\u00f3n\"],\"inLanguage\":\"es\",\"potentialAction\":[{\"@type\":\"CommentAction\",\"name\":\"Comment\",\"target\":[\"https:\\\/\\\/lospoliticosveracruz.com\\\/?p=39941#respond\"]}]},{\"@type\":\"WebPage\",\"@id\":\"https:\\\/\\\/lospoliticosveracruz.com\\\/?p=39941\",\"url\":\"https:\\\/\\\/lospoliticosveracruz.com\\\/?p=39941\",\"name\":\"AMLO \u00bfen picada? - Los pol\u00edticos Veracruz\",\"isPartOf\":{\"@id\":\"https:\\\/\\\/lospoliticosveracruz.com\\\/#website\"},\"datePublished\":\"2018-02-22T04:44:47+00:00\",\"breadcrumb\":{\"@id\":\"https:\\\/\\\/lospoliticosveracruz.com\\\/?p=39941#breadcrumb\"},\"inLanguage\":\"es\",\"potentialAction\":[{\"@type\":\"ReadAction\",\"target\":[\"https:\\\/\\\/lospoliticosveracruz.com\\\/?p=39941\"]}]},{\"@type\":\"BreadcrumbList\",\"@id\":\"https:\\\/\\\/lospoliticosveracruz.com\\\/?p=39941#breadcrumb\",\"itemListElement\":[{\"@type\":\"ListItem\",\"position\":1,\"name\":\"Portada\",\"item\":\"https:\\\/\\\/lospoliticosveracruz.com\\\/\"},{\"@type\":\"ListItem\",\"position\":2,\"name\":\"AMLO \u00bfen picada?\"}]},{\"@type\":\"WebSite\",\"@id\":\"https:\\\/\\\/lospoliticosveracruz.com\\\/#website\",\"url\":\"https:\\\/\\\/lospoliticosveracruz.com\\\/\",\"name\":\"Los pol\u00edticos Veracruz\",\"description\":\"\",\"publisher\":{\"@id\":\"https:\\\/\\\/lospoliticosveracruz.com\\\/#organization\"},\"potentialAction\":[{\"@type\":\"SearchAction\",\"target\":{\"@type\":\"EntryPoint\",\"urlTemplate\":\"https:\\\/\\\/lospoliticosveracruz.com\\\/?s={search_term_string}\"},\"query-input\":{\"@type\":\"PropertyValueSpecification\",\"valueRequired\":true,\"valueName\":\"search_term_string\"}}],\"inLanguage\":\"es\"},{\"@type\":\"Organization\",\"@id\":\"https:\\\/\\\/lospoliticosveracruz.com\\\/#organization\",\"name\":\"Los pol\u00edticos Veracruz\",\"url\":\"https:\\\/\\\/lospoliticosveracruz.com\\\/\",\"logo\":{\"@type\":\"ImageObject\",\"inLanguage\":\"es\",\"@id\":\"https:\\\/\\\/lospoliticosveracruz.com\\\/#\\\/schema\\\/logo\\\/image\\\/\",\"url\":\"https:\\\/\\\/lospoliticosveracruz.com\\\/wp-content\\\/uploads\\\/2025\\\/12\\\/Logo-Nuevo-LOS-POLITICOS-1.jpg\",\"contentUrl\":\"https:\\\/\\\/lospoliticosveracruz.com\\\/wp-content\\\/uploads\\\/2025\\\/12\\\/Logo-Nuevo-LOS-POLITICOS-1.jpg\",\"width\":260,\"height\":70,\"caption\":\"Los pol\u00edticos Veracruz\"},\"image\":{\"@id\":\"https:\\\/\\\/lospoliticosveracruz.com\\\/#\\\/schema\\\/logo\\\/image\\\/\"},\"sameAs\":[\"https:\\\/\\\/www.facebook.com\\\/people\\\/Notimemes-de-los-Polticos\\\/61565672886568\\\/\",\"https:\\\/\\\/x.com\\\/LosPoliticosVer\"]},{\"@type\":\"Person\",\"@id\":\"https:\\\/\\\/lospoliticosveracruz.com\\\/#\\\/schema\\\/person\\\/b8702bb0e538456e6efd07080bf2a4a2\",\"name\":\"Lo viste en Los Pol\u00edticos\",\"image\":{\"@type\":\"ImageObject\",\"inLanguage\":\"es\",\"@id\":\"https:\\\/\\\/secure.gravatar.com\\\/avatar\\\/3a8de04a2656d44082be478bd6c086daa447c4651605818287b9532d3d0bd435?s=96&d=mm&r=g\",\"url\":\"https:\\\/\\\/secure.gravatar.com\\\/avatar\\\/3a8de04a2656d44082be478bd6c086daa447c4651605818287b9532d3d0bd435?s=96&d=mm&r=g\",\"contentUrl\":\"https:\\\/\\\/secure.gravatar.com\\\/avatar\\\/3a8de04a2656d44082be478bd6c086daa447c4651605818287b9532d3d0bd435?s=96&d=mm&r=g\",\"caption\":\"Lo viste en Los Pol\u00edticos\"},\"url\":\"https:\\\/\\\/lospoliticosveracruz.com\\\/?author=2\"}]}<\/script>\n<!-- \/ Yoast SEO plugin. -->","yoast_head_json":{"title":"AMLO \u00bfen picada? - Los pol\u00edticos Veracruz","robots":{"index":"index","follow":"follow","max-snippet":"max-snippet:-1","max-image-preview":"max-image-preview:large","max-video-preview":"max-video-preview:-1"},"canonical":"https:\/\/lospoliticosveracruz.com\/?p=39941","og_locale":"es_ES","og_type":"article","og_title":"AMLO \u00bfen picada? - Los pol\u00edticos Veracruz","og_description":"Brenda Caballero N\u00fameros Rojos &nbsp; &nbsp; Pero \u00bfqu\u00e9 le pasa al candidato de Morena Andr\u00e9s Manuel L\u00f3pez Obrador? Siendo sincera, anteayer me qued\u00e9 anonadada, por no decir otra cosa. Por un momento pens\u00e9 que su presentaci\u00f3n como candidato del Partido Encuentro Social (PES) era un Congreso Religioso. \u00a1Vaya! Hasta El Heraldo de M\u00e9xico en su [&hellip;]","og_url":"https:\/\/lospoliticosveracruz.com\/?p=39941","og_site_name":"Los pol\u00edticos Veracruz","article_publisher":"https:\/\/www.facebook.com\/people\/Notimemes-de-los-Polticos\/61565672886568\/","article_published_time":"2018-02-22T04:44:47+00:00","og_image":[{"width":200,"height":200,"url":"https:\/\/lospoliticosveracruz.com\/wp-content\/uploads\/2016\/07\/Logo-Dor.jpg","type":"image\/jpeg"}],"author":"Lo viste en Los Pol\u00edticos","twitter_card":"summary_large_image","twitter_creator":"@LosPoliticosVer","twitter_site":"@LosPoliticosVer","twitter_misc":{"Escrito por":"Lo viste en Los Pol\u00edticos","Tiempo de lectura":"3 minutos"},"schema":{"@context":"https:\/\/schema.org","@graph":[{"@type":"Article","@id":"https:\/\/lospoliticosveracruz.com\/?p=39941#article","isPartOf":{"@id":"https:\/\/lospoliticosveracruz.com\/?p=39941"},"author":{"name":"Lo viste en Los Pol\u00edticos","@id":"https:\/\/lospoliticosveracruz.com\/#\/schema\/person\/b8702bb0e538456e6efd07080bf2a4a2"},"headline":"AMLO \u00bfen picada?","datePublished":"2018-02-22T04:44:47+00:00","mainEntityOfPage":{"@id":"https:\/\/lospoliticosveracruz.com\/?p=39941"},"wordCount":563,"commentCount":0,"publisher":{"@id":"https:\/\/lospoliticosveracruz.com\/#organization"},"keywords":["Andr\u00e9s Manuel L\u00f3pez Obrador","Mes\u00edas","Morena","PES"],"articleSection":["De Opini\u00f3n"],"inLanguage":"es","potentialAction":[{"@type":"CommentAction","name":"Comment","target":["https:\/\/lospoliticosveracruz.com\/?p=39941#respond"]}]},{"@type":"WebPage","@id":"https:\/\/lospoliticosveracruz.com\/?p=39941","url":"https:\/\/lospoliticosveracruz.com\/?p=39941","name":"AMLO \u00bfen picada? - Los pol\u00edticos Veracruz","isPartOf":{"@id":"https:\/\/lospoliticosveracruz.com\/#website"},"datePublished":"2018-02-22T04:44:47+00:00","breadcrumb":{"@id":"https:\/\/lospoliticosveracruz.com\/?p=39941#breadcrumb"},"inLanguage":"es","potentialAction":[{"@type":"ReadAction","target":["https:\/\/lospoliticosveracruz.com\/?p=39941"]}]},{"@type":"BreadcrumbList","@id":"https:\/\/lospoliticosveracruz.com\/?p=39941#breadcrumb","itemListElement":[{"@type":"ListItem","position":1,"name":"Portada","item":"https:\/\/lospoliticosveracruz.com\/"},{"@type":"ListItem","position":2,"name":"AMLO \u00bfen picada?"}]},{"@type":"WebSite","@id":"https:\/\/lospoliticosveracruz.com\/#website","url":"https:\/\/lospoliticosveracruz.com\/","name":"Los pol\u00edticos Veracruz","description":"","publisher":{"@id":"https:\/\/lospoliticosveracruz.com\/#organization"},"potentialAction":[{"@type":"SearchAction","target":{"@type":"EntryPoint","urlTemplate":"https:\/\/lospoliticosveracruz.com\/?s={search_term_string}"},"query-input":{"@type":"PropertyValueSpecification","valueRequired":true,"valueName":"search_term_string"}}],"inLanguage":"es"},{"@type":"Organization","@id":"https:\/\/lospoliticosveracruz.com\/#organization","name":"Los pol\u00edticos Veracruz","url":"https:\/\/lospoliticosveracruz.com\/","logo":{"@type":"ImageObject","inLanguage":"es","@id":"https:\/\/lospoliticosveracruz.com\/#\/schema\/logo\/image\/","url":"https:\/\/lospoliticosveracruz.com\/wp-content\/uploads\/2025\/12\/Logo-Nuevo-LOS-POLITICOS-1.jpg","contentUrl":"https:\/\/lospoliticosveracruz.com\/wp-content\/uploads\/2025\/12\/Logo-Nuevo-LOS-POLITICOS-1.jpg","width":260,"height":70,"caption":"Los pol\u00edticos Veracruz"},"image":{"@id":"https:\/\/lospoliticosveracruz.com\/#\/schema\/logo\/image\/"},"sameAs":["https:\/\/www.facebook.com\/people\/Notimemes-de-los-Polticos\/61565672886568\/","https:\/\/x.com\/LosPoliticosVer"]},{"@type":"Person","@id":"https:\/\/lospoliticosveracruz.com\/#\/schema\/person\/b8702bb0e538456e6efd07080bf2a4a2","name":"Lo viste en Los Pol\u00edticos","image":{"@type":"ImageObject","inLanguage":"es","@id":"https:\/\/secure.gravatar.com\/avatar\/3a8de04a2656d44082be478bd6c086daa447c4651605818287b9532d3d0bd435?s=96&d=mm&r=g","url":"https:\/\/secure.gravatar.com\/avatar\/3a8de04a2656d44082be478bd6c086daa447c4651605818287b9532d3d0bd435?s=96&d=mm&r=g","contentUrl":"https:\/\/secure.gravatar.com\/avatar\/3a8de04a2656d44082be478bd6c086daa447c4651605818287b9532d3d0bd435?s=96&d=mm&r=g","caption":"Lo viste en Los Pol\u00edticos"},"url":"https:\/\/lospoliticosveracruz.com\/?author=2"}]}},"_links":{"self":[{"href":"https:\/\/lospoliticosveracruz.com\/index.php?rest_route=\/wp\/v2\/posts\/39941","targetHints":{"allow":["GET"]}}],"collection":[{"href":"https:\/\/lospoliticosveracruz.com\/index.php?rest_route=\/wp\/v2\/posts"}],"about":[{"href":"https:\/\/lospoliticosveracruz.com\/index.php?rest_route=\/wp\/v2\/types\/post"}],"author":[{"embeddable":true,"href":"https:\/\/lospoliticosveracruz.com\/index.php?rest_route=\/wp\/v2\/users\/2"}],"replies":[{"embeddable":true,"href":"https:\/\/lospoliticosveracruz.com\/index.php?rest_route=%2Fwp%2Fv2%2Fcomments&post=39941"}],"version-history":[{"count":1,"href":"https:\/\/lospoliticosveracruz.com\/index.php?rest_route=\/wp\/v2\/posts\/39941\/revisions"}],"predecessor-version":[{"id":39942,"href":"https:\/\/lospoliticosveracruz.com\/index.php?rest_route=\/wp\/v2\/posts\/39941\/revisions\/39942"}],"wp:attachment":[{"href":"https:\/\/lospoliticosveracruz.com\/index.php?rest_route=%2Fwp%2Fv2%2Fmedia&parent=39941"}],"wp:term":[{"taxonomy":"category","embeddable":true,"href":"https:\/\/lospoliticosveracruz.com\/index.php?rest_route=%2Fwp%2Fv2%2Fcategories&post=39941"},{"taxonomy":"post_tag","embeddable":true,"href":"https:\/\/lospoliticosveracruz.com\/index.php?rest_route=%2Fwp%2Fv2%2Ftags&post=39941"}],"curies":[{"name":"wp","href":"https:\/\/api.w.org\/{rel}","templated":true}]}}