{"id":39960,"date":"2018-02-22T22:55:07","date_gmt":"2018-02-23T04:55:07","guid":{"rendered":"http:\/\/www.lospoliticosveracruz.com.mx\/?p=39960"},"modified":"2018-02-22T21:31:15","modified_gmt":"2018-02-23T03:31:15","slug":"marilda-la-cocina-puede-esperar","status":"publish","type":"post","link":"https:\/\/lospoliticosveracruz.com\/?p=39960","title":{"rendered":"Marilda\u2026 la cocina puede esperar"},"content":{"rendered":"<p dir=\"ltr\"><strong>Salvador Mu\u00f1oz<\/strong><\/p>\n<p dir=\"ltr\"><em>Los Pol\u00edticos<\/em><\/p>\n<p>&nbsp;<\/p>\n<p dir=\"ltr\">Hasta hace algunos a\u00f1os, cuando sal\u00eda a donde fuera, sus hijos le suplicaban: \u201cMami, no saludes\u2026 haz como que no los ves\u201d. Y es que transitar por las calles de Alto Lucero, Vega de Alatorre o la misma Xalapa significaba para ellos un alto en su camino porque su madre ten\u00eda que saludar y platicar con quien la reconoc\u00eda. Por supuesto, arm\u00e1ndose de paciencia, trataba de hacer entender a F\u00e9lix y Doris que ello implicaba parte de su trabajo. Hoy, con 15 y 18 a\u00f1os de edad respectivamente, ya entienden ese papel en su madre, m\u00e1s cuando ahora, en breve, inicie actividades como candidata a diputada federal del PRI por el distrito 8, Xalapa rural\u2026 lo que s\u00ed no conciben es que \u201cno le guste\u201d cocinar.<\/p>\n<p dir=\"ltr\">II<\/p>\n<p dir=\"ltr\">Marilda Rodr\u00edguez Aguirre se acomoda en la silla, hurga en su bolso con detenimiento, y saca una foto que expone a mis ojos\u2026 ah\u00ed aparecemos los dos, quiz\u00e1s en el Museo de Antropolog\u00eda, cuando yo reporteaba y ella era alcaldesa, hace 16 a\u00f1os. Le digo que conozco a la pol\u00edtica pero no a Marilda, a tal grado que no s\u00e9 si tenga hijos y no recuerdo haberla visto embarazada. Lo confiesa: en su primer embarazo se refugi\u00f3 en el rancho Los Atlixcos, porque dice que engord\u00f3 mucho, aunque en el segundo, que fue durante su labor como alcaldesa de Vega de Alatorre, quiz\u00e1s por el ajetreo propio del ayuntamiento, casi no se le notaba, a tal grado que F\u00e9lix Manuel fue prematuro.<\/p>\n<p dir=\"ltr\">III<\/p>\n<p dir=\"ltr\">Reconoce que hubo ciertas diferencias cuando Manolo Dom\u00ednguez, su esposo, decide participar en la pol\u00edtica y todo porque sab\u00eda que iba a perder a su compa\u00f1ero de carrera, porque a donde quiera que fuera, \u00e9l siempre estaba con ella, pero tras platicar y ver el convencimiento de \u00e9l en esa etapa, lo apoy\u00f3 en su primer encuentro con las urnas\u2026 \u00a1y perdi\u00f3! Iba como S\u00edndico por Alto Lucero. Mas eso no lo amilan\u00f3, \u00a1al contrario! Al siguiente proceso, vuelve a participar \u00a1y gana!<\/p>\n<p dir=\"ltr\">Pero si de choques se trata, ni hablar de Marycruz, su hermana, quien estando como directora del DIF municipal de Alto Lucero, acompa\u00f1ando a su cu\u00f1ado, decide participar por la alcald\u00eda de Vega de Alatorre \u00a1por el PAN! \u00a1Hasta su propia madre, pri\u00edsta de hueso colorado, exclamaba: \u201c\u00bfY ahora qu\u00e9 hacemos?\u201d<\/p>\n<p dir=\"ltr\">Al final, acordaron que contar\u00eda con su apoyo (imagino que moral), y si ya lo hab\u00eda decidido, pues que viviera la experiencia\u2026 ahora, tras los resultados conocidos, s\u00f3lo queda la excelente relaci\u00f3n entre hermanas y el recuerdo.<\/p>\n<p dir=\"ltr\">IV<\/p>\n<p dir=\"ltr\">\u00bfC\u00f3mo viven sus hijos el hecho de tener una madre y un padre pri\u00edstas? Parece que F\u00e9lix es el que se involucra m\u00e1s porque ya le cuenta que tiene un amigo que ya es candidato a regidor a sus 18 a\u00f1os y parece que se va a involucrar m\u00e1s. Y si a ello le agrega que un d\u00eda, mientras esperaban a Pepe Yunes Zorrilla, alguien vio a F\u00e9lix y lo llam\u00f3 y no s\u00f3lo eso, \u00a1se lo llev\u00f3! Marilda busca en su celular y me muestra un video donde aparecen dos muchachas, el candidato y F\u00e9lix en un promocional donde los chavos le preguntaron lo que quisieron al perote\u00f1o. Despu\u00e9s de que sali\u00f3 el promocional, de inmediato F\u00e9lix subi\u00f3 el video a su \u201cfeis\u201d y puso: \u201cCon el pr\u00f3ximo gobernador!! #PP2018\u201d.<\/p>\n<p dir=\"ltr\">Adem\u00e1s, Marilda les pide que valoren al partido que le ha dado la oportunidad de servir y del cual deben sentir orgullo.<\/p>\n<p dir=\"ltr\">V<\/p>\n<p dir=\"ltr\">S\u00e1bados y domingos son de ir al cine, salir a comer y lo m\u00e1s importante: \u00a1ir a misa! Me meto entre las patas del caballo cuando le digo que yo no voy. No importan mis motivos, ella me dice que hay que ir al templo a agradecer a Dios porque adem\u00e1s, es una forma de reconfortar el esp\u00edritu e integrar a la familia.<\/p>\n<p dir=\"ltr\">\u00bfCine? Si bien a ella le gustan las comedias (aunque su favorita es \u201cTitanic\u201d), por lo regular acaba viendo las que escogen su hijo o su esposo: \u00a1de acci\u00f3n! \u00bfDoris? \u00a1Ella prefiere irse con sus amigas!<\/p>\n<p dir=\"ltr\">Por cierto, Doris entr\u00f3 a un curso de cocina.<\/p>\n<p dir=\"ltr\">\u2013\u00bfCocinas?\u2013 le pregunto y sin empacho me dice que no\u2026 \u00bfPor qu\u00e9? Dice que desde joven ha trabajado y cuando naci\u00f3 F\u00e9lix, conoci\u00f3 a Conchita, una mujer que no s\u00f3lo cocina riqu\u00edsimo, sino que es parte esencial de su familia y lo dice sin reparos: \u201ces la segunda madre de F\u00e9lix\u201d, tanto as\u00ed, que cuando sali\u00f3 de la secundaria, su hijo tuvo una invitada especial en su fiesta de graduaci\u00f3n: Conchita.<\/p>\n<p dir=\"ltr\">Dice que cuando sali\u00f3 del Instituto Veracruzano de Desarrollo Municipal y tras participar en algunas actividades pol\u00edticas posteriores, su esposo Manolo le dijo: \u201cYa quiero que cocines\u201d y s\u00ed, le entr\u00f3 a la cocina con Conchita, pero entonces, la invitaron a contender por la candidatura a diputada federal por su partido\u2026 y la cocina por lo mientras, puede esperar.<\/p>\n<p>&nbsp;<\/p>\n<p dir=\"ltr\"><a href=\"mailto:smcainito@gmail.com\" target=\"_blank\" rel=\"noopener noreferrer\">smcainito@gmail.com<\/a><\/p>\n<p>&nbsp;<\/p>\n","protected":false},"excerpt":{"rendered":"<p>Salvador Mu\u00f1oz Los Pol\u00edticos &nbsp; Hasta hace algunos a\u00f1os, cuando sal\u00eda a donde fuera, sus hijos le suplicaban: \u201cMami, no saludes\u2026 haz como que no los ves\u201d. Y es que transitar por las calles de Alto Lucero, Vega de Alatorre o la misma Xalapa significaba para ellos un alto en su camino porque su madre [&hellip;]<\/p>\n","protected":false},"author":2,"featured_media":0,"comment_status":"open","ping_status":"open","sticky":false,"template":"","format":"standard","meta":{"tdm_status":"","tdm_grid_status":"","footnotes":""},"categories":[70],"tags":[4733,11000,9847,2953,251,96],"class_list":{"0":"post-39960","1":"post","2":"type-post","3":"status-publish","4":"format-standard","6":"category-de-opinion","7":"tag-alto-lucero","8":"tag-cocina","9":"tag-instituto-veracruzano-de-desarrollo-municipal","10":"tag-marilda-rodriguez-aguirre","11":"tag-pri","12":"tag-xalapa"},"yoast_head":"<!-- This site is optimized with the Yoast SEO plugin v27.4 - https:\/\/yoast.com\/product\/yoast-seo-wordpress\/ -->\n<title>Marilda\u2026 la cocina puede esperar - Los pol\u00edticos Veracruz<\/title>\n<meta name=\"robots\" content=\"index, follow, max-snippet:-1, max-image-preview:large, max-video-preview:-1\" \/>\n<link rel=\"canonical\" href=\"https:\/\/lospoliticosveracruz.com\/?p=39960\" \/>\n<meta property=\"og:locale\" content=\"es_ES\" \/>\n<meta property=\"og:type\" content=\"article\" \/>\n<meta property=\"og:title\" content=\"Marilda\u2026 la cocina puede esperar - Los pol\u00edticos Veracruz\" \/>\n<meta property=\"og:description\" content=\"Salvador Mu\u00f1oz Los Pol\u00edticos &nbsp; Hasta hace algunos a\u00f1os, cuando sal\u00eda a donde fuera, sus hijos le suplicaban: \u201cMami, no saludes\u2026 haz como que no los ves\u201d. Y es que transitar por las calles de Alto Lucero, Vega de Alatorre o la misma Xalapa significaba para ellos un alto en su camino porque su madre [&hellip;]\" \/>\n<meta property=\"og:url\" content=\"https:\/\/lospoliticosveracruz.com\/?p=39960\" \/>\n<meta property=\"og:site_name\" content=\"Los pol\u00edticos Veracruz\" \/>\n<meta property=\"article:publisher\" content=\"https:\/\/www.facebook.com\/people\/Notimemes-de-los-Polticos\/61565672886568\/\" \/>\n<meta property=\"article:published_time\" content=\"2018-02-23T04:55:07+00:00\" \/>\n<meta property=\"og:image\" content=\"https:\/\/lospoliticosveracruz.com\/wp-content\/uploads\/2016\/07\/Logo-Dor.jpg\" \/>\n\t<meta property=\"og:image:width\" content=\"200\" \/>\n\t<meta property=\"og:image:height\" content=\"200\" \/>\n\t<meta property=\"og:image:type\" content=\"image\/jpeg\" \/>\n<meta name=\"author\" content=\"Lo viste en Los Pol\u00edticos\" \/>\n<meta name=\"twitter:card\" content=\"summary_large_image\" \/>\n<meta name=\"twitter:creator\" content=\"@LosPoliticosVer\" \/>\n<meta name=\"twitter:site\" content=\"@LosPoliticosVer\" \/>\n<meta name=\"twitter:label1\" content=\"Escrito por\" \/>\n\t<meta name=\"twitter:data1\" content=\"Lo viste en Los Pol\u00edticos\" \/>\n\t<meta name=\"twitter:label2\" content=\"Tiempo de lectura\" \/>\n\t<meta name=\"twitter:data2\" content=\"4 minutos\" \/>\n<script type=\"application\/ld+json\" class=\"yoast-schema-graph\">{\"@context\":\"https:\\\/\\\/schema.org\",\"@graph\":[{\"@type\":\"Article\",\"@id\":\"https:\\\/\\\/lospoliticosveracruz.com\\\/?p=39960#article\",\"isPartOf\":{\"@id\":\"https:\\\/\\\/lospoliticosveracruz.com\\\/?p=39960\"},\"author\":{\"name\":\"Lo viste en Los Pol\u00edticos\",\"@id\":\"https:\\\/\\\/lospoliticosveracruz.com\\\/#\\\/schema\\\/person\\\/b8702bb0e538456e6efd07080bf2a4a2\"},\"headline\":\"Marilda\u2026 la cocina puede esperar\",\"datePublished\":\"2018-02-23T04:55:07+00:00\",\"mainEntityOfPage\":{\"@id\":\"https:\\\/\\\/lospoliticosveracruz.com\\\/?p=39960\"},\"wordCount\":880,\"commentCount\":0,\"publisher\":{\"@id\":\"https:\\\/\\\/lospoliticosveracruz.com\\\/#organization\"},\"keywords\":[\"Alto Lucero\",\"Cocina\",\"Instituto Veracruzano de Desarrollo Municipal\",\"Marilda Rodr\u00edguez Aguirre\",\"PRI\",\"Xalapa\"],\"articleSection\":[\"De Opini\u00f3n\"],\"inLanguage\":\"es\",\"potentialAction\":[{\"@type\":\"CommentAction\",\"name\":\"Comment\",\"target\":[\"https:\\\/\\\/lospoliticosveracruz.com\\\/?p=39960#respond\"]}]},{\"@type\":\"WebPage\",\"@id\":\"https:\\\/\\\/lospoliticosveracruz.com\\\/?p=39960\",\"url\":\"https:\\\/\\\/lospoliticosveracruz.com\\\/?p=39960\",\"name\":\"Marilda\u2026 la cocina puede esperar - Los pol\u00edticos Veracruz\",\"isPartOf\":{\"@id\":\"https:\\\/\\\/lospoliticosveracruz.com\\\/#website\"},\"datePublished\":\"2018-02-23T04:55:07+00:00\",\"breadcrumb\":{\"@id\":\"https:\\\/\\\/lospoliticosveracruz.com\\\/?p=39960#breadcrumb\"},\"inLanguage\":\"es\",\"potentialAction\":[{\"@type\":\"ReadAction\",\"target\":[\"https:\\\/\\\/lospoliticosveracruz.com\\\/?p=39960\"]}]},{\"@type\":\"BreadcrumbList\",\"@id\":\"https:\\\/\\\/lospoliticosveracruz.com\\\/?p=39960#breadcrumb\",\"itemListElement\":[{\"@type\":\"ListItem\",\"position\":1,\"name\":\"Portada\",\"item\":\"https:\\\/\\\/lospoliticosveracruz.com\\\/\"},{\"@type\":\"ListItem\",\"position\":2,\"name\":\"Marilda\u2026 la cocina puede esperar\"}]},{\"@type\":\"WebSite\",\"@id\":\"https:\\\/\\\/lospoliticosveracruz.com\\\/#website\",\"url\":\"https:\\\/\\\/lospoliticosveracruz.com\\\/\",\"name\":\"Los pol\u00edticos Veracruz\",\"description\":\"\",\"publisher\":{\"@id\":\"https:\\\/\\\/lospoliticosveracruz.com\\\/#organization\"},\"potentialAction\":[{\"@type\":\"SearchAction\",\"target\":{\"@type\":\"EntryPoint\",\"urlTemplate\":\"https:\\\/\\\/lospoliticosveracruz.com\\\/?s={search_term_string}\"},\"query-input\":{\"@type\":\"PropertyValueSpecification\",\"valueRequired\":true,\"valueName\":\"search_term_string\"}}],\"inLanguage\":\"es\"},{\"@type\":\"Organization\",\"@id\":\"https:\\\/\\\/lospoliticosveracruz.com\\\/#organization\",\"name\":\"Los pol\u00edticos Veracruz\",\"url\":\"https:\\\/\\\/lospoliticosveracruz.com\\\/\",\"logo\":{\"@type\":\"ImageObject\",\"inLanguage\":\"es\",\"@id\":\"https:\\\/\\\/lospoliticosveracruz.com\\\/#\\\/schema\\\/logo\\\/image\\\/\",\"url\":\"https:\\\/\\\/lospoliticosveracruz.com\\\/wp-content\\\/uploads\\\/2025\\\/12\\\/Logo-Nuevo-LOS-POLITICOS-1.jpg\",\"contentUrl\":\"https:\\\/\\\/lospoliticosveracruz.com\\\/wp-content\\\/uploads\\\/2025\\\/12\\\/Logo-Nuevo-LOS-POLITICOS-1.jpg\",\"width\":260,\"height\":70,\"caption\":\"Los pol\u00edticos Veracruz\"},\"image\":{\"@id\":\"https:\\\/\\\/lospoliticosveracruz.com\\\/#\\\/schema\\\/logo\\\/image\\\/\"},\"sameAs\":[\"https:\\\/\\\/www.facebook.com\\\/people\\\/Notimemes-de-los-Polticos\\\/61565672886568\\\/\",\"https:\\\/\\\/x.com\\\/LosPoliticosVer\"]},{\"@type\":\"Person\",\"@id\":\"https:\\\/\\\/lospoliticosveracruz.com\\\/#\\\/schema\\\/person\\\/b8702bb0e538456e6efd07080bf2a4a2\",\"name\":\"Lo viste en Los Pol\u00edticos\",\"image\":{\"@type\":\"ImageObject\",\"inLanguage\":\"es\",\"@id\":\"https:\\\/\\\/secure.gravatar.com\\\/avatar\\\/3a8de04a2656d44082be478bd6c086daa447c4651605818287b9532d3d0bd435?s=96&d=mm&r=g\",\"url\":\"https:\\\/\\\/secure.gravatar.com\\\/avatar\\\/3a8de04a2656d44082be478bd6c086daa447c4651605818287b9532d3d0bd435?s=96&d=mm&r=g\",\"contentUrl\":\"https:\\\/\\\/secure.gravatar.com\\\/avatar\\\/3a8de04a2656d44082be478bd6c086daa447c4651605818287b9532d3d0bd435?s=96&d=mm&r=g\",\"caption\":\"Lo viste en Los Pol\u00edticos\"},\"url\":\"https:\\\/\\\/lospoliticosveracruz.com\\\/?author=2\"}]}<\/script>\n<!-- \/ Yoast SEO plugin. -->","yoast_head_json":{"title":"Marilda\u2026 la cocina puede esperar - Los pol\u00edticos Veracruz","robots":{"index":"index","follow":"follow","max-snippet":"max-snippet:-1","max-image-preview":"max-image-preview:large","max-video-preview":"max-video-preview:-1"},"canonical":"https:\/\/lospoliticosveracruz.com\/?p=39960","og_locale":"es_ES","og_type":"article","og_title":"Marilda\u2026 la cocina puede esperar - Los pol\u00edticos Veracruz","og_description":"Salvador Mu\u00f1oz Los Pol\u00edticos &nbsp; Hasta hace algunos a\u00f1os, cuando sal\u00eda a donde fuera, sus hijos le suplicaban: \u201cMami, no saludes\u2026 haz como que no los ves\u201d. Y es que transitar por las calles de Alto Lucero, Vega de Alatorre o la misma Xalapa significaba para ellos un alto en su camino porque su madre [&hellip;]","og_url":"https:\/\/lospoliticosveracruz.com\/?p=39960","og_site_name":"Los pol\u00edticos Veracruz","article_publisher":"https:\/\/www.facebook.com\/people\/Notimemes-de-los-Polticos\/61565672886568\/","article_published_time":"2018-02-23T04:55:07+00:00","og_image":[{"width":200,"height":200,"url":"https:\/\/lospoliticosveracruz.com\/wp-content\/uploads\/2016\/07\/Logo-Dor.jpg","type":"image\/jpeg"}],"author":"Lo viste en Los Pol\u00edticos","twitter_card":"summary_large_image","twitter_creator":"@LosPoliticosVer","twitter_site":"@LosPoliticosVer","twitter_misc":{"Escrito por":"Lo viste en Los Pol\u00edticos","Tiempo de lectura":"4 minutos"},"schema":{"@context":"https:\/\/schema.org","@graph":[{"@type":"Article","@id":"https:\/\/lospoliticosveracruz.com\/?p=39960#article","isPartOf":{"@id":"https:\/\/lospoliticosveracruz.com\/?p=39960"},"author":{"name":"Lo viste en Los Pol\u00edticos","@id":"https:\/\/lospoliticosveracruz.com\/#\/schema\/person\/b8702bb0e538456e6efd07080bf2a4a2"},"headline":"Marilda\u2026 la cocina puede esperar","datePublished":"2018-02-23T04:55:07+00:00","mainEntityOfPage":{"@id":"https:\/\/lospoliticosveracruz.com\/?p=39960"},"wordCount":880,"commentCount":0,"publisher":{"@id":"https:\/\/lospoliticosveracruz.com\/#organization"},"keywords":["Alto Lucero","Cocina","Instituto Veracruzano de Desarrollo Municipal","Marilda Rodr\u00edguez Aguirre","PRI","Xalapa"],"articleSection":["De Opini\u00f3n"],"inLanguage":"es","potentialAction":[{"@type":"CommentAction","name":"Comment","target":["https:\/\/lospoliticosveracruz.com\/?p=39960#respond"]}]},{"@type":"WebPage","@id":"https:\/\/lospoliticosveracruz.com\/?p=39960","url":"https:\/\/lospoliticosveracruz.com\/?p=39960","name":"Marilda\u2026 la cocina puede esperar - Los pol\u00edticos Veracruz","isPartOf":{"@id":"https:\/\/lospoliticosveracruz.com\/#website"},"datePublished":"2018-02-23T04:55:07+00:00","breadcrumb":{"@id":"https:\/\/lospoliticosveracruz.com\/?p=39960#breadcrumb"},"inLanguage":"es","potentialAction":[{"@type":"ReadAction","target":["https:\/\/lospoliticosveracruz.com\/?p=39960"]}]},{"@type":"BreadcrumbList","@id":"https:\/\/lospoliticosveracruz.com\/?p=39960#breadcrumb","itemListElement":[{"@type":"ListItem","position":1,"name":"Portada","item":"https:\/\/lospoliticosveracruz.com\/"},{"@type":"ListItem","position":2,"name":"Marilda\u2026 la cocina puede esperar"}]},{"@type":"WebSite","@id":"https:\/\/lospoliticosveracruz.com\/#website","url":"https:\/\/lospoliticosveracruz.com\/","name":"Los pol\u00edticos Veracruz","description":"","publisher":{"@id":"https:\/\/lospoliticosveracruz.com\/#organization"},"potentialAction":[{"@type":"SearchAction","target":{"@type":"EntryPoint","urlTemplate":"https:\/\/lospoliticosveracruz.com\/?s={search_term_string}"},"query-input":{"@type":"PropertyValueSpecification","valueRequired":true,"valueName":"search_term_string"}}],"inLanguage":"es"},{"@type":"Organization","@id":"https:\/\/lospoliticosveracruz.com\/#organization","name":"Los pol\u00edticos Veracruz","url":"https:\/\/lospoliticosveracruz.com\/","logo":{"@type":"ImageObject","inLanguage":"es","@id":"https:\/\/lospoliticosveracruz.com\/#\/schema\/logo\/image\/","url":"https:\/\/lospoliticosveracruz.com\/wp-content\/uploads\/2025\/12\/Logo-Nuevo-LOS-POLITICOS-1.jpg","contentUrl":"https:\/\/lospoliticosveracruz.com\/wp-content\/uploads\/2025\/12\/Logo-Nuevo-LOS-POLITICOS-1.jpg","width":260,"height":70,"caption":"Los pol\u00edticos Veracruz"},"image":{"@id":"https:\/\/lospoliticosveracruz.com\/#\/schema\/logo\/image\/"},"sameAs":["https:\/\/www.facebook.com\/people\/Notimemes-de-los-Polticos\/61565672886568\/","https:\/\/x.com\/LosPoliticosVer"]},{"@type":"Person","@id":"https:\/\/lospoliticosveracruz.com\/#\/schema\/person\/b8702bb0e538456e6efd07080bf2a4a2","name":"Lo viste en Los Pol\u00edticos","image":{"@type":"ImageObject","inLanguage":"es","@id":"https:\/\/secure.gravatar.com\/avatar\/3a8de04a2656d44082be478bd6c086daa447c4651605818287b9532d3d0bd435?s=96&d=mm&r=g","url":"https:\/\/secure.gravatar.com\/avatar\/3a8de04a2656d44082be478bd6c086daa447c4651605818287b9532d3d0bd435?s=96&d=mm&r=g","contentUrl":"https:\/\/secure.gravatar.com\/avatar\/3a8de04a2656d44082be478bd6c086daa447c4651605818287b9532d3d0bd435?s=96&d=mm&r=g","caption":"Lo viste en Los Pol\u00edticos"},"url":"https:\/\/lospoliticosveracruz.com\/?author=2"}]}},"_links":{"self":[{"href":"https:\/\/lospoliticosveracruz.com\/index.php?rest_route=\/wp\/v2\/posts\/39960","targetHints":{"allow":["GET"]}}],"collection":[{"href":"https:\/\/lospoliticosveracruz.com\/index.php?rest_route=\/wp\/v2\/posts"}],"about":[{"href":"https:\/\/lospoliticosveracruz.com\/index.php?rest_route=\/wp\/v2\/types\/post"}],"author":[{"embeddable":true,"href":"https:\/\/lospoliticosveracruz.com\/index.php?rest_route=\/wp\/v2\/users\/2"}],"replies":[{"embeddable":true,"href":"https:\/\/lospoliticosveracruz.com\/index.php?rest_route=%2Fwp%2Fv2%2Fcomments&post=39960"}],"version-history":[{"count":2,"href":"https:\/\/lospoliticosveracruz.com\/index.php?rest_route=\/wp\/v2\/posts\/39960\/revisions"}],"predecessor-version":[{"id":39962,"href":"https:\/\/lospoliticosveracruz.com\/index.php?rest_route=\/wp\/v2\/posts\/39960\/revisions\/39962"}],"wp:attachment":[{"href":"https:\/\/lospoliticosveracruz.com\/index.php?rest_route=%2Fwp%2Fv2%2Fmedia&parent=39960"}],"wp:term":[{"taxonomy":"category","embeddable":true,"href":"https:\/\/lospoliticosveracruz.com\/index.php?rest_route=%2Fwp%2Fv2%2Fcategories&post=39960"},{"taxonomy":"post_tag","embeddable":true,"href":"https:\/\/lospoliticosveracruz.com\/index.php?rest_route=%2Fwp%2Fv2%2Ftags&post=39960"}],"curies":[{"name":"wp","href":"https:\/\/api.w.org\/{rel}","templated":true}]}}