{"id":39975,"date":"2018-02-23T10:08:57","date_gmt":"2018-02-23T16:08:57","guid":{"rendered":"http:\/\/www.lospoliticosveracruz.com.mx\/?p=39975"},"modified":"2018-02-23T10:08:57","modified_gmt":"2018-02-23T16:08:57","slug":"dichos-y-hechos-distantes-y-ajenos-de-la-poblacion","status":"publish","type":"post","link":"https:\/\/lospoliticosveracruz.com\/?p=39975","title":{"rendered":"Dichos y hechos, distantes y ajenos de la poblaci\u00f3n"},"content":{"rendered":"<div class=\"x_gmail_quote\">\n<div dir=\"ltr\">\n<div id=\"x_m_8390356726072248474divtagdefaultwrapper\" dir=\"ltr\">\n<div dir=\"ltr\">\n<div id=\"x_m_8390356726072248474x_divtagdefaultwrapper\" dir=\"ltr\">\n<p class=\"x_m_8390356726072248474x_Standard\" style=\"text-align: left;\" align=\"center\"><strong><span lang=\"ES-MX\">Ricardo V\u00e1zquez S.<\/span><\/strong><\/p>\n<p class=\"x_m_8390356726072248474x_Standard\" style=\"text-align: left;\" align=\"center\"><em>Esfera Pol\u00edtica<\/em><\/p>\n<\/div>\n<\/div>\n<\/div>\n<p class=\"x_m_8390356726072248474x_Standard\" style=\"text-align: left;\" align=\"center\">\n<div id=\"x_m_8390356726072248474divtagdefaultwrapper\" dir=\"ltr\">\n<div dir=\"ltr\">\n<div id=\"x_m_8390356726072248474x_divtagdefaultwrapper\" dir=\"ltr\">\n<p class=\"x_m_8390356726072248474x_MsoNormal\">\n<p class=\"x_m_8390356726072248474x_MsoNormal\"><span lang=\"ES-MX\">Aunque no es una noticia sorprendente, porque infinidad de hechos lo avalan, el dato lo ratifica \u00a0la organizaci\u00f3n Transparencia Internacional. Coloca a M\u00e9xico como la naci\u00f3n peor evaluada, en lo que se refiere al \u00cdndice de Percepci\u00f3n de la Corrupci\u00f3n, entre los miembros de la Organizaci\u00f3n para la Cooperaci\u00f3n y el Desarrollo Econ\u00f3micos, OCDE; del grupo de los 20 pa\u00edses m\u00e1s industrializados, el G-20; y la Alianza del Pac\u00edfico. El pa\u00eds sigue en ca\u00edda libre en cuanto a percepci\u00f3n de la corrupci\u00f3n.<\/span><\/p>\n<p class=\"x_m_8390356726072248474x_MsoNormal\"><span lang=\"ES-MX\">Esto ha ocasionado que para 9 de cada 10 mexicanos, su mayor preocupaci\u00f3n sea la corrupci\u00f3n imperante. Lo m\u00e1s grave es que M\u00e9xico, siendo una naci\u00f3n demasiado grande, con problemas y necesidades tan complejos, se pueda pensar que es posible llegar a gobernarlo con ocurrencias y absurdos que emanan de las v\u00edsceras. Reflejan que el discurso es completamente distinto y distante de lo que realmente se necesita para que la situaci\u00f3n cambie, para bien.\u00a0 \u00a0\u00a0<\/span><\/p>\n<p class=\"x_m_8390356726072248474x_MsoNormal\"><span lang=\"ES-MX\">El desenfrenado exceso de protagonismo, populismo y autoritarismo, debilidades demostradas en el d\u00eda a d\u00eda; en ese mismo ritmo, cada d\u00eda est\u00e1 despertando desacuerdo e incomodidad entre el electorado, donde anteriormente no la hab\u00eda. Las imposiciones de personajes indeseables para ocupar cargos de relevancia, revelan que, ya sabes qui\u00e9n, el due\u00f1o del partido soy yo, el candidato eterno soy yo, si llego a ser presidente yo ser\u00e9 el \u00fanico que decida y mande. Causan inquietud las disposiciones arbitrarias con las que adem\u00e1s de ofender la inteligencia de la poblaci\u00f3n, se desplaza a quienes cuentan con verdaderos m\u00e9ritos como morenistas.\u00a0<\/span><\/p>\n<p class=\"x_m_8390356726072248474x_MsoNormal\"><span lang=\"ES-MX\">Apegado a aquello de \u201cel prometer no empobrece, dar es lo que aniquila\u201d, est\u00e1 orillando a \u00a0transitar al electorado, de la incertidumbre a la molestia, al ofrecer hasta lo imposible, como sarc\u00e1sticamente lo reflejan los memes: \u201cLes prometo que en mi gobierno no habr\u00e1 temblores\u201d.\u00a0<\/span><\/p>\n<p class=\"x_m_8390356726072248474x_MsoNormal\"><span lang=\"ES-MX\">Ep\u00edstola a los mexicanos: \u201cEl enviado de Dios\u201d, ser\u00eda a partir de ahora la carta de presentaci\u00f3n. Con las fuertes cr\u00edticas a lo manifestado por el dirigente del Partido Encuentro Social, Hugo Eric Flores, quien no tuvo recato alguno para quedar bien con AMLO: \u201cUsted para nosotros es Caleb a punto de conquistar el Monte Hebr\u00f3n\u201d. Y as\u00ed continu\u00f3 el dirigente del PES, santificando a L\u00f3pez Obrador: \u201cVamos por la tierra que Dios nos prometi\u00f3, Caleb\u201d. Demasiada pobreza. \u00a0\u00a0\u00a0\u00a0\u00a0\u00a0<\/span><\/p>\n<p class=\"x_m_8390356726072248474x_MsoNormal\"><span lang=\"ES-MX\">Rosario Robles, emanada de la llamada izquierda, otrora mujer sencilla y \u201cluchadora social\u201d, en la actualidad con un rostro diferente, envuelta en glamour y lujos, la ex presidenta del PRD tendr\u00e1 mucho que decir en torno a los se\u00f1alamientos de desvi\u00f3 de mil 311 millones de pesos con contratos a empresas fantasmas durante su desempe\u00f1o como secretaria de Desarrollo Social, Sedesol, y en la Secretar\u00eda de Desarrollo Agrario, Territorial y Urbano, Sedatu, en la cual es titular.<\/span><\/p>\n<p class=\"x_m_8390356726072248474x_MsoNormal\"><span lang=\"ES-MX\">Los se\u00f1alamientos partieron de conclusiones de tres auditor\u00edas realizadas por la Auditor\u00eda Superior de la Federaci\u00f3n, ASF, datos que anticip\u00f3 el peri\u00f3dico Reforma, que apunta que el dinero dio vueltas en movimientos bancarios en Estados Unidos, China, Ecuador, B\u00e9lgica, Israel, Corea del Sur y Pakist\u00e1n<\/span><\/p>\n<p class=\"x_m_8390356726072248474x_MsoNormal\"><span lang=\"ES-MX\">La Robles Berlanga acaba de comprobar que no es verdad que \u201clos peri\u00f3dicos se hicieron para matar moscas y limpiar vidrios\u00bb, tal y como lo dijo en una ocasi\u00f3n. \u00a0<\/span><\/p>\n<p class=\"x_m_8390356726072248474x_MsoNormal\"><span lang=\"ES-MX\">Para el candidato presidencial panista Ricardo Anaya, son momentos de tensi\u00f3n extrema por \u00a0la acusaci\u00f3n de supuesto lavado de dinero con la compra-venta de una nave industrial para la obtenci\u00f3n de 54 millones de pesos. Para los expertos en estos asuntos, el se\u00f1alamiento tendr\u00e1 un desenlace contundente: si Anaya presenta su declaraci\u00f3n fiscal en la que se incluya la operaci\u00f3n indicada, podr\u00eda no tener mayores problemas; pero si no es as\u00ed, pudiera haber nuevo candidato panista a la presidencia. \u00a0<\/span><\/p>\n<p class=\"x_m_8390356726072248474x_MsoNormal\"><span lang=\"ES-MX\">Ser\u00eda posible llegar a un centenar las denuncias y tal vez por un monto de 100 mil millones de pesos, las presentadas ante la Procuradur\u00eda General de la Rep\u00fablica por parte de la ASF, de lo que se hicieron los desentendidos el Orfis, Contralor\u00eda estatal, legisladores federales y locales, por los desv\u00edos de recursos en el desgobierno de Javier Duarte de Ochoa. Sea por motivos y resultados de las investigaciones, adem\u00e1s de \u00e9ste y Javier Nava Soria, deportado por el gobierno espa\u00f1ol y detenido por la PGR, acusado de formar parte de la organizaci\u00f3n delincuencial comandada por Duarte de Ochoa, no hay m\u00e1s detenidos.<\/span><\/p>\n<p class=\"x_m_8390356726072248474x_MsoNormal\"><span lang=\"ES-MX\">A Karime Mac\u00edas de Duarte y a las decenas de c\u00f3mplices del hu\u00e9sped del reclusorio Norte, el mantra de la abundancia les sigue funcionando. No ha habido m\u00e1s recuperaciones de todo lo atracado. Bienes e inversiones en M\u00e9xico y el extranjero parecen intocables, las casas en The Woodlands, ni quien se acuerde. \u00a0\u00a0\u00a0\u00a0<\/span><\/p>\n<p class=\"x_m_8390356726072248474x_MsoNormal\"><span lang=\"ES-MX\">Circulan con mayor insistencia las noticias que duartistas de \u201chueso colorado\u201d, con fuero o sin, est\u00e1n operando, en contra del partido que les dio posiciones y aprovecharon para enriquecerse en forma il\u00edcita y absolutamente explicable. \u00a0<\/span><\/p>\n<p><a href=\"mailto:rvazquez002@yahoo.com.mx\" target=\"_blank\" rel=\"noopener noreferrer\"><span lang=\"ES-MX\">rvazquez002@yahoo.com.mx<\/span><\/a><\/div>\n<\/div>\n<\/div>\n<\/div>\n<\/div>\n<p>&nbsp;<\/p>\n","protected":false},"excerpt":{"rendered":"<p>Ricardo V\u00e1zquez S. Esfera Pol\u00edtica Aunque no es una noticia sorprendente, porque infinidad de hechos lo avalan, el dato lo ratifica \u00a0la organizaci\u00f3n Transparencia Internacional. Coloca a M\u00e9xico como la naci\u00f3n peor evaluada, en lo que se refiere al \u00cdndice de Percepci\u00f3n de la Corrupci\u00f3n, entre los miembros de la Organizaci\u00f3n para la Cooperaci\u00f3n y [&hellip;]<\/p>\n","protected":false},"author":2,"featured_media":0,"comment_status":"open","ping_status":"open","sticky":false,"template":"","format":"standard","meta":{"tdm_status":"","tdm_grid_status":"","footnotes":""},"categories":[70],"tags":[11006,282,11005,1103,7343,1193],"class_list":{"0":"post-39975","1":"post","2":"type-post","3":"status-publish","4":"format-standard","6":"category-de-opinion","7":"tag-caleb","8":"tag-corrupcion","9":"tag-hugo-eric-flores","10":"tag-ocde","11":"tag-rosario-robles","12":"tag-transparencia-internacional"},"yoast_head":"<!-- This site is optimized with the Yoast SEO plugin v27.4 - https:\/\/yoast.com\/product\/yoast-seo-wordpress\/ -->\n<title>Dichos y hechos, distantes y ajenos de la poblaci\u00f3n - Los pol\u00edticos Veracruz<\/title>\n<meta name=\"robots\" content=\"index, follow, max-snippet:-1, max-image-preview:large, max-video-preview:-1\" \/>\n<link rel=\"canonical\" href=\"https:\/\/lospoliticosveracruz.com\/?p=39975\" \/>\n<meta property=\"og:locale\" content=\"es_ES\" \/>\n<meta property=\"og:type\" content=\"article\" \/>\n<meta property=\"og:title\" content=\"Dichos y hechos, distantes y ajenos de la poblaci\u00f3n - Los pol\u00edticos Veracruz\" \/>\n<meta property=\"og:description\" content=\"Ricardo V\u00e1zquez S. Esfera Pol\u00edtica Aunque no es una noticia sorprendente, porque infinidad de hechos lo avalan, el dato lo ratifica \u00a0la organizaci\u00f3n Transparencia Internacional. Coloca a M\u00e9xico como la naci\u00f3n peor evaluada, en lo que se refiere al \u00cdndice de Percepci\u00f3n de la Corrupci\u00f3n, entre los miembros de la Organizaci\u00f3n para la Cooperaci\u00f3n y [&hellip;]\" \/>\n<meta property=\"og:url\" content=\"https:\/\/lospoliticosveracruz.com\/?p=39975\" \/>\n<meta property=\"og:site_name\" content=\"Los pol\u00edticos Veracruz\" \/>\n<meta property=\"article:publisher\" content=\"https:\/\/www.facebook.com\/people\/Notimemes-de-los-Polticos\/61565672886568\/\" \/>\n<meta property=\"article:published_time\" content=\"2018-02-23T16:08:57+00:00\" \/>\n<meta property=\"og:image\" content=\"https:\/\/lospoliticosveracruz.com\/wp-content\/uploads\/2016\/07\/Logo-Dor.jpg\" \/>\n\t<meta property=\"og:image:width\" content=\"200\" \/>\n\t<meta property=\"og:image:height\" content=\"200\" \/>\n\t<meta property=\"og:image:type\" content=\"image\/jpeg\" \/>\n<meta name=\"author\" content=\"Lo viste en Los Pol\u00edticos\" \/>\n<meta name=\"twitter:card\" content=\"summary_large_image\" \/>\n<meta name=\"twitter:creator\" content=\"@LosPoliticosVer\" \/>\n<meta name=\"twitter:site\" content=\"@LosPoliticosVer\" \/>\n<meta name=\"twitter:label1\" content=\"Escrito por\" \/>\n\t<meta name=\"twitter:data1\" content=\"Lo viste en Los Pol\u00edticos\" \/>\n\t<meta name=\"twitter:label2\" content=\"Tiempo de lectura\" \/>\n\t<meta name=\"twitter:data2\" content=\"4 minutos\" \/>\n<script type=\"application\/ld+json\" class=\"yoast-schema-graph\">{\"@context\":\"https:\\\/\\\/schema.org\",\"@graph\":[{\"@type\":\"Article\",\"@id\":\"https:\\\/\\\/lospoliticosveracruz.com\\\/?p=39975#article\",\"isPartOf\":{\"@id\":\"https:\\\/\\\/lospoliticosveracruz.com\\\/?p=39975\"},\"author\":{\"name\":\"Lo viste en Los Pol\u00edticos\",\"@id\":\"https:\\\/\\\/lospoliticosveracruz.com\\\/#\\\/schema\\\/person\\\/b8702bb0e538456e6efd07080bf2a4a2\"},\"headline\":\"Dichos y hechos, distantes y ajenos de la poblaci\u00f3n\",\"datePublished\":\"2018-02-23T16:08:57+00:00\",\"mainEntityOfPage\":{\"@id\":\"https:\\\/\\\/lospoliticosveracruz.com\\\/?p=39975\"},\"wordCount\":888,\"commentCount\":0,\"publisher\":{\"@id\":\"https:\\\/\\\/lospoliticosveracruz.com\\\/#organization\"},\"keywords\":[\"Caleb\",\"corrupci\u00f3n\",\"Hugo Eric Flores\",\"OCDE\",\"Rosario Robles\",\"Transparencia Internacional\"],\"articleSection\":[\"De Opini\u00f3n\"],\"inLanguage\":\"es\",\"potentialAction\":[{\"@type\":\"CommentAction\",\"name\":\"Comment\",\"target\":[\"https:\\\/\\\/lospoliticosveracruz.com\\\/?p=39975#respond\"]}]},{\"@type\":\"WebPage\",\"@id\":\"https:\\\/\\\/lospoliticosveracruz.com\\\/?p=39975\",\"url\":\"https:\\\/\\\/lospoliticosveracruz.com\\\/?p=39975\",\"name\":\"Dichos y hechos, distantes y ajenos de la poblaci\u00f3n - Los pol\u00edticos Veracruz\",\"isPartOf\":{\"@id\":\"https:\\\/\\\/lospoliticosveracruz.com\\\/#website\"},\"datePublished\":\"2018-02-23T16:08:57+00:00\",\"breadcrumb\":{\"@id\":\"https:\\\/\\\/lospoliticosveracruz.com\\\/?p=39975#breadcrumb\"},\"inLanguage\":\"es\",\"potentialAction\":[{\"@type\":\"ReadAction\",\"target\":[\"https:\\\/\\\/lospoliticosveracruz.com\\\/?p=39975\"]}]},{\"@type\":\"BreadcrumbList\",\"@id\":\"https:\\\/\\\/lospoliticosveracruz.com\\\/?p=39975#breadcrumb\",\"itemListElement\":[{\"@type\":\"ListItem\",\"position\":1,\"name\":\"Portada\",\"item\":\"https:\\\/\\\/lospoliticosveracruz.com\\\/\"},{\"@type\":\"ListItem\",\"position\":2,\"name\":\"Dichos y hechos, distantes y ajenos de la poblaci\u00f3n\"}]},{\"@type\":\"WebSite\",\"@id\":\"https:\\\/\\\/lospoliticosveracruz.com\\\/#website\",\"url\":\"https:\\\/\\\/lospoliticosveracruz.com\\\/\",\"name\":\"Los pol\u00edticos Veracruz\",\"description\":\"\",\"publisher\":{\"@id\":\"https:\\\/\\\/lospoliticosveracruz.com\\\/#organization\"},\"potentialAction\":[{\"@type\":\"SearchAction\",\"target\":{\"@type\":\"EntryPoint\",\"urlTemplate\":\"https:\\\/\\\/lospoliticosveracruz.com\\\/?s={search_term_string}\"},\"query-input\":{\"@type\":\"PropertyValueSpecification\",\"valueRequired\":true,\"valueName\":\"search_term_string\"}}],\"inLanguage\":\"es\"},{\"@type\":\"Organization\",\"@id\":\"https:\\\/\\\/lospoliticosveracruz.com\\\/#organization\",\"name\":\"Los pol\u00edticos Veracruz\",\"url\":\"https:\\\/\\\/lospoliticosveracruz.com\\\/\",\"logo\":{\"@type\":\"ImageObject\",\"inLanguage\":\"es\",\"@id\":\"https:\\\/\\\/lospoliticosveracruz.com\\\/#\\\/schema\\\/logo\\\/image\\\/\",\"url\":\"https:\\\/\\\/lospoliticosveracruz.com\\\/wp-content\\\/uploads\\\/2025\\\/12\\\/Logo-Nuevo-LOS-POLITICOS-1.jpg\",\"contentUrl\":\"https:\\\/\\\/lospoliticosveracruz.com\\\/wp-content\\\/uploads\\\/2025\\\/12\\\/Logo-Nuevo-LOS-POLITICOS-1.jpg\",\"width\":260,\"height\":70,\"caption\":\"Los pol\u00edticos Veracruz\"},\"image\":{\"@id\":\"https:\\\/\\\/lospoliticosveracruz.com\\\/#\\\/schema\\\/logo\\\/image\\\/\"},\"sameAs\":[\"https:\\\/\\\/www.facebook.com\\\/people\\\/Notimemes-de-los-Polticos\\\/61565672886568\\\/\",\"https:\\\/\\\/x.com\\\/LosPoliticosVer\"]},{\"@type\":\"Person\",\"@id\":\"https:\\\/\\\/lospoliticosveracruz.com\\\/#\\\/schema\\\/person\\\/b8702bb0e538456e6efd07080bf2a4a2\",\"name\":\"Lo viste en Los Pol\u00edticos\",\"image\":{\"@type\":\"ImageObject\",\"inLanguage\":\"es\",\"@id\":\"https:\\\/\\\/secure.gravatar.com\\\/avatar\\\/3a8de04a2656d44082be478bd6c086daa447c4651605818287b9532d3d0bd435?s=96&d=mm&r=g\",\"url\":\"https:\\\/\\\/secure.gravatar.com\\\/avatar\\\/3a8de04a2656d44082be478bd6c086daa447c4651605818287b9532d3d0bd435?s=96&d=mm&r=g\",\"contentUrl\":\"https:\\\/\\\/secure.gravatar.com\\\/avatar\\\/3a8de04a2656d44082be478bd6c086daa447c4651605818287b9532d3d0bd435?s=96&d=mm&r=g\",\"caption\":\"Lo viste en Los Pol\u00edticos\"},\"url\":\"https:\\\/\\\/lospoliticosveracruz.com\\\/?author=2\"}]}<\/script>\n<!-- \/ Yoast SEO plugin. -->","yoast_head_json":{"title":"Dichos y hechos, distantes y ajenos de la poblaci\u00f3n - Los pol\u00edticos Veracruz","robots":{"index":"index","follow":"follow","max-snippet":"max-snippet:-1","max-image-preview":"max-image-preview:large","max-video-preview":"max-video-preview:-1"},"canonical":"https:\/\/lospoliticosveracruz.com\/?p=39975","og_locale":"es_ES","og_type":"article","og_title":"Dichos y hechos, distantes y ajenos de la poblaci\u00f3n - Los pol\u00edticos Veracruz","og_description":"Ricardo V\u00e1zquez S. Esfera Pol\u00edtica Aunque no es una noticia sorprendente, porque infinidad de hechos lo avalan, el dato lo ratifica \u00a0la organizaci\u00f3n Transparencia Internacional. Coloca a M\u00e9xico como la naci\u00f3n peor evaluada, en lo que se refiere al \u00cdndice de Percepci\u00f3n de la Corrupci\u00f3n, entre los miembros de la Organizaci\u00f3n para la Cooperaci\u00f3n y [&hellip;]","og_url":"https:\/\/lospoliticosveracruz.com\/?p=39975","og_site_name":"Los pol\u00edticos Veracruz","article_publisher":"https:\/\/www.facebook.com\/people\/Notimemes-de-los-Polticos\/61565672886568\/","article_published_time":"2018-02-23T16:08:57+00:00","og_image":[{"width":200,"height":200,"url":"https:\/\/lospoliticosveracruz.com\/wp-content\/uploads\/2016\/07\/Logo-Dor.jpg","type":"image\/jpeg"}],"author":"Lo viste en Los Pol\u00edticos","twitter_card":"summary_large_image","twitter_creator":"@LosPoliticosVer","twitter_site":"@LosPoliticosVer","twitter_misc":{"Escrito por":"Lo viste en Los Pol\u00edticos","Tiempo de lectura":"4 minutos"},"schema":{"@context":"https:\/\/schema.org","@graph":[{"@type":"Article","@id":"https:\/\/lospoliticosveracruz.com\/?p=39975#article","isPartOf":{"@id":"https:\/\/lospoliticosveracruz.com\/?p=39975"},"author":{"name":"Lo viste en Los Pol\u00edticos","@id":"https:\/\/lospoliticosveracruz.com\/#\/schema\/person\/b8702bb0e538456e6efd07080bf2a4a2"},"headline":"Dichos y hechos, distantes y ajenos de la poblaci\u00f3n","datePublished":"2018-02-23T16:08:57+00:00","mainEntityOfPage":{"@id":"https:\/\/lospoliticosveracruz.com\/?p=39975"},"wordCount":888,"commentCount":0,"publisher":{"@id":"https:\/\/lospoliticosveracruz.com\/#organization"},"keywords":["Caleb","corrupci\u00f3n","Hugo Eric Flores","OCDE","Rosario Robles","Transparencia Internacional"],"articleSection":["De Opini\u00f3n"],"inLanguage":"es","potentialAction":[{"@type":"CommentAction","name":"Comment","target":["https:\/\/lospoliticosveracruz.com\/?p=39975#respond"]}]},{"@type":"WebPage","@id":"https:\/\/lospoliticosveracruz.com\/?p=39975","url":"https:\/\/lospoliticosveracruz.com\/?p=39975","name":"Dichos y hechos, distantes y ajenos de la poblaci\u00f3n - Los pol\u00edticos Veracruz","isPartOf":{"@id":"https:\/\/lospoliticosveracruz.com\/#website"},"datePublished":"2018-02-23T16:08:57+00:00","breadcrumb":{"@id":"https:\/\/lospoliticosveracruz.com\/?p=39975#breadcrumb"},"inLanguage":"es","potentialAction":[{"@type":"ReadAction","target":["https:\/\/lospoliticosveracruz.com\/?p=39975"]}]},{"@type":"BreadcrumbList","@id":"https:\/\/lospoliticosveracruz.com\/?p=39975#breadcrumb","itemListElement":[{"@type":"ListItem","position":1,"name":"Portada","item":"https:\/\/lospoliticosveracruz.com\/"},{"@type":"ListItem","position":2,"name":"Dichos y hechos, distantes y ajenos de la poblaci\u00f3n"}]},{"@type":"WebSite","@id":"https:\/\/lospoliticosveracruz.com\/#website","url":"https:\/\/lospoliticosveracruz.com\/","name":"Los pol\u00edticos Veracruz","description":"","publisher":{"@id":"https:\/\/lospoliticosveracruz.com\/#organization"},"potentialAction":[{"@type":"SearchAction","target":{"@type":"EntryPoint","urlTemplate":"https:\/\/lospoliticosveracruz.com\/?s={search_term_string}"},"query-input":{"@type":"PropertyValueSpecification","valueRequired":true,"valueName":"search_term_string"}}],"inLanguage":"es"},{"@type":"Organization","@id":"https:\/\/lospoliticosveracruz.com\/#organization","name":"Los pol\u00edticos Veracruz","url":"https:\/\/lospoliticosveracruz.com\/","logo":{"@type":"ImageObject","inLanguage":"es","@id":"https:\/\/lospoliticosveracruz.com\/#\/schema\/logo\/image\/","url":"https:\/\/lospoliticosveracruz.com\/wp-content\/uploads\/2025\/12\/Logo-Nuevo-LOS-POLITICOS-1.jpg","contentUrl":"https:\/\/lospoliticosveracruz.com\/wp-content\/uploads\/2025\/12\/Logo-Nuevo-LOS-POLITICOS-1.jpg","width":260,"height":70,"caption":"Los pol\u00edticos Veracruz"},"image":{"@id":"https:\/\/lospoliticosveracruz.com\/#\/schema\/logo\/image\/"},"sameAs":["https:\/\/www.facebook.com\/people\/Notimemes-de-los-Polticos\/61565672886568\/","https:\/\/x.com\/LosPoliticosVer"]},{"@type":"Person","@id":"https:\/\/lospoliticosveracruz.com\/#\/schema\/person\/b8702bb0e538456e6efd07080bf2a4a2","name":"Lo viste en Los Pol\u00edticos","image":{"@type":"ImageObject","inLanguage":"es","@id":"https:\/\/secure.gravatar.com\/avatar\/3a8de04a2656d44082be478bd6c086daa447c4651605818287b9532d3d0bd435?s=96&d=mm&r=g","url":"https:\/\/secure.gravatar.com\/avatar\/3a8de04a2656d44082be478bd6c086daa447c4651605818287b9532d3d0bd435?s=96&d=mm&r=g","contentUrl":"https:\/\/secure.gravatar.com\/avatar\/3a8de04a2656d44082be478bd6c086daa447c4651605818287b9532d3d0bd435?s=96&d=mm&r=g","caption":"Lo viste en Los Pol\u00edticos"},"url":"https:\/\/lospoliticosveracruz.com\/?author=2"}]}},"_links":{"self":[{"href":"https:\/\/lospoliticosveracruz.com\/index.php?rest_route=\/wp\/v2\/posts\/39975","targetHints":{"allow":["GET"]}}],"collection":[{"href":"https:\/\/lospoliticosveracruz.com\/index.php?rest_route=\/wp\/v2\/posts"}],"about":[{"href":"https:\/\/lospoliticosveracruz.com\/index.php?rest_route=\/wp\/v2\/types\/post"}],"author":[{"embeddable":true,"href":"https:\/\/lospoliticosveracruz.com\/index.php?rest_route=\/wp\/v2\/users\/2"}],"replies":[{"embeddable":true,"href":"https:\/\/lospoliticosveracruz.com\/index.php?rest_route=%2Fwp%2Fv2%2Fcomments&post=39975"}],"version-history":[{"count":1,"href":"https:\/\/lospoliticosveracruz.com\/index.php?rest_route=\/wp\/v2\/posts\/39975\/revisions"}],"predecessor-version":[{"id":39976,"href":"https:\/\/lospoliticosveracruz.com\/index.php?rest_route=\/wp\/v2\/posts\/39975\/revisions\/39976"}],"wp:attachment":[{"href":"https:\/\/lospoliticosveracruz.com\/index.php?rest_route=%2Fwp%2Fv2%2Fmedia&parent=39975"}],"wp:term":[{"taxonomy":"category","embeddable":true,"href":"https:\/\/lospoliticosveracruz.com\/index.php?rest_route=%2Fwp%2Fv2%2Fcategories&post=39975"},{"taxonomy":"post_tag","embeddable":true,"href":"https:\/\/lospoliticosveracruz.com\/index.php?rest_route=%2Fwp%2Fv2%2Ftags&post=39975"}],"curies":[{"name":"wp","href":"https:\/\/api.w.org\/{rel}","templated":true}]}}