{"id":39977,"date":"2018-02-23T10:19:05","date_gmt":"2018-02-23T16:19:05","guid":{"rendered":"http:\/\/www.lospoliticosveracruz.com.mx\/?p=39977"},"modified":"2018-02-23T10:19:05","modified_gmt":"2018-02-23T16:19:05","slug":"veracruz-el-1-en-corrupcion","status":"publish","type":"post","link":"https:\/\/lospoliticosveracruz.com\/?p=39977","title":{"rendered":"Veracruz, el 1 en corrupci\u00f3n"},"content":{"rendered":"<p><strong>Naldy Rodr\u00edguez<\/strong><\/p>\n<p><em>Transparencia 3.0<\/em><\/p>\n<p>&nbsp;<\/p>\n<p>&nbsp;<\/p>\n<p>El informe general de la Cuenta P\u00fablica 2016, el \u00faltimo a\u00f1o del gobierno de Javier Duarte, refleja lo que ya sab\u00edamos: que hubo un manejo de recursos unilateral y que se extendi\u00f3 una red de corrupci\u00f3n en diferentes \u00e1reas de la administraci\u00f3n p\u00fablica y que involucr\u00f3 al sector privado.<\/p>\n<p>Tan solo en ese a\u00f1o, el monto observado de los recursos federales ejercidos en Veracruz por la Auditoria Superior de la Federaci\u00f3n es de 19 mil millones de pesos. Esa cantidad es el total general e incluye las irregularidades en el gasto federalizado programable y en las participaciones federales que recibi\u00f3 el gobierno de Veracruz.<\/p>\n<p>Las entidades federativas que tuvieron un mayor monto observado fueron Veracruz, Nuevo Le\u00f3n, Quintana Roo y Tamaulipas. Y dos de esos estados se encuentran entre las cinco entidades que ejercieron m\u00e1s participaciones.<\/p>\n<p>Al monto observable en las partidas federales debemos agregarle las irregularidades detectadas en la deuda p\u00fablica de Veracruz. Hasta el 2016 ascend\u00eda a 45 mil millones de pesos. Ah\u00ed dice la ASF que encontr\u00f3 el probable desv\u00edo de recursos por 30 mil millones de pesos derivados de 15 cr\u00e9ditos contratados de 2006 a 2015, es decir de la mitad del sexenio de Fidel herrera al pen\u00faltimo a\u00f1o de Duarte. Y no se acredito\u0301 el destino de los recursos.<\/p>\n<p>Entre las edificaciones que s\u00f3lo ocurrieron en el papel, se encuentran el Perif\u00e9rico del Sur de la ciudad de Xalapa, un Centro de Readaptaci\u00f3n Social en el municipio de Medell\u00edn de Bravo y unas bodegas en las oficinas centrales del DIF Estatal.<\/p>\n<p>Tan s\u00f3lo entre diciembre de 2015 y de marzo a junio de 2016, se identificaron movimientos que derivaron en el probable desvi\u0301o de recursos por 11 mil 600 millones de pesos. \u201cLa cuenta bancaria mediante la que se ejecutaron las operaciones no existe en el cata\u0301logo contable, ni en el listado de cuentas bancarias informadas en la Cuenta Pu\u0301blica 2016\u201d.<\/p>\n<p>En su momento, EL UNIVERSAL, revel\u00f3 que no exist\u00eda ninguna evidencia de la aplicaci\u00f3n de 6 mil millones de pesos en proyectos productivos de dos de tres cr\u00e9ditos bancarios que obtuvo Duarte con el aval del Congreso local.<\/p>\n<p>Tambi\u00e9n en diciembre de 2015, se acredit\u00f3 el probable desvi\u0301o de recursos por 2 mil 400 millones un cre\u0301dito contratado a corto plazo, sin que se encontrara el destino del dinero.<\/p>\n<p>De aqu\u00ed surgen muchas preguntas: \u00bfD\u00f3nde quedaron los recursos?, \u00bfpor qu\u00e9 las investigaciones no han alcanzado a otros personajes y ex funcionarios responsables del manejo de los recursos p\u00fablicos?, \u00bfpor qu\u00e9 dejaron pasar tanto tiempo para percatarse del desv\u00edo de las partidas presupuestales y dinero obtenido de cr\u00e9ditos bancarios?<\/p>\n<p>Hay que aprender de los errores y no volver a repetirlos, ni autoridades ni ciudadanos. Por eso la insistencia de algunos de dar autonom\u00eda y \u201cciudadanizar\u201d el Sistema Local Anticorrupci\u00f3n. Necesitamos instituciones s\u00f3lidas, confiables y comprometidas que revisen y fiscalicen cada peso del presupuesto.<\/p>\n<p>Es necesario insistir en que tenemos \u00f3rganos \u201csimuladores\u201d. El m\u00e1s claro ejemplo es el Orfis, que en el sexenio de Duarte nunca vio las irregularidades que la ciudadan\u00eda y varios medios de comunicaci\u00f3n denunciaban. El riesgo es que con el nuevo gobierno tampoco vea nada, porque debemos recordar que permanece en el cargo Antonio Portilla desde el 2012 a la fecha.<\/p>\n<p>Los ciudadanos han confiado la tutela de sus \u201cderechos\u201d al Estado, han tolerado una democratizaci\u00f3n falsa e insuficiente, ha advertido Juan Ram\u00f3n Capella, fil\u00f3sofo del derecho en su ensayo Los ciudadanos siervos.<\/p>\n<p>\u201cLos ciudadanos\u2013siervos son los sujetos de los derechos sin poder. De la delegaci\u00f3n en el Estado y el mercado. De la privatizaci\u00f3n individualista\u201d.<\/p>\n<p>Twitter @ydlan<\/p>\n<p>Transparencia3.0@hotmail.com<\/p>\n","protected":false},"excerpt":{"rendered":"<p>Naldy Rodr\u00edguez Transparencia 3.0 &nbsp; &nbsp; El informe general de la Cuenta P\u00fablica 2016, el \u00faltimo a\u00f1o del gobierno de Javier Duarte, refleja lo que ya sab\u00edamos: que hubo un manejo de recursos unilateral y que se extendi\u00f3 una red de corrupci\u00f3n en diferentes \u00e1reas de la administraci\u00f3n p\u00fablica y que involucr\u00f3 al sector privado. [&hellip;]<\/p>\n","protected":false},"author":2,"featured_media":0,"comment_status":"open","ping_status":"open","sticky":false,"template":"","format":"standard","meta":{"tdm_status":"","tdm_grid_status":"","footnotes":""},"categories":[70],"tags":[282,79,162,135],"class_list":{"0":"post-39977","1":"post","2":"type-post","3":"status-publish","4":"format-standard","6":"category-de-opinion","7":"tag-corrupcion","8":"tag-fidel-herrera","9":"tag-javier-duarte","10":"tag-orfis"},"yoast_head":"<!-- This site is optimized with the Yoast SEO plugin v27.4 - https:\/\/yoast.com\/product\/yoast-seo-wordpress\/ -->\n<title>Veracruz, el 1 en corrupci\u00f3n - Los pol\u00edticos Veracruz<\/title>\n<meta name=\"robots\" content=\"index, follow, max-snippet:-1, max-image-preview:large, max-video-preview:-1\" \/>\n<link rel=\"canonical\" href=\"https:\/\/lospoliticosveracruz.com\/?p=39977\" \/>\n<meta property=\"og:locale\" content=\"es_ES\" \/>\n<meta property=\"og:type\" content=\"article\" \/>\n<meta property=\"og:title\" content=\"Veracruz, el 1 en corrupci\u00f3n - Los pol\u00edticos Veracruz\" \/>\n<meta property=\"og:description\" content=\"Naldy Rodr\u00edguez Transparencia 3.0 &nbsp; &nbsp; El informe general de la Cuenta P\u00fablica 2016, el \u00faltimo a\u00f1o del gobierno de Javier Duarte, refleja lo que ya sab\u00edamos: que hubo un manejo de recursos unilateral y que se extendi\u00f3 una red de corrupci\u00f3n en diferentes \u00e1reas de la administraci\u00f3n p\u00fablica y que involucr\u00f3 al sector privado. [&hellip;]\" \/>\n<meta property=\"og:url\" content=\"https:\/\/lospoliticosveracruz.com\/?p=39977\" \/>\n<meta property=\"og:site_name\" content=\"Los pol\u00edticos Veracruz\" \/>\n<meta property=\"article:publisher\" content=\"https:\/\/www.facebook.com\/people\/Notimemes-de-los-Polticos\/61565672886568\/\" \/>\n<meta property=\"article:published_time\" content=\"2018-02-23T16:19:05+00:00\" \/>\n<meta property=\"og:image\" content=\"https:\/\/lospoliticosveracruz.com\/wp-content\/uploads\/2016\/07\/Logo-Dor.jpg\" \/>\n\t<meta property=\"og:image:width\" content=\"200\" \/>\n\t<meta property=\"og:image:height\" content=\"200\" \/>\n\t<meta property=\"og:image:type\" content=\"image\/jpeg\" \/>\n<meta name=\"author\" content=\"Lo viste en Los Pol\u00edticos\" \/>\n<meta name=\"twitter:card\" content=\"summary_large_image\" \/>\n<meta name=\"twitter:creator\" content=\"@LosPoliticosVer\" \/>\n<meta name=\"twitter:site\" content=\"@LosPoliticosVer\" \/>\n<meta name=\"twitter:label1\" content=\"Escrito por\" \/>\n\t<meta name=\"twitter:data1\" content=\"Lo viste en Los Pol\u00edticos\" \/>\n\t<meta name=\"twitter:label2\" content=\"Tiempo de lectura\" \/>\n\t<meta name=\"twitter:data2\" content=\"3 minutos\" \/>\n<script type=\"application\/ld+json\" class=\"yoast-schema-graph\">{\"@context\":\"https:\\\/\\\/schema.org\",\"@graph\":[{\"@type\":\"Article\",\"@id\":\"https:\\\/\\\/lospoliticosveracruz.com\\\/?p=39977#article\",\"isPartOf\":{\"@id\":\"https:\\\/\\\/lospoliticosveracruz.com\\\/?p=39977\"},\"author\":{\"name\":\"Lo viste en Los Pol\u00edticos\",\"@id\":\"https:\\\/\\\/lospoliticosveracruz.com\\\/#\\\/schema\\\/person\\\/b8702bb0e538456e6efd07080bf2a4a2\"},\"headline\":\"Veracruz, el 1 en corrupci\u00f3n\",\"datePublished\":\"2018-02-23T16:19:05+00:00\",\"mainEntityOfPage\":{\"@id\":\"https:\\\/\\\/lospoliticosveracruz.com\\\/?p=39977\"},\"wordCount\":638,\"commentCount\":0,\"publisher\":{\"@id\":\"https:\\\/\\\/lospoliticosveracruz.com\\\/#organization\"},\"keywords\":[\"corrupci\u00f3n\",\"Fidel Herrera\",\"Javier Duarte\",\"Orfis\"],\"articleSection\":[\"De Opini\u00f3n\"],\"inLanguage\":\"es\",\"potentialAction\":[{\"@type\":\"CommentAction\",\"name\":\"Comment\",\"target\":[\"https:\\\/\\\/lospoliticosveracruz.com\\\/?p=39977#respond\"]}]},{\"@type\":\"WebPage\",\"@id\":\"https:\\\/\\\/lospoliticosveracruz.com\\\/?p=39977\",\"url\":\"https:\\\/\\\/lospoliticosveracruz.com\\\/?p=39977\",\"name\":\"Veracruz, el 1 en corrupci\u00f3n - Los pol\u00edticos Veracruz\",\"isPartOf\":{\"@id\":\"https:\\\/\\\/lospoliticosveracruz.com\\\/#website\"},\"datePublished\":\"2018-02-23T16:19:05+00:00\",\"breadcrumb\":{\"@id\":\"https:\\\/\\\/lospoliticosveracruz.com\\\/?p=39977#breadcrumb\"},\"inLanguage\":\"es\",\"potentialAction\":[{\"@type\":\"ReadAction\",\"target\":[\"https:\\\/\\\/lospoliticosveracruz.com\\\/?p=39977\"]}]},{\"@type\":\"BreadcrumbList\",\"@id\":\"https:\\\/\\\/lospoliticosveracruz.com\\\/?p=39977#breadcrumb\",\"itemListElement\":[{\"@type\":\"ListItem\",\"position\":1,\"name\":\"Portada\",\"item\":\"https:\\\/\\\/lospoliticosveracruz.com\\\/\"},{\"@type\":\"ListItem\",\"position\":2,\"name\":\"Veracruz, el 1 en corrupci\u00f3n\"}]},{\"@type\":\"WebSite\",\"@id\":\"https:\\\/\\\/lospoliticosveracruz.com\\\/#website\",\"url\":\"https:\\\/\\\/lospoliticosveracruz.com\\\/\",\"name\":\"Los pol\u00edticos Veracruz\",\"description\":\"\",\"publisher\":{\"@id\":\"https:\\\/\\\/lospoliticosveracruz.com\\\/#organization\"},\"potentialAction\":[{\"@type\":\"SearchAction\",\"target\":{\"@type\":\"EntryPoint\",\"urlTemplate\":\"https:\\\/\\\/lospoliticosveracruz.com\\\/?s={search_term_string}\"},\"query-input\":{\"@type\":\"PropertyValueSpecification\",\"valueRequired\":true,\"valueName\":\"search_term_string\"}}],\"inLanguage\":\"es\"},{\"@type\":\"Organization\",\"@id\":\"https:\\\/\\\/lospoliticosveracruz.com\\\/#organization\",\"name\":\"Los pol\u00edticos Veracruz\",\"url\":\"https:\\\/\\\/lospoliticosveracruz.com\\\/\",\"logo\":{\"@type\":\"ImageObject\",\"inLanguage\":\"es\",\"@id\":\"https:\\\/\\\/lospoliticosveracruz.com\\\/#\\\/schema\\\/logo\\\/image\\\/\",\"url\":\"https:\\\/\\\/lospoliticosveracruz.com\\\/wp-content\\\/uploads\\\/2025\\\/12\\\/Logo-Nuevo-LOS-POLITICOS-1.jpg\",\"contentUrl\":\"https:\\\/\\\/lospoliticosveracruz.com\\\/wp-content\\\/uploads\\\/2025\\\/12\\\/Logo-Nuevo-LOS-POLITICOS-1.jpg\",\"width\":260,\"height\":70,\"caption\":\"Los pol\u00edticos Veracruz\"},\"image\":{\"@id\":\"https:\\\/\\\/lospoliticosveracruz.com\\\/#\\\/schema\\\/logo\\\/image\\\/\"},\"sameAs\":[\"https:\\\/\\\/www.facebook.com\\\/people\\\/Notimemes-de-los-Polticos\\\/61565672886568\\\/\",\"https:\\\/\\\/x.com\\\/LosPoliticosVer\"]},{\"@type\":\"Person\",\"@id\":\"https:\\\/\\\/lospoliticosveracruz.com\\\/#\\\/schema\\\/person\\\/b8702bb0e538456e6efd07080bf2a4a2\",\"name\":\"Lo viste en Los Pol\u00edticos\",\"image\":{\"@type\":\"ImageObject\",\"inLanguage\":\"es\",\"@id\":\"https:\\\/\\\/secure.gravatar.com\\\/avatar\\\/3a8de04a2656d44082be478bd6c086daa447c4651605818287b9532d3d0bd435?s=96&d=mm&r=g\",\"url\":\"https:\\\/\\\/secure.gravatar.com\\\/avatar\\\/3a8de04a2656d44082be478bd6c086daa447c4651605818287b9532d3d0bd435?s=96&d=mm&r=g\",\"contentUrl\":\"https:\\\/\\\/secure.gravatar.com\\\/avatar\\\/3a8de04a2656d44082be478bd6c086daa447c4651605818287b9532d3d0bd435?s=96&d=mm&r=g\",\"caption\":\"Lo viste en Los Pol\u00edticos\"},\"url\":\"https:\\\/\\\/lospoliticosveracruz.com\\\/?author=2\"}]}<\/script>\n<!-- \/ Yoast SEO plugin. -->","yoast_head_json":{"title":"Veracruz, el 1 en corrupci\u00f3n - Los pol\u00edticos Veracruz","robots":{"index":"index","follow":"follow","max-snippet":"max-snippet:-1","max-image-preview":"max-image-preview:large","max-video-preview":"max-video-preview:-1"},"canonical":"https:\/\/lospoliticosveracruz.com\/?p=39977","og_locale":"es_ES","og_type":"article","og_title":"Veracruz, el 1 en corrupci\u00f3n - Los pol\u00edticos Veracruz","og_description":"Naldy Rodr\u00edguez Transparencia 3.0 &nbsp; &nbsp; El informe general de la Cuenta P\u00fablica 2016, el \u00faltimo a\u00f1o del gobierno de Javier Duarte, refleja lo que ya sab\u00edamos: que hubo un manejo de recursos unilateral y que se extendi\u00f3 una red de corrupci\u00f3n en diferentes \u00e1reas de la administraci\u00f3n p\u00fablica y que involucr\u00f3 al sector privado. [&hellip;]","og_url":"https:\/\/lospoliticosveracruz.com\/?p=39977","og_site_name":"Los pol\u00edticos Veracruz","article_publisher":"https:\/\/www.facebook.com\/people\/Notimemes-de-los-Polticos\/61565672886568\/","article_published_time":"2018-02-23T16:19:05+00:00","og_image":[{"width":200,"height":200,"url":"https:\/\/lospoliticosveracruz.com\/wp-content\/uploads\/2016\/07\/Logo-Dor.jpg","type":"image\/jpeg"}],"author":"Lo viste en Los Pol\u00edticos","twitter_card":"summary_large_image","twitter_creator":"@LosPoliticosVer","twitter_site":"@LosPoliticosVer","twitter_misc":{"Escrito por":"Lo viste en Los Pol\u00edticos","Tiempo de lectura":"3 minutos"},"schema":{"@context":"https:\/\/schema.org","@graph":[{"@type":"Article","@id":"https:\/\/lospoliticosveracruz.com\/?p=39977#article","isPartOf":{"@id":"https:\/\/lospoliticosveracruz.com\/?p=39977"},"author":{"name":"Lo viste en Los Pol\u00edticos","@id":"https:\/\/lospoliticosveracruz.com\/#\/schema\/person\/b8702bb0e538456e6efd07080bf2a4a2"},"headline":"Veracruz, el 1 en corrupci\u00f3n","datePublished":"2018-02-23T16:19:05+00:00","mainEntityOfPage":{"@id":"https:\/\/lospoliticosveracruz.com\/?p=39977"},"wordCount":638,"commentCount":0,"publisher":{"@id":"https:\/\/lospoliticosveracruz.com\/#organization"},"keywords":["corrupci\u00f3n","Fidel Herrera","Javier Duarte","Orfis"],"articleSection":["De Opini\u00f3n"],"inLanguage":"es","potentialAction":[{"@type":"CommentAction","name":"Comment","target":["https:\/\/lospoliticosveracruz.com\/?p=39977#respond"]}]},{"@type":"WebPage","@id":"https:\/\/lospoliticosveracruz.com\/?p=39977","url":"https:\/\/lospoliticosveracruz.com\/?p=39977","name":"Veracruz, el 1 en corrupci\u00f3n - Los pol\u00edticos Veracruz","isPartOf":{"@id":"https:\/\/lospoliticosveracruz.com\/#website"},"datePublished":"2018-02-23T16:19:05+00:00","breadcrumb":{"@id":"https:\/\/lospoliticosveracruz.com\/?p=39977#breadcrumb"},"inLanguage":"es","potentialAction":[{"@type":"ReadAction","target":["https:\/\/lospoliticosveracruz.com\/?p=39977"]}]},{"@type":"BreadcrumbList","@id":"https:\/\/lospoliticosveracruz.com\/?p=39977#breadcrumb","itemListElement":[{"@type":"ListItem","position":1,"name":"Portada","item":"https:\/\/lospoliticosveracruz.com\/"},{"@type":"ListItem","position":2,"name":"Veracruz, el 1 en corrupci\u00f3n"}]},{"@type":"WebSite","@id":"https:\/\/lospoliticosveracruz.com\/#website","url":"https:\/\/lospoliticosveracruz.com\/","name":"Los pol\u00edticos Veracruz","description":"","publisher":{"@id":"https:\/\/lospoliticosveracruz.com\/#organization"},"potentialAction":[{"@type":"SearchAction","target":{"@type":"EntryPoint","urlTemplate":"https:\/\/lospoliticosveracruz.com\/?s={search_term_string}"},"query-input":{"@type":"PropertyValueSpecification","valueRequired":true,"valueName":"search_term_string"}}],"inLanguage":"es"},{"@type":"Organization","@id":"https:\/\/lospoliticosveracruz.com\/#organization","name":"Los pol\u00edticos Veracruz","url":"https:\/\/lospoliticosveracruz.com\/","logo":{"@type":"ImageObject","inLanguage":"es","@id":"https:\/\/lospoliticosveracruz.com\/#\/schema\/logo\/image\/","url":"https:\/\/lospoliticosveracruz.com\/wp-content\/uploads\/2025\/12\/Logo-Nuevo-LOS-POLITICOS-1.jpg","contentUrl":"https:\/\/lospoliticosveracruz.com\/wp-content\/uploads\/2025\/12\/Logo-Nuevo-LOS-POLITICOS-1.jpg","width":260,"height":70,"caption":"Los pol\u00edticos Veracruz"},"image":{"@id":"https:\/\/lospoliticosveracruz.com\/#\/schema\/logo\/image\/"},"sameAs":["https:\/\/www.facebook.com\/people\/Notimemes-de-los-Polticos\/61565672886568\/","https:\/\/x.com\/LosPoliticosVer"]},{"@type":"Person","@id":"https:\/\/lospoliticosveracruz.com\/#\/schema\/person\/b8702bb0e538456e6efd07080bf2a4a2","name":"Lo viste en Los Pol\u00edticos","image":{"@type":"ImageObject","inLanguage":"es","@id":"https:\/\/secure.gravatar.com\/avatar\/3a8de04a2656d44082be478bd6c086daa447c4651605818287b9532d3d0bd435?s=96&d=mm&r=g","url":"https:\/\/secure.gravatar.com\/avatar\/3a8de04a2656d44082be478bd6c086daa447c4651605818287b9532d3d0bd435?s=96&d=mm&r=g","contentUrl":"https:\/\/secure.gravatar.com\/avatar\/3a8de04a2656d44082be478bd6c086daa447c4651605818287b9532d3d0bd435?s=96&d=mm&r=g","caption":"Lo viste en Los Pol\u00edticos"},"url":"https:\/\/lospoliticosveracruz.com\/?author=2"}]}},"_links":{"self":[{"href":"https:\/\/lospoliticosveracruz.com\/index.php?rest_route=\/wp\/v2\/posts\/39977","targetHints":{"allow":["GET"]}}],"collection":[{"href":"https:\/\/lospoliticosveracruz.com\/index.php?rest_route=\/wp\/v2\/posts"}],"about":[{"href":"https:\/\/lospoliticosveracruz.com\/index.php?rest_route=\/wp\/v2\/types\/post"}],"author":[{"embeddable":true,"href":"https:\/\/lospoliticosveracruz.com\/index.php?rest_route=\/wp\/v2\/users\/2"}],"replies":[{"embeddable":true,"href":"https:\/\/lospoliticosveracruz.com\/index.php?rest_route=%2Fwp%2Fv2%2Fcomments&post=39977"}],"version-history":[{"count":1,"href":"https:\/\/lospoliticosveracruz.com\/index.php?rest_route=\/wp\/v2\/posts\/39977\/revisions"}],"predecessor-version":[{"id":39978,"href":"https:\/\/lospoliticosveracruz.com\/index.php?rest_route=\/wp\/v2\/posts\/39977\/revisions\/39978"}],"wp:attachment":[{"href":"https:\/\/lospoliticosveracruz.com\/index.php?rest_route=%2Fwp%2Fv2%2Fmedia&parent=39977"}],"wp:term":[{"taxonomy":"category","embeddable":true,"href":"https:\/\/lospoliticosveracruz.com\/index.php?rest_route=%2Fwp%2Fv2%2Fcategories&post=39977"},{"taxonomy":"post_tag","embeddable":true,"href":"https:\/\/lospoliticosveracruz.com\/index.php?rest_route=%2Fwp%2Fv2%2Ftags&post=39977"}],"curies":[{"name":"wp","href":"https:\/\/api.w.org\/{rel}","templated":true}]}}