{"id":39992,"date":"2018-02-25T08:53:22","date_gmt":"2018-02-25T14:53:22","guid":{"rendered":"http:\/\/www.lospoliticosveracruz.com.mx\/?p=39992"},"modified":"2018-02-25T08:53:22","modified_gmt":"2018-02-25T14:53:22","slug":"tener-como-rectora-de-la-uv-a-sara-ladron-es-como-no-tener-madre","status":"publish","type":"post","link":"https:\/\/lospoliticosveracruz.com\/?p=39992","title":{"rendered":"Tener como rectora de la UV a Sara Ladr\u00f3n es como no tener madre"},"content":{"rendered":"<p>&nbsp;<\/p>\n<p><strong>Armando Ortiz<\/strong><\/p>\n<p><em>El Hijo Pr\u00f3digo\u00a0<\/em><\/p>\n<p>&nbsp;<\/p>\n<p>&nbsp;<\/p>\n<p>Se anota en el C\u00f3digo de \u00e9tica de la Universidad Veracruzana que \u201cla solidaridad como valor conlleva comprender la relaci\u00f3n rec\u00edproca o interdependencia existente entre los seres humanos y se expresa a trav\u00e9s de la capacidad que desarrollamos para sentir empat\u00eda con otros y <strong>para ayudarlos en momentos dif\u00edciles o en cualquier situaci\u00f3n en la que requieran de apoyo<\/strong>. La solidaridad conlleva un sentimiento de unidad en el que se traspasa el simple inter\u00e9s personal y se busca alcanzar metas o intereses comunes\u201d.<\/p>\n<p>Por supuesto a Sara Ladr\u00f3n, rectora de la Universidad Veracruzana, ni siquiera se asom\u00f3 a este punto del C\u00f3digo de \u00e9tica al momento de ordenar al abogado de la UV que se deslindara de la investigaci\u00f3n que hiciera Ros\u00edo C\u00f3rdova sobre la violencia que se vive entre la comunidad universitaria. La UV, su rectora, sus acad\u00e9micos y sus alumnos, debieron sentir empat\u00eda y debieron disponerse a ayudar en los momentos dif\u00edciles a la acad\u00e9mica que estaba siendo citada por la Fiscal\u00eda para que declarara sobre la investigaci\u00f3n que desarroll\u00f3 en la propia UV; Ros\u00edo C\u00f3rdova requer\u00eda de apoyo y s\u00f3lo le dieron la espalda. \u00bfD\u00f3nde qued\u00f3 la solidaridad?<\/p>\n<p>La Universidad Veracruzana exige en ese C\u00f3digo de \u00e9tica que los alumnos respeten \u201clos saberes, las lenguas, las opiniones, pensamientos y creencias de los dem\u00e1s integrantes de la comunidad universitaria y las personas y grupos sociales con quienes se vinculan\u201d, pero la Rector\u00eda no mostr\u00f3 respeto a las opiniones y pensamientos de un grupo de investigadores que estaban haciendo un llamado de atenci\u00f3n para estar alerta. Sara Ladr\u00f3n o es muy ingenua o demasiado obtusa, que no entiende que el deslinde que hiciera de los resultados del proyecto \u201cUV como constructora de paz: alternativas a las violencias en Veracruz\u201d significa invalidar a sus propios investigadores; significa restarles credibilidad, significa pasar por encima de su dignidad.<\/p>\n<p>Pero no es la primera vez que se ve esa incongruencia en Sara Ladr\u00f3n. Todos recordamos que, en el sexenio de Javier Duarte, a unas horas de las elecciones federales de 2015, unos j\u00f3venes, entre los que se encontraban estudiantes de la Universidad Veracruzana, fueron masacrados por sujetos enviados por el propio gobierno. La sociedad civil fue la primera que exigi\u00f3 justicia, despu\u00e9s fue la comunidad universitaria. No obstante, pasaron los d\u00edas, las semanas y ya demasiado tarde Sara Ladr\u00f3n lanz\u00f3 un tibio comunicado en donde exig\u00eda justicia para estos j\u00f3venes masacrados; \u00a1c\u00f3mo carambas iba a reclamar al gobierno de Javier Duarte, si su esposa muy amable la invitaba a tomar caf\u00e9 en Casa Veracruz!<\/p>\n<p>Despu\u00e9s vinieron las manifestaciones en las que se exig\u00eda que el gobierno pagara los millones de pesos que le adeudaba a la UV; millones de pesos que incluso proven\u00edan de la Federaci\u00f3n y que la Secretar\u00eda de Finanzas de Javier Duarte no entregaba a nuestra M\u00e1xima Casa de Estudios. Fue otra vez la comunidad universitaria la que alz\u00f3 la voz, fueron varias las manifestaciones antes de que Sara Ladr\u00f3n venciera su cobard\u00eda y saliera a exigir a los que la invitaban a tomar caf\u00e9 en Casa Veracruz, los que la ense\u00f1aron a vestir de manera decente, para que pagaran ese dinero que pertenec\u00eda a los universitarios. \u00bfD\u00f3nde estaba la congruencia? \u00bfD\u00f3nde la integridad?<\/p>\n<p>Pero eso s\u00ed, la Universidad Veracruzana, en su C\u00f3digo de \u00e9tica exige a sus alumnos y maestros integridad que para ellos \u201csupone la concordancia entre sus pensamientos, sentimientos y acciones, es actuar en consonancia con lo que cada uno dice o considera importante en la vida sin afectar los derechos de otras personas\u201d.<\/p>\n<p>Mal precedente sienta este deslinde, pues en adelante los investigadores tendr\u00e1n que adecuar los resultados de sus investigaciones para que no resulten inc\u00f3modos, no vaya a ser que a la rectora se deje llevar por su cobard\u00eda nuevamente y se eche para atr\u00e1s, deslind\u00e1ndose en lugar de respaldar.<\/p>\n<p>Eso se esperaba de la Universidad Veracruzana, que respaldara a su investigadora, que apoyara en los momentos dif\u00edciles a la acad\u00e9mica. En caso de que la acad\u00e9mica se hubiera equivocado, la UV tendr\u00eda incluso que respaldarla, pues el mismo C\u00f3digo de \u00e9tica obliga a asumir \u201ccon madurez sus equivocaciones cuando \u00e9stas les son se\u00f1aladas por los dem\u00e1s de forma respetuosa\u201d.<\/p>\n<p>Queda patente que los acad\u00e9micos, investigadores y alumnos al no tener el respaldo de su Rector\u00eda, andan hu\u00e9rfanos. Tener como rectora de la UV a Sara Ladr\u00f3n es como no tener madre.<\/p>\n<p>&nbsp;<\/p>\n<p>Armando Ortiz \u00a0\u00a0\u00a0\u00a0\u00a0\u00a0\u00a0\u00a0\u00a0\u00a0\u00a0\u00a0\u00a0\u00a0\u00a0\u00a0\u00a0\u00a0\u00a0\u00a0\u00a0\u00a0\u00a0\u00a0\u00a0\u00a0\u00a0\u00a0\u00a0\u00a0\u00a0\u00a0\u00a0\u00a0\u00a0\u00a0\u00a0\u00a0\u00a0\u00a0\u00a0\u00a0\u00a0\u00a0\u00a0\u00a0\u00a0\u00a0\u00a0\u00a0\u00a0\u00a0\u00a0\u00a0\u00a0\u00a0\u00a0 <a href=\"mailto:aortiz52@hotmail.com\">aortiz52@hotmail.com<\/a><\/p>\n<p>&nbsp;<\/p>\n","protected":false},"excerpt":{"rendered":"<p>&nbsp; Armando Ortiz El Hijo Pr\u00f3digo\u00a0 &nbsp; &nbsp; Se anota en el C\u00f3digo de \u00e9tica de la Universidad Veracruzana que \u201cla solidaridad como valor conlleva comprender la relaci\u00f3n rec\u00edproca o interdependencia existente entre los seres humanos y se expresa a trav\u00e9s de la capacidad que desarrollamos para sentir empat\u00eda con otros y para ayudarlos en [&hellip;]<\/p>\n","protected":false},"author":2,"featured_media":0,"comment_status":"open","ping_status":"open","sticky":false,"template":"","format":"standard","meta":{"tdm_status":"","tdm_grid_status":"","footnotes":""},"categories":[70],"tags":[11016,7619,755,504,5295,219],"class_list":{"0":"post-39992","1":"post","2":"type-post","3":"status-publish","4":"format-standard","6":"category-de-opinion","7":"tag-codigo-de-etica","8":"tag-rosio-cordova-plaza","9":"tag-sara-ladron-de-guevara","10":"tag-secuestros","11":"tag-solidaridad","12":"tag-universidad-veracruzana"},"yoast_head":"<!-- This site is optimized with the Yoast SEO plugin v27.4 - https:\/\/yoast.com\/product\/yoast-seo-wordpress\/ -->\n<title>Tener como rectora de la UV a Sara Ladr\u00f3n es como no tener madre - Los pol\u00edticos Veracruz<\/title>\n<meta name=\"robots\" content=\"index, follow, max-snippet:-1, max-image-preview:large, max-video-preview:-1\" \/>\n<link rel=\"canonical\" href=\"https:\/\/lospoliticosveracruz.com\/?p=39992\" \/>\n<meta property=\"og:locale\" content=\"es_ES\" \/>\n<meta property=\"og:type\" content=\"article\" \/>\n<meta property=\"og:title\" content=\"Tener como rectora de la UV a Sara Ladr\u00f3n es como no tener madre - Los pol\u00edticos Veracruz\" \/>\n<meta property=\"og:description\" content=\"&nbsp; Armando Ortiz El Hijo Pr\u00f3digo\u00a0 &nbsp; &nbsp; Se anota en el C\u00f3digo de \u00e9tica de la Universidad Veracruzana que \u201cla solidaridad como valor conlleva comprender la relaci\u00f3n rec\u00edproca o interdependencia existente entre los seres humanos y se expresa a trav\u00e9s de la capacidad que desarrollamos para sentir empat\u00eda con otros y para ayudarlos en [&hellip;]\" \/>\n<meta property=\"og:url\" content=\"https:\/\/lospoliticosveracruz.com\/?p=39992\" \/>\n<meta property=\"og:site_name\" content=\"Los pol\u00edticos Veracruz\" \/>\n<meta property=\"article:publisher\" content=\"https:\/\/www.facebook.com\/people\/Notimemes-de-los-Polticos\/61565672886568\/\" \/>\n<meta property=\"article:published_time\" content=\"2018-02-25T14:53:22+00:00\" \/>\n<meta property=\"og:image\" content=\"https:\/\/lospoliticosveracruz.com\/wp-content\/uploads\/2016\/07\/Logo-Dor.jpg\" \/>\n\t<meta property=\"og:image:width\" content=\"200\" \/>\n\t<meta property=\"og:image:height\" content=\"200\" \/>\n\t<meta property=\"og:image:type\" content=\"image\/jpeg\" \/>\n<meta name=\"author\" content=\"Lo viste en Los Pol\u00edticos\" \/>\n<meta name=\"twitter:card\" content=\"summary_large_image\" \/>\n<meta name=\"twitter:creator\" content=\"@LosPoliticosVer\" \/>\n<meta name=\"twitter:site\" content=\"@LosPoliticosVer\" \/>\n<meta name=\"twitter:label1\" content=\"Escrito por\" \/>\n\t<meta name=\"twitter:data1\" content=\"Lo viste en Los Pol\u00edticos\" \/>\n\t<meta name=\"twitter:label2\" content=\"Tiempo de lectura\" \/>\n\t<meta name=\"twitter:data2\" content=\"4 minutos\" \/>\n<script type=\"application\/ld+json\" class=\"yoast-schema-graph\">{\"@context\":\"https:\\\/\\\/schema.org\",\"@graph\":[{\"@type\":\"Article\",\"@id\":\"https:\\\/\\\/lospoliticosveracruz.com\\\/?p=39992#article\",\"isPartOf\":{\"@id\":\"https:\\\/\\\/lospoliticosveracruz.com\\\/?p=39992\"},\"author\":{\"name\":\"Lo viste en Los Pol\u00edticos\",\"@id\":\"https:\\\/\\\/lospoliticosveracruz.com\\\/#\\\/schema\\\/person\\\/b8702bb0e538456e6efd07080bf2a4a2\"},\"headline\":\"Tener como rectora de la UV a Sara Ladr\u00f3n es como no tener madre\",\"datePublished\":\"2018-02-25T14:53:22+00:00\",\"mainEntityOfPage\":{\"@id\":\"https:\\\/\\\/lospoliticosveracruz.com\\\/?p=39992\"},\"wordCount\":823,\"commentCount\":0,\"publisher\":{\"@id\":\"https:\\\/\\\/lospoliticosveracruz.com\\\/#organization\"},\"keywords\":[\"C\u00f3digo de \u00c9tica\",\"Ros\u00edo C\u00f3rdova Plaza\",\"Sara Ladr\u00f3n de Guevara\",\"secuestros\",\"Solidaridad\",\"Universidad Veracruzana\"],\"articleSection\":[\"De Opini\u00f3n\"],\"inLanguage\":\"es\",\"potentialAction\":[{\"@type\":\"CommentAction\",\"name\":\"Comment\",\"target\":[\"https:\\\/\\\/lospoliticosveracruz.com\\\/?p=39992#respond\"]}]},{\"@type\":\"WebPage\",\"@id\":\"https:\\\/\\\/lospoliticosveracruz.com\\\/?p=39992\",\"url\":\"https:\\\/\\\/lospoliticosveracruz.com\\\/?p=39992\",\"name\":\"Tener como rectora de la UV a Sara Ladr\u00f3n es como no tener madre - Los pol\u00edticos Veracruz\",\"isPartOf\":{\"@id\":\"https:\\\/\\\/lospoliticosveracruz.com\\\/#website\"},\"datePublished\":\"2018-02-25T14:53:22+00:00\",\"breadcrumb\":{\"@id\":\"https:\\\/\\\/lospoliticosveracruz.com\\\/?p=39992#breadcrumb\"},\"inLanguage\":\"es\",\"potentialAction\":[{\"@type\":\"ReadAction\",\"target\":[\"https:\\\/\\\/lospoliticosveracruz.com\\\/?p=39992\"]}]},{\"@type\":\"BreadcrumbList\",\"@id\":\"https:\\\/\\\/lospoliticosveracruz.com\\\/?p=39992#breadcrumb\",\"itemListElement\":[{\"@type\":\"ListItem\",\"position\":1,\"name\":\"Portada\",\"item\":\"https:\\\/\\\/lospoliticosveracruz.com\\\/\"},{\"@type\":\"ListItem\",\"position\":2,\"name\":\"Tener como rectora de la UV a Sara Ladr\u00f3n es como no tener madre\"}]},{\"@type\":\"WebSite\",\"@id\":\"https:\\\/\\\/lospoliticosveracruz.com\\\/#website\",\"url\":\"https:\\\/\\\/lospoliticosveracruz.com\\\/\",\"name\":\"Los pol\u00edticos Veracruz\",\"description\":\"\",\"publisher\":{\"@id\":\"https:\\\/\\\/lospoliticosveracruz.com\\\/#organization\"},\"potentialAction\":[{\"@type\":\"SearchAction\",\"target\":{\"@type\":\"EntryPoint\",\"urlTemplate\":\"https:\\\/\\\/lospoliticosveracruz.com\\\/?s={search_term_string}\"},\"query-input\":{\"@type\":\"PropertyValueSpecification\",\"valueRequired\":true,\"valueName\":\"search_term_string\"}}],\"inLanguage\":\"es\"},{\"@type\":\"Organization\",\"@id\":\"https:\\\/\\\/lospoliticosveracruz.com\\\/#organization\",\"name\":\"Los pol\u00edticos Veracruz\",\"url\":\"https:\\\/\\\/lospoliticosveracruz.com\\\/\",\"logo\":{\"@type\":\"ImageObject\",\"inLanguage\":\"es\",\"@id\":\"https:\\\/\\\/lospoliticosveracruz.com\\\/#\\\/schema\\\/logo\\\/image\\\/\",\"url\":\"https:\\\/\\\/lospoliticosveracruz.com\\\/wp-content\\\/uploads\\\/2025\\\/12\\\/Logo-Nuevo-LOS-POLITICOS-1.jpg\",\"contentUrl\":\"https:\\\/\\\/lospoliticosveracruz.com\\\/wp-content\\\/uploads\\\/2025\\\/12\\\/Logo-Nuevo-LOS-POLITICOS-1.jpg\",\"width\":260,\"height\":70,\"caption\":\"Los pol\u00edticos Veracruz\"},\"image\":{\"@id\":\"https:\\\/\\\/lospoliticosveracruz.com\\\/#\\\/schema\\\/logo\\\/image\\\/\"},\"sameAs\":[\"https:\\\/\\\/www.facebook.com\\\/people\\\/Notimemes-de-los-Polticos\\\/61565672886568\\\/\",\"https:\\\/\\\/x.com\\\/LosPoliticosVer\"]},{\"@type\":\"Person\",\"@id\":\"https:\\\/\\\/lospoliticosveracruz.com\\\/#\\\/schema\\\/person\\\/b8702bb0e538456e6efd07080bf2a4a2\",\"name\":\"Lo viste en Los Pol\u00edticos\",\"image\":{\"@type\":\"ImageObject\",\"inLanguage\":\"es\",\"@id\":\"https:\\\/\\\/secure.gravatar.com\\\/avatar\\\/3a8de04a2656d44082be478bd6c086daa447c4651605818287b9532d3d0bd435?s=96&d=mm&r=g\",\"url\":\"https:\\\/\\\/secure.gravatar.com\\\/avatar\\\/3a8de04a2656d44082be478bd6c086daa447c4651605818287b9532d3d0bd435?s=96&d=mm&r=g\",\"contentUrl\":\"https:\\\/\\\/secure.gravatar.com\\\/avatar\\\/3a8de04a2656d44082be478bd6c086daa447c4651605818287b9532d3d0bd435?s=96&d=mm&r=g\",\"caption\":\"Lo viste en Los Pol\u00edticos\"},\"url\":\"https:\\\/\\\/lospoliticosveracruz.com\\\/?author=2\"}]}<\/script>\n<!-- \/ Yoast SEO plugin. -->","yoast_head_json":{"title":"Tener como rectora de la UV a Sara Ladr\u00f3n es como no tener madre - Los pol\u00edticos Veracruz","robots":{"index":"index","follow":"follow","max-snippet":"max-snippet:-1","max-image-preview":"max-image-preview:large","max-video-preview":"max-video-preview:-1"},"canonical":"https:\/\/lospoliticosveracruz.com\/?p=39992","og_locale":"es_ES","og_type":"article","og_title":"Tener como rectora de la UV a Sara Ladr\u00f3n es como no tener madre - Los pol\u00edticos Veracruz","og_description":"&nbsp; Armando Ortiz El Hijo Pr\u00f3digo\u00a0 &nbsp; &nbsp; Se anota en el C\u00f3digo de \u00e9tica de la Universidad Veracruzana que \u201cla solidaridad como valor conlleva comprender la relaci\u00f3n rec\u00edproca o interdependencia existente entre los seres humanos y se expresa a trav\u00e9s de la capacidad que desarrollamos para sentir empat\u00eda con otros y para ayudarlos en [&hellip;]","og_url":"https:\/\/lospoliticosveracruz.com\/?p=39992","og_site_name":"Los pol\u00edticos Veracruz","article_publisher":"https:\/\/www.facebook.com\/people\/Notimemes-de-los-Polticos\/61565672886568\/","article_published_time":"2018-02-25T14:53:22+00:00","og_image":[{"width":200,"height":200,"url":"https:\/\/lospoliticosveracruz.com\/wp-content\/uploads\/2016\/07\/Logo-Dor.jpg","type":"image\/jpeg"}],"author":"Lo viste en Los Pol\u00edticos","twitter_card":"summary_large_image","twitter_creator":"@LosPoliticosVer","twitter_site":"@LosPoliticosVer","twitter_misc":{"Escrito por":"Lo viste en Los Pol\u00edticos","Tiempo de lectura":"4 minutos"},"schema":{"@context":"https:\/\/schema.org","@graph":[{"@type":"Article","@id":"https:\/\/lospoliticosveracruz.com\/?p=39992#article","isPartOf":{"@id":"https:\/\/lospoliticosveracruz.com\/?p=39992"},"author":{"name":"Lo viste en Los Pol\u00edticos","@id":"https:\/\/lospoliticosveracruz.com\/#\/schema\/person\/b8702bb0e538456e6efd07080bf2a4a2"},"headline":"Tener como rectora de la UV a Sara Ladr\u00f3n es como no tener madre","datePublished":"2018-02-25T14:53:22+00:00","mainEntityOfPage":{"@id":"https:\/\/lospoliticosveracruz.com\/?p=39992"},"wordCount":823,"commentCount":0,"publisher":{"@id":"https:\/\/lospoliticosveracruz.com\/#organization"},"keywords":["C\u00f3digo de \u00c9tica","Ros\u00edo C\u00f3rdova Plaza","Sara Ladr\u00f3n de Guevara","secuestros","Solidaridad","Universidad Veracruzana"],"articleSection":["De Opini\u00f3n"],"inLanguage":"es","potentialAction":[{"@type":"CommentAction","name":"Comment","target":["https:\/\/lospoliticosveracruz.com\/?p=39992#respond"]}]},{"@type":"WebPage","@id":"https:\/\/lospoliticosveracruz.com\/?p=39992","url":"https:\/\/lospoliticosveracruz.com\/?p=39992","name":"Tener como rectora de la UV a Sara Ladr\u00f3n es como no tener madre - Los pol\u00edticos Veracruz","isPartOf":{"@id":"https:\/\/lospoliticosveracruz.com\/#website"},"datePublished":"2018-02-25T14:53:22+00:00","breadcrumb":{"@id":"https:\/\/lospoliticosveracruz.com\/?p=39992#breadcrumb"},"inLanguage":"es","potentialAction":[{"@type":"ReadAction","target":["https:\/\/lospoliticosveracruz.com\/?p=39992"]}]},{"@type":"BreadcrumbList","@id":"https:\/\/lospoliticosveracruz.com\/?p=39992#breadcrumb","itemListElement":[{"@type":"ListItem","position":1,"name":"Portada","item":"https:\/\/lospoliticosveracruz.com\/"},{"@type":"ListItem","position":2,"name":"Tener como rectora de la UV a Sara Ladr\u00f3n es como no tener madre"}]},{"@type":"WebSite","@id":"https:\/\/lospoliticosveracruz.com\/#website","url":"https:\/\/lospoliticosveracruz.com\/","name":"Los pol\u00edticos Veracruz","description":"","publisher":{"@id":"https:\/\/lospoliticosveracruz.com\/#organization"},"potentialAction":[{"@type":"SearchAction","target":{"@type":"EntryPoint","urlTemplate":"https:\/\/lospoliticosveracruz.com\/?s={search_term_string}"},"query-input":{"@type":"PropertyValueSpecification","valueRequired":true,"valueName":"search_term_string"}}],"inLanguage":"es"},{"@type":"Organization","@id":"https:\/\/lospoliticosveracruz.com\/#organization","name":"Los pol\u00edticos Veracruz","url":"https:\/\/lospoliticosveracruz.com\/","logo":{"@type":"ImageObject","inLanguage":"es","@id":"https:\/\/lospoliticosveracruz.com\/#\/schema\/logo\/image\/","url":"https:\/\/lospoliticosveracruz.com\/wp-content\/uploads\/2025\/12\/Logo-Nuevo-LOS-POLITICOS-1.jpg","contentUrl":"https:\/\/lospoliticosveracruz.com\/wp-content\/uploads\/2025\/12\/Logo-Nuevo-LOS-POLITICOS-1.jpg","width":260,"height":70,"caption":"Los pol\u00edticos Veracruz"},"image":{"@id":"https:\/\/lospoliticosveracruz.com\/#\/schema\/logo\/image\/"},"sameAs":["https:\/\/www.facebook.com\/people\/Notimemes-de-los-Polticos\/61565672886568\/","https:\/\/x.com\/LosPoliticosVer"]},{"@type":"Person","@id":"https:\/\/lospoliticosveracruz.com\/#\/schema\/person\/b8702bb0e538456e6efd07080bf2a4a2","name":"Lo viste en Los Pol\u00edticos","image":{"@type":"ImageObject","inLanguage":"es","@id":"https:\/\/secure.gravatar.com\/avatar\/3a8de04a2656d44082be478bd6c086daa447c4651605818287b9532d3d0bd435?s=96&d=mm&r=g","url":"https:\/\/secure.gravatar.com\/avatar\/3a8de04a2656d44082be478bd6c086daa447c4651605818287b9532d3d0bd435?s=96&d=mm&r=g","contentUrl":"https:\/\/secure.gravatar.com\/avatar\/3a8de04a2656d44082be478bd6c086daa447c4651605818287b9532d3d0bd435?s=96&d=mm&r=g","caption":"Lo viste en Los Pol\u00edticos"},"url":"https:\/\/lospoliticosveracruz.com\/?author=2"}]}},"_links":{"self":[{"href":"https:\/\/lospoliticosveracruz.com\/index.php?rest_route=\/wp\/v2\/posts\/39992","targetHints":{"allow":["GET"]}}],"collection":[{"href":"https:\/\/lospoliticosveracruz.com\/index.php?rest_route=\/wp\/v2\/posts"}],"about":[{"href":"https:\/\/lospoliticosveracruz.com\/index.php?rest_route=\/wp\/v2\/types\/post"}],"author":[{"embeddable":true,"href":"https:\/\/lospoliticosveracruz.com\/index.php?rest_route=\/wp\/v2\/users\/2"}],"replies":[{"embeddable":true,"href":"https:\/\/lospoliticosveracruz.com\/index.php?rest_route=%2Fwp%2Fv2%2Fcomments&post=39992"}],"version-history":[{"count":1,"href":"https:\/\/lospoliticosveracruz.com\/index.php?rest_route=\/wp\/v2\/posts\/39992\/revisions"}],"predecessor-version":[{"id":39993,"href":"https:\/\/lospoliticosveracruz.com\/index.php?rest_route=\/wp\/v2\/posts\/39992\/revisions\/39993"}],"wp:attachment":[{"href":"https:\/\/lospoliticosveracruz.com\/index.php?rest_route=%2Fwp%2Fv2%2Fmedia&parent=39992"}],"wp:term":[{"taxonomy":"category","embeddable":true,"href":"https:\/\/lospoliticosveracruz.com\/index.php?rest_route=%2Fwp%2Fv2%2Fcategories&post=39992"},{"taxonomy":"post_tag","embeddable":true,"href":"https:\/\/lospoliticosveracruz.com\/index.php?rest_route=%2Fwp%2Fv2%2Ftags&post=39992"}],"curies":[{"name":"wp","href":"https:\/\/api.w.org\/{rel}","templated":true}]}}