{"id":40026,"date":"2018-02-26T10:21:17","date_gmt":"2018-02-26T16:21:17","guid":{"rendered":"http:\/\/www.lospoliticosveracruz.com.mx\/?p=40026"},"modified":"2018-02-26T10:21:17","modified_gmt":"2018-02-26T16:21:17","slug":"embarazo-adolescente-en-xalapa-un-estudio-del-immx","status":"publish","type":"post","link":"https:\/\/lospoliticosveracruz.com\/?p=40026","title":{"rendered":"Embarazo adolescente en Xalapa: un estudio del IMMX"},"content":{"rendered":"<p><strong>Cecilia Mu\u00f1oz<\/strong><\/p>\n<p><em>Polisemia<\/em><\/p>\n<p>&nbsp;<\/p>\n<p>&nbsp;<\/p>\n<p>Incluso sin haberlo vivido o percibido de cerca, todos conocemos que el embarazo en adolescentes en M\u00e9xico es un problema de salud p\u00fablica. Dentro de la Organizaci\u00f3n para la Cooperaci\u00f3n y el Desarrollo Econ\u00f3micos, M\u00e9xico ocupa el primer lugar en este tipo de casos, pues registra que de cada mil nacimientos, 64.2 corresponden a hijos de j\u00f3venes de 15 a 19 a\u00f1os de edad. En contraste, Suiza reporta apenas 4.3. \u00bfPero qu\u00e9 ocurre en el \u00e1mbito local?<\/p>\n<p>Hasta hace poco, si quer\u00edamos saber acerca de la situaci\u00f3n del embarazo adolescente en Xalapa, deb\u00edamos satisfacernos con espor\u00e1dicas notas period\u00edsticas al respecto. Las cifras abundaban, pero faltaba algo: la voz de las protagonistas y un an\u00e1lisis profundo de la situaci\u00f3n que permitiera sentar las bases de una pol\u00edtica p\u00fablica adecuada al respecto.<\/p>\n<p>Con ese objetivo, el Instituto Municipal de las Mujeres de Xalapa (IMMX) desarroll\u00f3 el estudio \u201cInvestigaci\u00f3n sobre la situaci\u00f3n del embarazo en adolescentes y abandono escolar en el municipio de Xalapa, Veracruz. Propuestas de prevenci\u00f3n, reinserci\u00f3n escolar y promoci\u00f3n laboral\u201d, documento al cual pude acceder gracias a que fue amablemente compartido por el IMMX v\u00eda Facebook hace un par de semanas. Tras una lectura, comparto aqu\u00ed los datos que m\u00e1s llamaron mi atenci\u00f3n.<\/p>\n<p>* \u201cLa oficina del Registro de Civil se\u00f1ala que Xalapa es uno de los 13 municipios de entidad con un mayor \u00edndice de nacidos vivos registrados de madres menores de 20 a\u00f1os de edad. Del 2000 al 2016, fueron asentados en ese municipio 5,086 ni\u00f1os y ni\u00f1as de parejas en concubinato, en las cuales la edad de las madres fluct\u00faa entre los 13 y 17 a\u00f1os, mientras que la edad de los padres est\u00e1 entre 14 y 60 a\u00f1os\u201d.<\/p>\n<p>* De acuerdo con la encuesta aplicada a j\u00f3venes estudiantes xalape\u00f1os, la informaci\u00f3n sobre la actividad sexual la obtienen principalmente de los maestros, pl\u00e1ticas impartidas por instituciones y progenitores. Internet, libros y revistas, familiares y amigos ocupan los \u00faltimos lugares. \u201cEsto contradice a la creencia de que este tipo de informaci\u00f3n se da principalmente por los medios comunicaci\u00f3n y amistades\u201d. Y a\u00f1ade un poco m\u00e1s de responsabilidad a los educadores y representantes de instituciones, agregar\u00eda.<\/p>\n<p>* Los adolescentes \u201cno se perciben como ciudadanas\/os ni como sujetos de derechos (ni) relacionan las pr\u00e1cticas sexuales como un tema de discusi\u00f3n permanente\u201d. Por su parte, Estado, maestros, instituciones y sociedad en general comparten esta visi\u00f3n. Asumen que los adolescentes deben ser considerados y tratados como sujetos a tutelar, por los cuales tomar decisiones, pues ellos \u2013supuestamente\u2013 son incapaces. Las campa\u00f1as de prevenci\u00f3n del embarazo adolescente \u201clos ven como seres irracionales que act\u00faan por instinto\u201d.<\/p>\n<p>* Las campa\u00f1as de prevenci\u00f3n de embarazo est\u00e1n dirigidas a j\u00f3venes urbanos y omiten las realidades ind\u00edgenas y rurales. No contemplan la posibilidad de considerar la maternidad como una elecci\u00f3n de las mujeres, pues se asume que se debe \u201cpostergar\u201d, mas no elegir. La perspectiva de g\u00e9nero brilla por su ausencia: se asume que las y los adolescentes son \u201cpares\u201d.<\/p>\n<p>* Se habla de educaci\u00f3n sexual, pero \u00e9sta est\u00e1 \u201cenfocada en la reproducci\u00f3n y la anticoncepci\u00f3n, dejando el erotismo o los afectos (&#8230;). Se pretende que retrasen el inicio de la vida sexual y no (ense\u00f1ar) c\u00f3mo tener una relaci\u00f3n placentera y satisfactoria\u201d. Ya lo hemos dicho aqu\u00ed: \u00a1Urge hablar de deseo y consentimiento!<\/p>\n<p>* El embarazo y su prevenci\u00f3n suele abordarse a trav\u00e9s de los valores, \u201cdando una connotaci\u00f3n moral y no de derechos humanos\u201d.<\/p>\n<p>* La juventud xalape\u00f1a conoce los m\u00e9todos anticonceptivos, pero no su funci\u00f3n. Pide mucho la pastilla de emergencia.<\/p>\n<p>* Los padres se siguen espantando y rechazando que se les d\u00e9 pl\u00e1ticas informativas sobre el tema a estudiantes. Parecen creer que tener tal informaci\u00f3n los \u201cerotizar\u00e1\u201d. Las adolescentes embarazadas son estigmatizadas. Los padres temen una suerte de \u201ccontagio\u201d en sus hijas.<\/p>\n<p>* Aunque la poblaci\u00f3n encuestada es s\u00f3lo una muestra, por lo que hay que tener cuidado con generalizar, resulta alarmante que una mayor\u00eda, tanto hombres como mujeres, haya considerado como cierto que \u201cser madre es lo que mejor que le puede suceder a una mujer\u201d. En general, tambi\u00e9n marcaron como totalmente cierto y cierto \u201clas mujeres con varios novios se ven mal\u201d y como cierto que \u201ccuando una mujer se embaraza debe tener a su hijo\u201d.<\/p>\n<p>* Para esta investigaci\u00f3n se entrevist\u00f3 a un grupo de cinco mujeres, dos de ellas adolescentes embarazadas en dicho momento, y tres que fueron madres en su adolescencia. Las entrevistadas dijeron contar con conocimiento sobre los m\u00e9todos anticonceptivos, pero los mitos, prejuicios y la presi\u00f3n social les impidieron su uso. Se destaca que negociar el uso del preservativo no fue posible y que el proyecto de vida de las adolescentes se centra en formar una familia. Debido a la imposibilidad de acceder a una interrupci\u00f3n del embarazo legal y segura en el estado, \u201cno se puede hablar de decisi\u00f3n o de una hija o hijo deseado\u201d.<\/p>\n<p>Todo esto apenas son un par de anotaciones y no corresponden a todo el documento. Si desea conocer m\u00e1s, lo invito a buscarlo en la p\u00e1gina de Facebook del Instituto Municipal de las Mujeres Xalapa.<\/p>\n<p>Correo: polisemia@outlook.es<\/p>\n<p>Twitter: polisemia_CM<\/p>\n","protected":false},"excerpt":{"rendered":"<p>Cecilia Mu\u00f1oz Polisemia &nbsp; &nbsp; Incluso sin haberlo vivido o percibido de cerca, todos conocemos que el embarazo en adolescentes en M\u00e9xico es un problema de salud p\u00fablica. Dentro de la Organizaci\u00f3n para la Cooperaci\u00f3n y el Desarrollo Econ\u00f3micos, M\u00e9xico ocupa el primer lugar en este tipo de casos, pues registra que de cada mil [&hellip;]<\/p>\n","protected":false},"author":2,"featured_media":0,"comment_status":"open","ping_status":"open","sticky":false,"template":"","format":"standard","meta":{"tdm_status":"","tdm_grid_status":"","footnotes":""},"categories":[70],"tags":[7975,6562],"class_list":{"0":"post-40026","1":"post","2":"type-post","3":"status-publish","4":"format-standard","6":"category-de-opinion","7":"tag-embarazo-adolescente","8":"tag-instituto-municipal-de-la-mujer"},"yoast_head":"<!-- This site is optimized with the Yoast SEO plugin v27.4 - https:\/\/yoast.com\/product\/yoast-seo-wordpress\/ -->\n<title>Embarazo adolescente en Xalapa: un estudio del IMMX - Los pol\u00edticos Veracruz<\/title>\n<meta name=\"robots\" content=\"index, follow, max-snippet:-1, max-image-preview:large, max-video-preview:-1\" \/>\n<link rel=\"canonical\" href=\"https:\/\/lospoliticosveracruz.com\/?p=40026\" \/>\n<meta property=\"og:locale\" content=\"es_ES\" \/>\n<meta property=\"og:type\" content=\"article\" \/>\n<meta property=\"og:title\" content=\"Embarazo adolescente en Xalapa: un estudio del IMMX - Los pol\u00edticos Veracruz\" \/>\n<meta property=\"og:description\" content=\"Cecilia Mu\u00f1oz Polisemia &nbsp; &nbsp; Incluso sin haberlo vivido o percibido de cerca, todos conocemos que el embarazo en adolescentes en M\u00e9xico es un problema de salud p\u00fablica. Dentro de la Organizaci\u00f3n para la Cooperaci\u00f3n y el Desarrollo Econ\u00f3micos, M\u00e9xico ocupa el primer lugar en este tipo de casos, pues registra que de cada mil [&hellip;]\" \/>\n<meta property=\"og:url\" content=\"https:\/\/lospoliticosveracruz.com\/?p=40026\" \/>\n<meta property=\"og:site_name\" content=\"Los pol\u00edticos Veracruz\" \/>\n<meta property=\"article:publisher\" content=\"https:\/\/www.facebook.com\/people\/Notimemes-de-los-Polticos\/61565672886568\/\" \/>\n<meta property=\"article:published_time\" content=\"2018-02-26T16:21:17+00:00\" \/>\n<meta property=\"og:image\" content=\"https:\/\/lospoliticosveracruz.com\/wp-content\/uploads\/2016\/07\/Logo-Dor.jpg\" \/>\n\t<meta property=\"og:image:width\" content=\"200\" \/>\n\t<meta property=\"og:image:height\" content=\"200\" \/>\n\t<meta property=\"og:image:type\" content=\"image\/jpeg\" \/>\n<meta name=\"author\" content=\"Lo viste en Los Pol\u00edticos\" \/>\n<meta name=\"twitter:card\" content=\"summary_large_image\" \/>\n<meta name=\"twitter:creator\" content=\"@LosPoliticosVer\" \/>\n<meta name=\"twitter:site\" content=\"@LosPoliticosVer\" \/>\n<meta name=\"twitter:label1\" content=\"Escrito por\" \/>\n\t<meta name=\"twitter:data1\" content=\"Lo viste en Los Pol\u00edticos\" \/>\n\t<meta name=\"twitter:label2\" content=\"Tiempo de lectura\" \/>\n\t<meta name=\"twitter:data2\" content=\"5 minutos\" \/>\n<script type=\"application\/ld+json\" class=\"yoast-schema-graph\">{\"@context\":\"https:\\\/\\\/schema.org\",\"@graph\":[{\"@type\":\"Article\",\"@id\":\"https:\\\/\\\/lospoliticosveracruz.com\\\/?p=40026#article\",\"isPartOf\":{\"@id\":\"https:\\\/\\\/lospoliticosveracruz.com\\\/?p=40026\"},\"author\":{\"name\":\"Lo viste en Los Pol\u00edticos\",\"@id\":\"https:\\\/\\\/lospoliticosveracruz.com\\\/#\\\/schema\\\/person\\\/b8702bb0e538456e6efd07080bf2a4a2\"},\"headline\":\"Embarazo adolescente en Xalapa: un estudio del IMMX\",\"datePublished\":\"2018-02-26T16:21:17+00:00\",\"mainEntityOfPage\":{\"@id\":\"https:\\\/\\\/lospoliticosveracruz.com\\\/?p=40026\"},\"wordCount\":923,\"commentCount\":0,\"publisher\":{\"@id\":\"https:\\\/\\\/lospoliticosveracruz.com\\\/#organization\"},\"keywords\":[\"Embarazo adolescente\",\"Instituto Municipal de la Mujer\"],\"articleSection\":[\"De Opini\u00f3n\"],\"inLanguage\":\"es\",\"potentialAction\":[{\"@type\":\"CommentAction\",\"name\":\"Comment\",\"target\":[\"https:\\\/\\\/lospoliticosveracruz.com\\\/?p=40026#respond\"]}]},{\"@type\":\"WebPage\",\"@id\":\"https:\\\/\\\/lospoliticosveracruz.com\\\/?p=40026\",\"url\":\"https:\\\/\\\/lospoliticosveracruz.com\\\/?p=40026\",\"name\":\"Embarazo adolescente en Xalapa: un estudio del IMMX - Los pol\u00edticos Veracruz\",\"isPartOf\":{\"@id\":\"https:\\\/\\\/lospoliticosveracruz.com\\\/#website\"},\"datePublished\":\"2018-02-26T16:21:17+00:00\",\"breadcrumb\":{\"@id\":\"https:\\\/\\\/lospoliticosveracruz.com\\\/?p=40026#breadcrumb\"},\"inLanguage\":\"es\",\"potentialAction\":[{\"@type\":\"ReadAction\",\"target\":[\"https:\\\/\\\/lospoliticosveracruz.com\\\/?p=40026\"]}]},{\"@type\":\"BreadcrumbList\",\"@id\":\"https:\\\/\\\/lospoliticosveracruz.com\\\/?p=40026#breadcrumb\",\"itemListElement\":[{\"@type\":\"ListItem\",\"position\":1,\"name\":\"Portada\",\"item\":\"https:\\\/\\\/lospoliticosveracruz.com\\\/\"},{\"@type\":\"ListItem\",\"position\":2,\"name\":\"Embarazo adolescente en Xalapa: un estudio del IMMX\"}]},{\"@type\":\"WebSite\",\"@id\":\"https:\\\/\\\/lospoliticosveracruz.com\\\/#website\",\"url\":\"https:\\\/\\\/lospoliticosveracruz.com\\\/\",\"name\":\"Los pol\u00edticos Veracruz\",\"description\":\"\",\"publisher\":{\"@id\":\"https:\\\/\\\/lospoliticosveracruz.com\\\/#organization\"},\"potentialAction\":[{\"@type\":\"SearchAction\",\"target\":{\"@type\":\"EntryPoint\",\"urlTemplate\":\"https:\\\/\\\/lospoliticosveracruz.com\\\/?s={search_term_string}\"},\"query-input\":{\"@type\":\"PropertyValueSpecification\",\"valueRequired\":true,\"valueName\":\"search_term_string\"}}],\"inLanguage\":\"es\"},{\"@type\":\"Organization\",\"@id\":\"https:\\\/\\\/lospoliticosveracruz.com\\\/#organization\",\"name\":\"Los pol\u00edticos Veracruz\",\"url\":\"https:\\\/\\\/lospoliticosveracruz.com\\\/\",\"logo\":{\"@type\":\"ImageObject\",\"inLanguage\":\"es\",\"@id\":\"https:\\\/\\\/lospoliticosveracruz.com\\\/#\\\/schema\\\/logo\\\/image\\\/\",\"url\":\"https:\\\/\\\/lospoliticosveracruz.com\\\/wp-content\\\/uploads\\\/2025\\\/12\\\/Logo-Nuevo-LOS-POLITICOS-1.jpg\",\"contentUrl\":\"https:\\\/\\\/lospoliticosveracruz.com\\\/wp-content\\\/uploads\\\/2025\\\/12\\\/Logo-Nuevo-LOS-POLITICOS-1.jpg\",\"width\":260,\"height\":70,\"caption\":\"Los pol\u00edticos Veracruz\"},\"image\":{\"@id\":\"https:\\\/\\\/lospoliticosveracruz.com\\\/#\\\/schema\\\/logo\\\/image\\\/\"},\"sameAs\":[\"https:\\\/\\\/www.facebook.com\\\/people\\\/Notimemes-de-los-Polticos\\\/61565672886568\\\/\",\"https:\\\/\\\/x.com\\\/LosPoliticosVer\"]},{\"@type\":\"Person\",\"@id\":\"https:\\\/\\\/lospoliticosveracruz.com\\\/#\\\/schema\\\/person\\\/b8702bb0e538456e6efd07080bf2a4a2\",\"name\":\"Lo viste en Los Pol\u00edticos\",\"image\":{\"@type\":\"ImageObject\",\"inLanguage\":\"es\",\"@id\":\"https:\\\/\\\/secure.gravatar.com\\\/avatar\\\/3a8de04a2656d44082be478bd6c086daa447c4651605818287b9532d3d0bd435?s=96&d=mm&r=g\",\"url\":\"https:\\\/\\\/secure.gravatar.com\\\/avatar\\\/3a8de04a2656d44082be478bd6c086daa447c4651605818287b9532d3d0bd435?s=96&d=mm&r=g\",\"contentUrl\":\"https:\\\/\\\/secure.gravatar.com\\\/avatar\\\/3a8de04a2656d44082be478bd6c086daa447c4651605818287b9532d3d0bd435?s=96&d=mm&r=g\",\"caption\":\"Lo viste en Los Pol\u00edticos\"},\"url\":\"https:\\\/\\\/lospoliticosveracruz.com\\\/?author=2\"}]}<\/script>\n<!-- \/ Yoast SEO plugin. -->","yoast_head_json":{"title":"Embarazo adolescente en Xalapa: un estudio del IMMX - Los pol\u00edticos Veracruz","robots":{"index":"index","follow":"follow","max-snippet":"max-snippet:-1","max-image-preview":"max-image-preview:large","max-video-preview":"max-video-preview:-1"},"canonical":"https:\/\/lospoliticosveracruz.com\/?p=40026","og_locale":"es_ES","og_type":"article","og_title":"Embarazo adolescente en Xalapa: un estudio del IMMX - Los pol\u00edticos Veracruz","og_description":"Cecilia Mu\u00f1oz Polisemia &nbsp; &nbsp; Incluso sin haberlo vivido o percibido de cerca, todos conocemos que el embarazo en adolescentes en M\u00e9xico es un problema de salud p\u00fablica. Dentro de la Organizaci\u00f3n para la Cooperaci\u00f3n y el Desarrollo Econ\u00f3micos, M\u00e9xico ocupa el primer lugar en este tipo de casos, pues registra que de cada mil [&hellip;]","og_url":"https:\/\/lospoliticosveracruz.com\/?p=40026","og_site_name":"Los pol\u00edticos Veracruz","article_publisher":"https:\/\/www.facebook.com\/people\/Notimemes-de-los-Polticos\/61565672886568\/","article_published_time":"2018-02-26T16:21:17+00:00","og_image":[{"width":200,"height":200,"url":"https:\/\/lospoliticosveracruz.com\/wp-content\/uploads\/2016\/07\/Logo-Dor.jpg","type":"image\/jpeg"}],"author":"Lo viste en Los Pol\u00edticos","twitter_card":"summary_large_image","twitter_creator":"@LosPoliticosVer","twitter_site":"@LosPoliticosVer","twitter_misc":{"Escrito por":"Lo viste en Los Pol\u00edticos","Tiempo de lectura":"5 minutos"},"schema":{"@context":"https:\/\/schema.org","@graph":[{"@type":"Article","@id":"https:\/\/lospoliticosveracruz.com\/?p=40026#article","isPartOf":{"@id":"https:\/\/lospoliticosveracruz.com\/?p=40026"},"author":{"name":"Lo viste en Los Pol\u00edticos","@id":"https:\/\/lospoliticosveracruz.com\/#\/schema\/person\/b8702bb0e538456e6efd07080bf2a4a2"},"headline":"Embarazo adolescente en Xalapa: un estudio del IMMX","datePublished":"2018-02-26T16:21:17+00:00","mainEntityOfPage":{"@id":"https:\/\/lospoliticosveracruz.com\/?p=40026"},"wordCount":923,"commentCount":0,"publisher":{"@id":"https:\/\/lospoliticosveracruz.com\/#organization"},"keywords":["Embarazo adolescente","Instituto Municipal de la Mujer"],"articleSection":["De Opini\u00f3n"],"inLanguage":"es","potentialAction":[{"@type":"CommentAction","name":"Comment","target":["https:\/\/lospoliticosveracruz.com\/?p=40026#respond"]}]},{"@type":"WebPage","@id":"https:\/\/lospoliticosveracruz.com\/?p=40026","url":"https:\/\/lospoliticosveracruz.com\/?p=40026","name":"Embarazo adolescente en Xalapa: un estudio del IMMX - Los pol\u00edticos Veracruz","isPartOf":{"@id":"https:\/\/lospoliticosveracruz.com\/#website"},"datePublished":"2018-02-26T16:21:17+00:00","breadcrumb":{"@id":"https:\/\/lospoliticosveracruz.com\/?p=40026#breadcrumb"},"inLanguage":"es","potentialAction":[{"@type":"ReadAction","target":["https:\/\/lospoliticosveracruz.com\/?p=40026"]}]},{"@type":"BreadcrumbList","@id":"https:\/\/lospoliticosveracruz.com\/?p=40026#breadcrumb","itemListElement":[{"@type":"ListItem","position":1,"name":"Portada","item":"https:\/\/lospoliticosveracruz.com\/"},{"@type":"ListItem","position":2,"name":"Embarazo adolescente en Xalapa: un estudio del IMMX"}]},{"@type":"WebSite","@id":"https:\/\/lospoliticosveracruz.com\/#website","url":"https:\/\/lospoliticosveracruz.com\/","name":"Los pol\u00edticos Veracruz","description":"","publisher":{"@id":"https:\/\/lospoliticosveracruz.com\/#organization"},"potentialAction":[{"@type":"SearchAction","target":{"@type":"EntryPoint","urlTemplate":"https:\/\/lospoliticosveracruz.com\/?s={search_term_string}"},"query-input":{"@type":"PropertyValueSpecification","valueRequired":true,"valueName":"search_term_string"}}],"inLanguage":"es"},{"@type":"Organization","@id":"https:\/\/lospoliticosveracruz.com\/#organization","name":"Los pol\u00edticos Veracruz","url":"https:\/\/lospoliticosveracruz.com\/","logo":{"@type":"ImageObject","inLanguage":"es","@id":"https:\/\/lospoliticosveracruz.com\/#\/schema\/logo\/image\/","url":"https:\/\/lospoliticosveracruz.com\/wp-content\/uploads\/2025\/12\/Logo-Nuevo-LOS-POLITICOS-1.jpg","contentUrl":"https:\/\/lospoliticosveracruz.com\/wp-content\/uploads\/2025\/12\/Logo-Nuevo-LOS-POLITICOS-1.jpg","width":260,"height":70,"caption":"Los pol\u00edticos Veracruz"},"image":{"@id":"https:\/\/lospoliticosveracruz.com\/#\/schema\/logo\/image\/"},"sameAs":["https:\/\/www.facebook.com\/people\/Notimemes-de-los-Polticos\/61565672886568\/","https:\/\/x.com\/LosPoliticosVer"]},{"@type":"Person","@id":"https:\/\/lospoliticosveracruz.com\/#\/schema\/person\/b8702bb0e538456e6efd07080bf2a4a2","name":"Lo viste en Los Pol\u00edticos","image":{"@type":"ImageObject","inLanguage":"es","@id":"https:\/\/secure.gravatar.com\/avatar\/3a8de04a2656d44082be478bd6c086daa447c4651605818287b9532d3d0bd435?s=96&d=mm&r=g","url":"https:\/\/secure.gravatar.com\/avatar\/3a8de04a2656d44082be478bd6c086daa447c4651605818287b9532d3d0bd435?s=96&d=mm&r=g","contentUrl":"https:\/\/secure.gravatar.com\/avatar\/3a8de04a2656d44082be478bd6c086daa447c4651605818287b9532d3d0bd435?s=96&d=mm&r=g","caption":"Lo viste en Los Pol\u00edticos"},"url":"https:\/\/lospoliticosveracruz.com\/?author=2"}]}},"_links":{"self":[{"href":"https:\/\/lospoliticosveracruz.com\/index.php?rest_route=\/wp\/v2\/posts\/40026","targetHints":{"allow":["GET"]}}],"collection":[{"href":"https:\/\/lospoliticosveracruz.com\/index.php?rest_route=\/wp\/v2\/posts"}],"about":[{"href":"https:\/\/lospoliticosveracruz.com\/index.php?rest_route=\/wp\/v2\/types\/post"}],"author":[{"embeddable":true,"href":"https:\/\/lospoliticosveracruz.com\/index.php?rest_route=\/wp\/v2\/users\/2"}],"replies":[{"embeddable":true,"href":"https:\/\/lospoliticosveracruz.com\/index.php?rest_route=%2Fwp%2Fv2%2Fcomments&post=40026"}],"version-history":[{"count":1,"href":"https:\/\/lospoliticosveracruz.com\/index.php?rest_route=\/wp\/v2\/posts\/40026\/revisions"}],"predecessor-version":[{"id":40027,"href":"https:\/\/lospoliticosveracruz.com\/index.php?rest_route=\/wp\/v2\/posts\/40026\/revisions\/40027"}],"wp:attachment":[{"href":"https:\/\/lospoliticosveracruz.com\/index.php?rest_route=%2Fwp%2Fv2%2Fmedia&parent=40026"}],"wp:term":[{"taxonomy":"category","embeddable":true,"href":"https:\/\/lospoliticosveracruz.com\/index.php?rest_route=%2Fwp%2Fv2%2Fcategories&post=40026"},{"taxonomy":"post_tag","embeddable":true,"href":"https:\/\/lospoliticosveracruz.com\/index.php?rest_route=%2Fwp%2Fv2%2Ftags&post=40026"}],"curies":[{"name":"wp","href":"https:\/\/api.w.org\/{rel}","templated":true}]}}