{"id":40239,"date":"2018-03-06T09:41:52","date_gmt":"2018-03-06T15:41:52","guid":{"rendered":"http:\/\/www.lospoliticosveracruz.com.mx\/?p=40239"},"modified":"2018-03-06T09:41:52","modified_gmt":"2018-03-06T15:41:52","slug":"yunes-y-los-recuerdos-de-soledad","status":"publish","type":"post","link":"https:\/\/lospoliticosveracruz.com\/?p=40239","title":{"rendered":"Yunes y los recuerdos de Soledad"},"content":{"rendered":"<p dir=\"ltr\"><strong>Salvador Mu\u00f1oz<\/strong><\/p>\n<p>No. No fue un nudo en la garganta, sino un mundo de recuerdos que se agolpaba en el pecho y hac\u00edan que una, dos y hasta tres veces, la voz pareciera quebrarse. No era pues el Gobernador quien se plantaba frente a sus ex compa\u00f1eros, sus vecinos, sus maestros; era el hijo de una tierra que orgullosa, lo recibi\u00f3 con los brazos abiertos; era el hijo de una escuela que desde una ventana, atisbaba hacia un punto donde alguna vez hubo una f\u00e1brica con un vigilante severo; era el hijo de don Jes\u00fas y do\u00f1a Chela, quienes en forma de ese mundo lleno de recuerdos, hac\u00edan que el coraz\u00f3n de Miguel \u00c1ngel Yunes Linares latiera con tanta fuerza, que hizo que una, dos y hasta tres veces, la voz pareciera quebrarse.<\/p>\n<p dir=\"ltr\">II<\/p>\n<p dir=\"ltr\">Lleg\u00f3 a inaugurar la remodelaci\u00f3n integral de la escuela primaria Jos\u00e9 Mar\u00eda Morelos y Pav\u00f3n en Soledad de Doblado en su centenario de existencia, en medio de saludos, abrazos, recuerdos, tanto de se\u00f1ores de la tercera edad que lo recib\u00edan con gusto, como de sus ex compa\u00f1eros que lo hac\u00edan expresar \u201c\u00a1la vieja guardia! \u00a1Ac\u00e1 estudiamos todos!\u201d Y por supuesto, no pod\u00edan faltar los oficios y cartas en sobres o folders los cuales, prometi\u00f3 atender una vez acabado el evento\u2026 por ah\u00ed se oy\u00f3 una voz y se asom\u00f3 una pancarta: \u201c\u00a1Usted prometi\u00f3 una cl\u00ednica!\u201d, y asent\u00f3 con la cabeza. Una mujer, cabeza blanca, se abalanza sobre de \u00e9l con un \u201c\u00a1Abr\u00e1zame fuerte!\u201d \u00a1y le cumpli\u00f3!<\/p>\n<p dir=\"ltr\">III<\/p>\n<p dir=\"ltr\">Son 18 salones en total los remodelados\u2026 nuevos pupitres, nuevos pizarrones, aire acondicionado y hasta ventiladores; todo impermeabilizado, el patio perfecto, un asta bandera nueva y la instalaci\u00f3n el\u00e9ctrica totalmente cambiada\u2026 un sal\u00f3n con equipo de c\u00f3mputo, una cancha de futbol, un \u00e1rea techada para los 700 alumnos del turno matutino y vespertino que acuden a la centenaria escuela.<\/p>\n<p dir=\"ltr\">Entran a un primer sal\u00f3n y se siente la frescura\u2026 al pasar por otro, recuerda Miguel \u00c1ngel Yunes Linares exactamente d\u00f3nde estaba su pupitre y en qu\u00e9 lado estaba el pizarr\u00f3n. \u201c\u00a1Me sentaba en primera fila!\u201d<\/p>\n<p dir=\"ltr\">Pasan a otro sal\u00f3n. Toma a Fernando, a su hijo, y lo jala hacia una ventana. Un \u00edndice le se\u00f1ala algo\u2026 quiz\u00e1s aquella f\u00e1brica de don Jes\u00fas Yunes Faisal mientras El Gavil\u00e1n, esa tienda que se resiste al paso del tiempo, los observa enfrente.<\/p>\n<p dir=\"ltr\"><a href=\"http:\/\/www.lospoliticosveracruz.com.mx\/wp-content\/uploads\/2018\/03\/Con-ex-compan\u0303eros.jpeg\"><img loading=\"lazy\" decoding=\"async\" class=\"aligncenter size-full wp-image-40248\" src=\"http:\/\/www.lospoliticosveracruz.com.mx\/wp-content\/uploads\/2018\/03\/Con-ex-compan\u0303eros.jpeg\" alt=\"Con ex compan\u0303eros\" width=\"1024\" height=\"683\" \/><\/a><\/p>\n<p dir=\"ltr\">\n<p dir=\"ltr\"><strong>La foto del recuerdo con ex compa\u00f1eros de la primaria.<\/strong><\/p>\n<p dir=\"ltr\">\n<p dir=\"ltr\">\n<p dir=\"ltr\">IV<\/p>\n<p dir=\"ltr\">Pasan a la cancha de futbol y de inmediato, el Gobernador se dirige al manch\u00f3n penal y acomoda la pelota. Fernando, cual Agust\u00edn Marches\u00edn, se planta en el arco\u2026 \u00a1y falla el penal! \u00a1Otra oportunidad! \u00a1Otra oportunidad! Y vuelve a colocar el bal\u00f3n \u00a1y dispara para reventar el esf\u00e9rico en las piernas de Fernando Yunes! \u00a1Se r\u00eden! \u00a1Se abrazan!<\/p>\n<p dir=\"ltr\">A lo lejos, se oye una banda de guerra. En la explanada, totalmente techada, esperan los ni\u00f1os y padres de familia. El micr\u00f3fono es cedido a Fernando Yunes, no el alcalde, sino el hijo, quien breve y conciso, dice que su padre siempre platica de c\u00f3mo la pas\u00f3 en la Morelos; \u201ctiene una memoria prodigiosa\u201d, agrega, pues no s\u00f3lo recuerda d\u00f3nde se sentaba, sino qui\u00e9n estaba a su lado \u00a1y a\u00fan m\u00e1s! sabe en d\u00f3nde, porqu\u00e9, y hasta con qui\u00e9n se pele\u00f3, \u201cporque antes los Yunes eran medio broncudos\u201d; pero enfatiza Fernando que su padre guarda mucho cari\u00f1o a su escuela, donde se empez\u00f3 a educar; y est\u00e1 seguro que parte del porqu\u00e9 quer\u00eda ser Gobernador, era para ayudar a Soledad, a su escuela, a los ni\u00f1os y ni\u00f1as de este lugar, a que tengan un futuro mejor.<\/p>\n<p dir=\"ltr\">Aunque es muy especial sin duda, el recuerdo que aqu\u00ed, \u201ca unos cuantos metros, estaba la f\u00e1brica de mi abuelo, que desde ah\u00ed lo ve\u00eda y que seguramente ahora tambi\u00e9n te ve\u2026\u201d<\/p>\n<p dir=\"ltr\">V<\/p>\n<p dir=\"ltr\">Se plant\u00f3 entonces Yunes Linares frente al micr\u00f3fono. La emoci\u00f3n de estar all\u00ed, en ese edificio donde no s\u00f3lo estudi\u00f3 su primaria, sino tambi\u00e9n la secundaria (por la tarde era la Marco Antonio Mu\u00f1oz), se hizo patente con un nudo en la garganta cuando hizo extensivo el saludo a los ni\u00f1os, ni\u00f1as, padres, maestros y a sus ex compa\u00f1eros.<\/p>\n<p dir=\"ltr\">Mucho cari\u00f1o y afecto despleg\u00f3 cuando se dirigi\u00f3 a su maestra de segundo a\u00f1o, Avelina; as\u00ed como tambi\u00e9n para Chucho Rodr\u00edguez, maestro de cuarto a\u00f1o, quien en silla de ruedas, ah\u00ed estaba. Y como dijo Fernando Yunes, hizo alarde de esa buena memoria al citar a su maestra Ofelia, de primer grado; al profe Abelardo, de tercero; al maestro Marco Ram\u00edrez, de quinto; as\u00ed como al profesor Miguel Ortigoza, de sexto. Aunque menci\u00f3n especial tuvo para la maestra Praxedis Lagunes, \u201c\u00a1la Cheves!, que nos pon\u00eda en orden a todos los estudiantes!\u201d<\/p>\n<p dir=\"ltr\">VI<\/p>\n<p dir=\"ltr\">Ante ese mundo lleno de recuerdos entre ex compa\u00f1eros y maestros, y una nueva generaci\u00f3n de estudiantes, cont\u00f3 Yunes Linares su sue\u00f1o de ser gobernador, lo que logr\u00f3 tras varias batallas y hoy m\u00e1s que nunca, est\u00e1 comprometido \u201cen poner en alto el nombre de Soledad de Doblado, trabajando con honestidad; poner en alto la tierra donde yo nac\u00ed, la tierra donde naci\u00f3 mi pap\u00e1, la tierra donde est\u00e1n sepultados mi pap\u00e1 y mi mam\u00e1\u2026\u201d y entonces, cierra los ojos, aprieta la garganta y guarda un breve silencio, pero se sobrepone\u2026 y contin\u00faa: \u201cla decisi\u00f3n de invertir en esta escuela, tiene un simbolismo muy importante que tiene que ver con la escuela donde estudi\u00e9 y me da much\u00edsimo gusto como gobernador, haberla podido reconstruir, pero tambi\u00e9n es un mensaje de compromiso con las 23 mil escuelas que hay en Veracruz, un mensaje de aliento a maestros y padres de familia\u201d.<\/p>\n<p dir=\"ltr\">Adem\u00e1s, hizo dos anuncios m\u00e1s all\u00e1 del educativo que se plasma en la remodelaci\u00f3n de su escuela primaria\u2026 a fin de mes, inaugura una cl\u00ednica para Soledad de Doblado, y les record\u00f3 que ya est\u00e1 en reconstrucci\u00f3n la carretera Oluta-Soledad de Doblado; Soledad de Doblado-Camar\u00f3n y de Camar\u00f3n a Huatusco.<\/p>\n<p dir=\"ltr\">VII<\/p>\n<p dir=\"ltr\">Yunes Linares se ve agradecido con todos y cada uno de esos maestros que lo formaron\u2026 tambi\u00e9n con Lupita, la maestra que le ense\u00f1\u00f3 a bailar sones jarochos. Por todos y cada uno de ellos fue que aprendi\u00f3 el amor a M\u00e9xico y Veracruz, y por ello, \u201cvengo como hijo de este pueblo, como hijo de esta escuela; hacemos un enorme esfuerzo para que Veracruz salga adelante; de que se sientan orgullosos de que Soledad de Doblado haya dado a Veracruz, un gobernador&#8230; espero ser un buen gobernador\u201d; y desde ese lugar, quiso recordar \u201ccon todo el amor que les tendr\u00e9 siempre, a mis padres: a do\u00f1a Chela y a don Jes\u00fas; aqu\u00ed estudi\u00f3 mi pap\u00e1 tambi\u00e9n, mis t\u00edos; ac\u00e1 est\u00e1 un amigo de mi padre, don Guillermo Naranjo, ac\u00e1 lo vi\u2026 como lo dijo Fernando, nada m\u00e1s cruzando la calle estaba la f\u00e1brica de mi padre, que estaba muy pendiente de todos nosotros, de entradas y salidas, que no nos fu\u00e9ramos de pinta a la tienda de El Gavil\u00e1n que sigue existiendo ac\u00e1 en la esquina. Cuidadito y me viera fuera de la escuela porque hab\u00eda reprimenda en la noche. Recuerdo con mucho cari\u00f1o a don Chucho. Con mucho amor\u2026 lo perd\u00ed muy joven\u2026\u201d y el pecho vuelve a latir con tanta fuerza que la garganta se cierra por un momento. Vuelve a tomar la palabra: \u201cRecuerdo con mucho cari\u00f1o a do\u00f1a Chela. Ellos fueron, con mis maestros, los que me formaron en la vida. Desde aqu\u00ed, desde Soledad, les mando un beso a los dos\u201d. Y se aleja de inmediato del micr\u00f3fono\u2026 como si temiera que ese mundo de recuerdos se derramara por sus ojos.<\/p>\n<p dir=\"ltr\"><a href=\"http:\/\/www.lospoliticosveracruz.com.mx\/wp-content\/uploads\/2018\/03\/Con-el-maestro1.jpeg\"><img loading=\"lazy\" decoding=\"async\" class=\"aligncenter size-full wp-image-40246\" src=\"http:\/\/www.lospoliticosveracruz.com.mx\/wp-content\/uploads\/2018\/03\/Con-el-maestro1.jpeg\" alt=\"Con el maestro\" width=\"1024\" height=\"692\" \/><\/a><\/p>\n<p><strong>Flanqueado por alumnos y junto, el maestro Chucho Rodr\u00edguez<\/strong><\/p>\n<p dir=\"ltr\">smcainito@gmail.com<\/p>\n<p>&nbsp;<\/p>\n","protected":false},"excerpt":{"rendered":"<p>Salvador Mu\u00f1oz No. No fue un nudo en la garganta, sino un mundo de recuerdos que se agolpaba en el pecho y hac\u00edan que una, dos y hasta tres veces, la voz pareciera quebrarse. No era pues el Gobernador quien se plantaba frente a sus ex compa\u00f1eros, sus vecinos, sus maestros; era el hijo de [&hellip;]<\/p>\n","protected":false},"author":2,"featured_media":0,"comment_status":"open","ping_status":"open","sticky":false,"template":"","format":"standard","meta":{"tdm_status":"","tdm_grid_status":"","footnotes":""},"categories":[72],"tags":[818,11098,11073,2045,4620],"class_list":{"0":"post-40239","1":"post","2":"type-post","3":"status-publish","4":"format-standard","6":"category-palomazos","7":"tag-fernando-yunes-marquez","8":"tag-jesus-yunes-faisal","9":"tag-miguel-angel-angel-yunes-linares","10":"tag-primaria-jose-maria-morelos-y-pavon","11":"tag-soledad-de-doblado"},"yoast_head":"<!-- This site is optimized with the Yoast SEO plugin v27.4 - https:\/\/yoast.com\/product\/yoast-seo-wordpress\/ -->\n<title>Yunes y los recuerdos de Soledad - Los pol\u00edticos Veracruz<\/title>\n<meta name=\"robots\" content=\"index, follow, max-snippet:-1, max-image-preview:large, max-video-preview:-1\" \/>\n<link rel=\"canonical\" href=\"https:\/\/lospoliticosveracruz.com\/?p=40239\" \/>\n<meta property=\"og:locale\" content=\"es_ES\" \/>\n<meta property=\"og:type\" content=\"article\" \/>\n<meta property=\"og:title\" content=\"Yunes y los recuerdos de Soledad - Los pol\u00edticos Veracruz\" \/>\n<meta property=\"og:description\" content=\"Salvador Mu\u00f1oz No. No fue un nudo en la garganta, sino un mundo de recuerdos que se agolpaba en el pecho y hac\u00edan que una, dos y hasta tres veces, la voz pareciera quebrarse. No era pues el Gobernador quien se plantaba frente a sus ex compa\u00f1eros, sus vecinos, sus maestros; era el hijo de [&hellip;]\" \/>\n<meta property=\"og:url\" content=\"https:\/\/lospoliticosveracruz.com\/?p=40239\" \/>\n<meta property=\"og:site_name\" content=\"Los pol\u00edticos Veracruz\" \/>\n<meta property=\"article:publisher\" content=\"https:\/\/www.facebook.com\/people\/Notimemes-de-los-Polticos\/61565672886568\/\" \/>\n<meta property=\"article:published_time\" content=\"2018-03-06T15:41:52+00:00\" \/>\n<meta property=\"og:image\" content=\"http:\/\/www.lospoliticosveracruz.com.mx\/wp-content\/uploads\/2018\/03\/Con-el-maestro1.jpeg\" \/>\n<meta name=\"author\" content=\"Lo viste en Los Pol\u00edticos\" \/>\n<meta name=\"twitter:card\" content=\"summary_large_image\" \/>\n<meta name=\"twitter:creator\" content=\"@LosPoliticosVer\" \/>\n<meta name=\"twitter:site\" content=\"@LosPoliticosVer\" \/>\n<meta name=\"twitter:label1\" content=\"Escrito por\" \/>\n\t<meta name=\"twitter:data1\" content=\"Lo viste en Los Pol\u00edticos\" \/>\n\t<meta name=\"twitter:label2\" content=\"Tiempo de lectura\" \/>\n\t<meta name=\"twitter:data2\" content=\"7 minutos\" \/>\n<script type=\"application\/ld+json\" class=\"yoast-schema-graph\">{\"@context\":\"https:\\\/\\\/schema.org\",\"@graph\":[{\"@type\":\"Article\",\"@id\":\"https:\\\/\\\/lospoliticosveracruz.com\\\/?p=40239#article\",\"isPartOf\":{\"@id\":\"https:\\\/\\\/lospoliticosveracruz.com\\\/?p=40239\"},\"author\":{\"name\":\"Lo viste en Los Pol\u00edticos\",\"@id\":\"https:\\\/\\\/lospoliticosveracruz.com\\\/#\\\/schema\\\/person\\\/b8702bb0e538456e6efd07080bf2a4a2\"},\"headline\":\"Yunes y los recuerdos de Soledad\",\"datePublished\":\"2018-03-06T15:41:52+00:00\",\"mainEntityOfPage\":{\"@id\":\"https:\\\/\\\/lospoliticosveracruz.com\\\/?p=40239\"},\"wordCount\":1379,\"commentCount\":0,\"publisher\":{\"@id\":\"https:\\\/\\\/lospoliticosveracruz.com\\\/#organization\"},\"image\":{\"@id\":\"https:\\\/\\\/lospoliticosveracruz.com\\\/?p=40239#primaryimage\"},\"thumbnailUrl\":\"http:\\\/\\\/www.lospoliticosveracruz.com.mx\\\/wp-content\\\/uploads\\\/2018\\\/03\\\/Con-el-maestro1.jpeg\",\"keywords\":[\"Fernando Yunes M\u00e1rquez\",\"Jes\u00fas Yunes Faisal\",\"Miguel \u00c1ngel \u00c1ngel Yunes Linares\",\"primaria Jos\u00e9 Mar\u00eda Morelos y Pav\u00f3n\",\"Soledad de Doblado\"],\"articleSection\":[\"Palomazos\"],\"inLanguage\":\"es\",\"potentialAction\":[{\"@type\":\"CommentAction\",\"name\":\"Comment\",\"target\":[\"https:\\\/\\\/lospoliticosveracruz.com\\\/?p=40239#respond\"]}]},{\"@type\":\"WebPage\",\"@id\":\"https:\\\/\\\/lospoliticosveracruz.com\\\/?p=40239\",\"url\":\"https:\\\/\\\/lospoliticosveracruz.com\\\/?p=40239\",\"name\":\"Yunes y los recuerdos de Soledad - Los pol\u00edticos Veracruz\",\"isPartOf\":{\"@id\":\"https:\\\/\\\/lospoliticosveracruz.com\\\/#website\"},\"primaryImageOfPage\":{\"@id\":\"https:\\\/\\\/lospoliticosveracruz.com\\\/?p=40239#primaryimage\"},\"image\":{\"@id\":\"https:\\\/\\\/lospoliticosveracruz.com\\\/?p=40239#primaryimage\"},\"thumbnailUrl\":\"http:\\\/\\\/www.lospoliticosveracruz.com.mx\\\/wp-content\\\/uploads\\\/2018\\\/03\\\/Con-el-maestro1.jpeg\",\"datePublished\":\"2018-03-06T15:41:52+00:00\",\"breadcrumb\":{\"@id\":\"https:\\\/\\\/lospoliticosveracruz.com\\\/?p=40239#breadcrumb\"},\"inLanguage\":\"es\",\"potentialAction\":[{\"@type\":\"ReadAction\",\"target\":[\"https:\\\/\\\/lospoliticosveracruz.com\\\/?p=40239\"]}]},{\"@type\":\"ImageObject\",\"inLanguage\":\"es\",\"@id\":\"https:\\\/\\\/lospoliticosveracruz.com\\\/?p=40239#primaryimage\",\"url\":\"http:\\\/\\\/www.lospoliticosveracruz.com.mx\\\/wp-content\\\/uploads\\\/2018\\\/03\\\/Con-el-maestro1.jpeg\",\"contentUrl\":\"http:\\\/\\\/www.lospoliticosveracruz.com.mx\\\/wp-content\\\/uploads\\\/2018\\\/03\\\/Con-el-maestro1.jpeg\"},{\"@type\":\"BreadcrumbList\",\"@id\":\"https:\\\/\\\/lospoliticosveracruz.com\\\/?p=40239#breadcrumb\",\"itemListElement\":[{\"@type\":\"ListItem\",\"position\":1,\"name\":\"Portada\",\"item\":\"https:\\\/\\\/lospoliticosveracruz.com\\\/\"},{\"@type\":\"ListItem\",\"position\":2,\"name\":\"Yunes y los recuerdos de Soledad\"}]},{\"@type\":\"WebSite\",\"@id\":\"https:\\\/\\\/lospoliticosveracruz.com\\\/#website\",\"url\":\"https:\\\/\\\/lospoliticosveracruz.com\\\/\",\"name\":\"Los pol\u00edticos Veracruz\",\"description\":\"\",\"publisher\":{\"@id\":\"https:\\\/\\\/lospoliticosveracruz.com\\\/#organization\"},\"potentialAction\":[{\"@type\":\"SearchAction\",\"target\":{\"@type\":\"EntryPoint\",\"urlTemplate\":\"https:\\\/\\\/lospoliticosveracruz.com\\\/?s={search_term_string}\"},\"query-input\":{\"@type\":\"PropertyValueSpecification\",\"valueRequired\":true,\"valueName\":\"search_term_string\"}}],\"inLanguage\":\"es\"},{\"@type\":\"Organization\",\"@id\":\"https:\\\/\\\/lospoliticosveracruz.com\\\/#organization\",\"name\":\"Los pol\u00edticos Veracruz\",\"url\":\"https:\\\/\\\/lospoliticosveracruz.com\\\/\",\"logo\":{\"@type\":\"ImageObject\",\"inLanguage\":\"es\",\"@id\":\"https:\\\/\\\/lospoliticosveracruz.com\\\/#\\\/schema\\\/logo\\\/image\\\/\",\"url\":\"https:\\\/\\\/lospoliticosveracruz.com\\\/wp-content\\\/uploads\\\/2025\\\/12\\\/Logo-Nuevo-LOS-POLITICOS-1.jpg\",\"contentUrl\":\"https:\\\/\\\/lospoliticosveracruz.com\\\/wp-content\\\/uploads\\\/2025\\\/12\\\/Logo-Nuevo-LOS-POLITICOS-1.jpg\",\"width\":260,\"height\":70,\"caption\":\"Los pol\u00edticos Veracruz\"},\"image\":{\"@id\":\"https:\\\/\\\/lospoliticosveracruz.com\\\/#\\\/schema\\\/logo\\\/image\\\/\"},\"sameAs\":[\"https:\\\/\\\/www.facebook.com\\\/people\\\/Notimemes-de-los-Polticos\\\/61565672886568\\\/\",\"https:\\\/\\\/x.com\\\/LosPoliticosVer\"]},{\"@type\":\"Person\",\"@id\":\"https:\\\/\\\/lospoliticosveracruz.com\\\/#\\\/schema\\\/person\\\/b8702bb0e538456e6efd07080bf2a4a2\",\"name\":\"Lo viste en Los Pol\u00edticos\",\"image\":{\"@type\":\"ImageObject\",\"inLanguage\":\"es\",\"@id\":\"https:\\\/\\\/secure.gravatar.com\\\/avatar\\\/3a8de04a2656d44082be478bd6c086daa447c4651605818287b9532d3d0bd435?s=96&d=mm&r=g\",\"url\":\"https:\\\/\\\/secure.gravatar.com\\\/avatar\\\/3a8de04a2656d44082be478bd6c086daa447c4651605818287b9532d3d0bd435?s=96&d=mm&r=g\",\"contentUrl\":\"https:\\\/\\\/secure.gravatar.com\\\/avatar\\\/3a8de04a2656d44082be478bd6c086daa447c4651605818287b9532d3d0bd435?s=96&d=mm&r=g\",\"caption\":\"Lo viste en Los Pol\u00edticos\"},\"url\":\"https:\\\/\\\/lospoliticosveracruz.com\\\/?author=2\"}]}<\/script>\n<!-- \/ Yoast SEO plugin. -->","yoast_head_json":{"title":"Yunes y los recuerdos de Soledad - Los pol\u00edticos Veracruz","robots":{"index":"index","follow":"follow","max-snippet":"max-snippet:-1","max-image-preview":"max-image-preview:large","max-video-preview":"max-video-preview:-1"},"canonical":"https:\/\/lospoliticosveracruz.com\/?p=40239","og_locale":"es_ES","og_type":"article","og_title":"Yunes y los recuerdos de Soledad - Los pol\u00edticos Veracruz","og_description":"Salvador Mu\u00f1oz No. No fue un nudo en la garganta, sino un mundo de recuerdos que se agolpaba en el pecho y hac\u00edan que una, dos y hasta tres veces, la voz pareciera quebrarse. No era pues el Gobernador quien se plantaba frente a sus ex compa\u00f1eros, sus vecinos, sus maestros; era el hijo de [&hellip;]","og_url":"https:\/\/lospoliticosveracruz.com\/?p=40239","og_site_name":"Los pol\u00edticos Veracruz","article_publisher":"https:\/\/www.facebook.com\/people\/Notimemes-de-los-Polticos\/61565672886568\/","article_published_time":"2018-03-06T15:41:52+00:00","og_image":[{"url":"http:\/\/www.lospoliticosveracruz.com.mx\/wp-content\/uploads\/2018\/03\/Con-el-maestro1.jpeg","type":"","width":"","height":""}],"author":"Lo viste en Los Pol\u00edticos","twitter_card":"summary_large_image","twitter_creator":"@LosPoliticosVer","twitter_site":"@LosPoliticosVer","twitter_misc":{"Escrito por":"Lo viste en Los Pol\u00edticos","Tiempo de lectura":"7 minutos"},"schema":{"@context":"https:\/\/schema.org","@graph":[{"@type":"Article","@id":"https:\/\/lospoliticosveracruz.com\/?p=40239#article","isPartOf":{"@id":"https:\/\/lospoliticosveracruz.com\/?p=40239"},"author":{"name":"Lo viste en Los Pol\u00edticos","@id":"https:\/\/lospoliticosveracruz.com\/#\/schema\/person\/b8702bb0e538456e6efd07080bf2a4a2"},"headline":"Yunes y los recuerdos de Soledad","datePublished":"2018-03-06T15:41:52+00:00","mainEntityOfPage":{"@id":"https:\/\/lospoliticosveracruz.com\/?p=40239"},"wordCount":1379,"commentCount":0,"publisher":{"@id":"https:\/\/lospoliticosveracruz.com\/#organization"},"image":{"@id":"https:\/\/lospoliticosveracruz.com\/?p=40239#primaryimage"},"thumbnailUrl":"http:\/\/www.lospoliticosveracruz.com.mx\/wp-content\/uploads\/2018\/03\/Con-el-maestro1.jpeg","keywords":["Fernando Yunes M\u00e1rquez","Jes\u00fas Yunes Faisal","Miguel \u00c1ngel \u00c1ngel Yunes Linares","primaria Jos\u00e9 Mar\u00eda Morelos y Pav\u00f3n","Soledad de Doblado"],"articleSection":["Palomazos"],"inLanguage":"es","potentialAction":[{"@type":"CommentAction","name":"Comment","target":["https:\/\/lospoliticosveracruz.com\/?p=40239#respond"]}]},{"@type":"WebPage","@id":"https:\/\/lospoliticosveracruz.com\/?p=40239","url":"https:\/\/lospoliticosveracruz.com\/?p=40239","name":"Yunes y los recuerdos de Soledad - Los pol\u00edticos Veracruz","isPartOf":{"@id":"https:\/\/lospoliticosveracruz.com\/#website"},"primaryImageOfPage":{"@id":"https:\/\/lospoliticosveracruz.com\/?p=40239#primaryimage"},"image":{"@id":"https:\/\/lospoliticosveracruz.com\/?p=40239#primaryimage"},"thumbnailUrl":"http:\/\/www.lospoliticosveracruz.com.mx\/wp-content\/uploads\/2018\/03\/Con-el-maestro1.jpeg","datePublished":"2018-03-06T15:41:52+00:00","breadcrumb":{"@id":"https:\/\/lospoliticosveracruz.com\/?p=40239#breadcrumb"},"inLanguage":"es","potentialAction":[{"@type":"ReadAction","target":["https:\/\/lospoliticosveracruz.com\/?p=40239"]}]},{"@type":"ImageObject","inLanguage":"es","@id":"https:\/\/lospoliticosveracruz.com\/?p=40239#primaryimage","url":"http:\/\/www.lospoliticosveracruz.com.mx\/wp-content\/uploads\/2018\/03\/Con-el-maestro1.jpeg","contentUrl":"http:\/\/www.lospoliticosveracruz.com.mx\/wp-content\/uploads\/2018\/03\/Con-el-maestro1.jpeg"},{"@type":"BreadcrumbList","@id":"https:\/\/lospoliticosveracruz.com\/?p=40239#breadcrumb","itemListElement":[{"@type":"ListItem","position":1,"name":"Portada","item":"https:\/\/lospoliticosveracruz.com\/"},{"@type":"ListItem","position":2,"name":"Yunes y los recuerdos de Soledad"}]},{"@type":"WebSite","@id":"https:\/\/lospoliticosveracruz.com\/#website","url":"https:\/\/lospoliticosveracruz.com\/","name":"Los pol\u00edticos Veracruz","description":"","publisher":{"@id":"https:\/\/lospoliticosveracruz.com\/#organization"},"potentialAction":[{"@type":"SearchAction","target":{"@type":"EntryPoint","urlTemplate":"https:\/\/lospoliticosveracruz.com\/?s={search_term_string}"},"query-input":{"@type":"PropertyValueSpecification","valueRequired":true,"valueName":"search_term_string"}}],"inLanguage":"es"},{"@type":"Organization","@id":"https:\/\/lospoliticosveracruz.com\/#organization","name":"Los pol\u00edticos Veracruz","url":"https:\/\/lospoliticosveracruz.com\/","logo":{"@type":"ImageObject","inLanguage":"es","@id":"https:\/\/lospoliticosveracruz.com\/#\/schema\/logo\/image\/","url":"https:\/\/lospoliticosveracruz.com\/wp-content\/uploads\/2025\/12\/Logo-Nuevo-LOS-POLITICOS-1.jpg","contentUrl":"https:\/\/lospoliticosveracruz.com\/wp-content\/uploads\/2025\/12\/Logo-Nuevo-LOS-POLITICOS-1.jpg","width":260,"height":70,"caption":"Los pol\u00edticos Veracruz"},"image":{"@id":"https:\/\/lospoliticosveracruz.com\/#\/schema\/logo\/image\/"},"sameAs":["https:\/\/www.facebook.com\/people\/Notimemes-de-los-Polticos\/61565672886568\/","https:\/\/x.com\/LosPoliticosVer"]},{"@type":"Person","@id":"https:\/\/lospoliticosveracruz.com\/#\/schema\/person\/b8702bb0e538456e6efd07080bf2a4a2","name":"Lo viste en Los Pol\u00edticos","image":{"@type":"ImageObject","inLanguage":"es","@id":"https:\/\/secure.gravatar.com\/avatar\/3a8de04a2656d44082be478bd6c086daa447c4651605818287b9532d3d0bd435?s=96&d=mm&r=g","url":"https:\/\/secure.gravatar.com\/avatar\/3a8de04a2656d44082be478bd6c086daa447c4651605818287b9532d3d0bd435?s=96&d=mm&r=g","contentUrl":"https:\/\/secure.gravatar.com\/avatar\/3a8de04a2656d44082be478bd6c086daa447c4651605818287b9532d3d0bd435?s=96&d=mm&r=g","caption":"Lo viste en Los Pol\u00edticos"},"url":"https:\/\/lospoliticosveracruz.com\/?author=2"}]}},"_links":{"self":[{"href":"https:\/\/lospoliticosveracruz.com\/index.php?rest_route=\/wp\/v2\/posts\/40239","targetHints":{"allow":["GET"]}}],"collection":[{"href":"https:\/\/lospoliticosveracruz.com\/index.php?rest_route=\/wp\/v2\/posts"}],"about":[{"href":"https:\/\/lospoliticosveracruz.com\/index.php?rest_route=\/wp\/v2\/types\/post"}],"author":[{"embeddable":true,"href":"https:\/\/lospoliticosveracruz.com\/index.php?rest_route=\/wp\/v2\/users\/2"}],"replies":[{"embeddable":true,"href":"https:\/\/lospoliticosveracruz.com\/index.php?rest_route=%2Fwp%2Fv2%2Fcomments&post=40239"}],"version-history":[{"count":1,"href":"https:\/\/lospoliticosveracruz.com\/index.php?rest_route=\/wp\/v2\/posts\/40239\/revisions"}],"predecessor-version":[{"id":40253,"href":"https:\/\/lospoliticosveracruz.com\/index.php?rest_route=\/wp\/v2\/posts\/40239\/revisions\/40253"}],"wp:attachment":[{"href":"https:\/\/lospoliticosveracruz.com\/index.php?rest_route=%2Fwp%2Fv2%2Fmedia&parent=40239"}],"wp:term":[{"taxonomy":"category","embeddable":true,"href":"https:\/\/lospoliticosveracruz.com\/index.php?rest_route=%2Fwp%2Fv2%2Fcategories&post=40239"},{"taxonomy":"post_tag","embeddable":true,"href":"https:\/\/lospoliticosveracruz.com\/index.php?rest_route=%2Fwp%2Fv2%2Ftags&post=40239"}],"curies":[{"name":"wp","href":"https:\/\/api.w.org\/{rel}","templated":true}]}}