{"id":40291,"date":"2018-03-06T22:39:43","date_gmt":"2018-03-07T04:39:43","guid":{"rendered":"http:\/\/www.lospoliticosveracruz.com.mx\/?p=40291"},"modified":"2018-03-06T22:39:43","modified_gmt":"2018-03-07T04:39:43","slug":"amistad-mas-fuerte-que-el-viagra","status":"publish","type":"post","link":"https:\/\/lospoliticosveracruz.com\/?p=40291","title":{"rendered":"Amistad, m\u00e1s fuerte que el Viagra"},"content":{"rendered":"<p dir=\"ltr\"><strong>Salvador Mu\u00f1oz<\/strong><\/p>\n<p dir=\"ltr\"><em>Los Pol\u00edticos<\/em><\/p>\n<p><b>\u00a0<\/b><\/p>\n<p>&nbsp;<\/p>\n<p dir=\"ltr\">Estaba en Coatepec, cuando recibo una breve llamada, pero la suficiente para acordar a tomar un caf\u00e9 y para darle la bienvenida a Jos\u00e9 Antonio Rojo a Veracruz. A la hora, los mensajes a mi celular confirmaban lo que ya todos sab\u00edan: el CEN del PRI estrenaba delegado en la entidad. La encargada de hacerle rendir protesta, Beatriz Paredes Rangel, quien dentro de los escenarios del PRI, tanto nacional como local, es una leyenda.<\/p>\n<p dir=\"ltr\">Quien piense que la dama del huipil y los reebok iba a pasar un fin de semana en el Puerto disfrutando del lechero, las canillas y tirados, se equivoc\u00f3, pues inmediatamente de que rindiera protesta Jos\u00e9 Antonio Rojo, Paredes Rangel convocaba a reuni\u00f3n especial para el s\u00e1bado en el AC Veracruz de Boca del R\u00edo.<\/p>\n<p dir=\"ltr\">II<\/p>\n<p dir=\"ltr\">Cuando se dice \u201creuni\u00f3n especial\u201d es por la calidad de los convocados porque llam\u00f3 a muchos ex dirigentes del PRI estatal, as\u00ed como al actual en donde los temas a tratar, por supuesto, eran la de resarcir algunas heridas, convocar a la unidad, sacar el orgullo de ser pri\u00edsta y un largo etc\u00e9tera, que muchos bien pudieran considerar la cl\u00e1sica arenga a los valientes soldados antes de salir a la batalla.<\/p>\n<p dir=\"ltr\">\u00a1Ah! Por supuesto, tambi\u00e9n hubo lugar para que \u2013en corto, dicen\u2013 se diera a conocer la queja de parte del equipo de Beatriz contra el equipo del dirigente pri\u00edsta, por actitudes \u201cmamilonas\u201d y no se anduvieron por las ramas, se\u00f1alando a Rodrigo Montoya y V\u00edctor Cruz\u2026 \u00a1y todo por unos pa\u00f1uelos! Se las cuento como me la contaron los testigos no sin antes aclarar que ello no deja de ser s\u00f3lo parte del anecdotario: Se acercaron a este par americanista y solicitaron su apoyo para que consiguieran unos pa\u00f1uelos desechables para do\u00f1a Beatriz. S\u00e9 que ha de ser dif\u00edcil para quienes conocen y para quienes no, imaginarse la escena. Rodrigo Montoya sin ver a los solicitantes y el chofer del dirigente estatal, haci\u00e9ndose el occiso, respondi\u00f3: \u201call\u00e1 enfrente hay un Oxxo\u201d.<\/p>\n<p dir=\"ltr\">III<\/p>\n<p dir=\"ltr\">El asunto de esta reuni\u00f3n, muy aparte de los acuerdos acordados, pactos pactados y convenios convenidos, es por un lado, qui\u00e9nes se hicieron presentes. Dicen que estuvo Manuel Ramos Gurri\u00f3n, quien al estilo Fonsi, lleg\u00f3 \u201cDespacito\u201d. Vieron all\u00ed tambi\u00e9n al Capit\u00e1n Chanclas, Gonzalo Morgado Huesca; a la Chiquita Jorge Uscanga Escobar; a Ra\u00fal Ramos Vicarte, quien por fin asom\u00f3 la cabeza; el eterno Carlos Brito G\u00f3mez; el vecino de Coatepec, Adolfo Mota Hern\u00e1ndez; la pareja Ricardo Landa y Ranulfo M\u00e1rquez; y la otra pareja: Erick Lagos y Jorge Carvallo, adem\u00e1s de H\u00e9ctor Yunes Landa, Renato Guevara, Elizabeth Morales, y por supuesto, Am\u00e9rico Z\u00fa\u00f1iga, actual presidente del PRI; y Pepe Yunes, en su doble calidad, como ex dirigente y candidato. \u00a1Ah! \u00a1Hasta la Pollita Erika Ayala pas\u00f3 lista de presente!<\/p>\n<p dir=\"ltr\">IV<\/p>\n<p dir=\"ltr\">Aunque realmente lo que movi\u00f3 al morbo entre los mismos asistentes, eran los que no estaban, que algunos pri\u00edstas desmadrosos \u2013\u201csi ya saben c\u00f3mo me pongo, pa\u2019 qu\u00e9 me invitaaan\u201d\u2013 dividieron en dos grupos:<\/p>\n<p dir=\"ltr\">* Exdirigentes del PRI que no asistieron<\/p>\n<p dir=\"ltr\">POR RAZONES OBVIAS<\/p>\n<p dir=\"ltr\">Miguel \u00c1ngel Yunes Linares<\/p>\n<p dir=\"ltr\">Dante Delgado Rannauro<\/p>\n<p dir=\"ltr\">Armando M\u00e9ndez de la Luz<\/p>\n<p dir=\"ltr\">Y Edel \u00c1lvarez Pe\u00f1a<\/p>\n<p><b>\u00a0<\/b><\/p>\n<p dir=\"ltr\">* Exdirigentes del PRI que no asistieron<\/p>\n<p dir=\"ltr\">POR RAZONES \u201cJUR\u00cdDICAS\u201d<\/p>\n<p dir=\"ltr\">Alberto Silva Ramos<\/p>\n<p dir=\"ltr\">Alfredo Ferrari<\/p>\n<p dir=\"ltr\">Fidel Herrera Beltr\u00e1n<\/p>\n<p><b>\u00a0<\/b><\/p>\n<p dir=\"ltr\">Una especial&#8230;<\/p>\n<p dir=\"ltr\">* Exdirigente del PRI que no asisti\u00f3<\/p>\n<p dir=\"ltr\">POR MOTIVOS DE SALUD<\/p>\n<p dir=\"ltr\">Fortunato Guzm\u00e1n Rivera<\/p>\n<p><b>\u00a0<\/b><\/p>\n<p dir=\"ltr\">Aunque realmente a quien no pudieron acomodar por ning\u00fan lado, y no es porque haya llegado, sino que no encontraban el grupo ideal para ubicarlo, era a Amadeo Flores Espinosa, quien no s\u00f3lo como ex dirigente del PRI, sino como punta de lanza de uno de los grupos pol\u00edticos que presume fortaleza al interior de su partido como es V\u00eda Veracruzana, es \u00edcono hist\u00f3rico por los hechos electorales de hace dos a\u00f1os, conocidos por todos. Y no falt\u00f3 el cabr\u00f3n, que le sobran al pri\u00edsmo, que trajo a la broma que levanta m\u00e1s una \u201camistad que por a\u00f1os perdura\u201d que \u201cun Viagra en el PRI\u201d. Eso pasa cuando te vuelves el gran ausente.<\/p>\n<p><b>\u00a0<\/b><\/p>\n<p dir=\"ltr\"><a href=\"mailto:smcainito@gmail.com\" target=\"_blank\" rel=\"noopener noreferrer\">smcainito@gmail.com<\/a><\/p>\n<p>&nbsp;<\/p>\n","protected":false},"excerpt":{"rendered":"<p>Salvador Mu\u00f1oz Los Pol\u00edticos \u00a0 &nbsp; Estaba en Coatepec, cuando recibo una breve llamada, pero la suficiente para acordar a tomar un caf\u00e9 y para darle la bienvenida a Jos\u00e9 Antonio Rojo a Veracruz. A la hora, los mensajes a mi celular confirmaban lo que ya todos sab\u00edan: el CEN del PRI estrenaba delegado en [&hellip;]<\/p>\n","protected":false},"author":2,"featured_media":0,"comment_status":"open","ping_status":"open","sticky":false,"template":"","format":"standard","meta":{"tdm_status":"","tdm_grid_status":"","footnotes":""},"categories":[70],"tags":[3685,1375,11106,3027],"class_list":{"0":"post-40291","1":"post","2":"type-post","3":"status-publish","4":"format-standard","6":"category-de-opinion","7":"tag-amadeo-flores-espinosa","8":"tag-beatriz-paredes-rangel","9":"tag-jose-antonio-rojo","10":"tag-rodrigo-montoya"},"yoast_head":"<!-- This site is optimized with the Yoast SEO plugin v27.4 - https:\/\/yoast.com\/product\/yoast-seo-wordpress\/ -->\n<title>Amistad, m\u00e1s fuerte que el Viagra - Los pol\u00edticos Veracruz<\/title>\n<meta name=\"robots\" content=\"index, follow, max-snippet:-1, max-image-preview:large, max-video-preview:-1\" \/>\n<link rel=\"canonical\" href=\"https:\/\/lospoliticosveracruz.com\/?p=40291\" \/>\n<meta property=\"og:locale\" content=\"es_ES\" \/>\n<meta property=\"og:type\" content=\"article\" \/>\n<meta property=\"og:title\" content=\"Amistad, m\u00e1s fuerte que el Viagra - Los pol\u00edticos Veracruz\" \/>\n<meta property=\"og:description\" content=\"Salvador Mu\u00f1oz Los Pol\u00edticos \u00a0 &nbsp; Estaba en Coatepec, cuando recibo una breve llamada, pero la suficiente para acordar a tomar un caf\u00e9 y para darle la bienvenida a Jos\u00e9 Antonio Rojo a Veracruz. A la hora, los mensajes a mi celular confirmaban lo que ya todos sab\u00edan: el CEN del PRI estrenaba delegado en [&hellip;]\" \/>\n<meta property=\"og:url\" content=\"https:\/\/lospoliticosveracruz.com\/?p=40291\" \/>\n<meta property=\"og:site_name\" content=\"Los pol\u00edticos Veracruz\" \/>\n<meta property=\"article:publisher\" content=\"https:\/\/www.facebook.com\/people\/Notimemes-de-los-Polticos\/61565672886568\/\" \/>\n<meta property=\"article:published_time\" content=\"2018-03-07T04:39:43+00:00\" \/>\n<meta property=\"og:image\" content=\"https:\/\/lospoliticosveracruz.com\/wp-content\/uploads\/2016\/07\/Logo-Dor.jpg\" \/>\n\t<meta property=\"og:image:width\" content=\"200\" \/>\n\t<meta property=\"og:image:height\" content=\"200\" \/>\n\t<meta property=\"og:image:type\" content=\"image\/jpeg\" \/>\n<meta name=\"author\" content=\"Lo viste en Los Pol\u00edticos\" \/>\n<meta name=\"twitter:card\" content=\"summary_large_image\" \/>\n<meta name=\"twitter:creator\" content=\"@LosPoliticosVer\" \/>\n<meta name=\"twitter:site\" content=\"@LosPoliticosVer\" \/>\n<meta name=\"twitter:label1\" content=\"Escrito por\" \/>\n\t<meta name=\"twitter:data1\" content=\"Lo viste en Los Pol\u00edticos\" \/>\n\t<meta name=\"twitter:label2\" content=\"Tiempo de lectura\" \/>\n\t<meta name=\"twitter:data2\" content=\"4 minutos\" \/>\n<script type=\"application\/ld+json\" class=\"yoast-schema-graph\">{\"@context\":\"https:\\\/\\\/schema.org\",\"@graph\":[{\"@type\":\"Article\",\"@id\":\"https:\\\/\\\/lospoliticosveracruz.com\\\/?p=40291#article\",\"isPartOf\":{\"@id\":\"https:\\\/\\\/lospoliticosveracruz.com\\\/?p=40291\"},\"author\":{\"name\":\"Lo viste en Los Pol\u00edticos\",\"@id\":\"https:\\\/\\\/lospoliticosveracruz.com\\\/#\\\/schema\\\/person\\\/b8702bb0e538456e6efd07080bf2a4a2\"},\"headline\":\"Amistad, m\u00e1s fuerte que el Viagra\",\"datePublished\":\"2018-03-07T04:39:43+00:00\",\"mainEntityOfPage\":{\"@id\":\"https:\\\/\\\/lospoliticosveracruz.com\\\/?p=40291\"},\"wordCount\":733,\"commentCount\":0,\"publisher\":{\"@id\":\"https:\\\/\\\/lospoliticosveracruz.com\\\/#organization\"},\"keywords\":[\"Amadeo Flores Espinosa\",\"Beatriz Paredes Rangel\",\"Jos\u00e9 Antonio Rojo\",\"Rodrigo Montoya\"],\"articleSection\":[\"De Opini\u00f3n\"],\"inLanguage\":\"es\",\"potentialAction\":[{\"@type\":\"CommentAction\",\"name\":\"Comment\",\"target\":[\"https:\\\/\\\/lospoliticosveracruz.com\\\/?p=40291#respond\"]}]},{\"@type\":\"WebPage\",\"@id\":\"https:\\\/\\\/lospoliticosveracruz.com\\\/?p=40291\",\"url\":\"https:\\\/\\\/lospoliticosveracruz.com\\\/?p=40291\",\"name\":\"Amistad, m\u00e1s fuerte que el Viagra - Los pol\u00edticos Veracruz\",\"isPartOf\":{\"@id\":\"https:\\\/\\\/lospoliticosveracruz.com\\\/#website\"},\"datePublished\":\"2018-03-07T04:39:43+00:00\",\"breadcrumb\":{\"@id\":\"https:\\\/\\\/lospoliticosveracruz.com\\\/?p=40291#breadcrumb\"},\"inLanguage\":\"es\",\"potentialAction\":[{\"@type\":\"ReadAction\",\"target\":[\"https:\\\/\\\/lospoliticosveracruz.com\\\/?p=40291\"]}]},{\"@type\":\"BreadcrumbList\",\"@id\":\"https:\\\/\\\/lospoliticosveracruz.com\\\/?p=40291#breadcrumb\",\"itemListElement\":[{\"@type\":\"ListItem\",\"position\":1,\"name\":\"Portada\",\"item\":\"https:\\\/\\\/lospoliticosveracruz.com\\\/\"},{\"@type\":\"ListItem\",\"position\":2,\"name\":\"Amistad, m\u00e1s fuerte que el Viagra\"}]},{\"@type\":\"WebSite\",\"@id\":\"https:\\\/\\\/lospoliticosveracruz.com\\\/#website\",\"url\":\"https:\\\/\\\/lospoliticosveracruz.com\\\/\",\"name\":\"Los pol\u00edticos Veracruz\",\"description\":\"\",\"publisher\":{\"@id\":\"https:\\\/\\\/lospoliticosveracruz.com\\\/#organization\"},\"potentialAction\":[{\"@type\":\"SearchAction\",\"target\":{\"@type\":\"EntryPoint\",\"urlTemplate\":\"https:\\\/\\\/lospoliticosveracruz.com\\\/?s={search_term_string}\"},\"query-input\":{\"@type\":\"PropertyValueSpecification\",\"valueRequired\":true,\"valueName\":\"search_term_string\"}}],\"inLanguage\":\"es\"},{\"@type\":\"Organization\",\"@id\":\"https:\\\/\\\/lospoliticosveracruz.com\\\/#organization\",\"name\":\"Los pol\u00edticos Veracruz\",\"url\":\"https:\\\/\\\/lospoliticosveracruz.com\\\/\",\"logo\":{\"@type\":\"ImageObject\",\"inLanguage\":\"es\",\"@id\":\"https:\\\/\\\/lospoliticosveracruz.com\\\/#\\\/schema\\\/logo\\\/image\\\/\",\"url\":\"https:\\\/\\\/lospoliticosveracruz.com\\\/wp-content\\\/uploads\\\/2025\\\/12\\\/Logo-Nuevo-LOS-POLITICOS-1.jpg\",\"contentUrl\":\"https:\\\/\\\/lospoliticosveracruz.com\\\/wp-content\\\/uploads\\\/2025\\\/12\\\/Logo-Nuevo-LOS-POLITICOS-1.jpg\",\"width\":260,\"height\":70,\"caption\":\"Los pol\u00edticos Veracruz\"},\"image\":{\"@id\":\"https:\\\/\\\/lospoliticosveracruz.com\\\/#\\\/schema\\\/logo\\\/image\\\/\"},\"sameAs\":[\"https:\\\/\\\/www.facebook.com\\\/people\\\/Notimemes-de-los-Polticos\\\/61565672886568\\\/\",\"https:\\\/\\\/x.com\\\/LosPoliticosVer\"]},{\"@type\":\"Person\",\"@id\":\"https:\\\/\\\/lospoliticosveracruz.com\\\/#\\\/schema\\\/person\\\/b8702bb0e538456e6efd07080bf2a4a2\",\"name\":\"Lo viste en Los Pol\u00edticos\",\"image\":{\"@type\":\"ImageObject\",\"inLanguage\":\"es\",\"@id\":\"https:\\\/\\\/secure.gravatar.com\\\/avatar\\\/3a8de04a2656d44082be478bd6c086daa447c4651605818287b9532d3d0bd435?s=96&d=mm&r=g\",\"url\":\"https:\\\/\\\/secure.gravatar.com\\\/avatar\\\/3a8de04a2656d44082be478bd6c086daa447c4651605818287b9532d3d0bd435?s=96&d=mm&r=g\",\"contentUrl\":\"https:\\\/\\\/secure.gravatar.com\\\/avatar\\\/3a8de04a2656d44082be478bd6c086daa447c4651605818287b9532d3d0bd435?s=96&d=mm&r=g\",\"caption\":\"Lo viste en Los Pol\u00edticos\"},\"url\":\"https:\\\/\\\/lospoliticosveracruz.com\\\/?author=2\"}]}<\/script>\n<!-- \/ Yoast SEO plugin. -->","yoast_head_json":{"title":"Amistad, m\u00e1s fuerte que el Viagra - Los pol\u00edticos Veracruz","robots":{"index":"index","follow":"follow","max-snippet":"max-snippet:-1","max-image-preview":"max-image-preview:large","max-video-preview":"max-video-preview:-1"},"canonical":"https:\/\/lospoliticosveracruz.com\/?p=40291","og_locale":"es_ES","og_type":"article","og_title":"Amistad, m\u00e1s fuerte que el Viagra - Los pol\u00edticos Veracruz","og_description":"Salvador Mu\u00f1oz Los Pol\u00edticos \u00a0 &nbsp; Estaba en Coatepec, cuando recibo una breve llamada, pero la suficiente para acordar a tomar un caf\u00e9 y para darle la bienvenida a Jos\u00e9 Antonio Rojo a Veracruz. A la hora, los mensajes a mi celular confirmaban lo que ya todos sab\u00edan: el CEN del PRI estrenaba delegado en [&hellip;]","og_url":"https:\/\/lospoliticosveracruz.com\/?p=40291","og_site_name":"Los pol\u00edticos Veracruz","article_publisher":"https:\/\/www.facebook.com\/people\/Notimemes-de-los-Polticos\/61565672886568\/","article_published_time":"2018-03-07T04:39:43+00:00","og_image":[{"width":200,"height":200,"url":"https:\/\/lospoliticosveracruz.com\/wp-content\/uploads\/2016\/07\/Logo-Dor.jpg","type":"image\/jpeg"}],"author":"Lo viste en Los Pol\u00edticos","twitter_card":"summary_large_image","twitter_creator":"@LosPoliticosVer","twitter_site":"@LosPoliticosVer","twitter_misc":{"Escrito por":"Lo viste en Los Pol\u00edticos","Tiempo de lectura":"4 minutos"},"schema":{"@context":"https:\/\/schema.org","@graph":[{"@type":"Article","@id":"https:\/\/lospoliticosveracruz.com\/?p=40291#article","isPartOf":{"@id":"https:\/\/lospoliticosveracruz.com\/?p=40291"},"author":{"name":"Lo viste en Los Pol\u00edticos","@id":"https:\/\/lospoliticosveracruz.com\/#\/schema\/person\/b8702bb0e538456e6efd07080bf2a4a2"},"headline":"Amistad, m\u00e1s fuerte que el Viagra","datePublished":"2018-03-07T04:39:43+00:00","mainEntityOfPage":{"@id":"https:\/\/lospoliticosveracruz.com\/?p=40291"},"wordCount":733,"commentCount":0,"publisher":{"@id":"https:\/\/lospoliticosveracruz.com\/#organization"},"keywords":["Amadeo Flores Espinosa","Beatriz Paredes Rangel","Jos\u00e9 Antonio Rojo","Rodrigo Montoya"],"articleSection":["De Opini\u00f3n"],"inLanguage":"es","potentialAction":[{"@type":"CommentAction","name":"Comment","target":["https:\/\/lospoliticosveracruz.com\/?p=40291#respond"]}]},{"@type":"WebPage","@id":"https:\/\/lospoliticosveracruz.com\/?p=40291","url":"https:\/\/lospoliticosveracruz.com\/?p=40291","name":"Amistad, m\u00e1s fuerte que el Viagra - Los pol\u00edticos Veracruz","isPartOf":{"@id":"https:\/\/lospoliticosveracruz.com\/#website"},"datePublished":"2018-03-07T04:39:43+00:00","breadcrumb":{"@id":"https:\/\/lospoliticosveracruz.com\/?p=40291#breadcrumb"},"inLanguage":"es","potentialAction":[{"@type":"ReadAction","target":["https:\/\/lospoliticosveracruz.com\/?p=40291"]}]},{"@type":"BreadcrumbList","@id":"https:\/\/lospoliticosveracruz.com\/?p=40291#breadcrumb","itemListElement":[{"@type":"ListItem","position":1,"name":"Portada","item":"https:\/\/lospoliticosveracruz.com\/"},{"@type":"ListItem","position":2,"name":"Amistad, m\u00e1s fuerte que el Viagra"}]},{"@type":"WebSite","@id":"https:\/\/lospoliticosveracruz.com\/#website","url":"https:\/\/lospoliticosveracruz.com\/","name":"Los pol\u00edticos Veracruz","description":"","publisher":{"@id":"https:\/\/lospoliticosveracruz.com\/#organization"},"potentialAction":[{"@type":"SearchAction","target":{"@type":"EntryPoint","urlTemplate":"https:\/\/lospoliticosveracruz.com\/?s={search_term_string}"},"query-input":{"@type":"PropertyValueSpecification","valueRequired":true,"valueName":"search_term_string"}}],"inLanguage":"es"},{"@type":"Organization","@id":"https:\/\/lospoliticosveracruz.com\/#organization","name":"Los pol\u00edticos Veracruz","url":"https:\/\/lospoliticosveracruz.com\/","logo":{"@type":"ImageObject","inLanguage":"es","@id":"https:\/\/lospoliticosveracruz.com\/#\/schema\/logo\/image\/","url":"https:\/\/lospoliticosveracruz.com\/wp-content\/uploads\/2025\/12\/Logo-Nuevo-LOS-POLITICOS-1.jpg","contentUrl":"https:\/\/lospoliticosveracruz.com\/wp-content\/uploads\/2025\/12\/Logo-Nuevo-LOS-POLITICOS-1.jpg","width":260,"height":70,"caption":"Los pol\u00edticos Veracruz"},"image":{"@id":"https:\/\/lospoliticosveracruz.com\/#\/schema\/logo\/image\/"},"sameAs":["https:\/\/www.facebook.com\/people\/Notimemes-de-los-Polticos\/61565672886568\/","https:\/\/x.com\/LosPoliticosVer"]},{"@type":"Person","@id":"https:\/\/lospoliticosveracruz.com\/#\/schema\/person\/b8702bb0e538456e6efd07080bf2a4a2","name":"Lo viste en Los Pol\u00edticos","image":{"@type":"ImageObject","inLanguage":"es","@id":"https:\/\/secure.gravatar.com\/avatar\/3a8de04a2656d44082be478bd6c086daa447c4651605818287b9532d3d0bd435?s=96&d=mm&r=g","url":"https:\/\/secure.gravatar.com\/avatar\/3a8de04a2656d44082be478bd6c086daa447c4651605818287b9532d3d0bd435?s=96&d=mm&r=g","contentUrl":"https:\/\/secure.gravatar.com\/avatar\/3a8de04a2656d44082be478bd6c086daa447c4651605818287b9532d3d0bd435?s=96&d=mm&r=g","caption":"Lo viste en Los Pol\u00edticos"},"url":"https:\/\/lospoliticosveracruz.com\/?author=2"}]}},"_links":{"self":[{"href":"https:\/\/lospoliticosveracruz.com\/index.php?rest_route=\/wp\/v2\/posts\/40291","targetHints":{"allow":["GET"]}}],"collection":[{"href":"https:\/\/lospoliticosveracruz.com\/index.php?rest_route=\/wp\/v2\/posts"}],"about":[{"href":"https:\/\/lospoliticosveracruz.com\/index.php?rest_route=\/wp\/v2\/types\/post"}],"author":[{"embeddable":true,"href":"https:\/\/lospoliticosveracruz.com\/index.php?rest_route=\/wp\/v2\/users\/2"}],"replies":[{"embeddable":true,"href":"https:\/\/lospoliticosveracruz.com\/index.php?rest_route=%2Fwp%2Fv2%2Fcomments&post=40291"}],"version-history":[{"count":1,"href":"https:\/\/lospoliticosveracruz.com\/index.php?rest_route=\/wp\/v2\/posts\/40291\/revisions"}],"predecessor-version":[{"id":40292,"href":"https:\/\/lospoliticosveracruz.com\/index.php?rest_route=\/wp\/v2\/posts\/40291\/revisions\/40292"}],"wp:attachment":[{"href":"https:\/\/lospoliticosveracruz.com\/index.php?rest_route=%2Fwp%2Fv2%2Fmedia&parent=40291"}],"wp:term":[{"taxonomy":"category","embeddable":true,"href":"https:\/\/lospoliticosveracruz.com\/index.php?rest_route=%2Fwp%2Fv2%2Fcategories&post=40291"},{"taxonomy":"post_tag","embeddable":true,"href":"https:\/\/lospoliticosveracruz.com\/index.php?rest_route=%2Fwp%2Fv2%2Ftags&post=40291"}],"curies":[{"name":"wp","href":"https:\/\/api.w.org\/{rel}","templated":true}]}}