{"id":40327,"date":"2018-03-08T09:22:50","date_gmt":"2018-03-08T15:22:50","guid":{"rendered":"http:\/\/www.lospoliticosveracruz.com.mx\/?p=40327"},"modified":"2018-03-08T09:22:50","modified_gmt":"2018-03-08T15:22:50","slug":"el-empoderamiento-de-las-mujeres","status":"publish","type":"post","link":"https:\/\/lospoliticosveracruz.com\/?p=40327","title":{"rendered":"El empoderamiento de las mujeres"},"content":{"rendered":"<p class=\"x_m_-8133243465763486642MsoNoSpacing\"><b><\/b><b>Emilio C\u00e1rdenas Escobosa<u><\/u><u><\/u><\/b><\/p>\n<p class=\"x_m_-8133243465763486642MsoNoSpacing\"><em>De Inter\u00e9s P\u00fablico<\/em><\/p>\n<p class=\"x_m_-8133243465763486642MsoNoSpacing\">\n<p class=\"x_m_-8133243465763486642MsoNoSpacing\"><b><u><\/u>\u00a0<u><\/u><\/b><\/p>\n<p class=\"x_m_-8133243465763486642MsoNoSpacing\"><b><\/b>Como cada 8 de marzo que se celebra el D\u00eda Internacional de la Mujer lo pol\u00edticamente correcto dicta que deben organizarse foros, los conversatorios de rigor, se entreguen reconocimientos, se hagan encendidas declaraciones y elogios al papel de las f\u00e9minas en nuestra sociedad, y leamos una gran cantidad de art\u00edculos de opini\u00f3n y comentarios en medios, entre toda la parafernalia que se ha vuelto habitual en esta efem\u00e9ride.<u><\/u><u><\/u><\/p>\n<p class=\"x_MsoNormal\">Tenemos claro que de lo que se trata es de reivindicar en esta fecha la lucha social y pol\u00edtica de ellas para garantizar la igualdad de derechos, para avanzar en la equidad de g\u00e9nero. Como en toda democracia que se respete existe igualdad jur\u00eddica entre la mujer y el hombre, en las d\u00e9cadas recientes, y a gracias al impulso de corrientes y movimientos feministas varios, se lleg\u00f3 a la conclusi\u00f3n de que faltaba m\u00e1s, que era necesario crear el andamiaje legal e institucional que hiciera posible la igualdad real. De ah\u00ed que hayamos visto surgir infinidad de organismos oficiales, institutos, unidades de g\u00e9nero y dem\u00e1s instancias que tienen como funci\u00f3n garantizar la promoci\u00f3n y salvaguarda de los derechos de las mujeres en todos los \u00f3rdenes.<u><\/u><u><\/u><\/p>\n<p class=\"x_MsoNormal\">Abrazar la causa de las mujeres es lo de hoy, aunque en el terreno de los hechos, los gobiernos, los partidos y la sociedad en general hayamos avanzado muy poco. Y ello lo explican factores culturales, destacadamente la inercia de un sistema de valores y de conocimiento construidos por y para los hombres, que lleva al recelo masculino hacia la competencia femenina en sus espacios p\u00fablicos y privados. Pero sobre todo porque se considera que la irrupci\u00f3n de la mujer en la vida p\u00fablica cuestiona los contenidos atribuidos a la masculinidad y las pr\u00e1cticas sociales que se le asocian: el poder del jefe de familia, la fortaleza, audacia y sagacidad del hombre, el esp\u00edritu de competencia y, especialmente, la conceptualizaci\u00f3n del hombre como el sujeto activo, dominante y conquistador en t\u00e9rminos sexuales.<u><\/u><u><\/u><\/p>\n<p class=\"x_MsoNormal\">En los d\u00edas que corren se ha puesto en el centro del debate p\u00fablico el tema del acoso y el abuso sexual contra las mujeres. En diversos \u00e1mbitos, pero de manera notable en el medio art\u00edstico,\u00a0\u00a0a partir de las denuncias de acoso sexual del productor de Hollywood Harvey Weinstein, surgi\u00f3 el movimiento #MeToo\/YoTambi\u00e9n, que ha adquirido una enorme relevancia medi\u00e1tica. Pero mientras en Estados Unidos el planteamiento de este nuevo movimiento feminista est\u00e1 fuera de duda, en Francia ocurre todo lo contrario. La actriz Catherine Deneuve y otras cien artistas e intelectuales firmaron una carta p\u00fablica editada por el diario Le Monde en el que acusan a las activistas del #MeToo de crear un clima \u00abtotalitario y puritano que pretende socavar la libertad sexual\u201d. El colectivo de mujeres galas, encabezadas por Deneuve, sostiene que la visi\u00f3n feminista como la que enarbolan las estadunidenses gener\u00f3 que \u00abmuchos hombres hayan sido sancionados en su trabajo por el \u00fanico error de tocar una rodilla, intentar robar un beso o hablar sobre cuestiones \u00edntimas durante un almuerzo profesional\u201d. Afirman que desde luego que la violaci\u00f3n es un crimen pero \u201cflirtear insistente y torpemente no es un crimen y la caballerosidad no es una agresi\u00f3n machista\u00bb. Pol\u00e9micas aseveraciones, compartidas por laureados escritores como los espa\u00f1oles Javier Mar\u00edas y Javier Cercas, que nos muestran lo \u00e1lgido y polarizado que est\u00e1 el debate en este sensible tema.<u><\/u><u><\/u><\/p>\n<p class=\"x_MsoNormal\">Lo que es un hecho es que vivimos en una sociedad en la que sin mayor preocupaci\u00f3n los hombres se creen con la potestad de acceder sexualmente a las mujeres, en el \u00e1mbito privado o en el espacio p\u00fablico, puesto que es una expectativa social normativa el reafirmar de esa forma nuestra masculinidad, con los consabidos resultados de abuso, violencia y dominaci\u00f3n que conlleva esa arraigada visi\u00f3n del rol que debemos jugar.<u><\/u><u><\/u><\/p>\n<p class=\"x_MsoNormal\">De ah\u00ed que la b\u00fasqueda de la equidad de g\u00e9nero siga chocando con las visiones de los sectores dominantes, de los grupos de poder y con nuestras propias ataduras mentales reforzadas por los estereotipos de desigualdad contra la mujer presentes d\u00eda a d\u00eda. Los medios, la educaci\u00f3n tradicional, las religiones, los prejuicios y la ignorancia nos las muestran como objetos sexuales y decorativos que deben ser criminalizadas si quieren ejercer su libre determinaci\u00f3n reproductiva. Las mujeres, seg\u00fan estos c\u00e1nones, adem\u00e1s de incorporarse al mercado laboral, deben hacerse cargo del hogar y del cuidado de los hijos, vestidas a la moda, embellecidas para sus parejas y dispuestas a cumplir su rol sexual, como si esa fuera su \u00abobligaci\u00f3n biol\u00f3gica\u00bb.<u><\/u><u><\/u><\/p>\n<p class=\"x_MsoNormal\">El reto que enfrentamos para lograr la equidad de g\u00e9nero en nuestra sociedad es por tanto enorme.<u><\/u><u><\/u><\/p>\n<p class=\"x_MsoNormal\">Se requieren grandes transformaciones que no limiten nunca m\u00e1s el papel de la mujer en las esferas social, econ\u00f3mica, pol\u00edtica y familiar.\u00a0\u00a0Hoy, es claro que ninguna sociedad puede considerarse genuinamente plena, si no respeta el compromiso de la inclusi\u00f3n plena de la mujer en todos los aspectos de la vida nacional y la defensa sin cortapisas de sus derechos.<u><\/u><u><\/u><\/p>\n<p class=\"x_MsoNormal\">La lucha de las mujeres es una lucha inacabada, que exige de las instituciones p\u00fablicas, los partidos pol\u00edticos y de todas las organizaciones y sectores, contribuir a hacer realidad los cambios legales que posibiliten construir una nueva din\u00e1mica de relaciones sociales y culturales.\u00a0<u><\/u><u><\/u><\/p>\n<p class=\"x_MsoNormal\">Pero implica tambi\u00e9n abordar con seriedad, sin radicalismos ni discusiones vanas \u2013como me parece es la del lenguaje inclusivo y no sexista que ri\u00f1e con el espa\u00f1ol, la gram\u00e1tica y la sintaxis (los ni\u00f1os y las ni\u00f1as, la presidenta y el presidente, por citar ejemplos)&#8211;una agenda pendiente que debe ser abordada con pleno compromiso por todos los actores p\u00fablicos.<u><\/u><u><\/u><\/p>\n<p class=\"x_MsoNormal\">No basta s\u00f3lo con la creaci\u00f3n de instituciones u organismos p\u00fablicos para las mujeres, o con asignarles determinadas cuotas al interior de los partidos pol\u00edticos. No es con discursos falaces sobre el \u201cempoderamiento\u201d de las mujeres o recordarlas y homenajearlas encendidamente cada 8 de marzo como se va a avanzar en este sinuoso camino.<u><\/u><u><\/u><\/p>\n<p class=\"x_MsoNormal\">Comprometerse en la lucha por la equidad de g\u00e9nero es tarea de hombres y mujeres. Es manifestaci\u00f3n de una genuina voluntad de cambio. La que se traduce en dejar a un lado los estereotipos, combatir el acoso sexual y el abuso de poder, redistribuir equitativamente las actividades entre los sexos en los \u00e1mbitos p\u00fablico y privado, valorar con justicia los distintos trabajos que realizan hombres y mujeres, modificar los mecanismos, reglas, pr\u00e1cticas y valores que reproducen la desigualdad, en suma, la que fortalezca el poder de gesti\u00f3n y decisi\u00f3n de las mujeres.<u><\/u><u><\/u><\/p>\n<p class=\"x_MsoNormal\">La igualdad de g\u00e9nero es un factor elemental para la modernidad de un pa\u00eds y su desarrollo democr\u00e1tico.<u><\/u><u><\/u><\/p>\n<p class=\"x_MsoNormal\"><a id=\"x_m_-8133243465763486642LPlnk332310\" href=\"mailto:jecesco@hotmail.com\" target=\"_blank\" rel=\"noopener noreferrer\">jecesco@hotmail.com<\/a><u><\/u><u><\/u><\/p>\n<p class=\"x_MsoNormal\"><a id=\"x_m_-8133243465763486642LPlnk961627\" href=\"http:\/\/www.deinterespublico.com\/\" target=\"_blank\" rel=\"noopener noreferrer\">www.deinterespublico.com<\/a><u><\/u><u><\/u><\/p>\n<p>&nbsp;<\/p>\n","protected":false},"excerpt":{"rendered":"<p>Emilio C\u00e1rdenas Escobosa De Inter\u00e9s P\u00fablico \u00a0 Como cada 8 de marzo que se celebra el D\u00eda Internacional de la Mujer lo pol\u00edticamente correcto dicta que deben organizarse foros, los conversatorios de rigor, se entreguen reconocimientos, se hagan encendidas declaraciones y elogios al papel de las f\u00e9minas en nuestra sociedad, y leamos una gran cantidad [&hellip;]<\/p>\n","protected":false},"author":2,"featured_media":0,"comment_status":"open","ping_status":"open","sticky":false,"template":"","format":"standard","meta":{"tdm_status":"","tdm_grid_status":"","footnotes":""},"categories":[70],"tags":[2517,11132,4995,987,11131],"class_list":{"0":"post-40327","1":"post","2":"type-post","3":"status-publish","4":"format-standard","6":"category-de-opinion","7":"tag-acoso-sexual","8":"tag-catherine-deneuve","9":"tag-dia-internacional-de-la-mujer","10":"tag-equidad-de-genero","11":"tag-harvey-weinstein"},"yoast_head":"<!-- This site is optimized with the Yoast SEO plugin v27.4 - https:\/\/yoast.com\/product\/yoast-seo-wordpress\/ -->\n<title>El empoderamiento de las mujeres - Los pol\u00edticos Veracruz<\/title>\n<meta name=\"robots\" content=\"index, follow, max-snippet:-1, max-image-preview:large, max-video-preview:-1\" \/>\n<link rel=\"canonical\" href=\"https:\/\/lospoliticosveracruz.com\/?p=40327\" \/>\n<meta property=\"og:locale\" content=\"es_ES\" \/>\n<meta property=\"og:type\" content=\"article\" \/>\n<meta property=\"og:title\" content=\"El empoderamiento de las mujeres - Los pol\u00edticos Veracruz\" \/>\n<meta property=\"og:description\" content=\"Emilio C\u00e1rdenas Escobosa De Inter\u00e9s P\u00fablico \u00a0 Como cada 8 de marzo que se celebra el D\u00eda Internacional de la Mujer lo pol\u00edticamente correcto dicta que deben organizarse foros, los conversatorios de rigor, se entreguen reconocimientos, se hagan encendidas declaraciones y elogios al papel de las f\u00e9minas en nuestra sociedad, y leamos una gran cantidad [&hellip;]\" \/>\n<meta property=\"og:url\" content=\"https:\/\/lospoliticosveracruz.com\/?p=40327\" \/>\n<meta property=\"og:site_name\" content=\"Los pol\u00edticos Veracruz\" \/>\n<meta property=\"article:publisher\" content=\"https:\/\/www.facebook.com\/people\/Notimemes-de-los-Polticos\/61565672886568\/\" \/>\n<meta property=\"article:published_time\" content=\"2018-03-08T15:22:50+00:00\" \/>\n<meta property=\"og:image\" content=\"https:\/\/lospoliticosveracruz.com\/wp-content\/uploads\/2016\/07\/Logo-Dor.jpg\" \/>\n\t<meta property=\"og:image:width\" content=\"200\" \/>\n\t<meta property=\"og:image:height\" content=\"200\" \/>\n\t<meta property=\"og:image:type\" content=\"image\/jpeg\" \/>\n<meta name=\"author\" content=\"Lo viste en Los Pol\u00edticos\" \/>\n<meta name=\"twitter:card\" content=\"summary_large_image\" \/>\n<meta name=\"twitter:creator\" content=\"@LosPoliticosVer\" \/>\n<meta name=\"twitter:site\" content=\"@LosPoliticosVer\" \/>\n<meta name=\"twitter:label1\" content=\"Escrito por\" \/>\n\t<meta name=\"twitter:data1\" content=\"Lo viste en Los Pol\u00edticos\" \/>\n\t<meta name=\"twitter:label2\" content=\"Tiempo de lectura\" \/>\n\t<meta name=\"twitter:data2\" content=\"6 minutos\" \/>\n<script type=\"application\/ld+json\" class=\"yoast-schema-graph\">{\"@context\":\"https:\\\/\\\/schema.org\",\"@graph\":[{\"@type\":\"Article\",\"@id\":\"https:\\\/\\\/lospoliticosveracruz.com\\\/?p=40327#article\",\"isPartOf\":{\"@id\":\"https:\\\/\\\/lospoliticosveracruz.com\\\/?p=40327\"},\"author\":{\"name\":\"Lo viste en Los Pol\u00edticos\",\"@id\":\"https:\\\/\\\/lospoliticosveracruz.com\\\/#\\\/schema\\\/person\\\/b8702bb0e538456e6efd07080bf2a4a2\"},\"headline\":\"El empoderamiento de las mujeres\",\"datePublished\":\"2018-03-08T15:22:50+00:00\",\"mainEntityOfPage\":{\"@id\":\"https:\\\/\\\/lospoliticosveracruz.com\\\/?p=40327\"},\"wordCount\":1188,\"commentCount\":0,\"publisher\":{\"@id\":\"https:\\\/\\\/lospoliticosveracruz.com\\\/#organization\"},\"keywords\":[\"acoso sexual\",\"Catherine Deneuve\",\"D\u00eda Internacional de la Mujer\",\"Equidad de G\u00e9nero\",\"Harvey Weinstein\"],\"articleSection\":[\"De Opini\u00f3n\"],\"inLanguage\":\"es\",\"potentialAction\":[{\"@type\":\"CommentAction\",\"name\":\"Comment\",\"target\":[\"https:\\\/\\\/lospoliticosveracruz.com\\\/?p=40327#respond\"]}]},{\"@type\":\"WebPage\",\"@id\":\"https:\\\/\\\/lospoliticosveracruz.com\\\/?p=40327\",\"url\":\"https:\\\/\\\/lospoliticosveracruz.com\\\/?p=40327\",\"name\":\"El empoderamiento de las mujeres - Los pol\u00edticos Veracruz\",\"isPartOf\":{\"@id\":\"https:\\\/\\\/lospoliticosveracruz.com\\\/#website\"},\"datePublished\":\"2018-03-08T15:22:50+00:00\",\"breadcrumb\":{\"@id\":\"https:\\\/\\\/lospoliticosveracruz.com\\\/?p=40327#breadcrumb\"},\"inLanguage\":\"es\",\"potentialAction\":[{\"@type\":\"ReadAction\",\"target\":[\"https:\\\/\\\/lospoliticosveracruz.com\\\/?p=40327\"]}]},{\"@type\":\"BreadcrumbList\",\"@id\":\"https:\\\/\\\/lospoliticosveracruz.com\\\/?p=40327#breadcrumb\",\"itemListElement\":[{\"@type\":\"ListItem\",\"position\":1,\"name\":\"Portada\",\"item\":\"https:\\\/\\\/lospoliticosveracruz.com\\\/\"},{\"@type\":\"ListItem\",\"position\":2,\"name\":\"El empoderamiento de las mujeres\"}]},{\"@type\":\"WebSite\",\"@id\":\"https:\\\/\\\/lospoliticosveracruz.com\\\/#website\",\"url\":\"https:\\\/\\\/lospoliticosveracruz.com\\\/\",\"name\":\"Los pol\u00edticos Veracruz\",\"description\":\"\",\"publisher\":{\"@id\":\"https:\\\/\\\/lospoliticosveracruz.com\\\/#organization\"},\"potentialAction\":[{\"@type\":\"SearchAction\",\"target\":{\"@type\":\"EntryPoint\",\"urlTemplate\":\"https:\\\/\\\/lospoliticosveracruz.com\\\/?s={search_term_string}\"},\"query-input\":{\"@type\":\"PropertyValueSpecification\",\"valueRequired\":true,\"valueName\":\"search_term_string\"}}],\"inLanguage\":\"es\"},{\"@type\":\"Organization\",\"@id\":\"https:\\\/\\\/lospoliticosveracruz.com\\\/#organization\",\"name\":\"Los pol\u00edticos Veracruz\",\"url\":\"https:\\\/\\\/lospoliticosveracruz.com\\\/\",\"logo\":{\"@type\":\"ImageObject\",\"inLanguage\":\"es\",\"@id\":\"https:\\\/\\\/lospoliticosveracruz.com\\\/#\\\/schema\\\/logo\\\/image\\\/\",\"url\":\"https:\\\/\\\/lospoliticosveracruz.com\\\/wp-content\\\/uploads\\\/2025\\\/12\\\/Logo-Nuevo-LOS-POLITICOS-1.jpg\",\"contentUrl\":\"https:\\\/\\\/lospoliticosveracruz.com\\\/wp-content\\\/uploads\\\/2025\\\/12\\\/Logo-Nuevo-LOS-POLITICOS-1.jpg\",\"width\":260,\"height\":70,\"caption\":\"Los pol\u00edticos Veracruz\"},\"image\":{\"@id\":\"https:\\\/\\\/lospoliticosveracruz.com\\\/#\\\/schema\\\/logo\\\/image\\\/\"},\"sameAs\":[\"https:\\\/\\\/www.facebook.com\\\/people\\\/Notimemes-de-los-Polticos\\\/61565672886568\\\/\",\"https:\\\/\\\/x.com\\\/LosPoliticosVer\"]},{\"@type\":\"Person\",\"@id\":\"https:\\\/\\\/lospoliticosveracruz.com\\\/#\\\/schema\\\/person\\\/b8702bb0e538456e6efd07080bf2a4a2\",\"name\":\"Lo viste en Los Pol\u00edticos\",\"image\":{\"@type\":\"ImageObject\",\"inLanguage\":\"es\",\"@id\":\"https:\\\/\\\/secure.gravatar.com\\\/avatar\\\/3a8de04a2656d44082be478bd6c086daa447c4651605818287b9532d3d0bd435?s=96&d=mm&r=g\",\"url\":\"https:\\\/\\\/secure.gravatar.com\\\/avatar\\\/3a8de04a2656d44082be478bd6c086daa447c4651605818287b9532d3d0bd435?s=96&d=mm&r=g\",\"contentUrl\":\"https:\\\/\\\/secure.gravatar.com\\\/avatar\\\/3a8de04a2656d44082be478bd6c086daa447c4651605818287b9532d3d0bd435?s=96&d=mm&r=g\",\"caption\":\"Lo viste en Los Pol\u00edticos\"},\"url\":\"https:\\\/\\\/lospoliticosveracruz.com\\\/?author=2\"}]}<\/script>\n<!-- \/ Yoast SEO plugin. -->","yoast_head_json":{"title":"El empoderamiento de las mujeres - Los pol\u00edticos Veracruz","robots":{"index":"index","follow":"follow","max-snippet":"max-snippet:-1","max-image-preview":"max-image-preview:large","max-video-preview":"max-video-preview:-1"},"canonical":"https:\/\/lospoliticosveracruz.com\/?p=40327","og_locale":"es_ES","og_type":"article","og_title":"El empoderamiento de las mujeres - Los pol\u00edticos Veracruz","og_description":"Emilio C\u00e1rdenas Escobosa De Inter\u00e9s P\u00fablico \u00a0 Como cada 8 de marzo que se celebra el D\u00eda Internacional de la Mujer lo pol\u00edticamente correcto dicta que deben organizarse foros, los conversatorios de rigor, se entreguen reconocimientos, se hagan encendidas declaraciones y elogios al papel de las f\u00e9minas en nuestra sociedad, y leamos una gran cantidad [&hellip;]","og_url":"https:\/\/lospoliticosveracruz.com\/?p=40327","og_site_name":"Los pol\u00edticos Veracruz","article_publisher":"https:\/\/www.facebook.com\/people\/Notimemes-de-los-Polticos\/61565672886568\/","article_published_time":"2018-03-08T15:22:50+00:00","og_image":[{"width":200,"height":200,"url":"https:\/\/lospoliticosveracruz.com\/wp-content\/uploads\/2016\/07\/Logo-Dor.jpg","type":"image\/jpeg"}],"author":"Lo viste en Los Pol\u00edticos","twitter_card":"summary_large_image","twitter_creator":"@LosPoliticosVer","twitter_site":"@LosPoliticosVer","twitter_misc":{"Escrito por":"Lo viste en Los Pol\u00edticos","Tiempo de lectura":"6 minutos"},"schema":{"@context":"https:\/\/schema.org","@graph":[{"@type":"Article","@id":"https:\/\/lospoliticosveracruz.com\/?p=40327#article","isPartOf":{"@id":"https:\/\/lospoliticosveracruz.com\/?p=40327"},"author":{"name":"Lo viste en Los Pol\u00edticos","@id":"https:\/\/lospoliticosveracruz.com\/#\/schema\/person\/b8702bb0e538456e6efd07080bf2a4a2"},"headline":"El empoderamiento de las mujeres","datePublished":"2018-03-08T15:22:50+00:00","mainEntityOfPage":{"@id":"https:\/\/lospoliticosveracruz.com\/?p=40327"},"wordCount":1188,"commentCount":0,"publisher":{"@id":"https:\/\/lospoliticosveracruz.com\/#organization"},"keywords":["acoso sexual","Catherine Deneuve","D\u00eda Internacional de la Mujer","Equidad de G\u00e9nero","Harvey Weinstein"],"articleSection":["De Opini\u00f3n"],"inLanguage":"es","potentialAction":[{"@type":"CommentAction","name":"Comment","target":["https:\/\/lospoliticosveracruz.com\/?p=40327#respond"]}]},{"@type":"WebPage","@id":"https:\/\/lospoliticosveracruz.com\/?p=40327","url":"https:\/\/lospoliticosveracruz.com\/?p=40327","name":"El empoderamiento de las mujeres - Los pol\u00edticos Veracruz","isPartOf":{"@id":"https:\/\/lospoliticosveracruz.com\/#website"},"datePublished":"2018-03-08T15:22:50+00:00","breadcrumb":{"@id":"https:\/\/lospoliticosveracruz.com\/?p=40327#breadcrumb"},"inLanguage":"es","potentialAction":[{"@type":"ReadAction","target":["https:\/\/lospoliticosveracruz.com\/?p=40327"]}]},{"@type":"BreadcrumbList","@id":"https:\/\/lospoliticosveracruz.com\/?p=40327#breadcrumb","itemListElement":[{"@type":"ListItem","position":1,"name":"Portada","item":"https:\/\/lospoliticosveracruz.com\/"},{"@type":"ListItem","position":2,"name":"El empoderamiento de las mujeres"}]},{"@type":"WebSite","@id":"https:\/\/lospoliticosveracruz.com\/#website","url":"https:\/\/lospoliticosveracruz.com\/","name":"Los pol\u00edticos Veracruz","description":"","publisher":{"@id":"https:\/\/lospoliticosveracruz.com\/#organization"},"potentialAction":[{"@type":"SearchAction","target":{"@type":"EntryPoint","urlTemplate":"https:\/\/lospoliticosveracruz.com\/?s={search_term_string}"},"query-input":{"@type":"PropertyValueSpecification","valueRequired":true,"valueName":"search_term_string"}}],"inLanguage":"es"},{"@type":"Organization","@id":"https:\/\/lospoliticosveracruz.com\/#organization","name":"Los pol\u00edticos Veracruz","url":"https:\/\/lospoliticosveracruz.com\/","logo":{"@type":"ImageObject","inLanguage":"es","@id":"https:\/\/lospoliticosveracruz.com\/#\/schema\/logo\/image\/","url":"https:\/\/lospoliticosveracruz.com\/wp-content\/uploads\/2025\/12\/Logo-Nuevo-LOS-POLITICOS-1.jpg","contentUrl":"https:\/\/lospoliticosveracruz.com\/wp-content\/uploads\/2025\/12\/Logo-Nuevo-LOS-POLITICOS-1.jpg","width":260,"height":70,"caption":"Los pol\u00edticos Veracruz"},"image":{"@id":"https:\/\/lospoliticosveracruz.com\/#\/schema\/logo\/image\/"},"sameAs":["https:\/\/www.facebook.com\/people\/Notimemes-de-los-Polticos\/61565672886568\/","https:\/\/x.com\/LosPoliticosVer"]},{"@type":"Person","@id":"https:\/\/lospoliticosveracruz.com\/#\/schema\/person\/b8702bb0e538456e6efd07080bf2a4a2","name":"Lo viste en Los Pol\u00edticos","image":{"@type":"ImageObject","inLanguage":"es","@id":"https:\/\/secure.gravatar.com\/avatar\/3a8de04a2656d44082be478bd6c086daa447c4651605818287b9532d3d0bd435?s=96&d=mm&r=g","url":"https:\/\/secure.gravatar.com\/avatar\/3a8de04a2656d44082be478bd6c086daa447c4651605818287b9532d3d0bd435?s=96&d=mm&r=g","contentUrl":"https:\/\/secure.gravatar.com\/avatar\/3a8de04a2656d44082be478bd6c086daa447c4651605818287b9532d3d0bd435?s=96&d=mm&r=g","caption":"Lo viste en Los Pol\u00edticos"},"url":"https:\/\/lospoliticosveracruz.com\/?author=2"}]}},"_links":{"self":[{"href":"https:\/\/lospoliticosveracruz.com\/index.php?rest_route=\/wp\/v2\/posts\/40327","targetHints":{"allow":["GET"]}}],"collection":[{"href":"https:\/\/lospoliticosveracruz.com\/index.php?rest_route=\/wp\/v2\/posts"}],"about":[{"href":"https:\/\/lospoliticosveracruz.com\/index.php?rest_route=\/wp\/v2\/types\/post"}],"author":[{"embeddable":true,"href":"https:\/\/lospoliticosveracruz.com\/index.php?rest_route=\/wp\/v2\/users\/2"}],"replies":[{"embeddable":true,"href":"https:\/\/lospoliticosveracruz.com\/index.php?rest_route=%2Fwp%2Fv2%2Fcomments&post=40327"}],"version-history":[{"count":1,"href":"https:\/\/lospoliticosveracruz.com\/index.php?rest_route=\/wp\/v2\/posts\/40327\/revisions"}],"predecessor-version":[{"id":40328,"href":"https:\/\/lospoliticosveracruz.com\/index.php?rest_route=\/wp\/v2\/posts\/40327\/revisions\/40328"}],"wp:attachment":[{"href":"https:\/\/lospoliticosveracruz.com\/index.php?rest_route=%2Fwp%2Fv2%2Fmedia&parent=40327"}],"wp:term":[{"taxonomy":"category","embeddable":true,"href":"https:\/\/lospoliticosveracruz.com\/index.php?rest_route=%2Fwp%2Fv2%2Fcategories&post=40327"},{"taxonomy":"post_tag","embeddable":true,"href":"https:\/\/lospoliticosveracruz.com\/index.php?rest_route=%2Fwp%2Fv2%2Ftags&post=40327"}],"curies":[{"name":"wp","href":"https:\/\/api.w.org\/{rel}","templated":true}]}}