{"id":40331,"date":"2018-03-08T09:47:23","date_gmt":"2018-03-08T15:47:23","guid":{"rendered":"http:\/\/www.lospoliticosveracruz.com.mx\/?p=40331"},"modified":"2018-03-08T09:47:23","modified_gmt":"2018-03-08T15:47:23","slug":"dia-internacional-de-la-mujer","status":"publish","type":"post","link":"https:\/\/lospoliticosveracruz.com\/?p=40331","title":{"rendered":"D\u00eda Internacional de la Mujer"},"content":{"rendered":"<p><strong>Avryl Casatel\u00e1n*<\/strong><\/p>\n<p>&nbsp;<\/p>\n<p>&nbsp;<\/p>\n<p>Para entender que el DIA INTERNACIONAL DE LA MUJER es una conmemoraci\u00f3n, no una celebraci\u00f3n, primero una breve rese\u00f1a:<\/p>\n<p>En 1910 la Internacional Socialista proclam\u00f3 el D\u00eda de la Mujer como homenaje al movimiento en favor de los derechos de la mujer en su b\u00fasqueda por el sufragio electoral y si bien no se estableci\u00f3 una fecha para su conmemoraci\u00f3n, al a\u00f1o siguiente se celebr\u00f3 solo en algunos pa\u00edses.<\/p>\n<p>El 19 de marzo de 1911 se propuso por primera vez el D\u00eda de la Mujer solo en Alemania, Austria, Suiza y Dinamarca con m\u00edtines a los que asistieron m\u00e1s de 1 mill\u00f3n de mujeres y hombres. En esta ocasi\u00f3n, adem\u00e1s de las proclamas pol\u00edticas, se exigi\u00f3 el derecho al trabajo y a la no discriminaci\u00f3n laboral.<\/p>\n<p>Solo una semana despu\u00e9s, el 25 de marzo, ocurri\u00f3 uno de los sucesos m\u00e1s tr\u00e1gicos que desnud\u00f3 la precaria situaci\u00f3n de las mujeres con respecto a sus derechos laborales, pisoteados e ignorados, traducido en la muerte de 140 j\u00f3venes en el incendio en la f\u00e1brica Triangle, en New York.<\/p>\n<p>Las mujeres, inmigrantes en su mayor\u00eda, estaban encerradas en la f\u00e1brica y no pudieron escapar durante el incendio. Este suceso tuvo repercusiones en la legislaci\u00f3n laboral de Estados Unidos y fue una alerta sobre las condiciones laborales de las mujeres en el mundo.<\/p>\n<p>Entre 1913 y 1914 en Rusia las mujeres eligieron su d\u00eda a finales de febrero, en el resto de Europa se realizaban m\u00edtines el 8 de marzo, hasta 1917. Ese a\u00f1o las mujeres rusas realizaron una gran huelga el \u00faltimo domingo de febrero que oblig\u00f3 al zar Nicol\u00e1s II a abdicar, luego el gobierno provisional le otorg\u00f3 el derecho al voto.<\/p>\n<p>Este gran suceso ocurri\u00f3 un 23 de febrero seg\u00fan el calendario juliano utilizado entonces en Rusia, o el 8 de marzo, seg\u00fan el calendario gregoriano utilizado en otros pa\u00edses. Entonces el 8 de marzo se conmemora el D\u00eda Internacional de la Mujer, una de las fechas m\u00e1s importantes del calendario porque se recuerda la lucha constante de la mujer por su participaci\u00f3n en la sociedad en igual de condiciones que los hombres.<\/p>\n<p>Es por esto que debemos ubicar a las personas que mandan im\u00e1genes de rosas felicitando a las mujeres, para m\u00ed el ser humano la mayor de las veces solo agarra y felicita en fechas especiales por cumplir, realmente no lo siente y en este caso se le ha dado la vuelta a esta conmemoraci\u00f3n para restarle fuerza al avance que se le va dando al reconocimiento de la Mujer en todos los \u00e1mbitos, de hecho \u00faltimamente he visto en el Internet memes o comentarios masculinos poniendo que ellos tambi\u00e9n son discriminados, son violentados, como poniendo que no tienen los mismos derechos de queja que las mujeres, pero \u00a1por favor!, esto nuevamente es para restar fuerza al empoderamiento femenino y bueno, por esa parte s\u00ed hay que equilibrar, es cierto, esta postura no nos debe hacer o permitir despreciar o hacer menos al lado masculino en donde tambi\u00e9n hay buenos seres humanos, pues tanto hay Hombres como Mujeres que dan mucho que desear en su actuar en la VIDA.<\/p>\n<p>As\u00ed que si piensas enviar Felicitaciones para este 8 de Marzo, mejor lee este Articulo y mejor pensemos qu\u00e9 podemos mejorar para equilibrar tanto problema de g\u00e9nero. Abrazo a todos y Mujeres EMPODERARSE es saber nuestras potencialidades y habilidades y ponerlas en MARCHA\u2026<\/p>\n<p style=\"text-align: left;\" align=\"CENTER\">* Avryl Castel\u00e1n Mart\u00ednez, con 11 a\u00f1os de edad, es la m\u00e1s joven de los colaboradores de \u201cLos Pol\u00edticos\u201d. A trav\u00e9s de sus cuentos y de su opini\u00f3n, nos permite ver y conocer otra perspectiva de nuestra realidad, a veces tan empa\u00f1ada por tantos sucesos funestos. Avryl particip\u00f3 en el libro \u201cHistorias de ni\u00f1as extraordinarias\u201d editado con el apoyo del Instituto<\/p>\n","protected":false},"excerpt":{"rendered":"<p>Avryl Casatel\u00e1n* &nbsp; &nbsp; Para entender que el DIA INTERNACIONAL DE LA MUJER es una conmemoraci\u00f3n, no una celebraci\u00f3n, primero una breve rese\u00f1a: En 1910 la Internacional Socialista proclam\u00f3 el D\u00eda de la Mujer como homenaje al movimiento en favor de los derechos de la mujer en su b\u00fasqueda por el sufragio electoral y si [&hellip;]<\/p>\n","protected":false},"author":2,"featured_media":0,"comment_status":"open","ping_status":"open","sticky":false,"template":"","format":"standard","meta":{"tdm_status":"","tdm_grid_status":"","footnotes":""},"categories":[70],"tags":[4995],"class_list":{"0":"post-40331","1":"post","2":"type-post","3":"status-publish","4":"format-standard","6":"category-de-opinion","7":"tag-dia-internacional-de-la-mujer"},"yoast_head":"<!-- This site is optimized with the Yoast SEO plugin v27.4 - https:\/\/yoast.com\/product\/yoast-seo-wordpress\/ -->\n<title>D\u00eda Internacional de la Mujer - Los pol\u00edticos Veracruz<\/title>\n<meta name=\"robots\" content=\"index, follow, max-snippet:-1, max-image-preview:large, max-video-preview:-1\" \/>\n<link rel=\"canonical\" href=\"https:\/\/lospoliticosveracruz.com\/?p=40331\" \/>\n<meta property=\"og:locale\" content=\"es_ES\" \/>\n<meta property=\"og:type\" content=\"article\" \/>\n<meta property=\"og:title\" content=\"D\u00eda Internacional de la Mujer - Los pol\u00edticos Veracruz\" \/>\n<meta property=\"og:description\" content=\"Avryl Casatel\u00e1n* &nbsp; &nbsp; Para entender que el DIA INTERNACIONAL DE LA MUJER es una conmemoraci\u00f3n, no una celebraci\u00f3n, primero una breve rese\u00f1a: En 1910 la Internacional Socialista proclam\u00f3 el D\u00eda de la Mujer como homenaje al movimiento en favor de los derechos de la mujer en su b\u00fasqueda por el sufragio electoral y si [&hellip;]\" \/>\n<meta property=\"og:url\" content=\"https:\/\/lospoliticosveracruz.com\/?p=40331\" \/>\n<meta property=\"og:site_name\" content=\"Los pol\u00edticos Veracruz\" \/>\n<meta property=\"article:publisher\" content=\"https:\/\/www.facebook.com\/people\/Notimemes-de-los-Polticos\/61565672886568\/\" \/>\n<meta property=\"article:published_time\" content=\"2018-03-08T15:47:23+00:00\" \/>\n<meta property=\"og:image\" content=\"https:\/\/lospoliticosveracruz.com\/wp-content\/uploads\/2016\/07\/Logo-Dor.jpg\" \/>\n\t<meta property=\"og:image:width\" content=\"200\" \/>\n\t<meta property=\"og:image:height\" content=\"200\" \/>\n\t<meta property=\"og:image:type\" content=\"image\/jpeg\" \/>\n<meta name=\"author\" content=\"Lo viste en Los Pol\u00edticos\" \/>\n<meta name=\"twitter:card\" content=\"summary_large_image\" \/>\n<meta name=\"twitter:creator\" content=\"@LosPoliticosVer\" \/>\n<meta name=\"twitter:site\" content=\"@LosPoliticosVer\" \/>\n<meta name=\"twitter:label1\" content=\"Escrito por\" \/>\n\t<meta name=\"twitter:data1\" content=\"Lo viste en Los Pol\u00edticos\" \/>\n\t<meta name=\"twitter:label2\" content=\"Tiempo de lectura\" \/>\n\t<meta name=\"twitter:data2\" content=\"3 minutos\" \/>\n<script type=\"application\/ld+json\" class=\"yoast-schema-graph\">{\"@context\":\"https:\\\/\\\/schema.org\",\"@graph\":[{\"@type\":\"Article\",\"@id\":\"https:\\\/\\\/lospoliticosveracruz.com\\\/?p=40331#article\",\"isPartOf\":{\"@id\":\"https:\\\/\\\/lospoliticosveracruz.com\\\/?p=40331\"},\"author\":{\"name\":\"Lo viste en Los Pol\u00edticos\",\"@id\":\"https:\\\/\\\/lospoliticosveracruz.com\\\/#\\\/schema\\\/person\\\/b8702bb0e538456e6efd07080bf2a4a2\"},\"headline\":\"D\u00eda Internacional de la Mujer\",\"datePublished\":\"2018-03-08T15:47:23+00:00\",\"mainEntityOfPage\":{\"@id\":\"https:\\\/\\\/lospoliticosveracruz.com\\\/?p=40331\"},\"wordCount\":667,\"commentCount\":0,\"publisher\":{\"@id\":\"https:\\\/\\\/lospoliticosveracruz.com\\\/#organization\"},\"keywords\":[\"D\u00eda Internacional de la Mujer\"],\"articleSection\":[\"De Opini\u00f3n\"],\"inLanguage\":\"es\",\"potentialAction\":[{\"@type\":\"CommentAction\",\"name\":\"Comment\",\"target\":[\"https:\\\/\\\/lospoliticosveracruz.com\\\/?p=40331#respond\"]}]},{\"@type\":\"WebPage\",\"@id\":\"https:\\\/\\\/lospoliticosveracruz.com\\\/?p=40331\",\"url\":\"https:\\\/\\\/lospoliticosveracruz.com\\\/?p=40331\",\"name\":\"D\u00eda Internacional de la Mujer - Los pol\u00edticos Veracruz\",\"isPartOf\":{\"@id\":\"https:\\\/\\\/lospoliticosveracruz.com\\\/#website\"},\"datePublished\":\"2018-03-08T15:47:23+00:00\",\"breadcrumb\":{\"@id\":\"https:\\\/\\\/lospoliticosveracruz.com\\\/?p=40331#breadcrumb\"},\"inLanguage\":\"es\",\"potentialAction\":[{\"@type\":\"ReadAction\",\"target\":[\"https:\\\/\\\/lospoliticosveracruz.com\\\/?p=40331\"]}]},{\"@type\":\"BreadcrumbList\",\"@id\":\"https:\\\/\\\/lospoliticosveracruz.com\\\/?p=40331#breadcrumb\",\"itemListElement\":[{\"@type\":\"ListItem\",\"position\":1,\"name\":\"Portada\",\"item\":\"https:\\\/\\\/lospoliticosveracruz.com\\\/\"},{\"@type\":\"ListItem\",\"position\":2,\"name\":\"D\u00eda Internacional de la Mujer\"}]},{\"@type\":\"WebSite\",\"@id\":\"https:\\\/\\\/lospoliticosveracruz.com\\\/#website\",\"url\":\"https:\\\/\\\/lospoliticosveracruz.com\\\/\",\"name\":\"Los pol\u00edticos Veracruz\",\"description\":\"\",\"publisher\":{\"@id\":\"https:\\\/\\\/lospoliticosveracruz.com\\\/#organization\"},\"potentialAction\":[{\"@type\":\"SearchAction\",\"target\":{\"@type\":\"EntryPoint\",\"urlTemplate\":\"https:\\\/\\\/lospoliticosveracruz.com\\\/?s={search_term_string}\"},\"query-input\":{\"@type\":\"PropertyValueSpecification\",\"valueRequired\":true,\"valueName\":\"search_term_string\"}}],\"inLanguage\":\"es\"},{\"@type\":\"Organization\",\"@id\":\"https:\\\/\\\/lospoliticosveracruz.com\\\/#organization\",\"name\":\"Los pol\u00edticos Veracruz\",\"url\":\"https:\\\/\\\/lospoliticosveracruz.com\\\/\",\"logo\":{\"@type\":\"ImageObject\",\"inLanguage\":\"es\",\"@id\":\"https:\\\/\\\/lospoliticosveracruz.com\\\/#\\\/schema\\\/logo\\\/image\\\/\",\"url\":\"https:\\\/\\\/lospoliticosveracruz.com\\\/wp-content\\\/uploads\\\/2025\\\/12\\\/Logo-Nuevo-LOS-POLITICOS-1.jpg\",\"contentUrl\":\"https:\\\/\\\/lospoliticosveracruz.com\\\/wp-content\\\/uploads\\\/2025\\\/12\\\/Logo-Nuevo-LOS-POLITICOS-1.jpg\",\"width\":260,\"height\":70,\"caption\":\"Los pol\u00edticos Veracruz\"},\"image\":{\"@id\":\"https:\\\/\\\/lospoliticosveracruz.com\\\/#\\\/schema\\\/logo\\\/image\\\/\"},\"sameAs\":[\"https:\\\/\\\/www.facebook.com\\\/people\\\/Notimemes-de-los-Polticos\\\/61565672886568\\\/\",\"https:\\\/\\\/x.com\\\/LosPoliticosVer\"]},{\"@type\":\"Person\",\"@id\":\"https:\\\/\\\/lospoliticosveracruz.com\\\/#\\\/schema\\\/person\\\/b8702bb0e538456e6efd07080bf2a4a2\",\"name\":\"Lo viste en Los Pol\u00edticos\",\"image\":{\"@type\":\"ImageObject\",\"inLanguage\":\"es\",\"@id\":\"https:\\\/\\\/secure.gravatar.com\\\/avatar\\\/3a8de04a2656d44082be478bd6c086daa447c4651605818287b9532d3d0bd435?s=96&d=mm&r=g\",\"url\":\"https:\\\/\\\/secure.gravatar.com\\\/avatar\\\/3a8de04a2656d44082be478bd6c086daa447c4651605818287b9532d3d0bd435?s=96&d=mm&r=g\",\"contentUrl\":\"https:\\\/\\\/secure.gravatar.com\\\/avatar\\\/3a8de04a2656d44082be478bd6c086daa447c4651605818287b9532d3d0bd435?s=96&d=mm&r=g\",\"caption\":\"Lo viste en Los Pol\u00edticos\"},\"url\":\"https:\\\/\\\/lospoliticosveracruz.com\\\/?author=2\"}]}<\/script>\n<!-- \/ Yoast SEO plugin. -->","yoast_head_json":{"title":"D\u00eda Internacional de la Mujer - Los pol\u00edticos Veracruz","robots":{"index":"index","follow":"follow","max-snippet":"max-snippet:-1","max-image-preview":"max-image-preview:large","max-video-preview":"max-video-preview:-1"},"canonical":"https:\/\/lospoliticosveracruz.com\/?p=40331","og_locale":"es_ES","og_type":"article","og_title":"D\u00eda Internacional de la Mujer - Los pol\u00edticos Veracruz","og_description":"Avryl Casatel\u00e1n* &nbsp; &nbsp; Para entender que el DIA INTERNACIONAL DE LA MUJER es una conmemoraci\u00f3n, no una celebraci\u00f3n, primero una breve rese\u00f1a: En 1910 la Internacional Socialista proclam\u00f3 el D\u00eda de la Mujer como homenaje al movimiento en favor de los derechos de la mujer en su b\u00fasqueda por el sufragio electoral y si [&hellip;]","og_url":"https:\/\/lospoliticosveracruz.com\/?p=40331","og_site_name":"Los pol\u00edticos Veracruz","article_publisher":"https:\/\/www.facebook.com\/people\/Notimemes-de-los-Polticos\/61565672886568\/","article_published_time":"2018-03-08T15:47:23+00:00","og_image":[{"width":200,"height":200,"url":"https:\/\/lospoliticosveracruz.com\/wp-content\/uploads\/2016\/07\/Logo-Dor.jpg","type":"image\/jpeg"}],"author":"Lo viste en Los Pol\u00edticos","twitter_card":"summary_large_image","twitter_creator":"@LosPoliticosVer","twitter_site":"@LosPoliticosVer","twitter_misc":{"Escrito por":"Lo viste en Los Pol\u00edticos","Tiempo de lectura":"3 minutos"},"schema":{"@context":"https:\/\/schema.org","@graph":[{"@type":"Article","@id":"https:\/\/lospoliticosveracruz.com\/?p=40331#article","isPartOf":{"@id":"https:\/\/lospoliticosveracruz.com\/?p=40331"},"author":{"name":"Lo viste en Los Pol\u00edticos","@id":"https:\/\/lospoliticosveracruz.com\/#\/schema\/person\/b8702bb0e538456e6efd07080bf2a4a2"},"headline":"D\u00eda Internacional de la Mujer","datePublished":"2018-03-08T15:47:23+00:00","mainEntityOfPage":{"@id":"https:\/\/lospoliticosveracruz.com\/?p=40331"},"wordCount":667,"commentCount":0,"publisher":{"@id":"https:\/\/lospoliticosveracruz.com\/#organization"},"keywords":["D\u00eda Internacional de la Mujer"],"articleSection":["De Opini\u00f3n"],"inLanguage":"es","potentialAction":[{"@type":"CommentAction","name":"Comment","target":["https:\/\/lospoliticosveracruz.com\/?p=40331#respond"]}]},{"@type":"WebPage","@id":"https:\/\/lospoliticosveracruz.com\/?p=40331","url":"https:\/\/lospoliticosveracruz.com\/?p=40331","name":"D\u00eda Internacional de la Mujer - Los pol\u00edticos Veracruz","isPartOf":{"@id":"https:\/\/lospoliticosveracruz.com\/#website"},"datePublished":"2018-03-08T15:47:23+00:00","breadcrumb":{"@id":"https:\/\/lospoliticosveracruz.com\/?p=40331#breadcrumb"},"inLanguage":"es","potentialAction":[{"@type":"ReadAction","target":["https:\/\/lospoliticosveracruz.com\/?p=40331"]}]},{"@type":"BreadcrumbList","@id":"https:\/\/lospoliticosveracruz.com\/?p=40331#breadcrumb","itemListElement":[{"@type":"ListItem","position":1,"name":"Portada","item":"https:\/\/lospoliticosveracruz.com\/"},{"@type":"ListItem","position":2,"name":"D\u00eda Internacional de la Mujer"}]},{"@type":"WebSite","@id":"https:\/\/lospoliticosveracruz.com\/#website","url":"https:\/\/lospoliticosveracruz.com\/","name":"Los pol\u00edticos Veracruz","description":"","publisher":{"@id":"https:\/\/lospoliticosveracruz.com\/#organization"},"potentialAction":[{"@type":"SearchAction","target":{"@type":"EntryPoint","urlTemplate":"https:\/\/lospoliticosveracruz.com\/?s={search_term_string}"},"query-input":{"@type":"PropertyValueSpecification","valueRequired":true,"valueName":"search_term_string"}}],"inLanguage":"es"},{"@type":"Organization","@id":"https:\/\/lospoliticosveracruz.com\/#organization","name":"Los pol\u00edticos Veracruz","url":"https:\/\/lospoliticosveracruz.com\/","logo":{"@type":"ImageObject","inLanguage":"es","@id":"https:\/\/lospoliticosveracruz.com\/#\/schema\/logo\/image\/","url":"https:\/\/lospoliticosveracruz.com\/wp-content\/uploads\/2025\/12\/Logo-Nuevo-LOS-POLITICOS-1.jpg","contentUrl":"https:\/\/lospoliticosveracruz.com\/wp-content\/uploads\/2025\/12\/Logo-Nuevo-LOS-POLITICOS-1.jpg","width":260,"height":70,"caption":"Los pol\u00edticos Veracruz"},"image":{"@id":"https:\/\/lospoliticosveracruz.com\/#\/schema\/logo\/image\/"},"sameAs":["https:\/\/www.facebook.com\/people\/Notimemes-de-los-Polticos\/61565672886568\/","https:\/\/x.com\/LosPoliticosVer"]},{"@type":"Person","@id":"https:\/\/lospoliticosveracruz.com\/#\/schema\/person\/b8702bb0e538456e6efd07080bf2a4a2","name":"Lo viste en Los Pol\u00edticos","image":{"@type":"ImageObject","inLanguage":"es","@id":"https:\/\/secure.gravatar.com\/avatar\/3a8de04a2656d44082be478bd6c086daa447c4651605818287b9532d3d0bd435?s=96&d=mm&r=g","url":"https:\/\/secure.gravatar.com\/avatar\/3a8de04a2656d44082be478bd6c086daa447c4651605818287b9532d3d0bd435?s=96&d=mm&r=g","contentUrl":"https:\/\/secure.gravatar.com\/avatar\/3a8de04a2656d44082be478bd6c086daa447c4651605818287b9532d3d0bd435?s=96&d=mm&r=g","caption":"Lo viste en Los Pol\u00edticos"},"url":"https:\/\/lospoliticosveracruz.com\/?author=2"}]}},"_links":{"self":[{"href":"https:\/\/lospoliticosveracruz.com\/index.php?rest_route=\/wp\/v2\/posts\/40331","targetHints":{"allow":["GET"]}}],"collection":[{"href":"https:\/\/lospoliticosveracruz.com\/index.php?rest_route=\/wp\/v2\/posts"}],"about":[{"href":"https:\/\/lospoliticosveracruz.com\/index.php?rest_route=\/wp\/v2\/types\/post"}],"author":[{"embeddable":true,"href":"https:\/\/lospoliticosveracruz.com\/index.php?rest_route=\/wp\/v2\/users\/2"}],"replies":[{"embeddable":true,"href":"https:\/\/lospoliticosveracruz.com\/index.php?rest_route=%2Fwp%2Fv2%2Fcomments&post=40331"}],"version-history":[{"count":1,"href":"https:\/\/lospoliticosveracruz.com\/index.php?rest_route=\/wp\/v2\/posts\/40331\/revisions"}],"predecessor-version":[{"id":40332,"href":"https:\/\/lospoliticosveracruz.com\/index.php?rest_route=\/wp\/v2\/posts\/40331\/revisions\/40332"}],"wp:attachment":[{"href":"https:\/\/lospoliticosveracruz.com\/index.php?rest_route=%2Fwp%2Fv2%2Fmedia&parent=40331"}],"wp:term":[{"taxonomy":"category","embeddable":true,"href":"https:\/\/lospoliticosveracruz.com\/index.php?rest_route=%2Fwp%2Fv2%2Fcategories&post=40331"},{"taxonomy":"post_tag","embeddable":true,"href":"https:\/\/lospoliticosveracruz.com\/index.php?rest_route=%2Fwp%2Fv2%2Ftags&post=40331"}],"curies":[{"name":"wp","href":"https:\/\/api.w.org\/{rel}","templated":true}]}}