{"id":40350,"date":"2018-03-12T22:29:21","date_gmt":"2018-03-13T04:29:21","guid":{"rendered":"http:\/\/www.lospoliticosveracruz.com.mx\/?p=40350"},"modified":"2018-03-12T22:29:21","modified_gmt":"2018-03-13T04:29:21","slug":"el-reto-de-roji","status":"publish","type":"post","link":"https:\/\/lospoliticosveracruz.com\/?p=40350","title":{"rendered":"El reto de Roj\u00ed"},"content":{"rendered":"<p><strong>Salvador Mu\u00f1oz<\/strong><\/p>\n<p><em>Los Pol\u00edticos<\/em><br \/>\nPrimero lleg\u00f3 Homero Simpson&#8230; ahora, viene Pablo Picasso&#8230; y en breve, \u00a1hasta Tyson estar\u00e1 en la Ciudad de las Aguas Alegres! S\u00ed, es parte del escenario que anuncia el alcalde de la Pluviosilla, Igor Fidel Roj\u00ed L\u00f3pez, en una charla entre amigos en la Unidad de Manejo para la Conservaci\u00f3n de la Vida Silvestre El Cartujano, donde ya le ech\u00f3 el ojo a un par de jabal\u00edes para llevarlos al zool\u00f3gico y donde queda pendiente un venado, producto de una apuesta, historia que he de contar para mejor ocasi\u00f3n.<br \/>\nEra inevitable preguntarle al alcalde de Orizaba sobre \u201cHomero Simpson\u201d situado en el Poliforum Mier y Pesado y nos cuenta que fue y es todo un \u00e9xito esa figura que es en honor de un orizabe\u00f1o, Humberto V\u00e9lez, quien da voz a ese personaje. S\u00ed, hay quienes siguen criticando tal estatua, pero se quiera o no, Orizaba de repente fue puesta en el escenario nacional y todo mundo habla de ella.<br \/>\nLe comento que en mi infancia, los prados del entonces asilo Mier y Pesado eran vedados y bueno, para cualquier otro ciudadano&#8230; \u00a1ya ni se diga su inmueble! Me responde Igor Roj\u00ed que lo mismo vivi\u00f3 \u00e9l, pero ahora, ya convertido en un Poliforum, espacio que da lugar a cualquier expresi\u00f3n de arte, llegan orizabe\u00f1os y de otras latitudes a conocer la obra del ceramista Tom\u00e1s Owen y de la pintora Beatriz S. Zurita, \u00a1y a tomarse fotos, por supuesto con Homero Simpson! De eso tom\u00f3 constancia conocida televisora nacional del fen\u00f3meno en que se ha convertido el hombre amarillo de la Springfield.<br \/>\nPor cierto, como dato curioso, el edil platica que Humberto V\u00e9lez, el que le da voz a este personaje, cont\u00f3 que su padre fue obrero y que puso el estilo de la vida de un trabajador de una ciudad industrializada como lo es Orizaba, a Homero Simpson.<br \/>\nHay que comentar que ahora, una de las bases en que se sustenta el proyecto municipal de Orizaba desde hace algunas administraciones, ha sido el turismo, y ello se demuestra con el telef\u00e9rico, la reserva animal a orilla del r\u00edo Orizaba, sus museos de arte, el mismo Poliforum, y se viene el Jard\u00edn Bot\u00e1nico, un Planetario que ser\u00eda el primero y \u00fanico en Veracruz, la Ciudad del Futbol junto con un estadio, un Malacate de kil\u00f3metro y medio, que vendr\u00eda a complementar los escenarios que hacen que \u201cM\u00e9xico Desconocido\u201d, revista especializada, considere a Orizaba como el Mejor Pueblo M\u00e1gico del pa\u00eds en este 2018.<br \/>\n\u00bfIgor Fidel? Dos nombres que suenan a ruso y comunista&#8230; as\u00ed le puso su padre, y como dato curioso, dice que su apellido, al rev\u00e9s, es un pal\u00edndromo tomando en cuenta que la J en ruso es suave: Igor=Roj\u00ed.<br \/>\nEl alcalde de la Ciudad de las Aguas Alegres tambi\u00e9n nos cuenta que se va a ir de \u201ccacer\u00eda\u201d&#8230; y no a \u00c1frica, sino a Las Choapas, porque la Hipop\u00f3tamo que habita en las lagunas, pronto ha de tener hogar a las orillas del r\u00edo Orizaba, pero en este momento est\u00e1n acondicionando lo que ser\u00e1 su h\u00e1bitat; incluso, comenta que se tendr\u00e1 un cristal para que se pueda observar a \u201cTyson\u201d mientras reposa en las profundidades del agua.<br \/>\nHace unos d\u00edas estuvo en Orizaba el Gobernador de Veracruz, Miguel \u00c1ngel Yunes Linares, donde entreg\u00f3 50 c\u00e1maras de videovigilancia al alcalde. \u00bfBuenas relaciones de un Gobernador panista con un alcalde pri\u00edsta?, le pregunto: \u201cTodo en favor de los orizabe\u00f1os\u201d. Cuenta que siempre ha sido as\u00ed al menos en las \u00faltimas administraciones, donde se respeta a las instituciones pero tambi\u00e9n se les pide respeto a Orizaba. Por cierto, dice que Yunes Linares qued\u00f3 impresionado con el Palacio Municipal&#8230; \u201cParece un Palacio de Gobierno\u201d, comenta que dijo, y se recuerda que alguna vez la Pluviosilla fue sede del Poder Ejecutivo hace muchos a\u00f1os hasta que Juan de la Luz Enr\u00edquez lo traslad\u00f3 a Xalapa&#8230; los orizabe\u00f1os, en respuesta, le dieron al pante\u00f3n municipal su nombre.<br \/>\nOrizaba es una ciudad fant\u00e1stica, donde se mezclan los sabores, la historia, la far\u00e1ndula y el buen comer, tanto, que las tortas favoritas de Igor Roj\u00ed son las de Pavitos, no le hace feo a las tripas de Do\u00f1a Librada (leyenda culinaria de esa ciudad) y si se trata de una buena barbacoa, \u00a1la de Jalapilla! Y por supuesto, igual se recuerda \u00a1hasta la leyenda de la casa embrujada! \u00a1\u00c9sa que est\u00e1 en Sur 3 y Oriente 4! donde el mismo Facundo, Jaime Maussan y Carlos Trejo, han hecho trabajos especiales&#8230;<br \/>\n\u00bfSuperar lo hecho por Juan Manuel Diez Francos? \u00a1\u00c9se es el reto! y muchos de los proyectos para hacerlo, ya nos los cont\u00f3, aunque hay dos interesantes a resaltar: el de llevar lo m\u00e1gico del centro a la periferia y hacer un gobierno de cercan\u00eda total con los orizabe\u00f1os y para ello, tiene cuatro a\u00f1os por delante.<br \/>\nsmcainito@gmail.com<\/p>\n","protected":false},"excerpt":{"rendered":"<p>Salvador Mu\u00f1oz Los Pol\u00edticos Primero lleg\u00f3 Homero Simpson&#8230; ahora, viene Pablo Picasso&#8230; y en breve, \u00a1hasta Tyson estar\u00e1 en la Ciudad de las Aguas Alegres! S\u00ed, es parte del escenario que anuncia el alcalde de la Pluviosilla, Igor Fidel Roj\u00ed L\u00f3pez, en una charla entre amigos en la Unidad de Manejo para la Conservaci\u00f3n de [&hellip;]<\/p>\n","protected":false},"author":2,"featured_media":40443,"comment_status":"open","ping_status":"open","sticky":false,"template":"","format":"standard","meta":{"tdm_status":"","tdm_grid_status":"","footnotes":""},"categories":[70],"tags":[11181,11178,1639,11180,11179],"class_list":{"0":"post-40350","1":"post","2":"type-post","3":"status-publish","4":"format-standard","5":"has-post-thumbnail","7":"category-de-opinion","8":"tag-homero-simpson","9":"tag-igor-fidel-roji-lopez","10":"tag-orizaba","11":"tag-poliforum-mier-y-pesado","12":"tag-unidad-de-manejo-para-la-conservacion-de-la-vida-silvestre-el-cartujano"},"yoast_head":"<!-- This site is optimized with the Yoast SEO plugin v27.4 - https:\/\/yoast.com\/product\/yoast-seo-wordpress\/ -->\n<title>El reto de Roj\u00ed - Los pol\u00edticos Veracruz<\/title>\n<meta name=\"robots\" content=\"index, follow, max-snippet:-1, max-image-preview:large, max-video-preview:-1\" \/>\n<link rel=\"canonical\" href=\"https:\/\/lospoliticosveracruz.com\/?p=40350\" \/>\n<meta property=\"og:locale\" content=\"es_ES\" \/>\n<meta property=\"og:type\" content=\"article\" \/>\n<meta property=\"og:title\" content=\"El reto de Roj\u00ed - Los pol\u00edticos Veracruz\" \/>\n<meta property=\"og:description\" content=\"Salvador Mu\u00f1oz Los Pol\u00edticos Primero lleg\u00f3 Homero Simpson&#8230; ahora, viene Pablo Picasso&#8230; y en breve, \u00a1hasta Tyson estar\u00e1 en la Ciudad de las Aguas Alegres! S\u00ed, es parte del escenario que anuncia el alcalde de la Pluviosilla, Igor Fidel Roj\u00ed L\u00f3pez, en una charla entre amigos en la Unidad de Manejo para la Conservaci\u00f3n de [&hellip;]\" \/>\n<meta property=\"og:url\" content=\"https:\/\/lospoliticosveracruz.com\/?p=40350\" \/>\n<meta property=\"og:site_name\" content=\"Los pol\u00edticos Veracruz\" \/>\n<meta property=\"article:publisher\" content=\"https:\/\/www.facebook.com\/people\/Notimemes-de-los-Polticos\/61565672886568\/\" \/>\n<meta property=\"article:published_time\" content=\"2018-03-13T04:29:21+00:00\" \/>\n<meta property=\"og:image\" content=\"https:\/\/lospoliticosveracruz.com\/wp-content\/uploads\/2018\/03\/Dor-y-Roji\u0301.jpg\" \/>\n\t<meta property=\"og:image:width\" content=\"600\" \/>\n\t<meta property=\"og:image:height\" content=\"399\" \/>\n\t<meta property=\"og:image:type\" content=\"image\/jpeg\" \/>\n<meta name=\"author\" content=\"Lo viste en Los Pol\u00edticos\" \/>\n<meta name=\"twitter:card\" content=\"summary_large_image\" \/>\n<meta name=\"twitter:creator\" content=\"@LosPoliticosVer\" \/>\n<meta name=\"twitter:site\" content=\"@LosPoliticosVer\" \/>\n<meta name=\"twitter:label1\" content=\"Escrito por\" \/>\n\t<meta name=\"twitter:data1\" content=\"Lo viste en Los Pol\u00edticos\" \/>\n\t<meta name=\"twitter:label2\" content=\"Tiempo de lectura\" \/>\n\t<meta name=\"twitter:data2\" content=\"4 minutos\" \/>\n<script type=\"application\/ld+json\" class=\"yoast-schema-graph\">{\"@context\":\"https:\\\/\\\/schema.org\",\"@graph\":[{\"@type\":\"Article\",\"@id\":\"https:\\\/\\\/lospoliticosveracruz.com\\\/?p=40350#article\",\"isPartOf\":{\"@id\":\"https:\\\/\\\/lospoliticosveracruz.com\\\/?p=40350\"},\"author\":{\"name\":\"Lo viste en Los Pol\u00edticos\",\"@id\":\"https:\\\/\\\/lospoliticosveracruz.com\\\/#\\\/schema\\\/person\\\/b8702bb0e538456e6efd07080bf2a4a2\"},\"headline\":\"El reto de Roj\u00ed\",\"datePublished\":\"2018-03-13T04:29:21+00:00\",\"mainEntityOfPage\":{\"@id\":\"https:\\\/\\\/lospoliticosveracruz.com\\\/?p=40350\"},\"wordCount\":859,\"commentCount\":0,\"publisher\":{\"@id\":\"https:\\\/\\\/lospoliticosveracruz.com\\\/#organization\"},\"image\":{\"@id\":\"https:\\\/\\\/lospoliticosveracruz.com\\\/?p=40350#primaryimage\"},\"thumbnailUrl\":\"https:\\\/\\\/lospoliticosveracruz.com\\\/wp-content\\\/uploads\\\/2018\\\/03\\\/Dor-y-Roji\u0301.jpg\",\"keywords\":[\"Homero Simpson\",\"Igor Fidel Roj\u00ed L\u00f3pez\",\"Orizaba\",\"Poliforum Mier y Pesado\",\"Unidad de Manejo para la Conservaci\u00f3n de la Vida Silvestre El Cartujano\"],\"articleSection\":[\"De Opini\u00f3n\"],\"inLanguage\":\"es\",\"potentialAction\":[{\"@type\":\"CommentAction\",\"name\":\"Comment\",\"target\":[\"https:\\\/\\\/lospoliticosveracruz.com\\\/?p=40350#respond\"]}]},{\"@type\":\"WebPage\",\"@id\":\"https:\\\/\\\/lospoliticosveracruz.com\\\/?p=40350\",\"url\":\"https:\\\/\\\/lospoliticosveracruz.com\\\/?p=40350\",\"name\":\"El reto de Roj\u00ed - Los pol\u00edticos Veracruz\",\"isPartOf\":{\"@id\":\"https:\\\/\\\/lospoliticosveracruz.com\\\/#website\"},\"primaryImageOfPage\":{\"@id\":\"https:\\\/\\\/lospoliticosveracruz.com\\\/?p=40350#primaryimage\"},\"image\":{\"@id\":\"https:\\\/\\\/lospoliticosveracruz.com\\\/?p=40350#primaryimage\"},\"thumbnailUrl\":\"https:\\\/\\\/lospoliticosveracruz.com\\\/wp-content\\\/uploads\\\/2018\\\/03\\\/Dor-y-Roji\u0301.jpg\",\"datePublished\":\"2018-03-13T04:29:21+00:00\",\"breadcrumb\":{\"@id\":\"https:\\\/\\\/lospoliticosveracruz.com\\\/?p=40350#breadcrumb\"},\"inLanguage\":\"es\",\"potentialAction\":[{\"@type\":\"ReadAction\",\"target\":[\"https:\\\/\\\/lospoliticosveracruz.com\\\/?p=40350\"]}]},{\"@type\":\"ImageObject\",\"inLanguage\":\"es\",\"@id\":\"https:\\\/\\\/lospoliticosveracruz.com\\\/?p=40350#primaryimage\",\"url\":\"https:\\\/\\\/lospoliticosveracruz.com\\\/wp-content\\\/uploads\\\/2018\\\/03\\\/Dor-y-Roji\u0301.jpg\",\"contentUrl\":\"https:\\\/\\\/lospoliticosveracruz.com\\\/wp-content\\\/uploads\\\/2018\\\/03\\\/Dor-y-Roji\u0301.jpg\",\"width\":600,\"height\":399},{\"@type\":\"BreadcrumbList\",\"@id\":\"https:\\\/\\\/lospoliticosveracruz.com\\\/?p=40350#breadcrumb\",\"itemListElement\":[{\"@type\":\"ListItem\",\"position\":1,\"name\":\"Portada\",\"item\":\"https:\\\/\\\/lospoliticosveracruz.com\\\/\"},{\"@type\":\"ListItem\",\"position\":2,\"name\":\"El reto de Roj\u00ed\"}]},{\"@type\":\"WebSite\",\"@id\":\"https:\\\/\\\/lospoliticosveracruz.com\\\/#website\",\"url\":\"https:\\\/\\\/lospoliticosveracruz.com\\\/\",\"name\":\"Los pol\u00edticos Veracruz\",\"description\":\"\",\"publisher\":{\"@id\":\"https:\\\/\\\/lospoliticosveracruz.com\\\/#organization\"},\"potentialAction\":[{\"@type\":\"SearchAction\",\"target\":{\"@type\":\"EntryPoint\",\"urlTemplate\":\"https:\\\/\\\/lospoliticosveracruz.com\\\/?s={search_term_string}\"},\"query-input\":{\"@type\":\"PropertyValueSpecification\",\"valueRequired\":true,\"valueName\":\"search_term_string\"}}],\"inLanguage\":\"es\"},{\"@type\":\"Organization\",\"@id\":\"https:\\\/\\\/lospoliticosveracruz.com\\\/#organization\",\"name\":\"Los pol\u00edticos Veracruz\",\"url\":\"https:\\\/\\\/lospoliticosveracruz.com\\\/\",\"logo\":{\"@type\":\"ImageObject\",\"inLanguage\":\"es\",\"@id\":\"https:\\\/\\\/lospoliticosveracruz.com\\\/#\\\/schema\\\/logo\\\/image\\\/\",\"url\":\"https:\\\/\\\/lospoliticosveracruz.com\\\/wp-content\\\/uploads\\\/2025\\\/12\\\/Logo-Nuevo-LOS-POLITICOS-1.jpg\",\"contentUrl\":\"https:\\\/\\\/lospoliticosveracruz.com\\\/wp-content\\\/uploads\\\/2025\\\/12\\\/Logo-Nuevo-LOS-POLITICOS-1.jpg\",\"width\":260,\"height\":70,\"caption\":\"Los pol\u00edticos Veracruz\"},\"image\":{\"@id\":\"https:\\\/\\\/lospoliticosveracruz.com\\\/#\\\/schema\\\/logo\\\/image\\\/\"},\"sameAs\":[\"https:\\\/\\\/www.facebook.com\\\/people\\\/Notimemes-de-los-Polticos\\\/61565672886568\\\/\",\"https:\\\/\\\/x.com\\\/LosPoliticosVer\"]},{\"@type\":\"Person\",\"@id\":\"https:\\\/\\\/lospoliticosveracruz.com\\\/#\\\/schema\\\/person\\\/b8702bb0e538456e6efd07080bf2a4a2\",\"name\":\"Lo viste en Los Pol\u00edticos\",\"image\":{\"@type\":\"ImageObject\",\"inLanguage\":\"es\",\"@id\":\"https:\\\/\\\/secure.gravatar.com\\\/avatar\\\/3a8de04a2656d44082be478bd6c086daa447c4651605818287b9532d3d0bd435?s=96&d=mm&r=g\",\"url\":\"https:\\\/\\\/secure.gravatar.com\\\/avatar\\\/3a8de04a2656d44082be478bd6c086daa447c4651605818287b9532d3d0bd435?s=96&d=mm&r=g\",\"contentUrl\":\"https:\\\/\\\/secure.gravatar.com\\\/avatar\\\/3a8de04a2656d44082be478bd6c086daa447c4651605818287b9532d3d0bd435?s=96&d=mm&r=g\",\"caption\":\"Lo viste en Los Pol\u00edticos\"},\"url\":\"https:\\\/\\\/lospoliticosveracruz.com\\\/?author=2\"}]}<\/script>\n<!-- \/ Yoast SEO plugin. -->","yoast_head_json":{"title":"El reto de Roj\u00ed - Los pol\u00edticos Veracruz","robots":{"index":"index","follow":"follow","max-snippet":"max-snippet:-1","max-image-preview":"max-image-preview:large","max-video-preview":"max-video-preview:-1"},"canonical":"https:\/\/lospoliticosveracruz.com\/?p=40350","og_locale":"es_ES","og_type":"article","og_title":"El reto de Roj\u00ed - Los pol\u00edticos Veracruz","og_description":"Salvador Mu\u00f1oz Los Pol\u00edticos Primero lleg\u00f3 Homero Simpson&#8230; ahora, viene Pablo Picasso&#8230; y en breve, \u00a1hasta Tyson estar\u00e1 en la Ciudad de las Aguas Alegres! S\u00ed, es parte del escenario que anuncia el alcalde de la Pluviosilla, Igor Fidel Roj\u00ed L\u00f3pez, en una charla entre amigos en la Unidad de Manejo para la Conservaci\u00f3n de [&hellip;]","og_url":"https:\/\/lospoliticosveracruz.com\/?p=40350","og_site_name":"Los pol\u00edticos Veracruz","article_publisher":"https:\/\/www.facebook.com\/people\/Notimemes-de-los-Polticos\/61565672886568\/","article_published_time":"2018-03-13T04:29:21+00:00","og_image":[{"width":600,"height":399,"url":"https:\/\/lospoliticosveracruz.com\/wp-content\/uploads\/2018\/03\/Dor-y-Roji\u0301.jpg","type":"image\/jpeg"}],"author":"Lo viste en Los Pol\u00edticos","twitter_card":"summary_large_image","twitter_creator":"@LosPoliticosVer","twitter_site":"@LosPoliticosVer","twitter_misc":{"Escrito por":"Lo viste en Los Pol\u00edticos","Tiempo de lectura":"4 minutos"},"schema":{"@context":"https:\/\/schema.org","@graph":[{"@type":"Article","@id":"https:\/\/lospoliticosveracruz.com\/?p=40350#article","isPartOf":{"@id":"https:\/\/lospoliticosveracruz.com\/?p=40350"},"author":{"name":"Lo viste en Los Pol\u00edticos","@id":"https:\/\/lospoliticosveracruz.com\/#\/schema\/person\/b8702bb0e538456e6efd07080bf2a4a2"},"headline":"El reto de Roj\u00ed","datePublished":"2018-03-13T04:29:21+00:00","mainEntityOfPage":{"@id":"https:\/\/lospoliticosveracruz.com\/?p=40350"},"wordCount":859,"commentCount":0,"publisher":{"@id":"https:\/\/lospoliticosveracruz.com\/#organization"},"image":{"@id":"https:\/\/lospoliticosveracruz.com\/?p=40350#primaryimage"},"thumbnailUrl":"https:\/\/lospoliticosveracruz.com\/wp-content\/uploads\/2018\/03\/Dor-y-Roji\u0301.jpg","keywords":["Homero Simpson","Igor Fidel Roj\u00ed L\u00f3pez","Orizaba","Poliforum Mier y Pesado","Unidad de Manejo para la Conservaci\u00f3n de la Vida Silvestre El Cartujano"],"articleSection":["De Opini\u00f3n"],"inLanguage":"es","potentialAction":[{"@type":"CommentAction","name":"Comment","target":["https:\/\/lospoliticosveracruz.com\/?p=40350#respond"]}]},{"@type":"WebPage","@id":"https:\/\/lospoliticosveracruz.com\/?p=40350","url":"https:\/\/lospoliticosveracruz.com\/?p=40350","name":"El reto de Roj\u00ed - Los pol\u00edticos Veracruz","isPartOf":{"@id":"https:\/\/lospoliticosveracruz.com\/#website"},"primaryImageOfPage":{"@id":"https:\/\/lospoliticosveracruz.com\/?p=40350#primaryimage"},"image":{"@id":"https:\/\/lospoliticosveracruz.com\/?p=40350#primaryimage"},"thumbnailUrl":"https:\/\/lospoliticosveracruz.com\/wp-content\/uploads\/2018\/03\/Dor-y-Roji\u0301.jpg","datePublished":"2018-03-13T04:29:21+00:00","breadcrumb":{"@id":"https:\/\/lospoliticosveracruz.com\/?p=40350#breadcrumb"},"inLanguage":"es","potentialAction":[{"@type":"ReadAction","target":["https:\/\/lospoliticosveracruz.com\/?p=40350"]}]},{"@type":"ImageObject","inLanguage":"es","@id":"https:\/\/lospoliticosveracruz.com\/?p=40350#primaryimage","url":"https:\/\/lospoliticosveracruz.com\/wp-content\/uploads\/2018\/03\/Dor-y-Roji\u0301.jpg","contentUrl":"https:\/\/lospoliticosveracruz.com\/wp-content\/uploads\/2018\/03\/Dor-y-Roji\u0301.jpg","width":600,"height":399},{"@type":"BreadcrumbList","@id":"https:\/\/lospoliticosveracruz.com\/?p=40350#breadcrumb","itemListElement":[{"@type":"ListItem","position":1,"name":"Portada","item":"https:\/\/lospoliticosveracruz.com\/"},{"@type":"ListItem","position":2,"name":"El reto de Roj\u00ed"}]},{"@type":"WebSite","@id":"https:\/\/lospoliticosveracruz.com\/#website","url":"https:\/\/lospoliticosveracruz.com\/","name":"Los pol\u00edticos Veracruz","description":"","publisher":{"@id":"https:\/\/lospoliticosveracruz.com\/#organization"},"potentialAction":[{"@type":"SearchAction","target":{"@type":"EntryPoint","urlTemplate":"https:\/\/lospoliticosveracruz.com\/?s={search_term_string}"},"query-input":{"@type":"PropertyValueSpecification","valueRequired":true,"valueName":"search_term_string"}}],"inLanguage":"es"},{"@type":"Organization","@id":"https:\/\/lospoliticosveracruz.com\/#organization","name":"Los pol\u00edticos Veracruz","url":"https:\/\/lospoliticosveracruz.com\/","logo":{"@type":"ImageObject","inLanguage":"es","@id":"https:\/\/lospoliticosveracruz.com\/#\/schema\/logo\/image\/","url":"https:\/\/lospoliticosveracruz.com\/wp-content\/uploads\/2025\/12\/Logo-Nuevo-LOS-POLITICOS-1.jpg","contentUrl":"https:\/\/lospoliticosveracruz.com\/wp-content\/uploads\/2025\/12\/Logo-Nuevo-LOS-POLITICOS-1.jpg","width":260,"height":70,"caption":"Los pol\u00edticos Veracruz"},"image":{"@id":"https:\/\/lospoliticosveracruz.com\/#\/schema\/logo\/image\/"},"sameAs":["https:\/\/www.facebook.com\/people\/Notimemes-de-los-Polticos\/61565672886568\/","https:\/\/x.com\/LosPoliticosVer"]},{"@type":"Person","@id":"https:\/\/lospoliticosveracruz.com\/#\/schema\/person\/b8702bb0e538456e6efd07080bf2a4a2","name":"Lo viste en Los Pol\u00edticos","image":{"@type":"ImageObject","inLanguage":"es","@id":"https:\/\/secure.gravatar.com\/avatar\/3a8de04a2656d44082be478bd6c086daa447c4651605818287b9532d3d0bd435?s=96&d=mm&r=g","url":"https:\/\/secure.gravatar.com\/avatar\/3a8de04a2656d44082be478bd6c086daa447c4651605818287b9532d3d0bd435?s=96&d=mm&r=g","contentUrl":"https:\/\/secure.gravatar.com\/avatar\/3a8de04a2656d44082be478bd6c086daa447c4651605818287b9532d3d0bd435?s=96&d=mm&r=g","caption":"Lo viste en Los Pol\u00edticos"},"url":"https:\/\/lospoliticosveracruz.com\/?author=2"}]}},"_links":{"self":[{"href":"https:\/\/lospoliticosveracruz.com\/index.php?rest_route=\/wp\/v2\/posts\/40350","targetHints":{"allow":["GET"]}}],"collection":[{"href":"https:\/\/lospoliticosveracruz.com\/index.php?rest_route=\/wp\/v2\/posts"}],"about":[{"href":"https:\/\/lospoliticosveracruz.com\/index.php?rest_route=\/wp\/v2\/types\/post"}],"author":[{"embeddable":true,"href":"https:\/\/lospoliticosveracruz.com\/index.php?rest_route=\/wp\/v2\/users\/2"}],"replies":[{"embeddable":true,"href":"https:\/\/lospoliticosveracruz.com\/index.php?rest_route=%2Fwp%2Fv2%2Fcomments&post=40350"}],"version-history":[{"count":3,"href":"https:\/\/lospoliticosveracruz.com\/index.php?rest_route=\/wp\/v2\/posts\/40350\/revisions"}],"predecessor-version":[{"id":40445,"href":"https:\/\/lospoliticosveracruz.com\/index.php?rest_route=\/wp\/v2\/posts\/40350\/revisions\/40445"}],"wp:featuredmedia":[{"embeddable":true,"href":"https:\/\/lospoliticosveracruz.com\/index.php?rest_route=\/wp\/v2\/media\/40443"}],"wp:attachment":[{"href":"https:\/\/lospoliticosveracruz.com\/index.php?rest_route=%2Fwp%2Fv2%2Fmedia&parent=40350"}],"wp:term":[{"taxonomy":"category","embeddable":true,"href":"https:\/\/lospoliticosveracruz.com\/index.php?rest_route=%2Fwp%2Fv2%2Fcategories&post=40350"},{"taxonomy":"post_tag","embeddable":true,"href":"https:\/\/lospoliticosveracruz.com\/index.php?rest_route=%2Fwp%2Fv2%2Ftags&post=40350"}],"curies":[{"name":"wp","href":"https:\/\/api.w.org\/{rel}","templated":true}]}}