{"id":40356,"date":"2018-03-08T22:55:15","date_gmt":"2018-03-09T04:55:15","guid":{"rendered":"http:\/\/www.lospoliticosveracruz.com.mx\/?p=40356"},"modified":"2018-03-08T21:07:19","modified_gmt":"2018-03-09T03:07:19","slug":"en-el-dia-internacional-de-la-mujer","status":"publish","type":"post","link":"https:\/\/lospoliticosveracruz.com\/?p=40356","title":{"rendered":"En el d\u00eda Internacional de la Mujer\u2026"},"content":{"rendered":"<p><strong>Brenda Caballero<\/strong><\/p>\n<p><em>N\u00fameros Rojos<\/em><\/p>\n<p>&nbsp;<\/p>\n<p>&nbsp;<\/p>\n<p>Jos\u00e9 Kirsch se acomodaba el saco mientras caminaba r\u00e1pidamente a un lado del Parque Ju\u00e1rez. El diputado estaba a cinco minutos de la explanada de Palacio de Gobierno, lugar donde se conmemorar\u00eda el D\u00eda Internacional de La Mujer. Este a\u00f1o, el mensaje de la ONU es: \u201cAhora es el momento: las activistas rurales y urbanas transforman la vida de las mujeres\u201d.<\/p>\n<p>Los invitados empezaban a llegar: Ah\u00ed estaba la Presidenta del Consejo Consultivo del Instituto Veracruzano de las Mujeres (IVM), Minerva Cobos, quien ya era entrevistada al igual que la diputada Yazm\u00edn Copete Zapot. Mientras algunos busc\u00e1bamos lugar, nos encontr\u00e1bamos con los cl\u00e1sicos que \u201capartaban lugar\u201d, y lo chistoso es que eran varones que no les incomodaba ceder el lugar a las damas que pretend\u00edan un asiento.<\/p>\n<p>Es bueno tambi\u00e9n ver hombres en un evento para conmemorar el D\u00eda Internacional de la Mujer, pues lo que buscamos es equidad entre hombres y mujeres&#8230;<\/p>\n<p>Adi Mar\u00eda G\u00f3mez del IVM me saluda mientras me colocan una pulsera que dice: \u201cEn Veracruz declaramos Cero Tolerancia a la Violencia contra las Mujeres y La Ni\u00f1as\u201d. Tambi\u00e9n tiene inscrito el n\u00famero 075 y el n\u00famero 018009068537 lada sin costo para que a toda mujer que lo necesite, se le brinde Asesor\u00eda Jur\u00eddica y Psicol\u00f3gica por trabajadoras sociales.<\/p>\n<p>De repente volteo \u00a1ya no hay lugares! Algunas Consejeras del IVM, as\u00ed como mujeres de la sociedad civil que asistieron al evento, se han quedado de pie, entre ellas, Rosalba Hern\u00e1ndez Hern\u00e1ndez, ex aspirante a la titularidad del IVM.<\/p>\n<p>Valeria Marcial, Lul\u00fa L\u00f3pez, Paty Barradas, son algunas de las compa\u00f1eras que alcanzo a ver, quienes en este d\u00eda ya est\u00e1n trabajando para informarnos con notas y fotos.<\/p>\n<p>Otro de los asediados por la prensa es Jos\u00e9 Ni\u00f1o Tejedor a quien cuestionan sobre la violencia de g\u00e9nero en el estado.<\/p>\n<p>Cuauht\u00e9moc Vel\u00e1squez, tambi\u00e9n presente, se cuela a la primera fila, saluda a Manuela Aburto Landa y Ni\u00f1o Tejedor, pero al final se mantiene de pie a un lado de la explanada.<\/p>\n<p>Jos\u00e9 Kirsch mantiene discreta y larga pl\u00e1tica con Ra\u00fal Mart\u00ednez, de RTV, que hasta juntos se sentaron.<\/p>\n<p>Llega la titular del IVM, Yolanda Olivares P\u00e9rez, acompa\u00f1ada de Mariely Manterola S\u00e1enz. Por cierto, Yolanda le pide el asiento al magistrado Roberto Eduardo Sigala, del Tribunal Electoral de Veracruz, pues estaba ocupando su lugar junto al Secretario de Gobierno Rogelio Franco Cast\u00e1n.<\/p>\n<p>El Poder Legislativo tambi\u00e9n estuvo presente con su secretario general, Juan Jos\u00e9 Rivera Castellanos, quien como siempre, se mantuvo discreto en las filas centrales al igual que Francisco Monfort Guill\u00e9n.<\/p>\n<p>Mayra Rojas, maestra de ceremonias y Presidenta del Consejo Social, inicia el evento. Todos toman su lugar, hasta Rogelio Franco Cast\u00e1n, sentado al lado de su esposa Guillermina Alvarado.<\/p>\n<p>Trabajadoras de Gobierno tambi\u00e9n se hacen presentes como Dalia P\u00e9rez y Rosario Neri, entre otras&#8230; \u00a1es bueno ver que no es solamente un acto cerrado!<\/p>\n<p>Ahora s\u00ed, por aquello de los sismos, se\u00f1alan las salidas de emergencia y las medidas de protecci\u00f3n civil.<\/p>\n<p>Mujeres paradas, hombres sentados \u00bfPor qu\u00e9 la queja? \u00bfNo queremos equidad? Aunque a\u00fan hay caballeros como Juan Jos\u00e9 Rivera, quien es el primero en ceder su lugar; acto seguido, Jos\u00e9 Kirsch y Ra\u00fal Mart\u00ednez hacen los mismo. Se sienta Martha Mendoza Parissi, la que por cierto tambien tendr\u00e1 un evento el d\u00eda de hoy en el Congreso del Estado a la que muy gentil me invit\u00f3 junto con Rebecca Arenas. Por fin empiezan a poner mas sillas para las damas que a\u00fan se mantienen de pie.<\/p>\n<p>La titular del IVM, Yolanda Olivares P\u00e9rez toma el micr\u00f3fono y habla de los avances en materia de igualdad, as\u00ed como los pendientes por atender para cumplir con lo se\u00f1alado en el Plan Veracruzano de Desarrollo y en los Objetivos de Desarrollo Sostenible. \u201cVamos por el empoderamiento econ\u00f3mico de las mujeres, ya estamos gestionando de manera conjunta con autoridades estatales y federales para que las mujeres emprendedoras y empresarias tengan oportunidad de acceder a recursos que apalanquen sus proyectos\u201d.<\/p>\n<p>Destaca que la atenci\u00f3n a la salud sexual y reproductiva es un asunto que debe atenderse desde la perspectiva de g\u00e9nero, para disminuir los \u00edndices de muerte materna y de embarazo adolescente. Enfatiza que las desigualdades generan discriminaci\u00f3n, lesionan el tejido social e impactan en las condiciones de vida de las personas \u201cy son las mujeres quienes hist\u00f3ricamente han estado en desventaja, sobre todo aqu\u00e9llas que sufren doble o triple discriminaci\u00f3n: como las mujeres con discapacidad, las ind\u00edgenas, las que viven en zonas rurales, las ni\u00f1as, cuya condici\u00f3n de mujer se suma a otra condici\u00f3n de vulnerabilidad que las pone en situaci\u00f3n de mayor desventaja; por ello, desde las leyes, todas y todos los servidores p\u00fablicos tenemos el deber de garantizar sus derechos humanos\u201d.<\/p>\n<p>La meta a alcanzar, dice Olivares P\u00ebrez, es que la pol\u00edtica de igualdad impacte en los 212 municipios.<\/p>\n<p>Por su parte, el secretario de Gobierno, Rogelio Franco Cast\u00e1n, en el momento de dar su discurso, expres\u00f3 que la inequidad social es una forma de violencia que la sufre por mucho la mujer, por eso hizo \u00e9nfasis en el programa \u201cVeracruz comienza contigo\u201d, cuyo 90 por ciento de beneficiarios, son mujeres, entre ellas, 150 mil madres solteras y de la tercera edad.<\/p>\n<p>Cit\u00f3 tambi\u00e9n \u201cMujer Veracrusana\u201d, que garantiza el acceso a los servicios de salud para la detecci\u00f3n de c\u00e1ncer mamario, c\u00e9rvico-uterino y otras enfermedades que nos aquejan. A ello hay que agregar los talleres de informaci\u00f3n para adolescentes en la idea de la prevenci\u00f3n de embarazos y evitar la violencia de g\u00e9nero.<\/p>\n<p>S\u00ed, hemos derribado muchos muros de discriminaci\u00f3n, de misoginia, de sexismo, pero hay mucho por avanzar&#8230; tenemos derechos, pero muchas veces \u00e9stos s\u00f3lo quedan en el papel.<\/p>\n<p>caballero_brenda@hotmail.com<\/p>\n","protected":false},"excerpt":{"rendered":"<p>Brenda Caballero N\u00fameros Rojos &nbsp; &nbsp; Jos\u00e9 Kirsch se acomodaba el saco mientras caminaba r\u00e1pidamente a un lado del Parque Ju\u00e1rez. El diputado estaba a cinco minutos de la explanada de Palacio de Gobierno, lugar donde se conmemorar\u00eda el D\u00eda Internacional de La Mujer. Este a\u00f1o, el mensaje de la ONU es: \u201cAhora es el [&hellip;]<\/p>\n","protected":false},"author":2,"featured_media":0,"comment_status":"open","ping_status":"open","sticky":false,"template":"","format":"standard","meta":{"tdm_status":"","tdm_grid_status":"","footnotes":""},"categories":[70],"tags":[4995,6587,11139,11137,5462],"class_list":{"0":"post-40356","1":"post","2":"type-post","3":"status-publish","4":"format-standard","6":"category-de-opinion","7":"tag-dia-internacional-de-la-mujer","8":"tag-instituto-veracruzano-de-las-mujeres","9":"tag-jose-nino-tejedor","10":"tag-minerva-cobos","11":"tag-yazmin-copete-zapot"},"yoast_head":"<!-- This site is optimized with the Yoast SEO plugin v27.4 - https:\/\/yoast.com\/product\/yoast-seo-wordpress\/ -->\n<title>En el d\u00eda Internacional de la Mujer\u2026 - Los pol\u00edticos Veracruz<\/title>\n<meta name=\"robots\" content=\"index, follow, max-snippet:-1, max-image-preview:large, max-video-preview:-1\" \/>\n<link rel=\"canonical\" href=\"https:\/\/lospoliticosveracruz.com\/?p=40356\" \/>\n<meta property=\"og:locale\" content=\"es_ES\" \/>\n<meta property=\"og:type\" content=\"article\" \/>\n<meta property=\"og:title\" content=\"En el d\u00eda Internacional de la Mujer\u2026 - Los pol\u00edticos Veracruz\" \/>\n<meta property=\"og:description\" content=\"Brenda Caballero N\u00fameros Rojos &nbsp; &nbsp; Jos\u00e9 Kirsch se acomodaba el saco mientras caminaba r\u00e1pidamente a un lado del Parque Ju\u00e1rez. El diputado estaba a cinco minutos de la explanada de Palacio de Gobierno, lugar donde se conmemorar\u00eda el D\u00eda Internacional de La Mujer. Este a\u00f1o, el mensaje de la ONU es: \u201cAhora es el [&hellip;]\" \/>\n<meta property=\"og:url\" content=\"https:\/\/lospoliticosveracruz.com\/?p=40356\" \/>\n<meta property=\"og:site_name\" content=\"Los pol\u00edticos Veracruz\" \/>\n<meta property=\"article:publisher\" content=\"https:\/\/www.facebook.com\/people\/Notimemes-de-los-Polticos\/61565672886568\/\" \/>\n<meta property=\"article:published_time\" content=\"2018-03-09T04:55:15+00:00\" \/>\n<meta property=\"og:image\" content=\"https:\/\/lospoliticosveracruz.com\/wp-content\/uploads\/2016\/07\/Logo-Dor.jpg\" \/>\n\t<meta property=\"og:image:width\" content=\"200\" \/>\n\t<meta property=\"og:image:height\" content=\"200\" \/>\n\t<meta property=\"og:image:type\" content=\"image\/jpeg\" \/>\n<meta name=\"author\" content=\"Lo viste en Los Pol\u00edticos\" \/>\n<meta name=\"twitter:card\" content=\"summary_large_image\" \/>\n<meta name=\"twitter:creator\" content=\"@LosPoliticosVer\" \/>\n<meta name=\"twitter:site\" content=\"@LosPoliticosVer\" \/>\n<meta name=\"twitter:label1\" content=\"Escrito por\" \/>\n\t<meta name=\"twitter:data1\" content=\"Lo viste en Los Pol\u00edticos\" \/>\n\t<meta name=\"twitter:label2\" content=\"Tiempo de lectura\" \/>\n\t<meta name=\"twitter:data2\" content=\"5 minutos\" \/>\n<script type=\"application\/ld+json\" class=\"yoast-schema-graph\">{\"@context\":\"https:\\\/\\\/schema.org\",\"@graph\":[{\"@type\":\"Article\",\"@id\":\"https:\\\/\\\/lospoliticosveracruz.com\\\/?p=40356#article\",\"isPartOf\":{\"@id\":\"https:\\\/\\\/lospoliticosveracruz.com\\\/?p=40356\"},\"author\":{\"name\":\"Lo viste en Los Pol\u00edticos\",\"@id\":\"https:\\\/\\\/lospoliticosveracruz.com\\\/#\\\/schema\\\/person\\\/b8702bb0e538456e6efd07080bf2a4a2\"},\"headline\":\"En el d\u00eda Internacional de la Mujer\u2026\",\"datePublished\":\"2018-03-09T04:55:15+00:00\",\"mainEntityOfPage\":{\"@id\":\"https:\\\/\\\/lospoliticosveracruz.com\\\/?p=40356\"},\"wordCount\":1036,\"commentCount\":0,\"publisher\":{\"@id\":\"https:\\\/\\\/lospoliticosveracruz.com\\\/#organization\"},\"keywords\":[\"D\u00eda Internacional de la Mujer\",\"Instituto Veracruzano de las Mujeres\",\"Jos\u00e9 Ni\u00f1o Tejedor\",\"Minerva Cobos\",\"Yazm\u00edn Copete Zapot\"],\"articleSection\":[\"De Opini\u00f3n\"],\"inLanguage\":\"es\",\"potentialAction\":[{\"@type\":\"CommentAction\",\"name\":\"Comment\",\"target\":[\"https:\\\/\\\/lospoliticosveracruz.com\\\/?p=40356#respond\"]}]},{\"@type\":\"WebPage\",\"@id\":\"https:\\\/\\\/lospoliticosveracruz.com\\\/?p=40356\",\"url\":\"https:\\\/\\\/lospoliticosveracruz.com\\\/?p=40356\",\"name\":\"En el d\u00eda Internacional de la Mujer\u2026 - Los pol\u00edticos Veracruz\",\"isPartOf\":{\"@id\":\"https:\\\/\\\/lospoliticosveracruz.com\\\/#website\"},\"datePublished\":\"2018-03-09T04:55:15+00:00\",\"breadcrumb\":{\"@id\":\"https:\\\/\\\/lospoliticosveracruz.com\\\/?p=40356#breadcrumb\"},\"inLanguage\":\"es\",\"potentialAction\":[{\"@type\":\"ReadAction\",\"target\":[\"https:\\\/\\\/lospoliticosveracruz.com\\\/?p=40356\"]}]},{\"@type\":\"BreadcrumbList\",\"@id\":\"https:\\\/\\\/lospoliticosveracruz.com\\\/?p=40356#breadcrumb\",\"itemListElement\":[{\"@type\":\"ListItem\",\"position\":1,\"name\":\"Portada\",\"item\":\"https:\\\/\\\/lospoliticosveracruz.com\\\/\"},{\"@type\":\"ListItem\",\"position\":2,\"name\":\"En el d\u00eda Internacional de la Mujer\u2026\"}]},{\"@type\":\"WebSite\",\"@id\":\"https:\\\/\\\/lospoliticosveracruz.com\\\/#website\",\"url\":\"https:\\\/\\\/lospoliticosveracruz.com\\\/\",\"name\":\"Los pol\u00edticos Veracruz\",\"description\":\"\",\"publisher\":{\"@id\":\"https:\\\/\\\/lospoliticosveracruz.com\\\/#organization\"},\"potentialAction\":[{\"@type\":\"SearchAction\",\"target\":{\"@type\":\"EntryPoint\",\"urlTemplate\":\"https:\\\/\\\/lospoliticosveracruz.com\\\/?s={search_term_string}\"},\"query-input\":{\"@type\":\"PropertyValueSpecification\",\"valueRequired\":true,\"valueName\":\"search_term_string\"}}],\"inLanguage\":\"es\"},{\"@type\":\"Organization\",\"@id\":\"https:\\\/\\\/lospoliticosveracruz.com\\\/#organization\",\"name\":\"Los pol\u00edticos Veracruz\",\"url\":\"https:\\\/\\\/lospoliticosveracruz.com\\\/\",\"logo\":{\"@type\":\"ImageObject\",\"inLanguage\":\"es\",\"@id\":\"https:\\\/\\\/lospoliticosveracruz.com\\\/#\\\/schema\\\/logo\\\/image\\\/\",\"url\":\"https:\\\/\\\/lospoliticosveracruz.com\\\/wp-content\\\/uploads\\\/2025\\\/12\\\/Logo-Nuevo-LOS-POLITICOS-1.jpg\",\"contentUrl\":\"https:\\\/\\\/lospoliticosveracruz.com\\\/wp-content\\\/uploads\\\/2025\\\/12\\\/Logo-Nuevo-LOS-POLITICOS-1.jpg\",\"width\":260,\"height\":70,\"caption\":\"Los pol\u00edticos Veracruz\"},\"image\":{\"@id\":\"https:\\\/\\\/lospoliticosveracruz.com\\\/#\\\/schema\\\/logo\\\/image\\\/\"},\"sameAs\":[\"https:\\\/\\\/www.facebook.com\\\/people\\\/Notimemes-de-los-Polticos\\\/61565672886568\\\/\",\"https:\\\/\\\/x.com\\\/LosPoliticosVer\"]},{\"@type\":\"Person\",\"@id\":\"https:\\\/\\\/lospoliticosveracruz.com\\\/#\\\/schema\\\/person\\\/b8702bb0e538456e6efd07080bf2a4a2\",\"name\":\"Lo viste en Los Pol\u00edticos\",\"image\":{\"@type\":\"ImageObject\",\"inLanguage\":\"es\",\"@id\":\"https:\\\/\\\/secure.gravatar.com\\\/avatar\\\/3a8de04a2656d44082be478bd6c086daa447c4651605818287b9532d3d0bd435?s=96&d=mm&r=g\",\"url\":\"https:\\\/\\\/secure.gravatar.com\\\/avatar\\\/3a8de04a2656d44082be478bd6c086daa447c4651605818287b9532d3d0bd435?s=96&d=mm&r=g\",\"contentUrl\":\"https:\\\/\\\/secure.gravatar.com\\\/avatar\\\/3a8de04a2656d44082be478bd6c086daa447c4651605818287b9532d3d0bd435?s=96&d=mm&r=g\",\"caption\":\"Lo viste en Los Pol\u00edticos\"},\"url\":\"https:\\\/\\\/lospoliticosveracruz.com\\\/?author=2\"}]}<\/script>\n<!-- \/ Yoast SEO plugin. -->","yoast_head_json":{"title":"En el d\u00eda Internacional de la Mujer\u2026 - Los pol\u00edticos Veracruz","robots":{"index":"index","follow":"follow","max-snippet":"max-snippet:-1","max-image-preview":"max-image-preview:large","max-video-preview":"max-video-preview:-1"},"canonical":"https:\/\/lospoliticosveracruz.com\/?p=40356","og_locale":"es_ES","og_type":"article","og_title":"En el d\u00eda Internacional de la Mujer\u2026 - Los pol\u00edticos Veracruz","og_description":"Brenda Caballero N\u00fameros Rojos &nbsp; &nbsp; Jos\u00e9 Kirsch se acomodaba el saco mientras caminaba r\u00e1pidamente a un lado del Parque Ju\u00e1rez. El diputado estaba a cinco minutos de la explanada de Palacio de Gobierno, lugar donde se conmemorar\u00eda el D\u00eda Internacional de La Mujer. Este a\u00f1o, el mensaje de la ONU es: \u201cAhora es el [&hellip;]","og_url":"https:\/\/lospoliticosveracruz.com\/?p=40356","og_site_name":"Los pol\u00edticos Veracruz","article_publisher":"https:\/\/www.facebook.com\/people\/Notimemes-de-los-Polticos\/61565672886568\/","article_published_time":"2018-03-09T04:55:15+00:00","og_image":[{"width":200,"height":200,"url":"https:\/\/lospoliticosveracruz.com\/wp-content\/uploads\/2016\/07\/Logo-Dor.jpg","type":"image\/jpeg"}],"author":"Lo viste en Los Pol\u00edticos","twitter_card":"summary_large_image","twitter_creator":"@LosPoliticosVer","twitter_site":"@LosPoliticosVer","twitter_misc":{"Escrito por":"Lo viste en Los Pol\u00edticos","Tiempo de lectura":"5 minutos"},"schema":{"@context":"https:\/\/schema.org","@graph":[{"@type":"Article","@id":"https:\/\/lospoliticosveracruz.com\/?p=40356#article","isPartOf":{"@id":"https:\/\/lospoliticosveracruz.com\/?p=40356"},"author":{"name":"Lo viste en Los Pol\u00edticos","@id":"https:\/\/lospoliticosveracruz.com\/#\/schema\/person\/b8702bb0e538456e6efd07080bf2a4a2"},"headline":"En el d\u00eda Internacional de la Mujer\u2026","datePublished":"2018-03-09T04:55:15+00:00","mainEntityOfPage":{"@id":"https:\/\/lospoliticosveracruz.com\/?p=40356"},"wordCount":1036,"commentCount":0,"publisher":{"@id":"https:\/\/lospoliticosveracruz.com\/#organization"},"keywords":["D\u00eda Internacional de la Mujer","Instituto Veracruzano de las Mujeres","Jos\u00e9 Ni\u00f1o Tejedor","Minerva Cobos","Yazm\u00edn Copete Zapot"],"articleSection":["De Opini\u00f3n"],"inLanguage":"es","potentialAction":[{"@type":"CommentAction","name":"Comment","target":["https:\/\/lospoliticosveracruz.com\/?p=40356#respond"]}]},{"@type":"WebPage","@id":"https:\/\/lospoliticosveracruz.com\/?p=40356","url":"https:\/\/lospoliticosveracruz.com\/?p=40356","name":"En el d\u00eda Internacional de la Mujer\u2026 - Los pol\u00edticos Veracruz","isPartOf":{"@id":"https:\/\/lospoliticosveracruz.com\/#website"},"datePublished":"2018-03-09T04:55:15+00:00","breadcrumb":{"@id":"https:\/\/lospoliticosveracruz.com\/?p=40356#breadcrumb"},"inLanguage":"es","potentialAction":[{"@type":"ReadAction","target":["https:\/\/lospoliticosveracruz.com\/?p=40356"]}]},{"@type":"BreadcrumbList","@id":"https:\/\/lospoliticosveracruz.com\/?p=40356#breadcrumb","itemListElement":[{"@type":"ListItem","position":1,"name":"Portada","item":"https:\/\/lospoliticosveracruz.com\/"},{"@type":"ListItem","position":2,"name":"En el d\u00eda Internacional de la Mujer\u2026"}]},{"@type":"WebSite","@id":"https:\/\/lospoliticosveracruz.com\/#website","url":"https:\/\/lospoliticosveracruz.com\/","name":"Los pol\u00edticos Veracruz","description":"","publisher":{"@id":"https:\/\/lospoliticosveracruz.com\/#organization"},"potentialAction":[{"@type":"SearchAction","target":{"@type":"EntryPoint","urlTemplate":"https:\/\/lospoliticosveracruz.com\/?s={search_term_string}"},"query-input":{"@type":"PropertyValueSpecification","valueRequired":true,"valueName":"search_term_string"}}],"inLanguage":"es"},{"@type":"Organization","@id":"https:\/\/lospoliticosveracruz.com\/#organization","name":"Los pol\u00edticos Veracruz","url":"https:\/\/lospoliticosveracruz.com\/","logo":{"@type":"ImageObject","inLanguage":"es","@id":"https:\/\/lospoliticosveracruz.com\/#\/schema\/logo\/image\/","url":"https:\/\/lospoliticosveracruz.com\/wp-content\/uploads\/2025\/12\/Logo-Nuevo-LOS-POLITICOS-1.jpg","contentUrl":"https:\/\/lospoliticosveracruz.com\/wp-content\/uploads\/2025\/12\/Logo-Nuevo-LOS-POLITICOS-1.jpg","width":260,"height":70,"caption":"Los pol\u00edticos Veracruz"},"image":{"@id":"https:\/\/lospoliticosveracruz.com\/#\/schema\/logo\/image\/"},"sameAs":["https:\/\/www.facebook.com\/people\/Notimemes-de-los-Polticos\/61565672886568\/","https:\/\/x.com\/LosPoliticosVer"]},{"@type":"Person","@id":"https:\/\/lospoliticosveracruz.com\/#\/schema\/person\/b8702bb0e538456e6efd07080bf2a4a2","name":"Lo viste en Los Pol\u00edticos","image":{"@type":"ImageObject","inLanguage":"es","@id":"https:\/\/secure.gravatar.com\/avatar\/3a8de04a2656d44082be478bd6c086daa447c4651605818287b9532d3d0bd435?s=96&d=mm&r=g","url":"https:\/\/secure.gravatar.com\/avatar\/3a8de04a2656d44082be478bd6c086daa447c4651605818287b9532d3d0bd435?s=96&d=mm&r=g","contentUrl":"https:\/\/secure.gravatar.com\/avatar\/3a8de04a2656d44082be478bd6c086daa447c4651605818287b9532d3d0bd435?s=96&d=mm&r=g","caption":"Lo viste en Los Pol\u00edticos"},"url":"https:\/\/lospoliticosveracruz.com\/?author=2"}]}},"_links":{"self":[{"href":"https:\/\/lospoliticosveracruz.com\/index.php?rest_route=\/wp\/v2\/posts\/40356","targetHints":{"allow":["GET"]}}],"collection":[{"href":"https:\/\/lospoliticosveracruz.com\/index.php?rest_route=\/wp\/v2\/posts"}],"about":[{"href":"https:\/\/lospoliticosveracruz.com\/index.php?rest_route=\/wp\/v2\/types\/post"}],"author":[{"embeddable":true,"href":"https:\/\/lospoliticosveracruz.com\/index.php?rest_route=\/wp\/v2\/users\/2"}],"replies":[{"embeddable":true,"href":"https:\/\/lospoliticosveracruz.com\/index.php?rest_route=%2Fwp%2Fv2%2Fcomments&post=40356"}],"version-history":[{"count":1,"href":"https:\/\/lospoliticosveracruz.com\/index.php?rest_route=\/wp\/v2\/posts\/40356\/revisions"}],"predecessor-version":[{"id":40357,"href":"https:\/\/lospoliticosveracruz.com\/index.php?rest_route=\/wp\/v2\/posts\/40356\/revisions\/40357"}],"wp:attachment":[{"href":"https:\/\/lospoliticosveracruz.com\/index.php?rest_route=%2Fwp%2Fv2%2Fmedia&parent=40356"}],"wp:term":[{"taxonomy":"category","embeddable":true,"href":"https:\/\/lospoliticosveracruz.com\/index.php?rest_route=%2Fwp%2Fv2%2Fcategories&post=40356"},{"taxonomy":"post_tag","embeddable":true,"href":"https:\/\/lospoliticosveracruz.com\/index.php?rest_route=%2Fwp%2Fv2%2Ftags&post=40356"}],"curies":[{"name":"wp","href":"https:\/\/api.w.org\/{rel}","templated":true}]}}