{"id":40385,"date":"2018-03-10T09:12:22","date_gmt":"2018-03-10T15:12:22","guid":{"rendered":"http:\/\/www.lospoliticosveracruz.com.mx\/?p=40385"},"modified":"2018-03-10T09:14:51","modified_gmt":"2018-03-10T15:14:51","slug":"ely-pluri","status":"publish","type":"post","link":"https:\/\/lospoliticosveracruz.com\/?p=40385","title":{"rendered":"Ely, \u00bfpluri?"},"content":{"rendered":"<p><strong>Brenda Caballero<\/strong><\/p>\n<p><em>N\u00fameros Rojos<\/em><\/p>\n<p>&nbsp;<\/p>\n<p>Ante un escenario adverso, lo mejor que puede hacer Pepe Yunes, como buen operador pol\u00edtico, es formar cuadros que se mantengan vigentes para despu\u00e9s manejar, a trav\u00e9s de ellos, los hilos de la pol\u00edtica veracruzana, sea cual fuere el resultado electoral.<\/p>\n<p>Dentro del PRI, son contadas las mujeres que destacan no por falta de preparaci\u00f3n o ausencia de un buen perfil, sino porque es sabido, es hist\u00f3rica la falta de oportunidades y cuando est\u00e1n, cargan con el estigma del fidelato o el duartismo, por decir lo menos y reciente.<\/p>\n<p>Por ello, el PRI debiera echar mano de aquellas pri\u00edstas posicionadas que adem\u00e1s de experiencia y conocimiento de la pol\u00edtica, saben del quehacer legislativo.<\/p>\n<p>En ese sentido, hemos visto muy cercana a Pepe Yunes a la ex alcaldesa de Xalapa y ex Presidenta del PRI, El\u00edzabeth Morales Garc\u00eda, quien indudablemente podr\u00eda ser su mejor aliada para hacer contrapeso a la Morena Roc\u00edo Nahle y a la blanquiazul, Indira Rosales, mismas que ya tienen casi asegurado su pase para ser senadoras de la Rep\u00fablica.<\/p>\n<p>Ojo, no decimos que vaya al Senado la xalape\u00f1a. Le cuento:<\/p>\n<p>En otras columnas compart\u00ed mi idea sobre Indira Rosales, Roc\u00edo Nahle y hasta sobre Mayra Cort\u00e9s, pero del PRI no sal\u00eda de dos mujeres en lo que respecta al Senado: Anil\u00fa y Elizabeth y es la segunda quien llama mi atenci\u00f3n, despu\u00e9s de que se decidiera el PRI por sus candidatos al Senado.<\/p>\n<p>\u00bfPor qu\u00e9 El\u00edzabeth? Pues porque cuenta con experiencia suficiente para representar a Veracruz y con una clara carrera partidista y conectes suficientes en el Antiplano. Recordemos su paso por San L\u00e1zaro y el trabajo legislativo y de gestor\u00eda en una Comisi\u00f3n que nadie quer\u00eda: Deporte. La ahora delegada del Issste podr\u00eda representar un aut\u00e9ntico contrapeso para Indira y Nahle ante su inminente ascenso al Senado, por lo tanto \u00bfpor qu\u00e9 no pensar en El\u00edzabeth en una posici\u00f3n como diputada federal o bien local plurinominal, para de ah\u00ed dar batalla a estas dos mujeres del PAN y Morena?<\/p>\n<p>Seguramente Yunes Zorrilla habr\u00e1 de enfrentar esta carrera con los mejores cuadros de los que se tenga precedente, sabedor de que si pierde debe mantenerse vigente en Veracruz, si no es a trav\u00e9s de su figura, a trav\u00e9s de actores pol\u00edticos que den la cara por su partido.<\/p>\n<p>Es ahora que Pepe Yunes puede echar mano de pri\u00edstas con trayectoria y hacer de las \u201cpluris\u201d, un aut\u00e9ntico basti\u00f3n de oposici\u00f3n, y all\u00ed podr\u00eda haber espacio para Ely, que pese a quien le pese, gan\u00f3 con m\u00e1s de 90 mil votos en la capital de Xalapa, que ha sido diputada federal y dos veces delegada federal&#8230;<\/p>\n<p>A El\u00edzabeth la pueden criticar por muchas cosas, pero de que siempre ha tra\u00eddo puesta la camiseta, eso tambi\u00e9n hay que reconocerle como igual, de que nadie le ha regalado nada y es una de las pocas figuras que se ha hecho a s\u00ed misma ajena a padrinazgos.<\/p>\n<p>Y al igual que otras valiosas mujeres, sabe del pri\u00edsmo del traj\u00edn, de salir a pedir el voto a la calle, y a la que le han dicho: Vas, y s\u00ed va; y si no, aguanta.<\/p>\n<p>El\u00edzabeth tiene los suficientes m\u00e9ritos para la postulaci\u00f3n plurinominal a la diputaci\u00f3n federal o local, como es posible que igual haya otras, pero de que Pepe podr\u00eda contar con lealtad partidista y disciplina, dos cualidades de esta xalape\u00f1a, ni quien lo niegue\u2026<\/p>\n<p>caballero_brenda@hotmail.com<\/p>\n","protected":false},"excerpt":{"rendered":"<p>Brenda Caballero N\u00fameros Rojos &nbsp; Ante un escenario adverso, lo mejor que puede hacer Pepe Yunes, como buen operador pol\u00edtico, es formar cuadros que se mantengan vigentes para despu\u00e9s manejar, a trav\u00e9s de ellos, los hilos de la pol\u00edtica veracruzana, sea cual fuere el resultado electoral. Dentro del PRI, son contadas las mujeres que destacan [&hellip;]<\/p>\n","protected":false},"author":2,"featured_media":0,"comment_status":"open","ping_status":"open","sticky":false,"template":"","format":"standard","meta":{"tdm_status":"","tdm_grid_status":"","footnotes":""},"categories":[1],"tags":[],"class_list":{"0":"post-40385","1":"post","2":"type-post","3":"status-publish","4":"format-standard","6":"category-sin-categoria"},"yoast_head":"<!-- This site is optimized with the Yoast SEO plugin v27.4 - https:\/\/yoast.com\/product\/yoast-seo-wordpress\/ -->\n<title>Ely, \u00bfpluri? - Los pol\u00edticos Veracruz<\/title>\n<meta name=\"robots\" content=\"index, follow, max-snippet:-1, max-image-preview:large, max-video-preview:-1\" \/>\n<link rel=\"canonical\" href=\"https:\/\/lospoliticosveracruz.com\/?p=40385\" \/>\n<meta property=\"og:locale\" content=\"es_ES\" \/>\n<meta property=\"og:type\" content=\"article\" \/>\n<meta property=\"og:title\" content=\"Ely, \u00bfpluri? - Los pol\u00edticos Veracruz\" \/>\n<meta property=\"og:description\" content=\"Brenda Caballero N\u00fameros Rojos &nbsp; Ante un escenario adverso, lo mejor que puede hacer Pepe Yunes, como buen operador pol\u00edtico, es formar cuadros que se mantengan vigentes para despu\u00e9s manejar, a trav\u00e9s de ellos, los hilos de la pol\u00edtica veracruzana, sea cual fuere el resultado electoral. Dentro del PRI, son contadas las mujeres que destacan [&hellip;]\" \/>\n<meta property=\"og:url\" content=\"https:\/\/lospoliticosveracruz.com\/?p=40385\" \/>\n<meta property=\"og:site_name\" content=\"Los pol\u00edticos Veracruz\" \/>\n<meta property=\"article:publisher\" content=\"https:\/\/www.facebook.com\/people\/Notimemes-de-los-Polticos\/61565672886568\/\" \/>\n<meta property=\"article:published_time\" content=\"2018-03-10T15:12:22+00:00\" \/>\n<meta property=\"article:modified_time\" content=\"2018-03-10T15:14:51+00:00\" \/>\n<meta property=\"og:image\" content=\"https:\/\/lospoliticosveracruz.com\/wp-content\/uploads\/2016\/07\/Logo-Dor.jpg\" \/>\n\t<meta property=\"og:image:width\" content=\"200\" \/>\n\t<meta property=\"og:image:height\" content=\"200\" \/>\n\t<meta property=\"og:image:type\" content=\"image\/jpeg\" \/>\n<meta name=\"author\" content=\"Lo viste en Los Pol\u00edticos\" \/>\n<meta name=\"twitter:card\" content=\"summary_large_image\" \/>\n<meta name=\"twitter:creator\" content=\"@LosPoliticosVer\" \/>\n<meta name=\"twitter:site\" content=\"@LosPoliticosVer\" \/>\n<meta name=\"twitter:label1\" content=\"Escrito por\" \/>\n\t<meta name=\"twitter:data1\" content=\"Lo viste en Los Pol\u00edticos\" \/>\n\t<meta name=\"twitter:label2\" content=\"Tiempo de lectura\" \/>\n\t<meta name=\"twitter:data2\" content=\"3 minutos\" \/>\n<script type=\"application\/ld+json\" class=\"yoast-schema-graph\">{\"@context\":\"https:\\\/\\\/schema.org\",\"@graph\":[{\"@type\":\"Article\",\"@id\":\"https:\\\/\\\/lospoliticosveracruz.com\\\/?p=40385#article\",\"isPartOf\":{\"@id\":\"https:\\\/\\\/lospoliticosveracruz.com\\\/?p=40385\"},\"author\":{\"name\":\"Lo viste en Los Pol\u00edticos\",\"@id\":\"https:\\\/\\\/lospoliticosveracruz.com\\\/#\\\/schema\\\/person\\\/b8702bb0e538456e6efd07080bf2a4a2\"},\"headline\":\"Ely, \u00bfpluri?\",\"datePublished\":\"2018-03-10T15:12:22+00:00\",\"dateModified\":\"2018-03-10T15:14:51+00:00\",\"mainEntityOfPage\":{\"@id\":\"https:\\\/\\\/lospoliticosveracruz.com\\\/?p=40385\"},\"wordCount\":625,\"commentCount\":0,\"publisher\":{\"@id\":\"https:\\\/\\\/lospoliticosveracruz.com\\\/#organization\"},\"inLanguage\":\"es\",\"potentialAction\":[{\"@type\":\"CommentAction\",\"name\":\"Comment\",\"target\":[\"https:\\\/\\\/lospoliticosveracruz.com\\\/?p=40385#respond\"]}]},{\"@type\":\"WebPage\",\"@id\":\"https:\\\/\\\/lospoliticosveracruz.com\\\/?p=40385\",\"url\":\"https:\\\/\\\/lospoliticosveracruz.com\\\/?p=40385\",\"name\":\"Ely, \u00bfpluri? - Los pol\u00edticos Veracruz\",\"isPartOf\":{\"@id\":\"https:\\\/\\\/lospoliticosveracruz.com\\\/#website\"},\"datePublished\":\"2018-03-10T15:12:22+00:00\",\"dateModified\":\"2018-03-10T15:14:51+00:00\",\"breadcrumb\":{\"@id\":\"https:\\\/\\\/lospoliticosveracruz.com\\\/?p=40385#breadcrumb\"},\"inLanguage\":\"es\",\"potentialAction\":[{\"@type\":\"ReadAction\",\"target\":[\"https:\\\/\\\/lospoliticosveracruz.com\\\/?p=40385\"]}]},{\"@type\":\"BreadcrumbList\",\"@id\":\"https:\\\/\\\/lospoliticosveracruz.com\\\/?p=40385#breadcrumb\",\"itemListElement\":[{\"@type\":\"ListItem\",\"position\":1,\"name\":\"Portada\",\"item\":\"https:\\\/\\\/lospoliticosveracruz.com\\\/\"},{\"@type\":\"ListItem\",\"position\":2,\"name\":\"Ely, \u00bfpluri?\"}]},{\"@type\":\"WebSite\",\"@id\":\"https:\\\/\\\/lospoliticosveracruz.com\\\/#website\",\"url\":\"https:\\\/\\\/lospoliticosveracruz.com\\\/\",\"name\":\"Los pol\u00edticos Veracruz\",\"description\":\"\",\"publisher\":{\"@id\":\"https:\\\/\\\/lospoliticosveracruz.com\\\/#organization\"},\"potentialAction\":[{\"@type\":\"SearchAction\",\"target\":{\"@type\":\"EntryPoint\",\"urlTemplate\":\"https:\\\/\\\/lospoliticosveracruz.com\\\/?s={search_term_string}\"},\"query-input\":{\"@type\":\"PropertyValueSpecification\",\"valueRequired\":true,\"valueName\":\"search_term_string\"}}],\"inLanguage\":\"es\"},{\"@type\":\"Organization\",\"@id\":\"https:\\\/\\\/lospoliticosveracruz.com\\\/#organization\",\"name\":\"Los pol\u00edticos Veracruz\",\"url\":\"https:\\\/\\\/lospoliticosveracruz.com\\\/\",\"logo\":{\"@type\":\"ImageObject\",\"inLanguage\":\"es\",\"@id\":\"https:\\\/\\\/lospoliticosveracruz.com\\\/#\\\/schema\\\/logo\\\/image\\\/\",\"url\":\"https:\\\/\\\/lospoliticosveracruz.com\\\/wp-content\\\/uploads\\\/2025\\\/12\\\/Logo-Nuevo-LOS-POLITICOS-1.jpg\",\"contentUrl\":\"https:\\\/\\\/lospoliticosveracruz.com\\\/wp-content\\\/uploads\\\/2025\\\/12\\\/Logo-Nuevo-LOS-POLITICOS-1.jpg\",\"width\":260,\"height\":70,\"caption\":\"Los pol\u00edticos Veracruz\"},\"image\":{\"@id\":\"https:\\\/\\\/lospoliticosveracruz.com\\\/#\\\/schema\\\/logo\\\/image\\\/\"},\"sameAs\":[\"https:\\\/\\\/www.facebook.com\\\/people\\\/Notimemes-de-los-Polticos\\\/61565672886568\\\/\",\"https:\\\/\\\/x.com\\\/LosPoliticosVer\"]},{\"@type\":\"Person\",\"@id\":\"https:\\\/\\\/lospoliticosveracruz.com\\\/#\\\/schema\\\/person\\\/b8702bb0e538456e6efd07080bf2a4a2\",\"name\":\"Lo viste en Los Pol\u00edticos\",\"image\":{\"@type\":\"ImageObject\",\"inLanguage\":\"es\",\"@id\":\"https:\\\/\\\/secure.gravatar.com\\\/avatar\\\/3a8de04a2656d44082be478bd6c086daa447c4651605818287b9532d3d0bd435?s=96&d=mm&r=g\",\"url\":\"https:\\\/\\\/secure.gravatar.com\\\/avatar\\\/3a8de04a2656d44082be478bd6c086daa447c4651605818287b9532d3d0bd435?s=96&d=mm&r=g\",\"contentUrl\":\"https:\\\/\\\/secure.gravatar.com\\\/avatar\\\/3a8de04a2656d44082be478bd6c086daa447c4651605818287b9532d3d0bd435?s=96&d=mm&r=g\",\"caption\":\"Lo viste en Los Pol\u00edticos\"},\"url\":\"https:\\\/\\\/lospoliticosveracruz.com\\\/?author=2\"}]}<\/script>\n<!-- \/ Yoast SEO plugin. -->","yoast_head_json":{"title":"Ely, \u00bfpluri? - Los pol\u00edticos Veracruz","robots":{"index":"index","follow":"follow","max-snippet":"max-snippet:-1","max-image-preview":"max-image-preview:large","max-video-preview":"max-video-preview:-1"},"canonical":"https:\/\/lospoliticosveracruz.com\/?p=40385","og_locale":"es_ES","og_type":"article","og_title":"Ely, \u00bfpluri? - Los pol\u00edticos Veracruz","og_description":"Brenda Caballero N\u00fameros Rojos &nbsp; Ante un escenario adverso, lo mejor que puede hacer Pepe Yunes, como buen operador pol\u00edtico, es formar cuadros que se mantengan vigentes para despu\u00e9s manejar, a trav\u00e9s de ellos, los hilos de la pol\u00edtica veracruzana, sea cual fuere el resultado electoral. Dentro del PRI, son contadas las mujeres que destacan [&hellip;]","og_url":"https:\/\/lospoliticosveracruz.com\/?p=40385","og_site_name":"Los pol\u00edticos Veracruz","article_publisher":"https:\/\/www.facebook.com\/people\/Notimemes-de-los-Polticos\/61565672886568\/","article_published_time":"2018-03-10T15:12:22+00:00","article_modified_time":"2018-03-10T15:14:51+00:00","og_image":[{"width":200,"height":200,"url":"https:\/\/lospoliticosveracruz.com\/wp-content\/uploads\/2016\/07\/Logo-Dor.jpg","type":"image\/jpeg"}],"author":"Lo viste en Los Pol\u00edticos","twitter_card":"summary_large_image","twitter_creator":"@LosPoliticosVer","twitter_site":"@LosPoliticosVer","twitter_misc":{"Escrito por":"Lo viste en Los Pol\u00edticos","Tiempo de lectura":"3 minutos"},"schema":{"@context":"https:\/\/schema.org","@graph":[{"@type":"Article","@id":"https:\/\/lospoliticosveracruz.com\/?p=40385#article","isPartOf":{"@id":"https:\/\/lospoliticosveracruz.com\/?p=40385"},"author":{"name":"Lo viste en Los Pol\u00edticos","@id":"https:\/\/lospoliticosveracruz.com\/#\/schema\/person\/b8702bb0e538456e6efd07080bf2a4a2"},"headline":"Ely, \u00bfpluri?","datePublished":"2018-03-10T15:12:22+00:00","dateModified":"2018-03-10T15:14:51+00:00","mainEntityOfPage":{"@id":"https:\/\/lospoliticosveracruz.com\/?p=40385"},"wordCount":625,"commentCount":0,"publisher":{"@id":"https:\/\/lospoliticosveracruz.com\/#organization"},"inLanguage":"es","potentialAction":[{"@type":"CommentAction","name":"Comment","target":["https:\/\/lospoliticosveracruz.com\/?p=40385#respond"]}]},{"@type":"WebPage","@id":"https:\/\/lospoliticosveracruz.com\/?p=40385","url":"https:\/\/lospoliticosveracruz.com\/?p=40385","name":"Ely, \u00bfpluri? - Los pol\u00edticos Veracruz","isPartOf":{"@id":"https:\/\/lospoliticosveracruz.com\/#website"},"datePublished":"2018-03-10T15:12:22+00:00","dateModified":"2018-03-10T15:14:51+00:00","breadcrumb":{"@id":"https:\/\/lospoliticosveracruz.com\/?p=40385#breadcrumb"},"inLanguage":"es","potentialAction":[{"@type":"ReadAction","target":["https:\/\/lospoliticosveracruz.com\/?p=40385"]}]},{"@type":"BreadcrumbList","@id":"https:\/\/lospoliticosveracruz.com\/?p=40385#breadcrumb","itemListElement":[{"@type":"ListItem","position":1,"name":"Portada","item":"https:\/\/lospoliticosveracruz.com\/"},{"@type":"ListItem","position":2,"name":"Ely, \u00bfpluri?"}]},{"@type":"WebSite","@id":"https:\/\/lospoliticosveracruz.com\/#website","url":"https:\/\/lospoliticosveracruz.com\/","name":"Los pol\u00edticos Veracruz","description":"","publisher":{"@id":"https:\/\/lospoliticosveracruz.com\/#organization"},"potentialAction":[{"@type":"SearchAction","target":{"@type":"EntryPoint","urlTemplate":"https:\/\/lospoliticosveracruz.com\/?s={search_term_string}"},"query-input":{"@type":"PropertyValueSpecification","valueRequired":true,"valueName":"search_term_string"}}],"inLanguage":"es"},{"@type":"Organization","@id":"https:\/\/lospoliticosveracruz.com\/#organization","name":"Los pol\u00edticos Veracruz","url":"https:\/\/lospoliticosveracruz.com\/","logo":{"@type":"ImageObject","inLanguage":"es","@id":"https:\/\/lospoliticosveracruz.com\/#\/schema\/logo\/image\/","url":"https:\/\/lospoliticosveracruz.com\/wp-content\/uploads\/2025\/12\/Logo-Nuevo-LOS-POLITICOS-1.jpg","contentUrl":"https:\/\/lospoliticosveracruz.com\/wp-content\/uploads\/2025\/12\/Logo-Nuevo-LOS-POLITICOS-1.jpg","width":260,"height":70,"caption":"Los pol\u00edticos Veracruz"},"image":{"@id":"https:\/\/lospoliticosveracruz.com\/#\/schema\/logo\/image\/"},"sameAs":["https:\/\/www.facebook.com\/people\/Notimemes-de-los-Polticos\/61565672886568\/","https:\/\/x.com\/LosPoliticosVer"]},{"@type":"Person","@id":"https:\/\/lospoliticosveracruz.com\/#\/schema\/person\/b8702bb0e538456e6efd07080bf2a4a2","name":"Lo viste en Los Pol\u00edticos","image":{"@type":"ImageObject","inLanguage":"es","@id":"https:\/\/secure.gravatar.com\/avatar\/3a8de04a2656d44082be478bd6c086daa447c4651605818287b9532d3d0bd435?s=96&d=mm&r=g","url":"https:\/\/secure.gravatar.com\/avatar\/3a8de04a2656d44082be478bd6c086daa447c4651605818287b9532d3d0bd435?s=96&d=mm&r=g","contentUrl":"https:\/\/secure.gravatar.com\/avatar\/3a8de04a2656d44082be478bd6c086daa447c4651605818287b9532d3d0bd435?s=96&d=mm&r=g","caption":"Lo viste en Los Pol\u00edticos"},"url":"https:\/\/lospoliticosveracruz.com\/?author=2"}]}},"_links":{"self":[{"href":"https:\/\/lospoliticosveracruz.com\/index.php?rest_route=\/wp\/v2\/posts\/40385","targetHints":{"allow":["GET"]}}],"collection":[{"href":"https:\/\/lospoliticosveracruz.com\/index.php?rest_route=\/wp\/v2\/posts"}],"about":[{"href":"https:\/\/lospoliticosveracruz.com\/index.php?rest_route=\/wp\/v2\/types\/post"}],"author":[{"embeddable":true,"href":"https:\/\/lospoliticosveracruz.com\/index.php?rest_route=\/wp\/v2\/users\/2"}],"replies":[{"embeddable":true,"href":"https:\/\/lospoliticosveracruz.com\/index.php?rest_route=%2Fwp%2Fv2%2Fcomments&post=40385"}],"version-history":[{"count":3,"href":"https:\/\/lospoliticosveracruz.com\/index.php?rest_route=\/wp\/v2\/posts\/40385\/revisions"}],"predecessor-version":[{"id":40388,"href":"https:\/\/lospoliticosveracruz.com\/index.php?rest_route=\/wp\/v2\/posts\/40385\/revisions\/40388"}],"wp:attachment":[{"href":"https:\/\/lospoliticosveracruz.com\/index.php?rest_route=%2Fwp%2Fv2%2Fmedia&parent=40385"}],"wp:term":[{"taxonomy":"category","embeddable":true,"href":"https:\/\/lospoliticosveracruz.com\/index.php?rest_route=%2Fwp%2Fv2%2Fcategories&post=40385"},{"taxonomy":"post_tag","embeddable":true,"href":"https:\/\/lospoliticosveracruz.com\/index.php?rest_route=%2Fwp%2Fv2%2Ftags&post=40385"}],"curies":[{"name":"wp","href":"https:\/\/api.w.org\/{rel}","templated":true}]}}