{"id":40418,"date":"2018-03-12T09:25:06","date_gmt":"2018-03-12T15:25:06","guid":{"rendered":"http:\/\/www.lospoliticosveracruz.com.mx\/?p=40418"},"modified":"2018-03-11T20:33:40","modified_gmt":"2018-03-12T02:33:40","slug":"elizabeth-de-delegada-a-plurinominal","status":"publish","type":"post","link":"https:\/\/lospoliticosveracruz.com\/?p=40418","title":{"rendered":"*Elizabeth, \u00bfde delegada a plurinominal?"},"content":{"rendered":"<p style=\"text-align: left;\"><strong>Gustavo Cadena<\/strong><\/p>\n<p style=\"text-align: left;\"><em>Al Estilo Mathey<\/em><\/p>\n<p style=\"text-align: right;\">\u00abOigan. Yo estoy muy orgullosa de ser una mujer 100% mexicana ah\u00ed anoche, ojal\u00e1 nos apoy\u00e1ramos un poquito m\u00e1s entre mexicanos. Yo no veo a la gente de otros pa\u00edses siendo atacados por su misma gente\u00bb: Eiza Gonz\u00e1lez, \u00abla chica del vestido amarillo\u00bb en la ceremonia\u00a0de entrega de los \u00f3scares.<\/p>\n<p>&nbsp;<\/p>\n<p>&nbsp;<\/p>\n<p>A casi un a\u00f1o de haber asumido la titularidad de la dependencia, este mi\u00e9rcoles 14 de marzo Elizabeth Morales rendir\u00e1 su primer informe de labores como Delegada del ISSSTE.<br \/>\nMujer inteligente, pol\u00e9mica al fin, ha sido una aut\u00e9ntica y apasionada servidora p\u00fablica en los diversos y muy importante cargos que ha desempe\u00f1ado con personalidad, como integrante del Partido Revolucionario Institucional, lo que la ha vuelto combatida y combativa\u00a0como pocas mujeres.<br \/>\nSi revisamos antecedentes, por lo visto y o\u00eddo, seguramente entregar\u00e1 buenas cuentas de su gesti\u00f3n en esta delicada y espinosa tarea de asistencia social.<br \/>\nLos resultados positivos que en general ha entregado a su partido en el servicio p\u00fablico han permitido a Elizabeth estar muy cercana a los afectos de diversos personajes de la pol\u00edtica nacional y no pod\u00eda ser menos en el candidato a la gubernatura estatal Jos\u00e9Yunes Zorrilla, quien en fechas recientes, seg\u00fan fuentes confiables, propuso a la a\u00fan delegada para una importante posici\u00f3n plurinominal ya sea federal o local, tomando en cuenta que ya no hay muchos aspirantes que cuenten con la excelente imagen p\u00fablica como\u00a0la tiene la xalape\u00f1a.<br \/>\nPor lo pronto, todo indica que ma\u00f1ana martes con la visita del Presidente y l\u00edder nato del pri\u00edsmo don Quique Pe\u00f1a Nieto, se definir\u00e1n muchas cosas respecto a las aspiraciones de muchos veracruzanos que aun creen en el tricolor, entre ellas las famosas listas\u00a0donde se cree que Elizabeth tiene su pase seguro. Se insiste, Elizabeth no s\u00f3lo cuenta con el aprecio de Pepey\u00fa, sino con importantes contactos a nivel nacional, que conoci\u00f3 cuando fue diputada federal y alcaldesa, que le permiten moverse con propiedad en\u00a0ese dif\u00edcil mundo del poder.<br \/>\nAdem\u00e1s el propio candidato del PRI la ve con la madera suficiente para continuar con el trabajo que necesita el priismo veracruzano para recuperar el control pol\u00edtico del Estado.<br \/>\nPor cierto do\u00f1a Elizabeth tiene buena estrella y hoy en d\u00eda le favorece la llegada de la nueva coordinadora de la campa\u00f1a en Veracruz del aspirante a la Presidencia Jos\u00e9 Antonio Meade, que es su amiga de anta\u00f1o, adem\u00e1s de su amistad con el l\u00edder de uno de lossindicatos m\u00e1s importantes a nivel nacional, como la FSTSE, con quien mantiene importante contacto por estar al frente del ISSSTE de Veracruz. Lo cierto es que las piezas se est\u00e1n moviendo y si no es la federal, veremos muy probablemente a Elizabeth en el\u00a0congreso local porque para los pri\u00edstas las cosas no est\u00e1n como para desaprovechar a sus mejores elementos. A ver qu\u00e9 pasa.<br \/>\nUN DIRECTOR CON SENSIBILIDAD.<br \/>\nPor cierto, en la Cl\u00ednica-Hospital de Xalapa, por quinta vez, el doctor Hugo Azamar Espejel, acayuque\u00f1o de origen (no es por presumir dir\u00edan los misantecos) acaba de asumir la direcci\u00f3n, merced a su bonhom\u00eda, su sensibilidad y su capacidad, junto con la doctora\u00a0Miroslava Lango Rivera, tambi\u00e9n muy apreciada en el gremio. Ambos ahora atienden a los derechohabientes d\u00eda y tarde, adem\u00e1s de cuidar el trabajo tan complicado del personal m\u00e9dico que d\u00eda a d\u00eda se esfuerza por servir con profesionalismo a sus semejantes.<br \/>\nTenga el lector una semana de paz y armon\u00eda en su hogar.<br \/>\ngustavocadenamathey@hotmail.com<\/p>\n","protected":false},"excerpt":{"rendered":"<p>Gustavo Cadena Al Estilo Mathey \u00abOigan. Yo estoy muy orgullosa de ser una mujer 100% mexicana ah\u00ed anoche, ojal\u00e1 nos apoy\u00e1ramos un poquito m\u00e1s entre mexicanos. Yo no veo a la gente de otros pa\u00edses siendo atacados por su misma gente\u00bb: Eiza Gonz\u00e1lez, \u00abla chica del vestido amarillo\u00bb en la ceremonia\u00a0de entrega de los \u00f3scares. [&hellip;]<\/p>\n","protected":false},"author":2,"featured_media":0,"comment_status":"open","ping_status":"open","sticky":false,"template":"","format":"standard","meta":{"tdm_status":"","tdm_grid_status":"","footnotes":""},"categories":[70],"tags":[11099,133,895,1817],"class_list":{"0":"post-40418","1":"post","2":"type-post","3":"status-publish","4":"format-standard","6":"category-de-opinion","7":"tag-eiza-gonzalez","8":"tag-elizabeth-morales","9":"tag-issste","10":"tag-plurinominales"},"yoast_head":"<!-- This site is optimized with the Yoast SEO plugin v27.4 - https:\/\/yoast.com\/product\/yoast-seo-wordpress\/ -->\n<title>*Elizabeth, \u00bfde delegada a plurinominal? - Los pol\u00edticos Veracruz<\/title>\n<meta name=\"robots\" content=\"index, follow, max-snippet:-1, max-image-preview:large, max-video-preview:-1\" \/>\n<link rel=\"canonical\" href=\"https:\/\/lospoliticosveracruz.com\/?p=40418\" \/>\n<meta property=\"og:locale\" content=\"es_ES\" \/>\n<meta property=\"og:type\" content=\"article\" \/>\n<meta property=\"og:title\" content=\"*Elizabeth, \u00bfde delegada a plurinominal? - Los pol\u00edticos Veracruz\" \/>\n<meta property=\"og:description\" content=\"Gustavo Cadena Al Estilo Mathey \u00abOigan. Yo estoy muy orgullosa de ser una mujer 100% mexicana ah\u00ed anoche, ojal\u00e1 nos apoy\u00e1ramos un poquito m\u00e1s entre mexicanos. Yo no veo a la gente de otros pa\u00edses siendo atacados por su misma gente\u00bb: Eiza Gonz\u00e1lez, \u00abla chica del vestido amarillo\u00bb en la ceremonia\u00a0de entrega de los \u00f3scares. [&hellip;]\" \/>\n<meta property=\"og:url\" content=\"https:\/\/lospoliticosveracruz.com\/?p=40418\" \/>\n<meta property=\"og:site_name\" content=\"Los pol\u00edticos Veracruz\" \/>\n<meta property=\"article:publisher\" content=\"https:\/\/www.facebook.com\/people\/Notimemes-de-los-Polticos\/61565672886568\/\" \/>\n<meta property=\"article:published_time\" content=\"2018-03-12T15:25:06+00:00\" \/>\n<meta property=\"og:image\" content=\"https:\/\/lospoliticosveracruz.com\/wp-content\/uploads\/2016\/07\/Logo-Dor.jpg\" \/>\n\t<meta property=\"og:image:width\" content=\"200\" \/>\n\t<meta property=\"og:image:height\" content=\"200\" \/>\n\t<meta property=\"og:image:type\" content=\"image\/jpeg\" \/>\n<meta name=\"author\" content=\"Lo viste en Los Pol\u00edticos\" \/>\n<meta name=\"twitter:card\" content=\"summary_large_image\" \/>\n<meta name=\"twitter:creator\" content=\"@LosPoliticosVer\" \/>\n<meta name=\"twitter:site\" content=\"@LosPoliticosVer\" \/>\n<meta name=\"twitter:label1\" content=\"Escrito por\" \/>\n\t<meta name=\"twitter:data1\" content=\"Lo viste en Los Pol\u00edticos\" \/>\n\t<meta name=\"twitter:label2\" content=\"Tiempo de lectura\" \/>\n\t<meta name=\"twitter:data2\" content=\"3 minutos\" \/>\n<script type=\"application\/ld+json\" class=\"yoast-schema-graph\">{\"@context\":\"https:\\\/\\\/schema.org\",\"@graph\":[{\"@type\":\"Article\",\"@id\":\"https:\\\/\\\/lospoliticosveracruz.com\\\/?p=40418#article\",\"isPartOf\":{\"@id\":\"https:\\\/\\\/lospoliticosveracruz.com\\\/?p=40418\"},\"author\":{\"name\":\"Lo viste en Los Pol\u00edticos\",\"@id\":\"https:\\\/\\\/lospoliticosveracruz.com\\\/#\\\/schema\\\/person\\\/b8702bb0e538456e6efd07080bf2a4a2\"},\"headline\":\"*Elizabeth, \u00bfde delegada a plurinominal?\",\"datePublished\":\"2018-03-12T15:25:06+00:00\",\"mainEntityOfPage\":{\"@id\":\"https:\\\/\\\/lospoliticosveracruz.com\\\/?p=40418\"},\"wordCount\":633,\"commentCount\":0,\"publisher\":{\"@id\":\"https:\\\/\\\/lospoliticosveracruz.com\\\/#organization\"},\"keywords\":[\"Eiza Gonz\u00e1lez\",\"Elizabeth Morales\",\"Issste\",\"plurinominales\"],\"articleSection\":[\"De Opini\u00f3n\"],\"inLanguage\":\"es\",\"potentialAction\":[{\"@type\":\"CommentAction\",\"name\":\"Comment\",\"target\":[\"https:\\\/\\\/lospoliticosveracruz.com\\\/?p=40418#respond\"]}]},{\"@type\":\"WebPage\",\"@id\":\"https:\\\/\\\/lospoliticosveracruz.com\\\/?p=40418\",\"url\":\"https:\\\/\\\/lospoliticosveracruz.com\\\/?p=40418\",\"name\":\"*Elizabeth, \u00bfde delegada a plurinominal? - Los pol\u00edticos Veracruz\",\"isPartOf\":{\"@id\":\"https:\\\/\\\/lospoliticosveracruz.com\\\/#website\"},\"datePublished\":\"2018-03-12T15:25:06+00:00\",\"breadcrumb\":{\"@id\":\"https:\\\/\\\/lospoliticosveracruz.com\\\/?p=40418#breadcrumb\"},\"inLanguage\":\"es\",\"potentialAction\":[{\"@type\":\"ReadAction\",\"target\":[\"https:\\\/\\\/lospoliticosveracruz.com\\\/?p=40418\"]}]},{\"@type\":\"BreadcrumbList\",\"@id\":\"https:\\\/\\\/lospoliticosveracruz.com\\\/?p=40418#breadcrumb\",\"itemListElement\":[{\"@type\":\"ListItem\",\"position\":1,\"name\":\"Portada\",\"item\":\"https:\\\/\\\/lospoliticosveracruz.com\\\/\"},{\"@type\":\"ListItem\",\"position\":2,\"name\":\"*Elizabeth, \u00bfde delegada a plurinominal?\"}]},{\"@type\":\"WebSite\",\"@id\":\"https:\\\/\\\/lospoliticosveracruz.com\\\/#website\",\"url\":\"https:\\\/\\\/lospoliticosveracruz.com\\\/\",\"name\":\"Los pol\u00edticos Veracruz\",\"description\":\"\",\"publisher\":{\"@id\":\"https:\\\/\\\/lospoliticosveracruz.com\\\/#organization\"},\"potentialAction\":[{\"@type\":\"SearchAction\",\"target\":{\"@type\":\"EntryPoint\",\"urlTemplate\":\"https:\\\/\\\/lospoliticosveracruz.com\\\/?s={search_term_string}\"},\"query-input\":{\"@type\":\"PropertyValueSpecification\",\"valueRequired\":true,\"valueName\":\"search_term_string\"}}],\"inLanguage\":\"es\"},{\"@type\":\"Organization\",\"@id\":\"https:\\\/\\\/lospoliticosveracruz.com\\\/#organization\",\"name\":\"Los pol\u00edticos Veracruz\",\"url\":\"https:\\\/\\\/lospoliticosveracruz.com\\\/\",\"logo\":{\"@type\":\"ImageObject\",\"inLanguage\":\"es\",\"@id\":\"https:\\\/\\\/lospoliticosveracruz.com\\\/#\\\/schema\\\/logo\\\/image\\\/\",\"url\":\"https:\\\/\\\/lospoliticosveracruz.com\\\/wp-content\\\/uploads\\\/2025\\\/12\\\/Logo-Nuevo-LOS-POLITICOS-1.jpg\",\"contentUrl\":\"https:\\\/\\\/lospoliticosveracruz.com\\\/wp-content\\\/uploads\\\/2025\\\/12\\\/Logo-Nuevo-LOS-POLITICOS-1.jpg\",\"width\":260,\"height\":70,\"caption\":\"Los pol\u00edticos Veracruz\"},\"image\":{\"@id\":\"https:\\\/\\\/lospoliticosveracruz.com\\\/#\\\/schema\\\/logo\\\/image\\\/\"},\"sameAs\":[\"https:\\\/\\\/www.facebook.com\\\/people\\\/Notimemes-de-los-Polticos\\\/61565672886568\\\/\",\"https:\\\/\\\/x.com\\\/LosPoliticosVer\"]},{\"@type\":\"Person\",\"@id\":\"https:\\\/\\\/lospoliticosveracruz.com\\\/#\\\/schema\\\/person\\\/b8702bb0e538456e6efd07080bf2a4a2\",\"name\":\"Lo viste en Los Pol\u00edticos\",\"image\":{\"@type\":\"ImageObject\",\"inLanguage\":\"es\",\"@id\":\"https:\\\/\\\/secure.gravatar.com\\\/avatar\\\/3a8de04a2656d44082be478bd6c086daa447c4651605818287b9532d3d0bd435?s=96&d=mm&r=g\",\"url\":\"https:\\\/\\\/secure.gravatar.com\\\/avatar\\\/3a8de04a2656d44082be478bd6c086daa447c4651605818287b9532d3d0bd435?s=96&d=mm&r=g\",\"contentUrl\":\"https:\\\/\\\/secure.gravatar.com\\\/avatar\\\/3a8de04a2656d44082be478bd6c086daa447c4651605818287b9532d3d0bd435?s=96&d=mm&r=g\",\"caption\":\"Lo viste en Los Pol\u00edticos\"},\"url\":\"https:\\\/\\\/lospoliticosveracruz.com\\\/?author=2\"}]}<\/script>\n<!-- \/ Yoast SEO plugin. -->","yoast_head_json":{"title":"*Elizabeth, \u00bfde delegada a plurinominal? - Los pol\u00edticos Veracruz","robots":{"index":"index","follow":"follow","max-snippet":"max-snippet:-1","max-image-preview":"max-image-preview:large","max-video-preview":"max-video-preview:-1"},"canonical":"https:\/\/lospoliticosveracruz.com\/?p=40418","og_locale":"es_ES","og_type":"article","og_title":"*Elizabeth, \u00bfde delegada a plurinominal? - Los pol\u00edticos Veracruz","og_description":"Gustavo Cadena Al Estilo Mathey \u00abOigan. Yo estoy muy orgullosa de ser una mujer 100% mexicana ah\u00ed anoche, ojal\u00e1 nos apoy\u00e1ramos un poquito m\u00e1s entre mexicanos. Yo no veo a la gente de otros pa\u00edses siendo atacados por su misma gente\u00bb: Eiza Gonz\u00e1lez, \u00abla chica del vestido amarillo\u00bb en la ceremonia\u00a0de entrega de los \u00f3scares. [&hellip;]","og_url":"https:\/\/lospoliticosveracruz.com\/?p=40418","og_site_name":"Los pol\u00edticos Veracruz","article_publisher":"https:\/\/www.facebook.com\/people\/Notimemes-de-los-Polticos\/61565672886568\/","article_published_time":"2018-03-12T15:25:06+00:00","og_image":[{"width":200,"height":200,"url":"https:\/\/lospoliticosveracruz.com\/wp-content\/uploads\/2016\/07\/Logo-Dor.jpg","type":"image\/jpeg"}],"author":"Lo viste en Los Pol\u00edticos","twitter_card":"summary_large_image","twitter_creator":"@LosPoliticosVer","twitter_site":"@LosPoliticosVer","twitter_misc":{"Escrito por":"Lo viste en Los Pol\u00edticos","Tiempo de lectura":"3 minutos"},"schema":{"@context":"https:\/\/schema.org","@graph":[{"@type":"Article","@id":"https:\/\/lospoliticosveracruz.com\/?p=40418#article","isPartOf":{"@id":"https:\/\/lospoliticosveracruz.com\/?p=40418"},"author":{"name":"Lo viste en Los Pol\u00edticos","@id":"https:\/\/lospoliticosveracruz.com\/#\/schema\/person\/b8702bb0e538456e6efd07080bf2a4a2"},"headline":"*Elizabeth, \u00bfde delegada a plurinominal?","datePublished":"2018-03-12T15:25:06+00:00","mainEntityOfPage":{"@id":"https:\/\/lospoliticosveracruz.com\/?p=40418"},"wordCount":633,"commentCount":0,"publisher":{"@id":"https:\/\/lospoliticosveracruz.com\/#organization"},"keywords":["Eiza Gonz\u00e1lez","Elizabeth Morales","Issste","plurinominales"],"articleSection":["De Opini\u00f3n"],"inLanguage":"es","potentialAction":[{"@type":"CommentAction","name":"Comment","target":["https:\/\/lospoliticosveracruz.com\/?p=40418#respond"]}]},{"@type":"WebPage","@id":"https:\/\/lospoliticosveracruz.com\/?p=40418","url":"https:\/\/lospoliticosveracruz.com\/?p=40418","name":"*Elizabeth, \u00bfde delegada a plurinominal? - Los pol\u00edticos Veracruz","isPartOf":{"@id":"https:\/\/lospoliticosveracruz.com\/#website"},"datePublished":"2018-03-12T15:25:06+00:00","breadcrumb":{"@id":"https:\/\/lospoliticosveracruz.com\/?p=40418#breadcrumb"},"inLanguage":"es","potentialAction":[{"@type":"ReadAction","target":["https:\/\/lospoliticosveracruz.com\/?p=40418"]}]},{"@type":"BreadcrumbList","@id":"https:\/\/lospoliticosveracruz.com\/?p=40418#breadcrumb","itemListElement":[{"@type":"ListItem","position":1,"name":"Portada","item":"https:\/\/lospoliticosveracruz.com\/"},{"@type":"ListItem","position":2,"name":"*Elizabeth, \u00bfde delegada a plurinominal?"}]},{"@type":"WebSite","@id":"https:\/\/lospoliticosveracruz.com\/#website","url":"https:\/\/lospoliticosveracruz.com\/","name":"Los pol\u00edticos Veracruz","description":"","publisher":{"@id":"https:\/\/lospoliticosveracruz.com\/#organization"},"potentialAction":[{"@type":"SearchAction","target":{"@type":"EntryPoint","urlTemplate":"https:\/\/lospoliticosveracruz.com\/?s={search_term_string}"},"query-input":{"@type":"PropertyValueSpecification","valueRequired":true,"valueName":"search_term_string"}}],"inLanguage":"es"},{"@type":"Organization","@id":"https:\/\/lospoliticosveracruz.com\/#organization","name":"Los pol\u00edticos Veracruz","url":"https:\/\/lospoliticosveracruz.com\/","logo":{"@type":"ImageObject","inLanguage":"es","@id":"https:\/\/lospoliticosveracruz.com\/#\/schema\/logo\/image\/","url":"https:\/\/lospoliticosveracruz.com\/wp-content\/uploads\/2025\/12\/Logo-Nuevo-LOS-POLITICOS-1.jpg","contentUrl":"https:\/\/lospoliticosveracruz.com\/wp-content\/uploads\/2025\/12\/Logo-Nuevo-LOS-POLITICOS-1.jpg","width":260,"height":70,"caption":"Los pol\u00edticos Veracruz"},"image":{"@id":"https:\/\/lospoliticosveracruz.com\/#\/schema\/logo\/image\/"},"sameAs":["https:\/\/www.facebook.com\/people\/Notimemes-de-los-Polticos\/61565672886568\/","https:\/\/x.com\/LosPoliticosVer"]},{"@type":"Person","@id":"https:\/\/lospoliticosveracruz.com\/#\/schema\/person\/b8702bb0e538456e6efd07080bf2a4a2","name":"Lo viste en Los Pol\u00edticos","image":{"@type":"ImageObject","inLanguage":"es","@id":"https:\/\/secure.gravatar.com\/avatar\/3a8de04a2656d44082be478bd6c086daa447c4651605818287b9532d3d0bd435?s=96&d=mm&r=g","url":"https:\/\/secure.gravatar.com\/avatar\/3a8de04a2656d44082be478bd6c086daa447c4651605818287b9532d3d0bd435?s=96&d=mm&r=g","contentUrl":"https:\/\/secure.gravatar.com\/avatar\/3a8de04a2656d44082be478bd6c086daa447c4651605818287b9532d3d0bd435?s=96&d=mm&r=g","caption":"Lo viste en Los Pol\u00edticos"},"url":"https:\/\/lospoliticosveracruz.com\/?author=2"}]}},"_links":{"self":[{"href":"https:\/\/lospoliticosveracruz.com\/index.php?rest_route=\/wp\/v2\/posts\/40418","targetHints":{"allow":["GET"]}}],"collection":[{"href":"https:\/\/lospoliticosveracruz.com\/index.php?rest_route=\/wp\/v2\/posts"}],"about":[{"href":"https:\/\/lospoliticosveracruz.com\/index.php?rest_route=\/wp\/v2\/types\/post"}],"author":[{"embeddable":true,"href":"https:\/\/lospoliticosveracruz.com\/index.php?rest_route=\/wp\/v2\/users\/2"}],"replies":[{"embeddable":true,"href":"https:\/\/lospoliticosveracruz.com\/index.php?rest_route=%2Fwp%2Fv2%2Fcomments&post=40418"}],"version-history":[{"count":3,"href":"https:\/\/lospoliticosveracruz.com\/index.php?rest_route=\/wp\/v2\/posts\/40418\/revisions"}],"predecessor-version":[{"id":40421,"href":"https:\/\/lospoliticosveracruz.com\/index.php?rest_route=\/wp\/v2\/posts\/40418\/revisions\/40421"}],"wp:attachment":[{"href":"https:\/\/lospoliticosveracruz.com\/index.php?rest_route=%2Fwp%2Fv2%2Fmedia&parent=40418"}],"wp:term":[{"taxonomy":"category","embeddable":true,"href":"https:\/\/lospoliticosveracruz.com\/index.php?rest_route=%2Fwp%2Fv2%2Fcategories&post=40418"},{"taxonomy":"post_tag","embeddable":true,"href":"https:\/\/lospoliticosveracruz.com\/index.php?rest_route=%2Fwp%2Fv2%2Ftags&post=40418"}],"curies":[{"name":"wp","href":"https:\/\/api.w.org\/{rel}","templated":true}]}}