{"id":40469,"date":"2018-03-13T22:55:37","date_gmt":"2018-03-14T04:55:37","guid":{"rendered":"http:\/\/www.lospoliticosveracruz.com.mx\/?p=40469"},"modified":"2018-03-13T21:23:54","modified_gmt":"2018-03-14T03:23:54","slug":"hipolito-vs-los-chairo-toons","status":"publish","type":"post","link":"https:\/\/lospoliticosveracruz.com\/?p=40469","title":{"rendered":"Hip\u00f3lito vs los Chairo-toons"},"content":{"rendered":"<p><strong>Salvador Mu\u00f1oz<\/strong><\/p>\n<p><em>Los Pol\u00edticos<\/em><\/p>\n<p>&nbsp;<br \/>\nA lo mejor a usted, estimado lector, poco le importe el comentario a continuaci\u00f3n, pero d\u00e9jeme decirlo: No he visto en mi vida un solo cap\u00edtulo completo de \u201cLos Simpson\u201d. \u00bfPor qu\u00e9? No me gusta. No obstante, conozco a los personajes principales. Ahora que si me pregunta mi opini\u00f3n sobre \u201cHomero Simpson\u201d en el poliforum de Orizaba, tendr\u00eda que decirle que cuando me dijeron que era en honor a Humberto V\u00e9lez, s\u00f3lo dije: \u201c\u00bfA qui\u00e9n?\u201d \u00a1Exacto! Es m\u00e1s conocido el personaje a quien le dio una personalidad \u00fanica que \u00e9l mismo, algo as\u00ed como pas\u00f3 con \u201cBenito Bodoque\u201d y Jorge Arvizu&#8230; aunque al tiempo, Arvizu tom\u00f3 las riendas de sus personajes.<br \/>\nPor cierto, cerca de Orizaba, la alcaldesa de Ixhuatlancillo tuvo la puntada de hacer un parque con h\u00e9roes de Marvel y DC&#8230; igual, platicamos en casa de este asunto y llegamos a la conclusi\u00f3n de que muy independiente de las cr\u00edticas contra la entonces edil Cinthya Montalvo P\u00e9rez, yo quisiera escuchar qu\u00e9 opinan los ni\u00f1os tom\u00e1ndose fotos con estos personajes o a los padres de ellos, viendo a los chavales jugando en el parque.<br \/>\nA veces hay que correr riesgos, como alguna ocasi\u00f3n lo hizo El\u00edzabeth Morales con la serpiente-resbaladilla que puso en el parque Ju\u00e1rez. \u00a1Se quer\u00edan comer a la alcaldesa! Sin embargo, nunca he visto a padres o ni\u00f1os que se concentran en fines de semana en torno a este juego que protesten.<br \/>\nLos Simpson como Homero me siguen desagradando, pero es seguro que si voy a Orizaba, me tome una foto con \u00e9l.<br \/>\n\u00a1Nos salimos del tema!<br \/>\nLes dec\u00eda que no me gusta esa caricatura aunque s\u00ed debo reconocer que fueron a mi juicio, una revoluci\u00f3n en conceptos, desde sus trazos hasta sus colores.<br \/>\nTampoco he visto un cap\u00edtulo completo de \u201cDragon Ball Z\u201d, por la misma raz\u00f3n que la anterior. Quiz\u00e1s tengo alguna leve referencia a un \u201cKame Hame Ha\u201d que creo que en mis tiempos, ser\u00eda la t\u00e9cnica de un golpe de Bruce Lee como \u201cel golpe de pulgada\u201d o alguna otra expuesta en \u201cEl Maestro Borrach\u00f3n\u201d con Jackie Chan.<br \/>\nLa que s\u00ed no he tolerado es \u201cSouth Park\u201d y otra de un rat\u00f3n y un gato (parodia de \u201cTom y Jerry\u201d) cuyas escenas son totalmente sangrientas, as\u00ed como la de dos tipos, Beavis y Butt-Head, donde uno de sus protagonistas me recuerda al diputado Juan Manuel del Castillo. Si bien alguien puede argumentar que est\u00e1n clasificadas \u00e9stas como caricaturas para adultos, yo sigo considerando al Hentai como aut\u00e9nticas caricaturas para adultos&#8230;<br \/>\nDe \u201cLos Caballeros del Zodiaco\u201d me chut\u00e9 varios de sus cap\u00edtulos y fue porque me gusta la mitolog\u00eda, pero tampoco eran de mi agrado&#8230;<br \/>\nA fuerza de ser sincero, a m\u00ed me gustaba \u201cSailor Moon\u201d, y a mi hija tambi\u00e9n. Realmente por ella empec\u00e9 a ver ese manga, aunque m\u00e1s bien la protagonista, Serena Tsukino \u00a1era un mango! O una especie de \u201cLolita\u201d en caricatura. \u201cLa Princesa Caballero\u201d era de mis preferidas y estoy a un paso de que alguien me lleve al Div\u00e1n y me diagnostique que me gustan las ni\u00f1as-ni\u00f1os. Para quienes no recuerden esta caricatura, trataba de un ser al que antes de enviar a la tierra, por equivocaci\u00f3n, le ponen coraz\u00f3n de hombre y de mujer. Aunque vi Heidi, me ca\u00eda de la fregada la chamaca \u00e9sa; claro que para echar l\u00e1grima, \u00a1qu\u00e9 mejor que \u201cRemi\u201d!<br \/>\n\u201cRanma\u201d era un ser hermafrodita que s\u00f3lo pod\u00eda ver si mi hija estaba all\u00ed para explicarme qu\u00e9 rayos pasaba con ese personaje que cuando se mojaba (sin albur) se transformaba en mujer o algo as\u00ed&#8230; la verdad, ya no recuerdo.<br \/>\n\u00bfA qu\u00e9 viene este cuento de caricaturas y animes? Por un cap\u00edtulo de la serie de \u201cDragon Ball Z Super\u201d, creo que as\u00ed se llama, que el alcalde de Xalapa Hip\u00f3lito Rodr\u00edguez Herrero (al igual que yo) ni idea ha de tener de qu\u00e9 trata, c\u00f3mo funciona, o por qu\u00e9 tanto alboroto, pero dej\u00f3 en claro su postura de que su administraci\u00f3n no har\u00eda nada por transmitir el final de esta serie&#8230; a su juicio, considera que ese anime es violento. La percepci\u00f3n de \u00e9l es sumamente respetable; en lo particular, a m\u00ed no me gustan los trazos, los dibujos, las caricaturas, como quiera llamarles, y su repetitiva pelea, que si bien, es una constante en la mayor\u00eda de cualquier serie animada, podr\u00eda decir que hasta comparto el sentir del edil bajo el riesgo de que sea condenado por los modernos \u201cchairo-toons\u201d del anime.<br \/>\nMuy independiente de los permisos para transmitir un cap\u00edtulo, en lo particular, si el alcalde o cualquier otro ayuntamiento hubiera accedido a participar en su transmisi\u00f3n, lo ver\u00eda excesivo cuando la ciudad (al menos Xalapa) demanda reparaci\u00f3n de calles, de alumbrado, o lo que a usted se le ocurra, pero menos verle las bolas a un drag\u00f3n al grito de \u00a1Kame Hame Ha!<br \/>\nsmcainito@gmail.com<\/p>\n","protected":false},"excerpt":{"rendered":"<p>Salvador Mu\u00f1oz Los Pol\u00edticos &nbsp; A lo mejor a usted, estimado lector, poco le importe el comentario a continuaci\u00f3n, pero d\u00e9jeme decirlo: No he visto en mi vida un solo cap\u00edtulo completo de \u201cLos Simpson\u201d. \u00bfPor qu\u00e9? No me gusta. No obstante, conozco a los personajes principales. Ahora que si me pregunta mi opini\u00f3n sobre [&hellip;]<\/p>\n","protected":false},"author":2,"featured_media":0,"comment_status":"open","ping_status":"open","sticky":false,"template":"","format":"standard","meta":{"tdm_status":"","tdm_grid_status":"","footnotes":""},"categories":[70],"tags":[11190,7620,11181,11191,11192,4382,1639],"class_list":{"0":"post-40469","1":"post","2":"type-post","3":"status-publish","4":"format-standard","6":"category-de-opinion","7":"tag-dragon-ball-super","8":"tag-hipolito-rodriguez-herrero","9":"tag-homero-simpson","10":"tag-humberto-velez","11":"tag-ixhuatlancillo","12":"tag-marvel","13":"tag-orizaba"},"yoast_head":"<!-- This site is optimized with the Yoast SEO plugin v27.4 - https:\/\/yoast.com\/product\/yoast-seo-wordpress\/ -->\n<title>Hip\u00f3lito vs los Chairo-toons - Los pol\u00edticos Veracruz<\/title>\n<meta name=\"robots\" content=\"index, follow, max-snippet:-1, max-image-preview:large, max-video-preview:-1\" \/>\n<link rel=\"canonical\" href=\"https:\/\/lospoliticosveracruz.com\/?p=40469\" \/>\n<meta property=\"og:locale\" content=\"es_ES\" \/>\n<meta property=\"og:type\" content=\"article\" \/>\n<meta property=\"og:title\" content=\"Hip\u00f3lito vs los Chairo-toons - Los pol\u00edticos Veracruz\" \/>\n<meta property=\"og:description\" content=\"Salvador Mu\u00f1oz Los Pol\u00edticos &nbsp; A lo mejor a usted, estimado lector, poco le importe el comentario a continuaci\u00f3n, pero d\u00e9jeme decirlo: No he visto en mi vida un solo cap\u00edtulo completo de \u201cLos Simpson\u201d. \u00bfPor qu\u00e9? No me gusta. No obstante, conozco a los personajes principales. Ahora que si me pregunta mi opini\u00f3n sobre [&hellip;]\" \/>\n<meta property=\"og:url\" content=\"https:\/\/lospoliticosveracruz.com\/?p=40469\" \/>\n<meta property=\"og:site_name\" content=\"Los pol\u00edticos Veracruz\" \/>\n<meta property=\"article:publisher\" content=\"https:\/\/www.facebook.com\/people\/Notimemes-de-los-Polticos\/61565672886568\/\" \/>\n<meta property=\"article:published_time\" content=\"2018-03-14T04:55:37+00:00\" \/>\n<meta property=\"og:image\" content=\"https:\/\/lospoliticosveracruz.com\/wp-content\/uploads\/2016\/07\/Logo-Dor.jpg\" \/>\n\t<meta property=\"og:image:width\" content=\"200\" \/>\n\t<meta property=\"og:image:height\" content=\"200\" \/>\n\t<meta property=\"og:image:type\" content=\"image\/jpeg\" \/>\n<meta name=\"author\" content=\"Lo viste en Los Pol\u00edticos\" \/>\n<meta name=\"twitter:card\" content=\"summary_large_image\" \/>\n<meta name=\"twitter:creator\" content=\"@LosPoliticosVer\" \/>\n<meta name=\"twitter:site\" content=\"@LosPoliticosVer\" \/>\n<meta name=\"twitter:label1\" content=\"Escrito por\" \/>\n\t<meta name=\"twitter:data1\" content=\"Lo viste en Los Pol\u00edticos\" \/>\n\t<meta name=\"twitter:label2\" content=\"Tiempo de lectura\" \/>\n\t<meta name=\"twitter:data2\" content=\"4 minutos\" \/>\n<script type=\"application\/ld+json\" class=\"yoast-schema-graph\">{\"@context\":\"https:\\\/\\\/schema.org\",\"@graph\":[{\"@type\":\"Article\",\"@id\":\"https:\\\/\\\/lospoliticosveracruz.com\\\/?p=40469#article\",\"isPartOf\":{\"@id\":\"https:\\\/\\\/lospoliticosveracruz.com\\\/?p=40469\"},\"author\":{\"name\":\"Lo viste en Los Pol\u00edticos\",\"@id\":\"https:\\\/\\\/lospoliticosveracruz.com\\\/#\\\/schema\\\/person\\\/b8702bb0e538456e6efd07080bf2a4a2\"},\"headline\":\"Hip\u00f3lito vs los Chairo-toons\",\"datePublished\":\"2018-03-14T04:55:37+00:00\",\"mainEntityOfPage\":{\"@id\":\"https:\\\/\\\/lospoliticosveracruz.com\\\/?p=40469\"},\"wordCount\":878,\"commentCount\":0,\"publisher\":{\"@id\":\"https:\\\/\\\/lospoliticosveracruz.com\\\/#organization\"},\"keywords\":[\"Dragon Ball Super\",\"Hip\u00f3lito Rodr\u00edguez Herrero\",\"Homero Simpson\",\"Humberto V\u00e9lez\",\"Ixhuatlancillo\",\"Marvel\",\"Orizaba\"],\"articleSection\":[\"De Opini\u00f3n\"],\"inLanguage\":\"es\",\"potentialAction\":[{\"@type\":\"CommentAction\",\"name\":\"Comment\",\"target\":[\"https:\\\/\\\/lospoliticosveracruz.com\\\/?p=40469#respond\"]}]},{\"@type\":\"WebPage\",\"@id\":\"https:\\\/\\\/lospoliticosveracruz.com\\\/?p=40469\",\"url\":\"https:\\\/\\\/lospoliticosveracruz.com\\\/?p=40469\",\"name\":\"Hip\u00f3lito vs los Chairo-toons - Los pol\u00edticos Veracruz\",\"isPartOf\":{\"@id\":\"https:\\\/\\\/lospoliticosveracruz.com\\\/#website\"},\"datePublished\":\"2018-03-14T04:55:37+00:00\",\"breadcrumb\":{\"@id\":\"https:\\\/\\\/lospoliticosveracruz.com\\\/?p=40469#breadcrumb\"},\"inLanguage\":\"es\",\"potentialAction\":[{\"@type\":\"ReadAction\",\"target\":[\"https:\\\/\\\/lospoliticosveracruz.com\\\/?p=40469\"]}]},{\"@type\":\"BreadcrumbList\",\"@id\":\"https:\\\/\\\/lospoliticosveracruz.com\\\/?p=40469#breadcrumb\",\"itemListElement\":[{\"@type\":\"ListItem\",\"position\":1,\"name\":\"Portada\",\"item\":\"https:\\\/\\\/lospoliticosveracruz.com\\\/\"},{\"@type\":\"ListItem\",\"position\":2,\"name\":\"Hip\u00f3lito vs los Chairo-toons\"}]},{\"@type\":\"WebSite\",\"@id\":\"https:\\\/\\\/lospoliticosveracruz.com\\\/#website\",\"url\":\"https:\\\/\\\/lospoliticosveracruz.com\\\/\",\"name\":\"Los pol\u00edticos Veracruz\",\"description\":\"\",\"publisher\":{\"@id\":\"https:\\\/\\\/lospoliticosveracruz.com\\\/#organization\"},\"potentialAction\":[{\"@type\":\"SearchAction\",\"target\":{\"@type\":\"EntryPoint\",\"urlTemplate\":\"https:\\\/\\\/lospoliticosveracruz.com\\\/?s={search_term_string}\"},\"query-input\":{\"@type\":\"PropertyValueSpecification\",\"valueRequired\":true,\"valueName\":\"search_term_string\"}}],\"inLanguage\":\"es\"},{\"@type\":\"Organization\",\"@id\":\"https:\\\/\\\/lospoliticosveracruz.com\\\/#organization\",\"name\":\"Los pol\u00edticos Veracruz\",\"url\":\"https:\\\/\\\/lospoliticosveracruz.com\\\/\",\"logo\":{\"@type\":\"ImageObject\",\"inLanguage\":\"es\",\"@id\":\"https:\\\/\\\/lospoliticosveracruz.com\\\/#\\\/schema\\\/logo\\\/image\\\/\",\"url\":\"https:\\\/\\\/lospoliticosveracruz.com\\\/wp-content\\\/uploads\\\/2025\\\/12\\\/Logo-Nuevo-LOS-POLITICOS-1.jpg\",\"contentUrl\":\"https:\\\/\\\/lospoliticosveracruz.com\\\/wp-content\\\/uploads\\\/2025\\\/12\\\/Logo-Nuevo-LOS-POLITICOS-1.jpg\",\"width\":260,\"height\":70,\"caption\":\"Los pol\u00edticos Veracruz\"},\"image\":{\"@id\":\"https:\\\/\\\/lospoliticosveracruz.com\\\/#\\\/schema\\\/logo\\\/image\\\/\"},\"sameAs\":[\"https:\\\/\\\/www.facebook.com\\\/people\\\/Notimemes-de-los-Polticos\\\/61565672886568\\\/\",\"https:\\\/\\\/x.com\\\/LosPoliticosVer\"]},{\"@type\":\"Person\",\"@id\":\"https:\\\/\\\/lospoliticosveracruz.com\\\/#\\\/schema\\\/person\\\/b8702bb0e538456e6efd07080bf2a4a2\",\"name\":\"Lo viste en Los Pol\u00edticos\",\"image\":{\"@type\":\"ImageObject\",\"inLanguage\":\"es\",\"@id\":\"https:\\\/\\\/secure.gravatar.com\\\/avatar\\\/3a8de04a2656d44082be478bd6c086daa447c4651605818287b9532d3d0bd435?s=96&d=mm&r=g\",\"url\":\"https:\\\/\\\/secure.gravatar.com\\\/avatar\\\/3a8de04a2656d44082be478bd6c086daa447c4651605818287b9532d3d0bd435?s=96&d=mm&r=g\",\"contentUrl\":\"https:\\\/\\\/secure.gravatar.com\\\/avatar\\\/3a8de04a2656d44082be478bd6c086daa447c4651605818287b9532d3d0bd435?s=96&d=mm&r=g\",\"caption\":\"Lo viste en Los Pol\u00edticos\"},\"url\":\"https:\\\/\\\/lospoliticosveracruz.com\\\/?author=2\"}]}<\/script>\n<!-- \/ Yoast SEO plugin. -->","yoast_head_json":{"title":"Hip\u00f3lito vs los Chairo-toons - Los pol\u00edticos Veracruz","robots":{"index":"index","follow":"follow","max-snippet":"max-snippet:-1","max-image-preview":"max-image-preview:large","max-video-preview":"max-video-preview:-1"},"canonical":"https:\/\/lospoliticosveracruz.com\/?p=40469","og_locale":"es_ES","og_type":"article","og_title":"Hip\u00f3lito vs los Chairo-toons - Los pol\u00edticos Veracruz","og_description":"Salvador Mu\u00f1oz Los Pol\u00edticos &nbsp; A lo mejor a usted, estimado lector, poco le importe el comentario a continuaci\u00f3n, pero d\u00e9jeme decirlo: No he visto en mi vida un solo cap\u00edtulo completo de \u201cLos Simpson\u201d. \u00bfPor qu\u00e9? No me gusta. No obstante, conozco a los personajes principales. Ahora que si me pregunta mi opini\u00f3n sobre [&hellip;]","og_url":"https:\/\/lospoliticosveracruz.com\/?p=40469","og_site_name":"Los pol\u00edticos Veracruz","article_publisher":"https:\/\/www.facebook.com\/people\/Notimemes-de-los-Polticos\/61565672886568\/","article_published_time":"2018-03-14T04:55:37+00:00","og_image":[{"width":200,"height":200,"url":"https:\/\/lospoliticosveracruz.com\/wp-content\/uploads\/2016\/07\/Logo-Dor.jpg","type":"image\/jpeg"}],"author":"Lo viste en Los Pol\u00edticos","twitter_card":"summary_large_image","twitter_creator":"@LosPoliticosVer","twitter_site":"@LosPoliticosVer","twitter_misc":{"Escrito por":"Lo viste en Los Pol\u00edticos","Tiempo de lectura":"4 minutos"},"schema":{"@context":"https:\/\/schema.org","@graph":[{"@type":"Article","@id":"https:\/\/lospoliticosveracruz.com\/?p=40469#article","isPartOf":{"@id":"https:\/\/lospoliticosveracruz.com\/?p=40469"},"author":{"name":"Lo viste en Los Pol\u00edticos","@id":"https:\/\/lospoliticosveracruz.com\/#\/schema\/person\/b8702bb0e538456e6efd07080bf2a4a2"},"headline":"Hip\u00f3lito vs los Chairo-toons","datePublished":"2018-03-14T04:55:37+00:00","mainEntityOfPage":{"@id":"https:\/\/lospoliticosveracruz.com\/?p=40469"},"wordCount":878,"commentCount":0,"publisher":{"@id":"https:\/\/lospoliticosveracruz.com\/#organization"},"keywords":["Dragon Ball Super","Hip\u00f3lito Rodr\u00edguez Herrero","Homero Simpson","Humberto V\u00e9lez","Ixhuatlancillo","Marvel","Orizaba"],"articleSection":["De Opini\u00f3n"],"inLanguage":"es","potentialAction":[{"@type":"CommentAction","name":"Comment","target":["https:\/\/lospoliticosveracruz.com\/?p=40469#respond"]}]},{"@type":"WebPage","@id":"https:\/\/lospoliticosveracruz.com\/?p=40469","url":"https:\/\/lospoliticosveracruz.com\/?p=40469","name":"Hip\u00f3lito vs los Chairo-toons - Los pol\u00edticos Veracruz","isPartOf":{"@id":"https:\/\/lospoliticosveracruz.com\/#website"},"datePublished":"2018-03-14T04:55:37+00:00","breadcrumb":{"@id":"https:\/\/lospoliticosveracruz.com\/?p=40469#breadcrumb"},"inLanguage":"es","potentialAction":[{"@type":"ReadAction","target":["https:\/\/lospoliticosveracruz.com\/?p=40469"]}]},{"@type":"BreadcrumbList","@id":"https:\/\/lospoliticosveracruz.com\/?p=40469#breadcrumb","itemListElement":[{"@type":"ListItem","position":1,"name":"Portada","item":"https:\/\/lospoliticosveracruz.com\/"},{"@type":"ListItem","position":2,"name":"Hip\u00f3lito vs los Chairo-toons"}]},{"@type":"WebSite","@id":"https:\/\/lospoliticosveracruz.com\/#website","url":"https:\/\/lospoliticosveracruz.com\/","name":"Los pol\u00edticos Veracruz","description":"","publisher":{"@id":"https:\/\/lospoliticosveracruz.com\/#organization"},"potentialAction":[{"@type":"SearchAction","target":{"@type":"EntryPoint","urlTemplate":"https:\/\/lospoliticosveracruz.com\/?s={search_term_string}"},"query-input":{"@type":"PropertyValueSpecification","valueRequired":true,"valueName":"search_term_string"}}],"inLanguage":"es"},{"@type":"Organization","@id":"https:\/\/lospoliticosveracruz.com\/#organization","name":"Los pol\u00edticos Veracruz","url":"https:\/\/lospoliticosveracruz.com\/","logo":{"@type":"ImageObject","inLanguage":"es","@id":"https:\/\/lospoliticosveracruz.com\/#\/schema\/logo\/image\/","url":"https:\/\/lospoliticosveracruz.com\/wp-content\/uploads\/2025\/12\/Logo-Nuevo-LOS-POLITICOS-1.jpg","contentUrl":"https:\/\/lospoliticosveracruz.com\/wp-content\/uploads\/2025\/12\/Logo-Nuevo-LOS-POLITICOS-1.jpg","width":260,"height":70,"caption":"Los pol\u00edticos Veracruz"},"image":{"@id":"https:\/\/lospoliticosveracruz.com\/#\/schema\/logo\/image\/"},"sameAs":["https:\/\/www.facebook.com\/people\/Notimemes-de-los-Polticos\/61565672886568\/","https:\/\/x.com\/LosPoliticosVer"]},{"@type":"Person","@id":"https:\/\/lospoliticosveracruz.com\/#\/schema\/person\/b8702bb0e538456e6efd07080bf2a4a2","name":"Lo viste en Los Pol\u00edticos","image":{"@type":"ImageObject","inLanguage":"es","@id":"https:\/\/secure.gravatar.com\/avatar\/3a8de04a2656d44082be478bd6c086daa447c4651605818287b9532d3d0bd435?s=96&d=mm&r=g","url":"https:\/\/secure.gravatar.com\/avatar\/3a8de04a2656d44082be478bd6c086daa447c4651605818287b9532d3d0bd435?s=96&d=mm&r=g","contentUrl":"https:\/\/secure.gravatar.com\/avatar\/3a8de04a2656d44082be478bd6c086daa447c4651605818287b9532d3d0bd435?s=96&d=mm&r=g","caption":"Lo viste en Los Pol\u00edticos"},"url":"https:\/\/lospoliticosveracruz.com\/?author=2"}]}},"_links":{"self":[{"href":"https:\/\/lospoliticosveracruz.com\/index.php?rest_route=\/wp\/v2\/posts\/40469","targetHints":{"allow":["GET"]}}],"collection":[{"href":"https:\/\/lospoliticosveracruz.com\/index.php?rest_route=\/wp\/v2\/posts"}],"about":[{"href":"https:\/\/lospoliticosveracruz.com\/index.php?rest_route=\/wp\/v2\/types\/post"}],"author":[{"embeddable":true,"href":"https:\/\/lospoliticosveracruz.com\/index.php?rest_route=\/wp\/v2\/users\/2"}],"replies":[{"embeddable":true,"href":"https:\/\/lospoliticosveracruz.com\/index.php?rest_route=%2Fwp%2Fv2%2Fcomments&post=40469"}],"version-history":[{"count":3,"href":"https:\/\/lospoliticosveracruz.com\/index.php?rest_route=\/wp\/v2\/posts\/40469\/revisions"}],"predecessor-version":[{"id":40488,"href":"https:\/\/lospoliticosveracruz.com\/index.php?rest_route=\/wp\/v2\/posts\/40469\/revisions\/40488"}],"wp:attachment":[{"href":"https:\/\/lospoliticosveracruz.com\/index.php?rest_route=%2Fwp%2Fv2%2Fmedia&parent=40469"}],"wp:term":[{"taxonomy":"category","embeddable":true,"href":"https:\/\/lospoliticosveracruz.com\/index.php?rest_route=%2Fwp%2Fv2%2Fcategories&post=40469"},{"taxonomy":"post_tag","embeddable":true,"href":"https:\/\/lospoliticosveracruz.com\/index.php?rest_route=%2Fwp%2Fv2%2Ftags&post=40469"}],"curies":[{"name":"wp","href":"https:\/\/api.w.org\/{rel}","templated":true}]}}