{"id":40660,"date":"2018-03-18T23:04:10","date_gmt":"2018-03-19T05:04:10","guid":{"rendered":"http:\/\/www.lospoliticosveracruz.com.mx\/?p=40660"},"modified":"2018-03-18T23:04:10","modified_gmt":"2018-03-19T05:04:10","slug":"sergio-pitol-dia-de-la-poesia-y-dragon-ball","status":"publish","type":"post","link":"https:\/\/lospoliticosveracruz.com\/?p=40660","title":{"rendered":"Sergio Pitol, D\u00eda de la Poes\u00eda y Dragon Ball"},"content":{"rendered":"<p><b>Cecilia Mu\u00f1oz<\/b><\/p>\n<p><i>Polisemia<\/i><\/p>\n<p>&nbsp;<\/p>\n<p>&nbsp;<\/p>\n<p>Le\u00ed por primera vez a Sergio Pitol ya bastante grande. Peor a\u00fan, lo le\u00ed por primera vez despu\u00e9s de entrar a la Facultad de Letras de Xalapa, donde se respiraba admiraci\u00f3n y respeto por el maestro. Es m\u00e1s, ahora que lo recuerdo, \u00a1hasta me salt\u00e9 uno de sus libros del temario de una de mis clases de Literatura Mexicana! La historia es corta: estaba en plena fiebre por la saga Canci\u00f3n de Hielo y Fuego (AKA Juego de Tronos) y mi escaso tiempo libre s\u00f3lo me permit\u00eda leer un libro a la vez: Fest\u00edn de Cuervos, de George R. Mart\u00edn, o Cementerio de Tordos, del escritor poblano de nacimiento y xalape\u00f1o por adopci\u00f3n. \u201cSi es cuesti\u00f3n de elegir p\u00e1jaros, me llaman m\u00e1s la atenci\u00f3n los cuervos\u201d, pens\u00e9. Hasta la fecha aquel t\u00edtulo de mis a\u00f1os universitarios sigue descansando en mi carpeta electr\u00f3nica de pendientes.<\/p>\n<p>Sin embargo, dicen que mejor tarde que nunca, as\u00ed que un d\u00eda, hace ya un par de ferias del libro, me hice de un par de t\u00edtulos del escritor: Infierno de Todos y El desfile del amor. A\u00fan recuerdo el placer que me embarg\u00f3 desde las primeras p\u00e1ginas, entremezclado con la sensaci\u00f3n de que me hab\u00eda estado perdiendo de algo enorme durante a\u00f1os. Fue as\u00ed como me pas\u00e9 un par de d\u00edas en un mundo de ensue\u00f1o, fascinada por la escritura de Sergio Pitol. De esos momentos me quedan apenas la memoria del estremecimiento y cinco estrellas de cinco de calificaci\u00f3n en Goodreads.<\/p>\n<p>Este domingo, el escritor cumpli\u00f3 85 a\u00f1os. Me pregunto c\u00f3mo habr\u00e1 sido la celebraci\u00f3n, m\u00e1s all\u00e1 de lo que la nota period\u00edstica comparti\u00f3. Y me lo cuestiono con tristeza, pues durante varios a\u00f1os Pitol ha estado en medio de una trifulca indigna de su maestr\u00eda. Dimes y diretes se han entremezclado con su nombre, exabruptos ego\u00edstas que de art\u00edsticos poco tienen. \u00bfHabr\u00e1 soplado las velas del pastel de tres leches que medios de comunicaci\u00f3n compartieron con \u00e9l y su familia? Y si lo hizo, \u00bfqu\u00e9 habr\u00e1 deseado? Hurgando en mis memorias, lo veo en la misma Feria del Libro en la que compr\u00e9 aquellos t\u00edtulos que mencion\u00e9 antes, platicando animadamente con Margo Glantz: la sonrisa bonachona, el brillo en los ojos. Quiz\u00e1s&#8230;<\/p>\n<p>Para festejar sus 85 a\u00f1os de vida, se preparan algunos festejos. En primer lugar, ser\u00e1 la figura central de la pr\u00f3xima Feria del Libro Infantil y Juvenil en la prepa Ju\u00e1rez. Adem\u00e1s, la Orquesta Filarm\u00f3nica de Boca del R\u00edo ofrecer\u00e1 un concierto especial en agosto. Pero yo siempre he sostenido lo mismo: la mejor forma de homenajear a un artista es disfrutando de su obra. Por mi parte, quiz\u00e1s sea hora que por fin le d\u00e9 una oportunidad a esa novela que me salt\u00e9 durante mis a\u00f1os universitarios, la cual, por cierto, se encuentra en l\u00ednea y disponible en PDF gracias a la UNAM, en su sitio http:\/\/www.lanovelacorta.com\/.<\/p>\n<p><b>D\u00cdA MUNDIAL DE LA POES\u00cdA<\/b><\/p>\n<p>Este mi\u00e9rcoles 21 de marzo no s\u00f3lo es el natalicio de Benito Ju\u00e1rez, sino tambi\u00e9n el D\u00eda Mundial de la Poes\u00eda, proclamado por la Unesco en 1999. Su prop\u00f3sito es el de ensalzar la capacidad de este g\u00e9nero literario como otra faceta posible de di\u00e1logo entre culturas, as\u00ed como promover su lectura, la tradici\u00f3n oral, vigorizarla y apoyar a peque\u00f1as editoriales.<\/p>\n<p>Digo \u201cpoes\u00eda\u201d y tres autores me vienen a la cabeza: Rosario Castellanos y su \u201cMeditaci\u00f3n en el umbral\u201d, Gonzalo Rojas y su \u201cFornicio\u201d y A.E. Quintero con aquel poema que inicia: \u201c\u00bfQu\u00e9 voy a hacer sin \u00e9l? \/ Me pregunta la ni\u00f1a \/ por su gato \/ que cada 10 minutos muere m\u00e1s\u201d. Cada poema es un trozo de historia personal. De quienes los escribieron y de nosotros, quienes los leemos y cada tanto volvemos a ellos.<\/p>\n<p>\u201cLa poes\u00eda da para todos los ojos que quieran mirarla, para todos los o\u00eddos atentos a escucharla, porque es un di\u00e1logo personal entre el poema y t\u00fa. Aunque un mill\u00f3n de lectores lean el mismo libro, el poeta siempre estar\u00e1 habl\u00e1ndote a ti, a tus propias emociones, a tus secretos inconfesados, y t\u00fa le responder\u00e1s con tu voz interior, que es la verdadera, la que saldr\u00e1 a la luz, para tu propia sorpresa. En realidad, es todo lo que hay que saber para acercarse a la poes\u00eda\u201d: Ethle Krauze, en C\u00f3mo acercarse a la poes\u00eda.<\/p>\n<p><b>DRAGON BALL<\/b><\/p>\n<p>\u00a1A m\u00ed ni me gusta Dragon Ball! Y aun as\u00ed, he tenido que echarme, a medias, esta \u00faltima temporada. \u201cLas cosas que hago por amor\u201d, dir\u00eda Jaime Lannister, del ya mencionado Juego de Tronos. En efecto, el amor es una fuerza muy poderosa, por eso fui a ver el \u201cfinal\u201d que tanto revuelo caus\u00f3 durante la semana pasada. Y digo \u201cfinal\u201d porque a\u00fan queda otro cap\u00edtulo. Cuesti\u00f3n de clickbait: el episodio literalmente se llamaba \u201cEl gran final\u201d y la sinopsis revelaba la ca\u00edda de Gok\u00fa, el h\u00e9roe de la serie. De esta manera muchos se fueron con la finta y pidieron su transmisi\u00f3n en vivo en plazas p\u00fablicas, volviendo la solicitud una bola de nieve que arras\u00f3 por todo el pa\u00eds.<\/p>\n<p>A pesar de la tajante separaci\u00f3n entre \u201carte y cultura\u201d y Dragon Ball que hiciera nuestro alcalde, Hip\u00f3lito Rodr\u00edguez, a quien nada m\u00e1s le falt\u00f3 mandar a los j\u00f3venes xalape\u00f1os a leer en vez de ver la tele, el comercio no se qued\u00f3 atr\u00e1s con la oportunidad que ten\u00eda ante s\u00ed. J\u00f3venes y adultos deseaban no s\u00f3lo presenciar la pelea magistral que el \u201cfinal\u201d promet\u00eda, sino que adem\u00e1s anhelaban compartir el momento con otros fans. Cinetix dijo \u201cde aqu\u00ed soy\u201d y con mucha alegr\u00eda anunci\u00f3 que el s\u00e1bado transmitir\u00eda el cap\u00edtulo en vivo, completamente gratis, para quienes llegaran a tiempo. Eso s\u00ed, todo muy legal, a trav\u00e9s de Crunchyroll, servicio oficial de streaming para contenidos asi\u00e1ticos.<\/p>\n<p>Debo decir que a pesar de que Dragon Ball no es mi anime favorito, ni siquiera uno que ver\u00eda por cuenta propia, disfrut\u00e9 la experiencia y la algarab\u00eda compartida. Si no puedes con ellos, \u00faneteles.<\/p>\n<p>La sala no s\u00f3lo rebosaba de gente, sino de entusiasmo. Las dificultades t\u00e9cnicas del principio fueron abucheadas, s\u00ed, pero con buen humor. Aunque durante un primer momento muchos temieron que no pudiera disfrutarse el esperado desenlace, aquel que nos dir\u00eda cu\u00e1l ser\u00eda el destino del Universo 7, todo problema fue sorteado, para alegr\u00eda de los espectadores.<\/p>\n<p>El japon\u00e9s no fue problema para los fans. Al fin y al cabo, Dragon Ball es una caricatura de m\u00e1s acci\u00f3n que di\u00e1logos y \u00e9stos eran f\u00e1ciles de interpretar gracias a las expresiones de los personajes: sorpresa, amor, ira e indignaci\u00f3n.<\/p>\n<p>Aunque gritos de j\u00fabilo fue lo que m\u00e1s se escuch\u00f3 durante el episodio, la pronosticada ca\u00edda de Gok\u00fa provoc\u00f3 una oleada de pesar de la que \u2013admito\u2013 particip\u00e9. Pero antes de que tuvi\u00e9ramos tiempo de procesarlo, la ambientaci\u00f3n hab\u00eda cambiado y Gok\u00fa, aunque d\u00e9bil, se hab\u00eda salvado. Y de nuevo, gritos de alegr\u00eda: dos personajes reaparec\u00edan. Uno de ellos era sabido que ser\u00eda vuelto a ver, pero al segundo nadie se lo esperaba. \u201c\u00a1N\u00famero 17, N\u00famero 17! \u00a1Est\u00e1 vivo N\u00famero 17!\u201d, exclamaban los fans con sorpresa y emoci\u00f3n. No era para menos, hac\u00eda cap\u00edtulos que pensaban que hab\u00eda muerto.<\/p>\n<p>\u00bfAleg\u00f3 Hip\u00f3lito que la caricatura contiene violencia? S\u00ed, por supuesto que la hay. Pero esa violencia no es ensalzada en la serie. Gok\u00fa pelea, pero no en la b\u00fasqueda por el poder, sino por superarse a s\u00ed mismo. Es un deportista, un practicante de artes marciales. A veces debe competir buscando derrotar no a un rival, sino a un enemigo, pero lo hace para salvar a quienes ama. Es un h\u00e9roe capaz de congregar a fans de todas las edades y hacerlos gritar de alegr\u00eda, sorpresa y emoci\u00f3n. Y eso me parece algo que festejar.<\/p>\n<p>Correo: polisemia@outlook.es<\/p>\n<p>Twitter: polisemia_C<\/p>\n","protected":false},"excerpt":{"rendered":"<p>Cecilia Mu\u00f1oz Polisemia &nbsp; &nbsp; Le\u00ed por primera vez a Sergio Pitol ya bastante grande. Peor a\u00fan, lo le\u00ed por primera vez despu\u00e9s de entrar a la Facultad de Letras de Xalapa, donde se respiraba admiraci\u00f3n y respeto por el maestro. Es m\u00e1s, ahora que lo recuerdo, \u00a1hasta me salt\u00e9 uno de sus libros del [&hellip;]<\/p>\n","protected":false},"author":2,"featured_media":0,"comment_status":"open","ping_status":"open","sticky":false,"template":"","format":"standard","meta":{"tdm_status":"","tdm_grid_status":"","footnotes":""},"categories":[70],"tags":[11243,11244,1689],"class_list":{"0":"post-40660","1":"post","2":"type-post","3":"status-publish","4":"format-standard","6":"category-de-opinion","7":"tag-dia-mundial-de-la-poesia","8":"tag-dragon-ball","9":"tag-sergio-pitol"},"yoast_head":"<!-- This site is optimized with the Yoast SEO plugin v27.4 - https:\/\/yoast.com\/product\/yoast-seo-wordpress\/ -->\n<title>Sergio Pitol, D\u00eda de la Poes\u00eda y Dragon Ball - Los pol\u00edticos Veracruz<\/title>\n<meta name=\"robots\" content=\"index, follow, max-snippet:-1, max-image-preview:large, max-video-preview:-1\" \/>\n<link rel=\"canonical\" href=\"https:\/\/lospoliticosveracruz.com\/?p=40660\" \/>\n<meta property=\"og:locale\" content=\"es_ES\" \/>\n<meta property=\"og:type\" content=\"article\" \/>\n<meta property=\"og:title\" content=\"Sergio Pitol, D\u00eda de la Poes\u00eda y Dragon Ball - Los pol\u00edticos Veracruz\" \/>\n<meta property=\"og:description\" content=\"Cecilia Mu\u00f1oz Polisemia &nbsp; &nbsp; Le\u00ed por primera vez a Sergio Pitol ya bastante grande. Peor a\u00fan, lo le\u00ed por primera vez despu\u00e9s de entrar a la Facultad de Letras de Xalapa, donde se respiraba admiraci\u00f3n y respeto por el maestro. Es m\u00e1s, ahora que lo recuerdo, \u00a1hasta me salt\u00e9 uno de sus libros del [&hellip;]\" \/>\n<meta property=\"og:url\" content=\"https:\/\/lospoliticosveracruz.com\/?p=40660\" \/>\n<meta property=\"og:site_name\" content=\"Los pol\u00edticos Veracruz\" \/>\n<meta property=\"article:publisher\" content=\"https:\/\/www.facebook.com\/people\/Notimemes-de-los-Polticos\/61565672886568\/\" \/>\n<meta property=\"article:published_time\" content=\"2018-03-19T05:04:10+00:00\" \/>\n<meta property=\"og:image\" content=\"https:\/\/lospoliticosveracruz.com\/wp-content\/uploads\/2016\/07\/Logo-Dor.jpg\" \/>\n\t<meta property=\"og:image:width\" content=\"200\" \/>\n\t<meta property=\"og:image:height\" content=\"200\" \/>\n\t<meta property=\"og:image:type\" content=\"image\/jpeg\" \/>\n<meta name=\"author\" content=\"Lo viste en Los Pol\u00edticos\" \/>\n<meta name=\"twitter:card\" content=\"summary_large_image\" \/>\n<meta name=\"twitter:creator\" content=\"@LosPoliticosVer\" \/>\n<meta name=\"twitter:site\" content=\"@LosPoliticosVer\" \/>\n<meta name=\"twitter:label1\" content=\"Escrito por\" \/>\n\t<meta name=\"twitter:data1\" content=\"Lo viste en Los Pol\u00edticos\" \/>\n\t<meta name=\"twitter:label2\" content=\"Tiempo de lectura\" \/>\n\t<meta name=\"twitter:data2\" content=\"7 minutos\" \/>\n<script type=\"application\/ld+json\" class=\"yoast-schema-graph\">{\"@context\":\"https:\\\/\\\/schema.org\",\"@graph\":[{\"@type\":\"Article\",\"@id\":\"https:\\\/\\\/lospoliticosveracruz.com\\\/?p=40660#article\",\"isPartOf\":{\"@id\":\"https:\\\/\\\/lospoliticosveracruz.com\\\/?p=40660\"},\"author\":{\"name\":\"Lo viste en Los Pol\u00edticos\",\"@id\":\"https:\\\/\\\/lospoliticosveracruz.com\\\/#\\\/schema\\\/person\\\/b8702bb0e538456e6efd07080bf2a4a2\"},\"headline\":\"Sergio Pitol, D\u00eda de la Poes\u00eda y Dragon Ball\",\"datePublished\":\"2018-03-19T05:04:10+00:00\",\"mainEntityOfPage\":{\"@id\":\"https:\\\/\\\/lospoliticosveracruz.com\\\/?p=40660\"},\"wordCount\":1435,\"commentCount\":0,\"publisher\":{\"@id\":\"https:\\\/\\\/lospoliticosveracruz.com\\\/#organization\"},\"keywords\":[\"D\u00eda Mundial de la Poes\u00eda\",\"Dragon Ball\",\"Sergio Pitol\"],\"articleSection\":[\"De Opini\u00f3n\"],\"inLanguage\":\"es\",\"potentialAction\":[{\"@type\":\"CommentAction\",\"name\":\"Comment\",\"target\":[\"https:\\\/\\\/lospoliticosveracruz.com\\\/?p=40660#respond\"]}]},{\"@type\":\"WebPage\",\"@id\":\"https:\\\/\\\/lospoliticosveracruz.com\\\/?p=40660\",\"url\":\"https:\\\/\\\/lospoliticosveracruz.com\\\/?p=40660\",\"name\":\"Sergio Pitol, D\u00eda de la Poes\u00eda y Dragon Ball - Los pol\u00edticos Veracruz\",\"isPartOf\":{\"@id\":\"https:\\\/\\\/lospoliticosveracruz.com\\\/#website\"},\"datePublished\":\"2018-03-19T05:04:10+00:00\",\"breadcrumb\":{\"@id\":\"https:\\\/\\\/lospoliticosveracruz.com\\\/?p=40660#breadcrumb\"},\"inLanguage\":\"es\",\"potentialAction\":[{\"@type\":\"ReadAction\",\"target\":[\"https:\\\/\\\/lospoliticosveracruz.com\\\/?p=40660\"]}]},{\"@type\":\"BreadcrumbList\",\"@id\":\"https:\\\/\\\/lospoliticosveracruz.com\\\/?p=40660#breadcrumb\",\"itemListElement\":[{\"@type\":\"ListItem\",\"position\":1,\"name\":\"Portada\",\"item\":\"https:\\\/\\\/lospoliticosveracruz.com\\\/\"},{\"@type\":\"ListItem\",\"position\":2,\"name\":\"Sergio Pitol, D\u00eda de la Poes\u00eda y Dragon Ball\"}]},{\"@type\":\"WebSite\",\"@id\":\"https:\\\/\\\/lospoliticosveracruz.com\\\/#website\",\"url\":\"https:\\\/\\\/lospoliticosveracruz.com\\\/\",\"name\":\"Los pol\u00edticos Veracruz\",\"description\":\"\",\"publisher\":{\"@id\":\"https:\\\/\\\/lospoliticosveracruz.com\\\/#organization\"},\"potentialAction\":[{\"@type\":\"SearchAction\",\"target\":{\"@type\":\"EntryPoint\",\"urlTemplate\":\"https:\\\/\\\/lospoliticosveracruz.com\\\/?s={search_term_string}\"},\"query-input\":{\"@type\":\"PropertyValueSpecification\",\"valueRequired\":true,\"valueName\":\"search_term_string\"}}],\"inLanguage\":\"es\"},{\"@type\":\"Organization\",\"@id\":\"https:\\\/\\\/lospoliticosveracruz.com\\\/#organization\",\"name\":\"Los pol\u00edticos Veracruz\",\"url\":\"https:\\\/\\\/lospoliticosveracruz.com\\\/\",\"logo\":{\"@type\":\"ImageObject\",\"inLanguage\":\"es\",\"@id\":\"https:\\\/\\\/lospoliticosveracruz.com\\\/#\\\/schema\\\/logo\\\/image\\\/\",\"url\":\"https:\\\/\\\/lospoliticosveracruz.com\\\/wp-content\\\/uploads\\\/2025\\\/12\\\/Logo-Nuevo-LOS-POLITICOS-1.jpg\",\"contentUrl\":\"https:\\\/\\\/lospoliticosveracruz.com\\\/wp-content\\\/uploads\\\/2025\\\/12\\\/Logo-Nuevo-LOS-POLITICOS-1.jpg\",\"width\":260,\"height\":70,\"caption\":\"Los pol\u00edticos Veracruz\"},\"image\":{\"@id\":\"https:\\\/\\\/lospoliticosveracruz.com\\\/#\\\/schema\\\/logo\\\/image\\\/\"},\"sameAs\":[\"https:\\\/\\\/www.facebook.com\\\/people\\\/Notimemes-de-los-Polticos\\\/61565672886568\\\/\",\"https:\\\/\\\/x.com\\\/LosPoliticosVer\"]},{\"@type\":\"Person\",\"@id\":\"https:\\\/\\\/lospoliticosveracruz.com\\\/#\\\/schema\\\/person\\\/b8702bb0e538456e6efd07080bf2a4a2\",\"name\":\"Lo viste en Los Pol\u00edticos\",\"image\":{\"@type\":\"ImageObject\",\"inLanguage\":\"es\",\"@id\":\"https:\\\/\\\/secure.gravatar.com\\\/avatar\\\/3a8de04a2656d44082be478bd6c086daa447c4651605818287b9532d3d0bd435?s=96&d=mm&r=g\",\"url\":\"https:\\\/\\\/secure.gravatar.com\\\/avatar\\\/3a8de04a2656d44082be478bd6c086daa447c4651605818287b9532d3d0bd435?s=96&d=mm&r=g\",\"contentUrl\":\"https:\\\/\\\/secure.gravatar.com\\\/avatar\\\/3a8de04a2656d44082be478bd6c086daa447c4651605818287b9532d3d0bd435?s=96&d=mm&r=g\",\"caption\":\"Lo viste en Los Pol\u00edticos\"},\"url\":\"https:\\\/\\\/lospoliticosveracruz.com\\\/?author=2\"}]}<\/script>\n<!-- \/ Yoast SEO plugin. -->","yoast_head_json":{"title":"Sergio Pitol, D\u00eda de la Poes\u00eda y Dragon Ball - Los pol\u00edticos Veracruz","robots":{"index":"index","follow":"follow","max-snippet":"max-snippet:-1","max-image-preview":"max-image-preview:large","max-video-preview":"max-video-preview:-1"},"canonical":"https:\/\/lospoliticosveracruz.com\/?p=40660","og_locale":"es_ES","og_type":"article","og_title":"Sergio Pitol, D\u00eda de la Poes\u00eda y Dragon Ball - Los pol\u00edticos Veracruz","og_description":"Cecilia Mu\u00f1oz Polisemia &nbsp; &nbsp; Le\u00ed por primera vez a Sergio Pitol ya bastante grande. Peor a\u00fan, lo le\u00ed por primera vez despu\u00e9s de entrar a la Facultad de Letras de Xalapa, donde se respiraba admiraci\u00f3n y respeto por el maestro. Es m\u00e1s, ahora que lo recuerdo, \u00a1hasta me salt\u00e9 uno de sus libros del [&hellip;]","og_url":"https:\/\/lospoliticosveracruz.com\/?p=40660","og_site_name":"Los pol\u00edticos Veracruz","article_publisher":"https:\/\/www.facebook.com\/people\/Notimemes-de-los-Polticos\/61565672886568\/","article_published_time":"2018-03-19T05:04:10+00:00","og_image":[{"width":200,"height":200,"url":"https:\/\/lospoliticosveracruz.com\/wp-content\/uploads\/2016\/07\/Logo-Dor.jpg","type":"image\/jpeg"}],"author":"Lo viste en Los Pol\u00edticos","twitter_card":"summary_large_image","twitter_creator":"@LosPoliticosVer","twitter_site":"@LosPoliticosVer","twitter_misc":{"Escrito por":"Lo viste en Los Pol\u00edticos","Tiempo de lectura":"7 minutos"},"schema":{"@context":"https:\/\/schema.org","@graph":[{"@type":"Article","@id":"https:\/\/lospoliticosveracruz.com\/?p=40660#article","isPartOf":{"@id":"https:\/\/lospoliticosveracruz.com\/?p=40660"},"author":{"name":"Lo viste en Los Pol\u00edticos","@id":"https:\/\/lospoliticosveracruz.com\/#\/schema\/person\/b8702bb0e538456e6efd07080bf2a4a2"},"headline":"Sergio Pitol, D\u00eda de la Poes\u00eda y Dragon Ball","datePublished":"2018-03-19T05:04:10+00:00","mainEntityOfPage":{"@id":"https:\/\/lospoliticosveracruz.com\/?p=40660"},"wordCount":1435,"commentCount":0,"publisher":{"@id":"https:\/\/lospoliticosveracruz.com\/#organization"},"keywords":["D\u00eda Mundial de la Poes\u00eda","Dragon Ball","Sergio Pitol"],"articleSection":["De Opini\u00f3n"],"inLanguage":"es","potentialAction":[{"@type":"CommentAction","name":"Comment","target":["https:\/\/lospoliticosveracruz.com\/?p=40660#respond"]}]},{"@type":"WebPage","@id":"https:\/\/lospoliticosveracruz.com\/?p=40660","url":"https:\/\/lospoliticosveracruz.com\/?p=40660","name":"Sergio Pitol, D\u00eda de la Poes\u00eda y Dragon Ball - Los pol\u00edticos Veracruz","isPartOf":{"@id":"https:\/\/lospoliticosveracruz.com\/#website"},"datePublished":"2018-03-19T05:04:10+00:00","breadcrumb":{"@id":"https:\/\/lospoliticosveracruz.com\/?p=40660#breadcrumb"},"inLanguage":"es","potentialAction":[{"@type":"ReadAction","target":["https:\/\/lospoliticosveracruz.com\/?p=40660"]}]},{"@type":"BreadcrumbList","@id":"https:\/\/lospoliticosveracruz.com\/?p=40660#breadcrumb","itemListElement":[{"@type":"ListItem","position":1,"name":"Portada","item":"https:\/\/lospoliticosveracruz.com\/"},{"@type":"ListItem","position":2,"name":"Sergio Pitol, D\u00eda de la Poes\u00eda y Dragon Ball"}]},{"@type":"WebSite","@id":"https:\/\/lospoliticosveracruz.com\/#website","url":"https:\/\/lospoliticosveracruz.com\/","name":"Los pol\u00edticos Veracruz","description":"","publisher":{"@id":"https:\/\/lospoliticosveracruz.com\/#organization"},"potentialAction":[{"@type":"SearchAction","target":{"@type":"EntryPoint","urlTemplate":"https:\/\/lospoliticosveracruz.com\/?s={search_term_string}"},"query-input":{"@type":"PropertyValueSpecification","valueRequired":true,"valueName":"search_term_string"}}],"inLanguage":"es"},{"@type":"Organization","@id":"https:\/\/lospoliticosveracruz.com\/#organization","name":"Los pol\u00edticos Veracruz","url":"https:\/\/lospoliticosveracruz.com\/","logo":{"@type":"ImageObject","inLanguage":"es","@id":"https:\/\/lospoliticosveracruz.com\/#\/schema\/logo\/image\/","url":"https:\/\/lospoliticosveracruz.com\/wp-content\/uploads\/2025\/12\/Logo-Nuevo-LOS-POLITICOS-1.jpg","contentUrl":"https:\/\/lospoliticosveracruz.com\/wp-content\/uploads\/2025\/12\/Logo-Nuevo-LOS-POLITICOS-1.jpg","width":260,"height":70,"caption":"Los pol\u00edticos Veracruz"},"image":{"@id":"https:\/\/lospoliticosveracruz.com\/#\/schema\/logo\/image\/"},"sameAs":["https:\/\/www.facebook.com\/people\/Notimemes-de-los-Polticos\/61565672886568\/","https:\/\/x.com\/LosPoliticosVer"]},{"@type":"Person","@id":"https:\/\/lospoliticosveracruz.com\/#\/schema\/person\/b8702bb0e538456e6efd07080bf2a4a2","name":"Lo viste en Los Pol\u00edticos","image":{"@type":"ImageObject","inLanguage":"es","@id":"https:\/\/secure.gravatar.com\/avatar\/3a8de04a2656d44082be478bd6c086daa447c4651605818287b9532d3d0bd435?s=96&d=mm&r=g","url":"https:\/\/secure.gravatar.com\/avatar\/3a8de04a2656d44082be478bd6c086daa447c4651605818287b9532d3d0bd435?s=96&d=mm&r=g","contentUrl":"https:\/\/secure.gravatar.com\/avatar\/3a8de04a2656d44082be478bd6c086daa447c4651605818287b9532d3d0bd435?s=96&d=mm&r=g","caption":"Lo viste en Los Pol\u00edticos"},"url":"https:\/\/lospoliticosveracruz.com\/?author=2"}]}},"_links":{"self":[{"href":"https:\/\/lospoliticosveracruz.com\/index.php?rest_route=\/wp\/v2\/posts\/40660","targetHints":{"allow":["GET"]}}],"collection":[{"href":"https:\/\/lospoliticosveracruz.com\/index.php?rest_route=\/wp\/v2\/posts"}],"about":[{"href":"https:\/\/lospoliticosveracruz.com\/index.php?rest_route=\/wp\/v2\/types\/post"}],"author":[{"embeddable":true,"href":"https:\/\/lospoliticosveracruz.com\/index.php?rest_route=\/wp\/v2\/users\/2"}],"replies":[{"embeddable":true,"href":"https:\/\/lospoliticosveracruz.com\/index.php?rest_route=%2Fwp%2Fv2%2Fcomments&post=40660"}],"version-history":[{"count":1,"href":"https:\/\/lospoliticosveracruz.com\/index.php?rest_route=\/wp\/v2\/posts\/40660\/revisions"}],"predecessor-version":[{"id":40661,"href":"https:\/\/lospoliticosveracruz.com\/index.php?rest_route=\/wp\/v2\/posts\/40660\/revisions\/40661"}],"wp:attachment":[{"href":"https:\/\/lospoliticosveracruz.com\/index.php?rest_route=%2Fwp%2Fv2%2Fmedia&parent=40660"}],"wp:term":[{"taxonomy":"category","embeddable":true,"href":"https:\/\/lospoliticosveracruz.com\/index.php?rest_route=%2Fwp%2Fv2%2Fcategories&post=40660"},{"taxonomy":"post_tag","embeddable":true,"href":"https:\/\/lospoliticosveracruz.com\/index.php?rest_route=%2Fwp%2Fv2%2Ftags&post=40660"}],"curies":[{"name":"wp","href":"https:\/\/api.w.org\/{rel}","templated":true}]}}