{"id":40814,"date":"2018-03-23T10:17:27","date_gmt":"2018-03-23T16:17:27","guid":{"rendered":"http:\/\/www.lospoliticosveracruz.com.mx\/?p=40814"},"modified":"2018-03-23T10:17:27","modified_gmt":"2018-03-23T16:17:27","slug":"elizabeth-morales-y-morena","status":"publish","type":"post","link":"https:\/\/lospoliticosveracruz.com\/?p=40814","title":{"rendered":"El\u00edzabeth Morales y Morena"},"content":{"rendered":"<p class=\"x_m_7597174093620796707MsoNoSpacing\"><b>Luis Alberto Romero<\/b><\/p>\n<p class=\"x_m_7597174093620796707MsoNoSpacing\"><em>Hora Cero<\/em><\/p>\n<p class=\"x_m_7597174093620796707MsoNoSpacing\"><b><u><\/u>\u00a0<u><\/u><\/b><\/p>\n<p class=\"x_m_7597174093620796707MsoNoSpacing\">\n<p class=\"x_m_7597174093620796707MsoNoSpacing\">En algunos medios informativos locales trascendi\u00f3 una supuesta invitaci\u00f3n que habr\u00eda realizado el Movimiento de Regeneraci\u00f3n Nacional, Morena, a la delegada del ISSSTE en Veracruz, El\u00edzabeth Morales Garc\u00eda.<u><\/u><u><\/u><\/p>\n<p class=\"x_m_7597174093620796707MsoNoSpacing\">Al margen de los desmentidos de ambas partes, lo cierto es que la ex alcaldesa de Xalapa es un cuadro que aporta en t\u00e9rminos pol\u00edticos y electorales al tricolor, de tal manera que no ser\u00eda descabellado que recibiera alguna invitaci\u00f3n de Morena o de cualquier otro instituto.<u><\/u><u><\/u><\/p>\n<p class=\"x_m_7597174093620796707MsoNoSpacing\">El pasado martes, los medios consignaron la declaraci\u00f3n de la ex diputada local Jaqueline Garc\u00eda, quien habr\u00eda se\u00f1alado que El\u00edzabeth Morales est\u00e1 desaprovechada por su partido, el PRI, por lo que le invit\u00f3 a sumarse a Morena.<u><\/u><u><\/u><\/p>\n<p class=\"x_m_7597174093620796707MsoNoSpacing\">R\u00e1pido, la dirigencia de Morena neg\u00f3 la invitaci\u00f3n y desconoci\u00f3 como operadora a Garc\u00eda Hern\u00e1ndez, quien habr\u00eda hablado en nombre propio y no en el del partido que lidera L\u00f3pez Obrador.<u><\/u><u><\/u><\/p>\n<p class=\"x_m_7597174093620796707MsoNoSpacing\">La delegada del ISSSTE ha sido presidenta municipal de Xalapa, diputada federal y lideresa estatal del Partido Revolucionario Institucional, de tal manera que trayectoria no le falta.<u><\/u><u><\/u><\/p>\n<p class=\"x_m_7597174093620796707MsoNoSpacing\">Pues bien, al margen de esa u otras invitaciones a El\u00edzabeth Morales, lo cierto es que si el PRI no hace algo para evitar posibles fugas de militantes y cuadros distinguidos, nada bueno podr\u00e1 esperar en la elecci\u00f3n para gobernador.<u><\/u><u><\/u><\/p>\n<p class=\"x_m_7597174093620796707MsoNoSpacing\"><u><\/u>\u00a0<u><\/u><\/p>\n<p class=\"x_m_7597174093620796707MsoNoSpacing\"><u><\/u>\u00a0<u><\/u><\/p>\n<p class=\"x_m_7597174093620796707MsoNoSpacing\"><b>Daniel Olmos \u00bftraicion\u00f3 la alianza?<u><\/u><u><\/u><\/b><\/p>\n<p class=\"x_m_7597174093620796707MsoNoSpacing\">Los saldos de la elecci\u00f3n municipal extraordinaria en Emiliano Zapata siguen revel\u00e1ndose, al igual que la propia naturaleza de los protagonistas.<u><\/u><u><\/u><\/p>\n<p class=\"x_m_7597174093620796707MsoNoSpacing\">La alianza PAN-PRD volvi\u00f3 apostar por Daniel Baizabal Gonz\u00e1lez, quien era considerado su mejor carta no s\u00f3lo por su trayectoria pol\u00edtica y trabajo social, tambi\u00e9n por su liderazgo y arraigo.<u><\/u><u><\/u><\/p>\n<p class=\"x_m_7597174093620796707MsoNoSpacing\">Las condiciones parec\u00edan apropiadas para un triunfo de Baizabal, hasta que el exalcalde perredista de ese municipio, Daniel Olmos Garc\u00eda, busc\u00f3 al interior del Sol Azteca la manera de no quedarse fuera de la contienda y logr\u00f3 imponer a su hija Diana Olmos Barradas como s\u00edndica en la planilla perredista.<u><\/u><u><\/u><\/p>\n<p class=\"x_m_7597174093620796707MsoNoSpacing\">Nos comentan que Baizabal no estuvo de acuerdo, aunque al final respet\u00f3 la decisi\u00f3n del PRD, aun cuando esto habr\u00eda de convertir en el inicio del declive de la alianza.<u><\/u><u><\/u><\/p>\n<p class=\"x_m_7597174093620796707MsoNoSpacing\">El resultado: quienes respaldaban el proyecto de Baizabal sintieron desencanto; no falt\u00f3 quien mirara hacia otro lado.<u><\/u><u><\/u><\/p>\n<p class=\"x_m_7597174093620796707MsoNoSpacing\">La gente de ese lugar no perdon\u00f3 al cuestionado ayuntamiento de Daniel Olmos Garc\u00eda; y tampoco pas\u00f3 por alto el intrascendente trabajo de su hijo, Daniel Olmos Barradas, como diputado local.<u><\/u><u><\/u><\/p>\n<p class=\"x_m_7597174093620796707MsoNoSpacing\">Aunque pudiera decirse que Diana no tiene la culpa, simple y sencillamente en su apellido llev\u00f3 la penitencia.<u><\/u><u><\/u><\/p>\n<p class=\"x_m_7597174093620796707MsoNoSpacing\">Todo ello se reflej\u00f3 en las s\u00e1banas electorales que se colocaron afuera de las casillas: Daniel Baizabal tuvo entre 10 y 20 votos por cada una y con esa cantidad no se gana una elecci\u00f3n.<u><\/u><u><\/u><\/p>\n<p class=\"x_m_7597174093620796707MsoNoSpacing\">La derrota de la alianza PAN-PRD fue contundente y dej\u00f3 a los panistas con mal sabor de boca y con fundadas sospechas.<u><\/u><u><\/u><\/p>\n<p class=\"x_m_7597174093620796707MsoNoSpacing\">Con toda raz\u00f3n, pues la animadversi\u00f3n a un s\u00f3lo hombre torpede\u00f3 la campa\u00f1a y el avance del proyecto que Baizabal representaba.<u><\/u><u><\/u><\/p>\n<p class=\"x_m_7597174093620796707MsoNoSpacing\">Como bien dice el dicho: \u201cDe los errores se aprende\u201d y habr\u00e1 de quedarle claro a todos los involucrados en la alianza, particularmente al PRD, que la lecci\u00f3n de la elecci\u00f3n significa que los proyectos pol\u00edticos de amplio alcance van m\u00e1s all\u00e1 de satisfacer deseos, caprichos personales y cuotas de poder, tomando en cuenta que se avecinan las elecciones de julio.<u><\/u><u><\/u><\/p>\n<p class=\"x_m_7597174093620796707MsoNoSpacing\">Por los resultados favorables al vencedor y la distancia respecto al segundo lugar, hay un tufo de traici\u00f3n amarilla, nos dicen, que comienza a inundar el ambiente en Emiliano Zapata.<u><\/u><u><\/u><\/p>\n<p class=\"x_m_7597174093620796707MsoNoSpacing\">Mientras tanto, el juicio popular es implacable y la burla tambi\u00e9n porque se escucha que en la pr\u00f3xima elecci\u00f3n no hay que pedirle votos a Olmos.<u><\/u><u><\/u><\/p>\n<p class=\"x_m_7597174093620796707MsoNoSpacing\">A Daniel Baizabal le queda el sabor amargo de la derrota, aunque tambi\u00e9n la satisfacci\u00f3n de haberle cumplido a la alianza PAN-PRD y a su gente. Hay que recordar que en pol\u00edtica no hay muertos. @luisromero85<\/p>\n","protected":false},"excerpt":{"rendered":"<p>Luis Alberto Romero Hora Cero \u00a0 En algunos medios informativos locales trascendi\u00f3 una supuesta invitaci\u00f3n que habr\u00eda realizado el Movimiento de Regeneraci\u00f3n Nacional, Morena, a la delegada del ISSSTE en Veracruz, El\u00edzabeth Morales Garc\u00eda. Al margen de los desmentidos de ambas partes, lo cierto es que la ex alcaldesa de Xalapa es un cuadro que [&hellip;]<\/p>\n","protected":false},"author":2,"featured_media":0,"comment_status":"open","ping_status":"open","sticky":false,"template":"","format":"standard","meta":{"tdm_status":"","tdm_grid_status":"","footnotes":""},"categories":[70],"tags":[133,11266,1026],"class_list":{"0":"post-40814","1":"post","2":"type-post","3":"status-publish","4":"format-standard","6":"category-de-opinion","7":"tag-elizabeth-morales","8":"tag-jaqueline-garcia","9":"tag-morena"},"yoast_head":"<!-- This site is optimized with the Yoast SEO plugin v27.4 - https:\/\/yoast.com\/product\/yoast-seo-wordpress\/ -->\n<title>El\u00edzabeth Morales y Morena - Los pol\u00edticos Veracruz<\/title>\n<meta name=\"robots\" content=\"index, follow, max-snippet:-1, max-image-preview:large, max-video-preview:-1\" \/>\n<link rel=\"canonical\" href=\"https:\/\/lospoliticosveracruz.com\/?p=40814\" \/>\n<meta property=\"og:locale\" content=\"es_ES\" \/>\n<meta property=\"og:type\" content=\"article\" \/>\n<meta property=\"og:title\" content=\"El\u00edzabeth Morales y Morena - Los pol\u00edticos Veracruz\" \/>\n<meta property=\"og:description\" content=\"Luis Alberto Romero Hora Cero \u00a0 En algunos medios informativos locales trascendi\u00f3 una supuesta invitaci\u00f3n que habr\u00eda realizado el Movimiento de Regeneraci\u00f3n Nacional, Morena, a la delegada del ISSSTE en Veracruz, El\u00edzabeth Morales Garc\u00eda. Al margen de los desmentidos de ambas partes, lo cierto es que la ex alcaldesa de Xalapa es un cuadro que [&hellip;]\" \/>\n<meta property=\"og:url\" content=\"https:\/\/lospoliticosveracruz.com\/?p=40814\" \/>\n<meta property=\"og:site_name\" content=\"Los pol\u00edticos Veracruz\" \/>\n<meta property=\"article:publisher\" content=\"https:\/\/www.facebook.com\/people\/Notimemes-de-los-Polticos\/61565672886568\/\" \/>\n<meta property=\"article:published_time\" content=\"2018-03-23T16:17:27+00:00\" \/>\n<meta property=\"og:image\" content=\"https:\/\/lospoliticosveracruz.com\/wp-content\/uploads\/2016\/07\/Logo-Dor.jpg\" \/>\n\t<meta property=\"og:image:width\" content=\"200\" \/>\n\t<meta property=\"og:image:height\" content=\"200\" \/>\n\t<meta property=\"og:image:type\" content=\"image\/jpeg\" \/>\n<meta name=\"author\" content=\"Lo viste en Los Pol\u00edticos\" \/>\n<meta name=\"twitter:card\" content=\"summary_large_image\" \/>\n<meta name=\"twitter:creator\" content=\"@LosPoliticosVer\" \/>\n<meta name=\"twitter:site\" content=\"@LosPoliticosVer\" \/>\n<meta name=\"twitter:label1\" content=\"Escrito por\" \/>\n\t<meta name=\"twitter:data1\" content=\"Lo viste en Los Pol\u00edticos\" \/>\n\t<meta name=\"twitter:label2\" content=\"Tiempo de lectura\" \/>\n\t<meta name=\"twitter:data2\" content=\"3 minutos\" \/>\n<script type=\"application\/ld+json\" class=\"yoast-schema-graph\">{\"@context\":\"https:\\\/\\\/schema.org\",\"@graph\":[{\"@type\":\"Article\",\"@id\":\"https:\\\/\\\/lospoliticosveracruz.com\\\/?p=40814#article\",\"isPartOf\":{\"@id\":\"https:\\\/\\\/lospoliticosveracruz.com\\\/?p=40814\"},\"author\":{\"name\":\"Lo viste en Los Pol\u00edticos\",\"@id\":\"https:\\\/\\\/lospoliticosveracruz.com\\\/#\\\/schema\\\/person\\\/b8702bb0e538456e6efd07080bf2a4a2\"},\"headline\":\"El\u00edzabeth Morales y Morena\",\"datePublished\":\"2018-03-23T16:17:27+00:00\",\"mainEntityOfPage\":{\"@id\":\"https:\\\/\\\/lospoliticosveracruz.com\\\/?p=40814\"},\"wordCount\":702,\"commentCount\":0,\"publisher\":{\"@id\":\"https:\\\/\\\/lospoliticosveracruz.com\\\/#organization\"},\"keywords\":[\"Elizabeth Morales\",\"Jaqueline Garc\u00eda\",\"Morena\"],\"articleSection\":[\"De Opini\u00f3n\"],\"inLanguage\":\"es\",\"potentialAction\":[{\"@type\":\"CommentAction\",\"name\":\"Comment\",\"target\":[\"https:\\\/\\\/lospoliticosveracruz.com\\\/?p=40814#respond\"]}]},{\"@type\":\"WebPage\",\"@id\":\"https:\\\/\\\/lospoliticosveracruz.com\\\/?p=40814\",\"url\":\"https:\\\/\\\/lospoliticosveracruz.com\\\/?p=40814\",\"name\":\"El\u00edzabeth Morales y Morena - Los pol\u00edticos Veracruz\",\"isPartOf\":{\"@id\":\"https:\\\/\\\/lospoliticosveracruz.com\\\/#website\"},\"datePublished\":\"2018-03-23T16:17:27+00:00\",\"breadcrumb\":{\"@id\":\"https:\\\/\\\/lospoliticosveracruz.com\\\/?p=40814#breadcrumb\"},\"inLanguage\":\"es\",\"potentialAction\":[{\"@type\":\"ReadAction\",\"target\":[\"https:\\\/\\\/lospoliticosveracruz.com\\\/?p=40814\"]}]},{\"@type\":\"BreadcrumbList\",\"@id\":\"https:\\\/\\\/lospoliticosveracruz.com\\\/?p=40814#breadcrumb\",\"itemListElement\":[{\"@type\":\"ListItem\",\"position\":1,\"name\":\"Portada\",\"item\":\"https:\\\/\\\/lospoliticosveracruz.com\\\/\"},{\"@type\":\"ListItem\",\"position\":2,\"name\":\"El\u00edzabeth Morales y Morena\"}]},{\"@type\":\"WebSite\",\"@id\":\"https:\\\/\\\/lospoliticosveracruz.com\\\/#website\",\"url\":\"https:\\\/\\\/lospoliticosveracruz.com\\\/\",\"name\":\"Los pol\u00edticos Veracruz\",\"description\":\"\",\"publisher\":{\"@id\":\"https:\\\/\\\/lospoliticosveracruz.com\\\/#organization\"},\"potentialAction\":[{\"@type\":\"SearchAction\",\"target\":{\"@type\":\"EntryPoint\",\"urlTemplate\":\"https:\\\/\\\/lospoliticosveracruz.com\\\/?s={search_term_string}\"},\"query-input\":{\"@type\":\"PropertyValueSpecification\",\"valueRequired\":true,\"valueName\":\"search_term_string\"}}],\"inLanguage\":\"es\"},{\"@type\":\"Organization\",\"@id\":\"https:\\\/\\\/lospoliticosveracruz.com\\\/#organization\",\"name\":\"Los pol\u00edticos Veracruz\",\"url\":\"https:\\\/\\\/lospoliticosveracruz.com\\\/\",\"logo\":{\"@type\":\"ImageObject\",\"inLanguage\":\"es\",\"@id\":\"https:\\\/\\\/lospoliticosveracruz.com\\\/#\\\/schema\\\/logo\\\/image\\\/\",\"url\":\"https:\\\/\\\/lospoliticosveracruz.com\\\/wp-content\\\/uploads\\\/2025\\\/12\\\/Logo-Nuevo-LOS-POLITICOS-1.jpg\",\"contentUrl\":\"https:\\\/\\\/lospoliticosveracruz.com\\\/wp-content\\\/uploads\\\/2025\\\/12\\\/Logo-Nuevo-LOS-POLITICOS-1.jpg\",\"width\":260,\"height\":70,\"caption\":\"Los pol\u00edticos Veracruz\"},\"image\":{\"@id\":\"https:\\\/\\\/lospoliticosveracruz.com\\\/#\\\/schema\\\/logo\\\/image\\\/\"},\"sameAs\":[\"https:\\\/\\\/www.facebook.com\\\/people\\\/Notimemes-de-los-Polticos\\\/61565672886568\\\/\",\"https:\\\/\\\/x.com\\\/LosPoliticosVer\"]},{\"@type\":\"Person\",\"@id\":\"https:\\\/\\\/lospoliticosveracruz.com\\\/#\\\/schema\\\/person\\\/b8702bb0e538456e6efd07080bf2a4a2\",\"name\":\"Lo viste en Los Pol\u00edticos\",\"image\":{\"@type\":\"ImageObject\",\"inLanguage\":\"es\",\"@id\":\"https:\\\/\\\/secure.gravatar.com\\\/avatar\\\/3a8de04a2656d44082be478bd6c086daa447c4651605818287b9532d3d0bd435?s=96&d=mm&r=g\",\"url\":\"https:\\\/\\\/secure.gravatar.com\\\/avatar\\\/3a8de04a2656d44082be478bd6c086daa447c4651605818287b9532d3d0bd435?s=96&d=mm&r=g\",\"contentUrl\":\"https:\\\/\\\/secure.gravatar.com\\\/avatar\\\/3a8de04a2656d44082be478bd6c086daa447c4651605818287b9532d3d0bd435?s=96&d=mm&r=g\",\"caption\":\"Lo viste en Los Pol\u00edticos\"},\"url\":\"https:\\\/\\\/lospoliticosveracruz.com\\\/?author=2\"}]}<\/script>\n<!-- \/ Yoast SEO plugin. -->","yoast_head_json":{"title":"El\u00edzabeth Morales y Morena - Los pol\u00edticos Veracruz","robots":{"index":"index","follow":"follow","max-snippet":"max-snippet:-1","max-image-preview":"max-image-preview:large","max-video-preview":"max-video-preview:-1"},"canonical":"https:\/\/lospoliticosveracruz.com\/?p=40814","og_locale":"es_ES","og_type":"article","og_title":"El\u00edzabeth Morales y Morena - Los pol\u00edticos Veracruz","og_description":"Luis Alberto Romero Hora Cero \u00a0 En algunos medios informativos locales trascendi\u00f3 una supuesta invitaci\u00f3n que habr\u00eda realizado el Movimiento de Regeneraci\u00f3n Nacional, Morena, a la delegada del ISSSTE en Veracruz, El\u00edzabeth Morales Garc\u00eda. Al margen de los desmentidos de ambas partes, lo cierto es que la ex alcaldesa de Xalapa es un cuadro que [&hellip;]","og_url":"https:\/\/lospoliticosveracruz.com\/?p=40814","og_site_name":"Los pol\u00edticos Veracruz","article_publisher":"https:\/\/www.facebook.com\/people\/Notimemes-de-los-Polticos\/61565672886568\/","article_published_time":"2018-03-23T16:17:27+00:00","og_image":[{"width":200,"height":200,"url":"https:\/\/lospoliticosveracruz.com\/wp-content\/uploads\/2016\/07\/Logo-Dor.jpg","type":"image\/jpeg"}],"author":"Lo viste en Los Pol\u00edticos","twitter_card":"summary_large_image","twitter_creator":"@LosPoliticosVer","twitter_site":"@LosPoliticosVer","twitter_misc":{"Escrito por":"Lo viste en Los Pol\u00edticos","Tiempo de lectura":"3 minutos"},"schema":{"@context":"https:\/\/schema.org","@graph":[{"@type":"Article","@id":"https:\/\/lospoliticosveracruz.com\/?p=40814#article","isPartOf":{"@id":"https:\/\/lospoliticosveracruz.com\/?p=40814"},"author":{"name":"Lo viste en Los Pol\u00edticos","@id":"https:\/\/lospoliticosveracruz.com\/#\/schema\/person\/b8702bb0e538456e6efd07080bf2a4a2"},"headline":"El\u00edzabeth Morales y Morena","datePublished":"2018-03-23T16:17:27+00:00","mainEntityOfPage":{"@id":"https:\/\/lospoliticosveracruz.com\/?p=40814"},"wordCount":702,"commentCount":0,"publisher":{"@id":"https:\/\/lospoliticosveracruz.com\/#organization"},"keywords":["Elizabeth Morales","Jaqueline Garc\u00eda","Morena"],"articleSection":["De Opini\u00f3n"],"inLanguage":"es","potentialAction":[{"@type":"CommentAction","name":"Comment","target":["https:\/\/lospoliticosveracruz.com\/?p=40814#respond"]}]},{"@type":"WebPage","@id":"https:\/\/lospoliticosveracruz.com\/?p=40814","url":"https:\/\/lospoliticosveracruz.com\/?p=40814","name":"El\u00edzabeth Morales y Morena - Los pol\u00edticos Veracruz","isPartOf":{"@id":"https:\/\/lospoliticosveracruz.com\/#website"},"datePublished":"2018-03-23T16:17:27+00:00","breadcrumb":{"@id":"https:\/\/lospoliticosveracruz.com\/?p=40814#breadcrumb"},"inLanguage":"es","potentialAction":[{"@type":"ReadAction","target":["https:\/\/lospoliticosveracruz.com\/?p=40814"]}]},{"@type":"BreadcrumbList","@id":"https:\/\/lospoliticosveracruz.com\/?p=40814#breadcrumb","itemListElement":[{"@type":"ListItem","position":1,"name":"Portada","item":"https:\/\/lospoliticosveracruz.com\/"},{"@type":"ListItem","position":2,"name":"El\u00edzabeth Morales y Morena"}]},{"@type":"WebSite","@id":"https:\/\/lospoliticosveracruz.com\/#website","url":"https:\/\/lospoliticosveracruz.com\/","name":"Los pol\u00edticos Veracruz","description":"","publisher":{"@id":"https:\/\/lospoliticosveracruz.com\/#organization"},"potentialAction":[{"@type":"SearchAction","target":{"@type":"EntryPoint","urlTemplate":"https:\/\/lospoliticosveracruz.com\/?s={search_term_string}"},"query-input":{"@type":"PropertyValueSpecification","valueRequired":true,"valueName":"search_term_string"}}],"inLanguage":"es"},{"@type":"Organization","@id":"https:\/\/lospoliticosveracruz.com\/#organization","name":"Los pol\u00edticos Veracruz","url":"https:\/\/lospoliticosveracruz.com\/","logo":{"@type":"ImageObject","inLanguage":"es","@id":"https:\/\/lospoliticosveracruz.com\/#\/schema\/logo\/image\/","url":"https:\/\/lospoliticosveracruz.com\/wp-content\/uploads\/2025\/12\/Logo-Nuevo-LOS-POLITICOS-1.jpg","contentUrl":"https:\/\/lospoliticosveracruz.com\/wp-content\/uploads\/2025\/12\/Logo-Nuevo-LOS-POLITICOS-1.jpg","width":260,"height":70,"caption":"Los pol\u00edticos Veracruz"},"image":{"@id":"https:\/\/lospoliticosveracruz.com\/#\/schema\/logo\/image\/"},"sameAs":["https:\/\/www.facebook.com\/people\/Notimemes-de-los-Polticos\/61565672886568\/","https:\/\/x.com\/LosPoliticosVer"]},{"@type":"Person","@id":"https:\/\/lospoliticosveracruz.com\/#\/schema\/person\/b8702bb0e538456e6efd07080bf2a4a2","name":"Lo viste en Los Pol\u00edticos","image":{"@type":"ImageObject","inLanguage":"es","@id":"https:\/\/secure.gravatar.com\/avatar\/3a8de04a2656d44082be478bd6c086daa447c4651605818287b9532d3d0bd435?s=96&d=mm&r=g","url":"https:\/\/secure.gravatar.com\/avatar\/3a8de04a2656d44082be478bd6c086daa447c4651605818287b9532d3d0bd435?s=96&d=mm&r=g","contentUrl":"https:\/\/secure.gravatar.com\/avatar\/3a8de04a2656d44082be478bd6c086daa447c4651605818287b9532d3d0bd435?s=96&d=mm&r=g","caption":"Lo viste en Los Pol\u00edticos"},"url":"https:\/\/lospoliticosveracruz.com\/?author=2"}]}},"_links":{"self":[{"href":"https:\/\/lospoliticosveracruz.com\/index.php?rest_route=\/wp\/v2\/posts\/40814","targetHints":{"allow":["GET"]}}],"collection":[{"href":"https:\/\/lospoliticosveracruz.com\/index.php?rest_route=\/wp\/v2\/posts"}],"about":[{"href":"https:\/\/lospoliticosveracruz.com\/index.php?rest_route=\/wp\/v2\/types\/post"}],"author":[{"embeddable":true,"href":"https:\/\/lospoliticosveracruz.com\/index.php?rest_route=\/wp\/v2\/users\/2"}],"replies":[{"embeddable":true,"href":"https:\/\/lospoliticosveracruz.com\/index.php?rest_route=%2Fwp%2Fv2%2Fcomments&post=40814"}],"version-history":[{"count":1,"href":"https:\/\/lospoliticosveracruz.com\/index.php?rest_route=\/wp\/v2\/posts\/40814\/revisions"}],"predecessor-version":[{"id":40815,"href":"https:\/\/lospoliticosveracruz.com\/index.php?rest_route=\/wp\/v2\/posts\/40814\/revisions\/40815"}],"wp:attachment":[{"href":"https:\/\/lospoliticosveracruz.com\/index.php?rest_route=%2Fwp%2Fv2%2Fmedia&parent=40814"}],"wp:term":[{"taxonomy":"category","embeddable":true,"href":"https:\/\/lospoliticosveracruz.com\/index.php?rest_route=%2Fwp%2Fv2%2Fcategories&post=40814"},{"taxonomy":"post_tag","embeddable":true,"href":"https:\/\/lospoliticosveracruz.com\/index.php?rest_route=%2Fwp%2Fv2%2Ftags&post=40814"}],"curies":[{"name":"wp","href":"https:\/\/api.w.org\/{rel}","templated":true}]}}