{"id":41003,"date":"2018-04-03T10:41:10","date_gmt":"2018-04-03T15:41:10","guid":{"rendered":"http:\/\/www.lospoliticosveracruz.com.mx\/?p=41003"},"modified":"2018-04-03T11:00:15","modified_gmt":"2018-04-03T16:00:15","slug":"las-protestas-contra-los-ayuntamientos-de-morena","status":"publish","type":"post","link":"https:\/\/lospoliticosveracruz.com\/?p=41003","title":{"rendered":"Las protestas contra los ayuntamientos de Morena"},"content":{"rendered":"<p><b>Luis Alberto Romero<\/b><\/p>\n<p><i>Hora Cero<\/i><\/p>\n<p>Durante las semanas recientes han sido evidentes los ataques, mal orquestados y muy burdos por cierto, contra los ayuntamientos encabezados por presidentes municipales que surgieron del Movimiento de Regeneraci\u00f3n Nacional.<\/p>\n<p>Pareciera (porque no existen datos que lo comprueben) que se trata de un intento por desprestigiar a las autoridades emanadas del partido que en el \u00e1mbito nacional lidera Andr\u00e9s Manuel L\u00f3pez Obrador.<\/p>\n<p>Pr\u00e1cticamente todas las semanas, desde que asumieron el cargo, los ediles de Morena han enfrentado campa\u00f1as negras que tienen la intenci\u00f3n de hacerlos ver, ante la opini\u00f3n p\u00fablica, como ineficientes, irresponsables e incapaces.<\/p>\n<p>Ese tema fue abordado de forma reciente por el ex presidente municipal de Xalapa, Ricardo Ahued Bardahuil, ex priista y hoy candidato de Morena al Senado.<\/p>\n<p>Dijo Ahued que las nuevas autoridades municipales que surgieron de Morena tocaron intereses tradicionales y en ese contexto enmarca la campa\u00f1a en contra.<\/p>\n<p>Recordemos que en el caso particular de Xalapa, el ayuntamiento que encabeza Hip\u00f3lito Rodr\u00edguez ha tenido media docena de manifestaciones en contra; algunas de ellas, como la de los empleados municipales y la de la organizaci\u00f3n Antorcha Campesina, derivaron en bloqueos contra Palacio Municipal.<\/p>\n<p>A mediados de enero, por ejemplo, vendedores ambulantes llevaron a efecto una protesta; fue la primera y ocurri\u00f3 a 15 d\u00edas del arranque de la administraci\u00f3n.<\/p>\n<p>Al iniciar febrero, un grupo de personas que dijeron pertenecer a Pueblos Unidos por M\u00e9xico, que encabeza Juan Piedra, se manifest\u00f3 en Palacio para exigir la renuncia del presidente municipal. Pidieron obras a un mes del inicio de la administraci\u00f3n local.<\/p>\n<p>Luego llegaron los empleados del ayuntamiento, que tambi\u00e9n protestaron para exigir cuotas sindicales, despensas y \u201ctrato justo\u201d.<\/p>\n<p>De forma m\u00e1s reciente, la semana pasada, un grupo de Antorcha Campesina se moviliz\u00f3 al centro de Xalapa, donde sus integrantes tomaron Palacio Municipal en una protesta que tuvo como principal motivaci\u00f3n, se dijo, la petici\u00f3n de obra p\u00fablica.<\/p>\n<p>Pero ese no fue el problema; el problema fue un intento por desestabilizar a una administraci\u00f3n municipal que est\u00e1 comenzando funciones.<\/p>\n<p>De hecho, trascendi\u00f3 que el movimiento antorchista presion\u00f3 a las autoridades xalape\u00f1as para que a la citada agrupaci\u00f3n le fuera asignado el diez por ciento del presupuesto municipal para obra p\u00fablica.<\/p>\n<p>Pero Antorcha no representa al diez por ciento de la poblaci\u00f3n de Xalapa y por eso el tema deriv\u00f3 en un diferendo entre esa organizaci\u00f3n y el Ayuntamiento de Rodr\u00edguez Herrero. Al final, a las colonias antorchistas de la capital del estado se les asign\u00f3 un presupuesto de 8.5 millones de pesos, muy lejos del 10 por ciento que habr\u00edan pretendido los dirigentes del grupo que protest\u00f3 en Palacio Municipal.<\/p>\n<p>Quienes est\u00e1n cerca del ayuntamiento de Xalapa piensan que esas movilizaciones, protestas y manifestaciones contra la autoridad municipal se enmarcan en el proceso electoral del presente a\u00f1o, debido al incuestionable avance que registra Morena en Veracruz; por ello cuando se les pregunta sobre los principales sospechosos no dudan en apuntar a Palacio de Gobierno y al Comit\u00e9 Directivo Estatal del PRI.<\/p>\n<p>Algo muy parecido ocurre con los ayuntamientos de Coatzacoalcos, Minatitl\u00e1n y, en menor medida, Poza Rica, que est\u00e1n dentro de los municipios m\u00e1s importantes en t\u00e9rminos pol\u00edtico-electorales.<\/p>\n<p>As\u00ed las cosas, el reto para los ayuntamientos veracruzanos de Morena es no cometer errores que resulten costosos en t\u00e9rminos de votos y, por otro lado, resolver de forma r\u00e1pida las manifestaciones orquestadas desde el poder estatal o desde el PRI, como habr\u00eda ocurrido la semana pasada con el movimiento antorchista.<\/p>\n<p>Hip\u00f3lito Rodr\u00edguez tendr\u00e1, en se sentido, una dif\u00edcil empresa; pero ello ser\u00e1 poco comparado con lo que le esperar\u00eda a su hom\u00f3logo de Coatzacoalcos, V\u00edctor Carranza, en los pr\u00f3ximos tres meses, sobre todo tomando en cuenta que Carranza Rosaldo no es conocido precisamente por ser un hombre de muchas luces.<\/p>\n<p>@luisromero85<\/p>\n","protected":false},"excerpt":{"rendered":"<p>Luis Alberto Romero Hora Cero Durante las semanas recientes han sido evidentes los ataques, mal orquestados y muy burdos por cierto, contra los ayuntamientos encabezados por presidentes municipales que surgieron del Movimiento de Regeneraci\u00f3n Nacional. Pareciera (porque no existen datos que lo comprueben) que se trata de un intento por desprestigiar a las autoridades emanadas [&hellip;]<\/p>\n","protected":false},"author":2,"featured_media":0,"comment_status":"open","ping_status":"open","sticky":false,"template":"","format":"standard","meta":{"tdm_status":"","tdm_grid_status":"","footnotes":""},"categories":[70],"tags":[7785,1026,876],"class_list":{"0":"post-41003","1":"post","2":"type-post","3":"status-publish","4":"format-standard","6":"category-de-opinion","7":"tag-hipolito-rodriguez","8":"tag-morena","9":"tag-ricardo-ahued"},"yoast_head":"<!-- This site is optimized with the Yoast SEO plugin v27.4 - https:\/\/yoast.com\/product\/yoast-seo-wordpress\/ -->\n<title>Las protestas contra los ayuntamientos de Morena - Los pol\u00edticos Veracruz<\/title>\n<meta name=\"robots\" content=\"index, follow, max-snippet:-1, max-image-preview:large, max-video-preview:-1\" \/>\n<link rel=\"canonical\" href=\"https:\/\/lospoliticosveracruz.com\/?p=41003\" \/>\n<meta property=\"og:locale\" content=\"es_ES\" \/>\n<meta property=\"og:type\" content=\"article\" \/>\n<meta property=\"og:title\" content=\"Las protestas contra los ayuntamientos de Morena - Los pol\u00edticos Veracruz\" \/>\n<meta property=\"og:description\" content=\"Luis Alberto Romero Hora Cero Durante las semanas recientes han sido evidentes los ataques, mal orquestados y muy burdos por cierto, contra los ayuntamientos encabezados por presidentes municipales que surgieron del Movimiento de Regeneraci\u00f3n Nacional. Pareciera (porque no existen datos que lo comprueben) que se trata de un intento por desprestigiar a las autoridades emanadas [&hellip;]\" \/>\n<meta property=\"og:url\" content=\"https:\/\/lospoliticosveracruz.com\/?p=41003\" \/>\n<meta property=\"og:site_name\" content=\"Los pol\u00edticos Veracruz\" \/>\n<meta property=\"article:publisher\" content=\"https:\/\/www.facebook.com\/people\/Notimemes-de-los-Polticos\/61565672886568\/\" \/>\n<meta property=\"article:published_time\" content=\"2018-04-03T15:41:10+00:00\" \/>\n<meta property=\"article:modified_time\" content=\"2018-04-03T16:00:15+00:00\" \/>\n<meta property=\"og:image\" content=\"https:\/\/lospoliticosveracruz.com\/wp-content\/uploads\/2016\/07\/Logo-Dor.jpg\" \/>\n\t<meta property=\"og:image:width\" content=\"200\" \/>\n\t<meta property=\"og:image:height\" content=\"200\" \/>\n\t<meta property=\"og:image:type\" content=\"image\/jpeg\" \/>\n<meta name=\"author\" content=\"Lo viste en Los Pol\u00edticos\" \/>\n<meta name=\"twitter:card\" content=\"summary_large_image\" \/>\n<meta name=\"twitter:creator\" content=\"@LosPoliticosVer\" \/>\n<meta name=\"twitter:site\" content=\"@LosPoliticosVer\" \/>\n<meta name=\"twitter:label1\" content=\"Escrito por\" \/>\n\t<meta name=\"twitter:data1\" content=\"Lo viste en Los Pol\u00edticos\" \/>\n\t<meta name=\"twitter:label2\" content=\"Tiempo de lectura\" \/>\n\t<meta name=\"twitter:data2\" content=\"3 minutos\" \/>\n<script type=\"application\/ld+json\" class=\"yoast-schema-graph\">{\"@context\":\"https:\\\/\\\/schema.org\",\"@graph\":[{\"@type\":\"Article\",\"@id\":\"https:\\\/\\\/lospoliticosveracruz.com\\\/?p=41003#article\",\"isPartOf\":{\"@id\":\"https:\\\/\\\/lospoliticosveracruz.com\\\/?p=41003\"},\"author\":{\"name\":\"Lo viste en Los Pol\u00edticos\",\"@id\":\"https:\\\/\\\/lospoliticosveracruz.com\\\/#\\\/schema\\\/person\\\/b8702bb0e538456e6efd07080bf2a4a2\"},\"headline\":\"Las protestas contra los ayuntamientos de Morena\",\"datePublished\":\"2018-04-03T15:41:10+00:00\",\"dateModified\":\"2018-04-03T16:00:15+00:00\",\"mainEntityOfPage\":{\"@id\":\"https:\\\/\\\/lospoliticosveracruz.com\\\/?p=41003\"},\"wordCount\":678,\"commentCount\":0,\"publisher\":{\"@id\":\"https:\\\/\\\/lospoliticosveracruz.com\\\/#organization\"},\"keywords\":[\"H\u00edpolito Rodr\u00edguez\",\"Morena\",\"Ricardo Ahued\"],\"articleSection\":[\"De Opini\u00f3n\"],\"inLanguage\":\"es\",\"potentialAction\":[{\"@type\":\"CommentAction\",\"name\":\"Comment\",\"target\":[\"https:\\\/\\\/lospoliticosveracruz.com\\\/?p=41003#respond\"]}]},{\"@type\":\"WebPage\",\"@id\":\"https:\\\/\\\/lospoliticosveracruz.com\\\/?p=41003\",\"url\":\"https:\\\/\\\/lospoliticosveracruz.com\\\/?p=41003\",\"name\":\"Las protestas contra los ayuntamientos de Morena - Los pol\u00edticos Veracruz\",\"isPartOf\":{\"@id\":\"https:\\\/\\\/lospoliticosveracruz.com\\\/#website\"},\"datePublished\":\"2018-04-03T15:41:10+00:00\",\"dateModified\":\"2018-04-03T16:00:15+00:00\",\"breadcrumb\":{\"@id\":\"https:\\\/\\\/lospoliticosveracruz.com\\\/?p=41003#breadcrumb\"},\"inLanguage\":\"es\",\"potentialAction\":[{\"@type\":\"ReadAction\",\"target\":[\"https:\\\/\\\/lospoliticosveracruz.com\\\/?p=41003\"]}]},{\"@type\":\"BreadcrumbList\",\"@id\":\"https:\\\/\\\/lospoliticosveracruz.com\\\/?p=41003#breadcrumb\",\"itemListElement\":[{\"@type\":\"ListItem\",\"position\":1,\"name\":\"Portada\",\"item\":\"https:\\\/\\\/lospoliticosveracruz.com\\\/\"},{\"@type\":\"ListItem\",\"position\":2,\"name\":\"Las protestas contra los ayuntamientos de Morena\"}]},{\"@type\":\"WebSite\",\"@id\":\"https:\\\/\\\/lospoliticosveracruz.com\\\/#website\",\"url\":\"https:\\\/\\\/lospoliticosveracruz.com\\\/\",\"name\":\"Los pol\u00edticos Veracruz\",\"description\":\"\",\"publisher\":{\"@id\":\"https:\\\/\\\/lospoliticosveracruz.com\\\/#organization\"},\"potentialAction\":[{\"@type\":\"SearchAction\",\"target\":{\"@type\":\"EntryPoint\",\"urlTemplate\":\"https:\\\/\\\/lospoliticosveracruz.com\\\/?s={search_term_string}\"},\"query-input\":{\"@type\":\"PropertyValueSpecification\",\"valueRequired\":true,\"valueName\":\"search_term_string\"}}],\"inLanguage\":\"es\"},{\"@type\":\"Organization\",\"@id\":\"https:\\\/\\\/lospoliticosveracruz.com\\\/#organization\",\"name\":\"Los pol\u00edticos Veracruz\",\"url\":\"https:\\\/\\\/lospoliticosveracruz.com\\\/\",\"logo\":{\"@type\":\"ImageObject\",\"inLanguage\":\"es\",\"@id\":\"https:\\\/\\\/lospoliticosveracruz.com\\\/#\\\/schema\\\/logo\\\/image\\\/\",\"url\":\"https:\\\/\\\/lospoliticosveracruz.com\\\/wp-content\\\/uploads\\\/2025\\\/12\\\/Logo-Nuevo-LOS-POLITICOS-1.jpg\",\"contentUrl\":\"https:\\\/\\\/lospoliticosveracruz.com\\\/wp-content\\\/uploads\\\/2025\\\/12\\\/Logo-Nuevo-LOS-POLITICOS-1.jpg\",\"width\":260,\"height\":70,\"caption\":\"Los pol\u00edticos Veracruz\"},\"image\":{\"@id\":\"https:\\\/\\\/lospoliticosveracruz.com\\\/#\\\/schema\\\/logo\\\/image\\\/\"},\"sameAs\":[\"https:\\\/\\\/www.facebook.com\\\/people\\\/Notimemes-de-los-Polticos\\\/61565672886568\\\/\",\"https:\\\/\\\/x.com\\\/LosPoliticosVer\"]},{\"@type\":\"Person\",\"@id\":\"https:\\\/\\\/lospoliticosveracruz.com\\\/#\\\/schema\\\/person\\\/b8702bb0e538456e6efd07080bf2a4a2\",\"name\":\"Lo viste en Los Pol\u00edticos\",\"image\":{\"@type\":\"ImageObject\",\"inLanguage\":\"es\",\"@id\":\"https:\\\/\\\/secure.gravatar.com\\\/avatar\\\/3a8de04a2656d44082be478bd6c086daa447c4651605818287b9532d3d0bd435?s=96&d=mm&r=g\",\"url\":\"https:\\\/\\\/secure.gravatar.com\\\/avatar\\\/3a8de04a2656d44082be478bd6c086daa447c4651605818287b9532d3d0bd435?s=96&d=mm&r=g\",\"contentUrl\":\"https:\\\/\\\/secure.gravatar.com\\\/avatar\\\/3a8de04a2656d44082be478bd6c086daa447c4651605818287b9532d3d0bd435?s=96&d=mm&r=g\",\"caption\":\"Lo viste en Los Pol\u00edticos\"},\"url\":\"https:\\\/\\\/lospoliticosveracruz.com\\\/?author=2\"}]}<\/script>\n<!-- \/ Yoast SEO plugin. -->","yoast_head_json":{"title":"Las protestas contra los ayuntamientos de Morena - Los pol\u00edticos Veracruz","robots":{"index":"index","follow":"follow","max-snippet":"max-snippet:-1","max-image-preview":"max-image-preview:large","max-video-preview":"max-video-preview:-1"},"canonical":"https:\/\/lospoliticosveracruz.com\/?p=41003","og_locale":"es_ES","og_type":"article","og_title":"Las protestas contra los ayuntamientos de Morena - Los pol\u00edticos Veracruz","og_description":"Luis Alberto Romero Hora Cero Durante las semanas recientes han sido evidentes los ataques, mal orquestados y muy burdos por cierto, contra los ayuntamientos encabezados por presidentes municipales que surgieron del Movimiento de Regeneraci\u00f3n Nacional. Pareciera (porque no existen datos que lo comprueben) que se trata de un intento por desprestigiar a las autoridades emanadas [&hellip;]","og_url":"https:\/\/lospoliticosveracruz.com\/?p=41003","og_site_name":"Los pol\u00edticos Veracruz","article_publisher":"https:\/\/www.facebook.com\/people\/Notimemes-de-los-Polticos\/61565672886568\/","article_published_time":"2018-04-03T15:41:10+00:00","article_modified_time":"2018-04-03T16:00:15+00:00","og_image":[{"width":200,"height":200,"url":"https:\/\/lospoliticosveracruz.com\/wp-content\/uploads\/2016\/07\/Logo-Dor.jpg","type":"image\/jpeg"}],"author":"Lo viste en Los Pol\u00edticos","twitter_card":"summary_large_image","twitter_creator":"@LosPoliticosVer","twitter_site":"@LosPoliticosVer","twitter_misc":{"Escrito por":"Lo viste en Los Pol\u00edticos","Tiempo de lectura":"3 minutos"},"schema":{"@context":"https:\/\/schema.org","@graph":[{"@type":"Article","@id":"https:\/\/lospoliticosveracruz.com\/?p=41003#article","isPartOf":{"@id":"https:\/\/lospoliticosveracruz.com\/?p=41003"},"author":{"name":"Lo viste en Los Pol\u00edticos","@id":"https:\/\/lospoliticosveracruz.com\/#\/schema\/person\/b8702bb0e538456e6efd07080bf2a4a2"},"headline":"Las protestas contra los ayuntamientos de Morena","datePublished":"2018-04-03T15:41:10+00:00","dateModified":"2018-04-03T16:00:15+00:00","mainEntityOfPage":{"@id":"https:\/\/lospoliticosveracruz.com\/?p=41003"},"wordCount":678,"commentCount":0,"publisher":{"@id":"https:\/\/lospoliticosveracruz.com\/#organization"},"keywords":["H\u00edpolito Rodr\u00edguez","Morena","Ricardo Ahued"],"articleSection":["De Opini\u00f3n"],"inLanguage":"es","potentialAction":[{"@type":"CommentAction","name":"Comment","target":["https:\/\/lospoliticosveracruz.com\/?p=41003#respond"]}]},{"@type":"WebPage","@id":"https:\/\/lospoliticosveracruz.com\/?p=41003","url":"https:\/\/lospoliticosveracruz.com\/?p=41003","name":"Las protestas contra los ayuntamientos de Morena - Los pol\u00edticos Veracruz","isPartOf":{"@id":"https:\/\/lospoliticosveracruz.com\/#website"},"datePublished":"2018-04-03T15:41:10+00:00","dateModified":"2018-04-03T16:00:15+00:00","breadcrumb":{"@id":"https:\/\/lospoliticosveracruz.com\/?p=41003#breadcrumb"},"inLanguage":"es","potentialAction":[{"@type":"ReadAction","target":["https:\/\/lospoliticosveracruz.com\/?p=41003"]}]},{"@type":"BreadcrumbList","@id":"https:\/\/lospoliticosveracruz.com\/?p=41003#breadcrumb","itemListElement":[{"@type":"ListItem","position":1,"name":"Portada","item":"https:\/\/lospoliticosveracruz.com\/"},{"@type":"ListItem","position":2,"name":"Las protestas contra los ayuntamientos de Morena"}]},{"@type":"WebSite","@id":"https:\/\/lospoliticosveracruz.com\/#website","url":"https:\/\/lospoliticosveracruz.com\/","name":"Los pol\u00edticos Veracruz","description":"","publisher":{"@id":"https:\/\/lospoliticosveracruz.com\/#organization"},"potentialAction":[{"@type":"SearchAction","target":{"@type":"EntryPoint","urlTemplate":"https:\/\/lospoliticosveracruz.com\/?s={search_term_string}"},"query-input":{"@type":"PropertyValueSpecification","valueRequired":true,"valueName":"search_term_string"}}],"inLanguage":"es"},{"@type":"Organization","@id":"https:\/\/lospoliticosveracruz.com\/#organization","name":"Los pol\u00edticos Veracruz","url":"https:\/\/lospoliticosveracruz.com\/","logo":{"@type":"ImageObject","inLanguage":"es","@id":"https:\/\/lospoliticosveracruz.com\/#\/schema\/logo\/image\/","url":"https:\/\/lospoliticosveracruz.com\/wp-content\/uploads\/2025\/12\/Logo-Nuevo-LOS-POLITICOS-1.jpg","contentUrl":"https:\/\/lospoliticosveracruz.com\/wp-content\/uploads\/2025\/12\/Logo-Nuevo-LOS-POLITICOS-1.jpg","width":260,"height":70,"caption":"Los pol\u00edticos Veracruz"},"image":{"@id":"https:\/\/lospoliticosveracruz.com\/#\/schema\/logo\/image\/"},"sameAs":["https:\/\/www.facebook.com\/people\/Notimemes-de-los-Polticos\/61565672886568\/","https:\/\/x.com\/LosPoliticosVer"]},{"@type":"Person","@id":"https:\/\/lospoliticosveracruz.com\/#\/schema\/person\/b8702bb0e538456e6efd07080bf2a4a2","name":"Lo viste en Los Pol\u00edticos","image":{"@type":"ImageObject","inLanguage":"es","@id":"https:\/\/secure.gravatar.com\/avatar\/3a8de04a2656d44082be478bd6c086daa447c4651605818287b9532d3d0bd435?s=96&d=mm&r=g","url":"https:\/\/secure.gravatar.com\/avatar\/3a8de04a2656d44082be478bd6c086daa447c4651605818287b9532d3d0bd435?s=96&d=mm&r=g","contentUrl":"https:\/\/secure.gravatar.com\/avatar\/3a8de04a2656d44082be478bd6c086daa447c4651605818287b9532d3d0bd435?s=96&d=mm&r=g","caption":"Lo viste en Los Pol\u00edticos"},"url":"https:\/\/lospoliticosveracruz.com\/?author=2"}]}},"_links":{"self":[{"href":"https:\/\/lospoliticosveracruz.com\/index.php?rest_route=\/wp\/v2\/posts\/41003","targetHints":{"allow":["GET"]}}],"collection":[{"href":"https:\/\/lospoliticosveracruz.com\/index.php?rest_route=\/wp\/v2\/posts"}],"about":[{"href":"https:\/\/lospoliticosveracruz.com\/index.php?rest_route=\/wp\/v2\/types\/post"}],"author":[{"embeddable":true,"href":"https:\/\/lospoliticosveracruz.com\/index.php?rest_route=\/wp\/v2\/users\/2"}],"replies":[{"embeddable":true,"href":"https:\/\/lospoliticosveracruz.com\/index.php?rest_route=%2Fwp%2Fv2%2Fcomments&post=41003"}],"version-history":[{"count":2,"href":"https:\/\/lospoliticosveracruz.com\/index.php?rest_route=\/wp\/v2\/posts\/41003\/revisions"}],"predecessor-version":[{"id":41006,"href":"https:\/\/lospoliticosveracruz.com\/index.php?rest_route=\/wp\/v2\/posts\/41003\/revisions\/41006"}],"wp:attachment":[{"href":"https:\/\/lospoliticosveracruz.com\/index.php?rest_route=%2Fwp%2Fv2%2Fmedia&parent=41003"}],"wp:term":[{"taxonomy":"category","embeddable":true,"href":"https:\/\/lospoliticosveracruz.com\/index.php?rest_route=%2Fwp%2Fv2%2Fcategories&post=41003"},{"taxonomy":"post_tag","embeddable":true,"href":"https:\/\/lospoliticosveracruz.com\/index.php?rest_route=%2Fwp%2Fv2%2Ftags&post=41003"}],"curies":[{"name":"wp","href":"https:\/\/api.w.org\/{rel}","templated":true}]}}