{"id":41020,"date":"2018-04-04T09:56:28","date_gmt":"2018-04-04T14:56:28","guid":{"rendered":"http:\/\/www.lospoliticosveracruz.com.mx\/?p=41020"},"modified":"2018-04-04T09:56:28","modified_gmt":"2018-04-04T14:56:28","slug":"mujeres-transgresoras","status":"publish","type":"post","link":"https:\/\/lospoliticosveracruz.com\/?p=41020","title":{"rendered":"Mujeres transgresoras"},"content":{"rendered":"<p><strong>Sheyla Fuertes Lara<\/strong><\/p>\n<p><em>Mujeres que Saben Lat\u00edn<\/em><\/p>\n<p>&nbsp;<\/p>\n<p>&nbsp;<\/p>\n<p>Desde que me acerqu\u00e9 al feminismo, esta filosof\u00eda de vida que busca la igualdad sustantiva, igualdad de oportunidades para mujeres y hombres, he tenido la oportunidad de conocer a estudiosas en el tema que formaron parte del movimiento feminista, de maestras que he encontrado en el camino que al compartirme sus conocimientos me llevaron a asumirme feminista.<\/p>\n<p>En este camino he encontrado diversas propuestas y visiones, la mayor\u00eda enfocadas a lograr nuestro pleno desarrollo para ser independientes en la toma de decisiones. Las que decidimos dejar el hogar tradicional para enfrentar el espacio p\u00fablico tenemos una doble carga, porque desprendernos de eso no ha sido f\u00e1cil.<\/p>\n<p>S\u00ed, hemos logrado cambios y nuestras ancestras nos dejaron un gran legado, que poco a poco se ha ido consolidando hacia el pleno respeto de nuestro derechos humanos, pero a\u00fan falta mucho por hacer.<\/p>\n<p>En tanto no podamos decidir sobre nuestro propio cuerpo, no tengamos salarios justos e iguales a los de los hombres; as\u00ed como oportunidades laborales; ocupemos puestos de toma de decisiones; tengamos una vida libre de violencia; acceso a los servicios de salud e involucremos a la familia en las labores dom\u00e9sticas; seguiremos con la brecha de desigualdad.<\/p>\n<p>En el entorno en el que me he desarrollado, tuve la oportunidad de convivir con mujeres que no siguieron del todo los esquemas tradicionales, que si bien no estudiaron, quisieron que sus hijas tuvieran un destino diferente al de ellas.<\/p>\n<p>Algunas, a pesar de lo que representaba un divorcio en su familia, decidieron separarse de sus parejas para escapar de la violencia que viv\u00edan, otras, buscaron la manera de que sus hijas e hijos salieran adelante.<\/p>\n<p>Sin saberlo, sin estudios, sab\u00edan que la educaci\u00f3n tradicional que les dieron no era la mejor para ellas. Y esto represent\u00f3 salir su entorno, transgredir, dejar el espacio privado para ocupar un lugar en el p\u00fablico, ese que a las mujeres nos ha sido negado por generaciones.<\/p>\n<p>Quienes lograron desarrollar una vida diferente a la que les impusieron son mujeres transgresoras, que se reconocen como sujetas de derechos y que no se conformaron con lo que les dijeron que ser\u00eda su vida.<\/p>\n<p>Si bien no son feministas, s\u00ed son parte del proceso de cambio tradicional, buscaron mejorar sus condiciones de vida para ellas y sus familias.<\/p>\n<p>Tuve la oportunidad de conversar con algunas que lograron salir de un entorno violento, sin estudios, pero con muchos deseos de tener una vida diferente. Esto no fue f\u00e1cil, pero reconocen que si no fuera por el valor que tuvieron para cambiarla, no tendr\u00edan ahora una mentalidad abierta.<\/p>\n<p>Algo que me llam\u00f3 la atenci\u00f3n de sus relatos, es que aunque tienen otro tipo de vida, se preocupan por las mujeres que siguen viviendo en condiciones dif\u00edciles, que siguen si tener acceso a la salud; que enfrentan una vida dura, trabajos dom\u00e9sticos pesados y sin oportunidades de cambio. Para ellas, desean una vida diferente.<\/p>\n<p>Cada persona desde nuestros espacios podemos lograr cambios, reaprender nuevas formas de convivencia, desde casa propiciar una educaci\u00f3n igualitaria, libre de estereotipos y prejuicios, para que cada quien sea independiente y tome las mejores decisiones, y as\u00ed saldar esa brecha de desigualdad en que a\u00fan vivimos mujeres y hombres; y porque cada d\u00eda haya m\u00e1s mujeres transgresoras en todos los espacios.<\/p>\n","protected":false},"excerpt":{"rendered":"<p>Sheyla Fuertes Lara Mujeres que Saben Lat\u00edn &nbsp; &nbsp; Desde que me acerqu\u00e9 al feminismo, esta filosof\u00eda de vida que busca la igualdad sustantiva, igualdad de oportunidades para mujeres y hombres, he tenido la oportunidad de conocer a estudiosas en el tema que formaron parte del movimiento feminista, de maestras que he encontrado en el [&hellip;]<\/p>\n","protected":false},"author":2,"featured_media":0,"comment_status":"open","ping_status":"open","sticky":false,"template":"","format":"standard","meta":{"tdm_status":"","tdm_grid_status":"","footnotes":""},"categories":[70],"tags":[7569,2747,11340,11339],"class_list":{"0":"post-41020","1":"post","2":"type-post","3":"status-publish","4":"format-standard","6":"category-de-opinion","7":"tag-espacio-publico","8":"tag-feminismo","9":"tag-labores-domesticas","10":"tag-mujeres-trasgresoras"},"yoast_head":"<!-- This site is optimized with the Yoast SEO plugin v27.4 - https:\/\/yoast.com\/product\/yoast-seo-wordpress\/ -->\n<title>Mujeres transgresoras - Los pol\u00edticos Veracruz<\/title>\n<meta name=\"robots\" content=\"index, follow, max-snippet:-1, max-image-preview:large, max-video-preview:-1\" \/>\n<link rel=\"canonical\" href=\"https:\/\/lospoliticosveracruz.com\/?p=41020\" \/>\n<meta property=\"og:locale\" content=\"es_ES\" \/>\n<meta property=\"og:type\" content=\"article\" \/>\n<meta property=\"og:title\" content=\"Mujeres transgresoras - Los pol\u00edticos Veracruz\" \/>\n<meta property=\"og:description\" content=\"Sheyla Fuertes Lara Mujeres que Saben Lat\u00edn &nbsp; &nbsp; Desde que me acerqu\u00e9 al feminismo, esta filosof\u00eda de vida que busca la igualdad sustantiva, igualdad de oportunidades para mujeres y hombres, he tenido la oportunidad de conocer a estudiosas en el tema que formaron parte del movimiento feminista, de maestras que he encontrado en el [&hellip;]\" \/>\n<meta property=\"og:url\" content=\"https:\/\/lospoliticosveracruz.com\/?p=41020\" \/>\n<meta property=\"og:site_name\" content=\"Los pol\u00edticos Veracruz\" \/>\n<meta property=\"article:publisher\" content=\"https:\/\/www.facebook.com\/people\/Notimemes-de-los-Polticos\/61565672886568\/\" \/>\n<meta property=\"article:published_time\" content=\"2018-04-04T14:56:28+00:00\" \/>\n<meta property=\"og:image\" content=\"https:\/\/lospoliticosveracruz.com\/wp-content\/uploads\/2016\/07\/Logo-Dor.jpg\" \/>\n\t<meta property=\"og:image:width\" content=\"200\" \/>\n\t<meta property=\"og:image:height\" content=\"200\" \/>\n\t<meta property=\"og:image:type\" content=\"image\/jpeg\" \/>\n<meta name=\"author\" content=\"Lo viste en Los Pol\u00edticos\" \/>\n<meta name=\"twitter:card\" content=\"summary_large_image\" \/>\n<meta name=\"twitter:creator\" content=\"@LosPoliticosVer\" \/>\n<meta name=\"twitter:site\" content=\"@LosPoliticosVer\" \/>\n<meta name=\"twitter:label1\" content=\"Escrito por\" \/>\n\t<meta name=\"twitter:data1\" content=\"Lo viste en Los Pol\u00edticos\" \/>\n\t<meta name=\"twitter:label2\" content=\"Tiempo de lectura\" \/>\n\t<meta name=\"twitter:data2\" content=\"3 minutos\" \/>\n<script type=\"application\/ld+json\" class=\"yoast-schema-graph\">{\"@context\":\"https:\\\/\\\/schema.org\",\"@graph\":[{\"@type\":\"Article\",\"@id\":\"https:\\\/\\\/lospoliticosveracruz.com\\\/?p=41020#article\",\"isPartOf\":{\"@id\":\"https:\\\/\\\/lospoliticosveracruz.com\\\/?p=41020\"},\"author\":{\"name\":\"Lo viste en Los Pol\u00edticos\",\"@id\":\"https:\\\/\\\/lospoliticosveracruz.com\\\/#\\\/schema\\\/person\\\/b8702bb0e538456e6efd07080bf2a4a2\"},\"headline\":\"Mujeres transgresoras\",\"datePublished\":\"2018-04-04T14:56:28+00:00\",\"mainEntityOfPage\":{\"@id\":\"https:\\\/\\\/lospoliticosveracruz.com\\\/?p=41020\"},\"wordCount\":575,\"commentCount\":0,\"publisher\":{\"@id\":\"https:\\\/\\\/lospoliticosveracruz.com\\\/#organization\"},\"keywords\":[\"Espacio p\u00fablico\",\"Feminismo\",\"labores dom\u00e9sticas\",\"Mujeres trasgresoras\"],\"articleSection\":[\"De Opini\u00f3n\"],\"inLanguage\":\"es\",\"potentialAction\":[{\"@type\":\"CommentAction\",\"name\":\"Comment\",\"target\":[\"https:\\\/\\\/lospoliticosveracruz.com\\\/?p=41020#respond\"]}]},{\"@type\":\"WebPage\",\"@id\":\"https:\\\/\\\/lospoliticosveracruz.com\\\/?p=41020\",\"url\":\"https:\\\/\\\/lospoliticosveracruz.com\\\/?p=41020\",\"name\":\"Mujeres transgresoras - Los pol\u00edticos Veracruz\",\"isPartOf\":{\"@id\":\"https:\\\/\\\/lospoliticosveracruz.com\\\/#website\"},\"datePublished\":\"2018-04-04T14:56:28+00:00\",\"breadcrumb\":{\"@id\":\"https:\\\/\\\/lospoliticosveracruz.com\\\/?p=41020#breadcrumb\"},\"inLanguage\":\"es\",\"potentialAction\":[{\"@type\":\"ReadAction\",\"target\":[\"https:\\\/\\\/lospoliticosveracruz.com\\\/?p=41020\"]}]},{\"@type\":\"BreadcrumbList\",\"@id\":\"https:\\\/\\\/lospoliticosveracruz.com\\\/?p=41020#breadcrumb\",\"itemListElement\":[{\"@type\":\"ListItem\",\"position\":1,\"name\":\"Portada\",\"item\":\"https:\\\/\\\/lospoliticosveracruz.com\\\/\"},{\"@type\":\"ListItem\",\"position\":2,\"name\":\"Mujeres transgresoras\"}]},{\"@type\":\"WebSite\",\"@id\":\"https:\\\/\\\/lospoliticosveracruz.com\\\/#website\",\"url\":\"https:\\\/\\\/lospoliticosveracruz.com\\\/\",\"name\":\"Los pol\u00edticos Veracruz\",\"description\":\"\",\"publisher\":{\"@id\":\"https:\\\/\\\/lospoliticosveracruz.com\\\/#organization\"},\"potentialAction\":[{\"@type\":\"SearchAction\",\"target\":{\"@type\":\"EntryPoint\",\"urlTemplate\":\"https:\\\/\\\/lospoliticosveracruz.com\\\/?s={search_term_string}\"},\"query-input\":{\"@type\":\"PropertyValueSpecification\",\"valueRequired\":true,\"valueName\":\"search_term_string\"}}],\"inLanguage\":\"es\"},{\"@type\":\"Organization\",\"@id\":\"https:\\\/\\\/lospoliticosveracruz.com\\\/#organization\",\"name\":\"Los pol\u00edticos Veracruz\",\"url\":\"https:\\\/\\\/lospoliticosveracruz.com\\\/\",\"logo\":{\"@type\":\"ImageObject\",\"inLanguage\":\"es\",\"@id\":\"https:\\\/\\\/lospoliticosveracruz.com\\\/#\\\/schema\\\/logo\\\/image\\\/\",\"url\":\"https:\\\/\\\/lospoliticosveracruz.com\\\/wp-content\\\/uploads\\\/2025\\\/12\\\/Logo-Nuevo-LOS-POLITICOS-1.jpg\",\"contentUrl\":\"https:\\\/\\\/lospoliticosveracruz.com\\\/wp-content\\\/uploads\\\/2025\\\/12\\\/Logo-Nuevo-LOS-POLITICOS-1.jpg\",\"width\":260,\"height\":70,\"caption\":\"Los pol\u00edticos Veracruz\"},\"image\":{\"@id\":\"https:\\\/\\\/lospoliticosveracruz.com\\\/#\\\/schema\\\/logo\\\/image\\\/\"},\"sameAs\":[\"https:\\\/\\\/www.facebook.com\\\/people\\\/Notimemes-de-los-Polticos\\\/61565672886568\\\/\",\"https:\\\/\\\/x.com\\\/LosPoliticosVer\"]},{\"@type\":\"Person\",\"@id\":\"https:\\\/\\\/lospoliticosveracruz.com\\\/#\\\/schema\\\/person\\\/b8702bb0e538456e6efd07080bf2a4a2\",\"name\":\"Lo viste en Los Pol\u00edticos\",\"image\":{\"@type\":\"ImageObject\",\"inLanguage\":\"es\",\"@id\":\"https:\\\/\\\/secure.gravatar.com\\\/avatar\\\/3a8de04a2656d44082be478bd6c086daa447c4651605818287b9532d3d0bd435?s=96&d=mm&r=g\",\"url\":\"https:\\\/\\\/secure.gravatar.com\\\/avatar\\\/3a8de04a2656d44082be478bd6c086daa447c4651605818287b9532d3d0bd435?s=96&d=mm&r=g\",\"contentUrl\":\"https:\\\/\\\/secure.gravatar.com\\\/avatar\\\/3a8de04a2656d44082be478bd6c086daa447c4651605818287b9532d3d0bd435?s=96&d=mm&r=g\",\"caption\":\"Lo viste en Los Pol\u00edticos\"},\"url\":\"https:\\\/\\\/lospoliticosveracruz.com\\\/?author=2\"}]}<\/script>\n<!-- \/ Yoast SEO plugin. -->","yoast_head_json":{"title":"Mujeres transgresoras - Los pol\u00edticos Veracruz","robots":{"index":"index","follow":"follow","max-snippet":"max-snippet:-1","max-image-preview":"max-image-preview:large","max-video-preview":"max-video-preview:-1"},"canonical":"https:\/\/lospoliticosveracruz.com\/?p=41020","og_locale":"es_ES","og_type":"article","og_title":"Mujeres transgresoras - Los pol\u00edticos Veracruz","og_description":"Sheyla Fuertes Lara Mujeres que Saben Lat\u00edn &nbsp; &nbsp; Desde que me acerqu\u00e9 al feminismo, esta filosof\u00eda de vida que busca la igualdad sustantiva, igualdad de oportunidades para mujeres y hombres, he tenido la oportunidad de conocer a estudiosas en el tema que formaron parte del movimiento feminista, de maestras que he encontrado en el [&hellip;]","og_url":"https:\/\/lospoliticosveracruz.com\/?p=41020","og_site_name":"Los pol\u00edticos Veracruz","article_publisher":"https:\/\/www.facebook.com\/people\/Notimemes-de-los-Polticos\/61565672886568\/","article_published_time":"2018-04-04T14:56:28+00:00","og_image":[{"width":200,"height":200,"url":"https:\/\/lospoliticosveracruz.com\/wp-content\/uploads\/2016\/07\/Logo-Dor.jpg","type":"image\/jpeg"}],"author":"Lo viste en Los Pol\u00edticos","twitter_card":"summary_large_image","twitter_creator":"@LosPoliticosVer","twitter_site":"@LosPoliticosVer","twitter_misc":{"Escrito por":"Lo viste en Los Pol\u00edticos","Tiempo de lectura":"3 minutos"},"schema":{"@context":"https:\/\/schema.org","@graph":[{"@type":"Article","@id":"https:\/\/lospoliticosveracruz.com\/?p=41020#article","isPartOf":{"@id":"https:\/\/lospoliticosveracruz.com\/?p=41020"},"author":{"name":"Lo viste en Los Pol\u00edticos","@id":"https:\/\/lospoliticosveracruz.com\/#\/schema\/person\/b8702bb0e538456e6efd07080bf2a4a2"},"headline":"Mujeres transgresoras","datePublished":"2018-04-04T14:56:28+00:00","mainEntityOfPage":{"@id":"https:\/\/lospoliticosveracruz.com\/?p=41020"},"wordCount":575,"commentCount":0,"publisher":{"@id":"https:\/\/lospoliticosveracruz.com\/#organization"},"keywords":["Espacio p\u00fablico","Feminismo","labores dom\u00e9sticas","Mujeres trasgresoras"],"articleSection":["De Opini\u00f3n"],"inLanguage":"es","potentialAction":[{"@type":"CommentAction","name":"Comment","target":["https:\/\/lospoliticosveracruz.com\/?p=41020#respond"]}]},{"@type":"WebPage","@id":"https:\/\/lospoliticosveracruz.com\/?p=41020","url":"https:\/\/lospoliticosveracruz.com\/?p=41020","name":"Mujeres transgresoras - Los pol\u00edticos Veracruz","isPartOf":{"@id":"https:\/\/lospoliticosveracruz.com\/#website"},"datePublished":"2018-04-04T14:56:28+00:00","breadcrumb":{"@id":"https:\/\/lospoliticosveracruz.com\/?p=41020#breadcrumb"},"inLanguage":"es","potentialAction":[{"@type":"ReadAction","target":["https:\/\/lospoliticosveracruz.com\/?p=41020"]}]},{"@type":"BreadcrumbList","@id":"https:\/\/lospoliticosveracruz.com\/?p=41020#breadcrumb","itemListElement":[{"@type":"ListItem","position":1,"name":"Portada","item":"https:\/\/lospoliticosveracruz.com\/"},{"@type":"ListItem","position":2,"name":"Mujeres transgresoras"}]},{"@type":"WebSite","@id":"https:\/\/lospoliticosveracruz.com\/#website","url":"https:\/\/lospoliticosveracruz.com\/","name":"Los pol\u00edticos Veracruz","description":"","publisher":{"@id":"https:\/\/lospoliticosveracruz.com\/#organization"},"potentialAction":[{"@type":"SearchAction","target":{"@type":"EntryPoint","urlTemplate":"https:\/\/lospoliticosveracruz.com\/?s={search_term_string}"},"query-input":{"@type":"PropertyValueSpecification","valueRequired":true,"valueName":"search_term_string"}}],"inLanguage":"es"},{"@type":"Organization","@id":"https:\/\/lospoliticosveracruz.com\/#organization","name":"Los pol\u00edticos Veracruz","url":"https:\/\/lospoliticosveracruz.com\/","logo":{"@type":"ImageObject","inLanguage":"es","@id":"https:\/\/lospoliticosveracruz.com\/#\/schema\/logo\/image\/","url":"https:\/\/lospoliticosveracruz.com\/wp-content\/uploads\/2025\/12\/Logo-Nuevo-LOS-POLITICOS-1.jpg","contentUrl":"https:\/\/lospoliticosveracruz.com\/wp-content\/uploads\/2025\/12\/Logo-Nuevo-LOS-POLITICOS-1.jpg","width":260,"height":70,"caption":"Los pol\u00edticos Veracruz"},"image":{"@id":"https:\/\/lospoliticosveracruz.com\/#\/schema\/logo\/image\/"},"sameAs":["https:\/\/www.facebook.com\/people\/Notimemes-de-los-Polticos\/61565672886568\/","https:\/\/x.com\/LosPoliticosVer"]},{"@type":"Person","@id":"https:\/\/lospoliticosveracruz.com\/#\/schema\/person\/b8702bb0e538456e6efd07080bf2a4a2","name":"Lo viste en Los Pol\u00edticos","image":{"@type":"ImageObject","inLanguage":"es","@id":"https:\/\/secure.gravatar.com\/avatar\/3a8de04a2656d44082be478bd6c086daa447c4651605818287b9532d3d0bd435?s=96&d=mm&r=g","url":"https:\/\/secure.gravatar.com\/avatar\/3a8de04a2656d44082be478bd6c086daa447c4651605818287b9532d3d0bd435?s=96&d=mm&r=g","contentUrl":"https:\/\/secure.gravatar.com\/avatar\/3a8de04a2656d44082be478bd6c086daa447c4651605818287b9532d3d0bd435?s=96&d=mm&r=g","caption":"Lo viste en Los Pol\u00edticos"},"url":"https:\/\/lospoliticosveracruz.com\/?author=2"}]}},"_links":{"self":[{"href":"https:\/\/lospoliticosveracruz.com\/index.php?rest_route=\/wp\/v2\/posts\/41020","targetHints":{"allow":["GET"]}}],"collection":[{"href":"https:\/\/lospoliticosveracruz.com\/index.php?rest_route=\/wp\/v2\/posts"}],"about":[{"href":"https:\/\/lospoliticosveracruz.com\/index.php?rest_route=\/wp\/v2\/types\/post"}],"author":[{"embeddable":true,"href":"https:\/\/lospoliticosveracruz.com\/index.php?rest_route=\/wp\/v2\/users\/2"}],"replies":[{"embeddable":true,"href":"https:\/\/lospoliticosveracruz.com\/index.php?rest_route=%2Fwp%2Fv2%2Fcomments&post=41020"}],"version-history":[{"count":1,"href":"https:\/\/lospoliticosveracruz.com\/index.php?rest_route=\/wp\/v2\/posts\/41020\/revisions"}],"predecessor-version":[{"id":41021,"href":"https:\/\/lospoliticosveracruz.com\/index.php?rest_route=\/wp\/v2\/posts\/41020\/revisions\/41021"}],"wp:attachment":[{"href":"https:\/\/lospoliticosveracruz.com\/index.php?rest_route=%2Fwp%2Fv2%2Fmedia&parent=41020"}],"wp:term":[{"taxonomy":"category","embeddable":true,"href":"https:\/\/lospoliticosveracruz.com\/index.php?rest_route=%2Fwp%2Fv2%2Fcategories&post=41020"},{"taxonomy":"post_tag","embeddable":true,"href":"https:\/\/lospoliticosveracruz.com\/index.php?rest_route=%2Fwp%2Fv2%2Ftags&post=41020"}],"curies":[{"name":"wp","href":"https:\/\/api.w.org\/{rel}","templated":true}]}}