{"id":41062,"date":"2018-04-04T22:50:44","date_gmt":"2018-04-05T03:50:44","guid":{"rendered":"http:\/\/www.lospoliticosveracruz.com.mx\/?p=41062"},"modified":"2018-04-05T13:21:41","modified_gmt":"2018-04-05T18:21:41","slug":"de-que-eres-capaz-por-tener-un-hijo","status":"publish","type":"post","link":"https:\/\/lospoliticosveracruz.com\/?p=41062","title":{"rendered":"\u00bfDe qu\u00e9 eres capaz por tener un hijo?"},"content":{"rendered":"<p><strong>Brenda Caballero<\/strong><\/p>\n<p><em>N\u00fameros Rojos<\/em><\/p>\n<p>&nbsp;<\/p>\n<p>&nbsp;<\/p>\n<p>\u00bfQu\u00e9 tienen en com\u00fan Jessica Gabriela y Jenny Judit? Ambas estaban embarazadas; ambas fueron asesinadas para extraerles a sus beb\u00e9s; ambas aparentemente fueron enga\u00f1adas por mujeres con el pretexto de regalarles ropa para sus hijos.<\/p>\n<p>Apenas el pasado fin de semana se me escalofriaba el cuerpo cuando le\u00eda la noticia de que en Tampico, Tamaulipas, hab\u00edan asesinado a una joven de 20 a\u00f1os de edad para robarle a su beb\u00e9.<\/p>\n<p>A la joven la contact\u00f3 Cynthia a trav\u00e9s de Facebook y la invit\u00f3 a su casa con el pretexto de regalarle ropa. Al cruzar la puerta, la propia Cynthia en confesi\u00f3n durante 9 horas al juez, narr\u00f3 que someti\u00f3 a Jessica y la asfixi\u00f3, para con un cuchillo de cocina extraer al beb\u00e9. Jessica estaba semiconsciente y seguramente muri\u00f3 desangrada y sin ayuda.<\/p>\n<p>Mientras su hermana buscaba a Jessica en hospitales y con amigos, su cad\u00e1ver permaneci\u00f3 en una bolsa de pl\u00e1stico debajo de una cama por cinco d\u00edas en la casa de Cynthia y su esposo Omar.<\/p>\n<p>\u00bfDe qu\u00e9 eres capaz por tener un hijo?<\/p>\n<p>Fue la primera pregunta que cruz\u00f3 por mi cabeza, mientras la indignaci\u00f3n, el coraje y la rabia me inundaba, pues Cynthia simul\u00f3 un embarazo junto con Omar, porque, aunque ella diga que actu\u00f3 sola, es un hecho que su esposo sab\u00eda de la mentira y fue su c\u00f3mplice, pues ambos posaban en fotos a trav\u00e9s de la red social y presum\u00edan que iban a ser padres, enga\u00f1ando a familiares y amigos. Incluso se aprecia en una publicaci\u00f3n la mano de \u00e9l en su supuesto vientre al lado de una mesa de regalos.<\/p>\n<p>En la declaraci\u00f3n de Cynthia, refiri\u00f3 que despu\u00e9s de extraer al beb\u00e9 acudi\u00f3 al hospital tratando de enga\u00f1ar a los m\u00e9dicos de que hab\u00eda sufrido un aborto, sin embargo no le creyeron; dieron aviso a las autoridades, pero no fue detenida, por lo que todav\u00eda se dio tiempo para sepultar al beb\u00e9 y postear su tristeza en Facebook.<\/p>\n<p>Mi pecho doli\u00f3 y no dej\u00e9 de pensar en Jessica, en su dolor, en su angustia y en su agon\u00eda\u2026<\/p>\n<p>Y cuando piensas que ese tipo de noticias terribles no se repetir\u00e1n, el dolor vuelve, ahora en tu estado.<\/p>\n<p>El modus operandi se repite. Ahora, al salir de una cl\u00ednica del IMSS en el municipio de Lerdo de Tejada. Jenny, de 23 a\u00f1os y con nueve meses de embarazo, acud\u00eda a su cita de revisi\u00f3n en compa\u00f1\u00eda de su madre. Seg\u00fan declaraciones de la misma, se encontraron con otra mujer embarazada con la cual entablaron una pl\u00e1tica. La mujer le dijo que tendr\u00eda un ni\u00f1o, pero que hab\u00eda comprado ropa de ni\u00f1a, la cual no le servir\u00eda y estaba dispuesta a obsequi\u00e1rsela. Ambas subieron a un taxi. El tiempo pas\u00f3 y al no llegar, la madre de Jenny contact\u00f3 al taxista, el cual le dijo que las hab\u00eda llevado a la comunidad de Punta de Arena.<\/p>\n<p>La madre se traslad\u00f3 hasta el lugar para buscar a su hija. Sin embargo no la encontr\u00f3. Al indagar le dijeron que vieron a una mujer con las caracter\u00edsticas que buscaba caminar con un beb\u00e9 envuelto en una s\u00e1bana con manchas de sangre.<\/p>\n<p>El martes por la noche, encuentran a una mujer muerta en un potrero, en un charco de sangre y con una gran herida del abdomen hasta el \u00fatero. Le hab\u00edan extra\u00eddo a su beb\u00e9. Era Jenny.<\/p>\n<p>\u00bfDe qu\u00e9 eres capaz por tener un hijo?<\/p>\n<p>Y la misma pregunta da vueltas en mi cabeza, y el dolor, la tristeza, la indignaci\u00f3n y muchos sentimientos me asaltan.<\/p>\n<p>Apenas unas horas despu\u00e9s de la noticia, veo la foto de una beb\u00e9. \u00a1La recuperaron! \u00a1Est\u00e1 con vida!, aunque desconozco su estado de salud, me tranquiliza que no est\u00e9 con los asesinos de su madre.<\/p>\n<p>Aunque estoy contenta por la beba, no hay final feliz. \u00bfQui\u00e9n dej\u00f3 a esta peque\u00f1a sin su madre?<\/p>\n<p>Seg\u00fan las investigaciones e informaci\u00f3n de la Fiscal\u00eda General del Estado, la probable responsable es una mujer llamada Brianda Padr\u00f3n Cano por la que ofrecen un mill\u00f3n de pesos por informaci\u00f3n que lleve a su captura. \u00bfAcaso era la mujer embarazada que le regalar\u00eda ropa? \u00bfOtra simulaci\u00f3n de embarazo? \u00bfDe qu\u00e9 eres capaz por tener un hijo?<\/p>\n<p>A veces con tantas noticias pol\u00edticas, partidos, candidatos, elecciones y propuestas, se nos olvida el estado de descomposici\u00f3n que vive nuestra sociedad. Sin embargo, all\u00ed est\u00e1. Y casos como los de Jessica Gabriela y Jenny Judit nos hacen recordarlo. \u00bfCu\u00e1les son nuestras propuestas?<\/p>\n<p>caballero_brenda@hotmail.c<\/p>\n","protected":false},"excerpt":{"rendered":"<p>Brenda Caballero N\u00fameros Rojos &nbsp; &nbsp; \u00bfQu\u00e9 tienen en com\u00fan Jessica Gabriela y Jenny Judit? Ambas estaban embarazadas; ambas fueron asesinadas para extraerles a sus beb\u00e9s; ambas aparentemente fueron enga\u00f1adas por mujeres con el pretexto de regalarles ropa para sus hijos. Apenas el pasado fin de semana se me escalofriaba el cuerpo cuando le\u00eda la [&hellip;]<\/p>\n","protected":false},"author":2,"featured_media":0,"comment_status":"open","ping_status":"open","sticky":false,"template":"","format":"standard","meta":{"tdm_status":"","tdm_grid_status":"","footnotes":""},"categories":[70],"tags":[11364,11365,11363,11362,11361,1780],"class_list":{"0":"post-41062","1":"post","2":"type-post","3":"status-publish","4":"format-standard","6":"category-de-opinion","7":"tag-bebe","8":"tag-brianda-padron-cano","9":"tag-embarazadas","10":"tag-jenny-judit","11":"tag-jessica-gabriela","12":"tag-lerdo-de-tejada"},"yoast_head":"<!-- This site is optimized with the Yoast SEO plugin v27.4 - https:\/\/yoast.com\/product\/yoast-seo-wordpress\/ -->\n<title>\u00bfDe qu\u00e9 eres capaz por tener un hijo? - Los pol\u00edticos Veracruz<\/title>\n<meta name=\"robots\" content=\"index, follow, max-snippet:-1, max-image-preview:large, max-video-preview:-1\" \/>\n<link rel=\"canonical\" href=\"https:\/\/lospoliticosveracruz.com\/?p=41062\" \/>\n<meta property=\"og:locale\" content=\"es_ES\" \/>\n<meta property=\"og:type\" content=\"article\" \/>\n<meta property=\"og:title\" content=\"\u00bfDe qu\u00e9 eres capaz por tener un hijo? - Los pol\u00edticos Veracruz\" \/>\n<meta property=\"og:description\" content=\"Brenda Caballero N\u00fameros Rojos &nbsp; &nbsp; \u00bfQu\u00e9 tienen en com\u00fan Jessica Gabriela y Jenny Judit? Ambas estaban embarazadas; ambas fueron asesinadas para extraerles a sus beb\u00e9s; ambas aparentemente fueron enga\u00f1adas por mujeres con el pretexto de regalarles ropa para sus hijos. Apenas el pasado fin de semana se me escalofriaba el cuerpo cuando le\u00eda la [&hellip;]\" \/>\n<meta property=\"og:url\" content=\"https:\/\/lospoliticosveracruz.com\/?p=41062\" \/>\n<meta property=\"og:site_name\" content=\"Los pol\u00edticos Veracruz\" \/>\n<meta property=\"article:publisher\" content=\"https:\/\/www.facebook.com\/people\/Notimemes-de-los-Polticos\/61565672886568\/\" \/>\n<meta property=\"article:published_time\" content=\"2018-04-05T03:50:44+00:00\" \/>\n<meta property=\"article:modified_time\" content=\"2018-04-05T18:21:41+00:00\" \/>\n<meta property=\"og:image\" content=\"https:\/\/lospoliticosveracruz.com\/wp-content\/uploads\/2016\/07\/Logo-Dor.jpg\" \/>\n\t<meta property=\"og:image:width\" content=\"200\" \/>\n\t<meta property=\"og:image:height\" content=\"200\" \/>\n\t<meta property=\"og:image:type\" content=\"image\/jpeg\" \/>\n<meta name=\"author\" content=\"Lo viste en Los Pol\u00edticos\" \/>\n<meta name=\"twitter:card\" content=\"summary_large_image\" \/>\n<meta name=\"twitter:creator\" content=\"@LosPoliticosVer\" \/>\n<meta name=\"twitter:site\" content=\"@LosPoliticosVer\" \/>\n<meta name=\"twitter:label1\" content=\"Escrito por\" \/>\n\t<meta name=\"twitter:data1\" content=\"Lo viste en Los Pol\u00edticos\" \/>\n\t<meta name=\"twitter:label2\" content=\"Tiempo de lectura\" \/>\n\t<meta name=\"twitter:data2\" content=\"4 minutos\" \/>\n<script type=\"application\/ld+json\" class=\"yoast-schema-graph\">{\"@context\":\"https:\\\/\\\/schema.org\",\"@graph\":[{\"@type\":\"Article\",\"@id\":\"https:\\\/\\\/lospoliticosveracruz.com\\\/?p=41062#article\",\"isPartOf\":{\"@id\":\"https:\\\/\\\/lospoliticosveracruz.com\\\/?p=41062\"},\"author\":{\"name\":\"Lo viste en Los Pol\u00edticos\",\"@id\":\"https:\\\/\\\/lospoliticosveracruz.com\\\/#\\\/schema\\\/person\\\/b8702bb0e538456e6efd07080bf2a4a2\"},\"headline\":\"\u00bfDe qu\u00e9 eres capaz por tener un hijo?\",\"datePublished\":\"2018-04-05T03:50:44+00:00\",\"dateModified\":\"2018-04-05T18:21:41+00:00\",\"mainEntityOfPage\":{\"@id\":\"https:\\\/\\\/lospoliticosveracruz.com\\\/?p=41062\"},\"wordCount\":818,\"commentCount\":0,\"publisher\":{\"@id\":\"https:\\\/\\\/lospoliticosveracruz.com\\\/#organization\"},\"keywords\":[\"beb\u00e9\",\"Brianda Padr\u00f3n Cano\",\"embarazadas\",\"Jenny Judit\",\"Jessica Gabriela\",\"Lerdo de Tejada\"],\"articleSection\":[\"De Opini\u00f3n\"],\"inLanguage\":\"es\",\"potentialAction\":[{\"@type\":\"CommentAction\",\"name\":\"Comment\",\"target\":[\"https:\\\/\\\/lospoliticosveracruz.com\\\/?p=41062#respond\"]}]},{\"@type\":\"WebPage\",\"@id\":\"https:\\\/\\\/lospoliticosveracruz.com\\\/?p=41062\",\"url\":\"https:\\\/\\\/lospoliticosveracruz.com\\\/?p=41062\",\"name\":\"\u00bfDe qu\u00e9 eres capaz por tener un hijo? - Los pol\u00edticos Veracruz\",\"isPartOf\":{\"@id\":\"https:\\\/\\\/lospoliticosveracruz.com\\\/#website\"},\"datePublished\":\"2018-04-05T03:50:44+00:00\",\"dateModified\":\"2018-04-05T18:21:41+00:00\",\"breadcrumb\":{\"@id\":\"https:\\\/\\\/lospoliticosveracruz.com\\\/?p=41062#breadcrumb\"},\"inLanguage\":\"es\",\"potentialAction\":[{\"@type\":\"ReadAction\",\"target\":[\"https:\\\/\\\/lospoliticosveracruz.com\\\/?p=41062\"]}]},{\"@type\":\"BreadcrumbList\",\"@id\":\"https:\\\/\\\/lospoliticosveracruz.com\\\/?p=41062#breadcrumb\",\"itemListElement\":[{\"@type\":\"ListItem\",\"position\":1,\"name\":\"Portada\",\"item\":\"https:\\\/\\\/lospoliticosveracruz.com\\\/\"},{\"@type\":\"ListItem\",\"position\":2,\"name\":\"\u00bfDe qu\u00e9 eres capaz por tener un hijo?\"}]},{\"@type\":\"WebSite\",\"@id\":\"https:\\\/\\\/lospoliticosveracruz.com\\\/#website\",\"url\":\"https:\\\/\\\/lospoliticosveracruz.com\\\/\",\"name\":\"Los pol\u00edticos Veracruz\",\"description\":\"\",\"publisher\":{\"@id\":\"https:\\\/\\\/lospoliticosveracruz.com\\\/#organization\"},\"potentialAction\":[{\"@type\":\"SearchAction\",\"target\":{\"@type\":\"EntryPoint\",\"urlTemplate\":\"https:\\\/\\\/lospoliticosveracruz.com\\\/?s={search_term_string}\"},\"query-input\":{\"@type\":\"PropertyValueSpecification\",\"valueRequired\":true,\"valueName\":\"search_term_string\"}}],\"inLanguage\":\"es\"},{\"@type\":\"Organization\",\"@id\":\"https:\\\/\\\/lospoliticosveracruz.com\\\/#organization\",\"name\":\"Los pol\u00edticos Veracruz\",\"url\":\"https:\\\/\\\/lospoliticosveracruz.com\\\/\",\"logo\":{\"@type\":\"ImageObject\",\"inLanguage\":\"es\",\"@id\":\"https:\\\/\\\/lospoliticosveracruz.com\\\/#\\\/schema\\\/logo\\\/image\\\/\",\"url\":\"https:\\\/\\\/lospoliticosveracruz.com\\\/wp-content\\\/uploads\\\/2025\\\/12\\\/Logo-Nuevo-LOS-POLITICOS-1.jpg\",\"contentUrl\":\"https:\\\/\\\/lospoliticosveracruz.com\\\/wp-content\\\/uploads\\\/2025\\\/12\\\/Logo-Nuevo-LOS-POLITICOS-1.jpg\",\"width\":260,\"height\":70,\"caption\":\"Los pol\u00edticos Veracruz\"},\"image\":{\"@id\":\"https:\\\/\\\/lospoliticosveracruz.com\\\/#\\\/schema\\\/logo\\\/image\\\/\"},\"sameAs\":[\"https:\\\/\\\/www.facebook.com\\\/people\\\/Notimemes-de-los-Polticos\\\/61565672886568\\\/\",\"https:\\\/\\\/x.com\\\/LosPoliticosVer\"]},{\"@type\":\"Person\",\"@id\":\"https:\\\/\\\/lospoliticosveracruz.com\\\/#\\\/schema\\\/person\\\/b8702bb0e538456e6efd07080bf2a4a2\",\"name\":\"Lo viste en Los Pol\u00edticos\",\"image\":{\"@type\":\"ImageObject\",\"inLanguage\":\"es\",\"@id\":\"https:\\\/\\\/secure.gravatar.com\\\/avatar\\\/3a8de04a2656d44082be478bd6c086daa447c4651605818287b9532d3d0bd435?s=96&d=mm&r=g\",\"url\":\"https:\\\/\\\/secure.gravatar.com\\\/avatar\\\/3a8de04a2656d44082be478bd6c086daa447c4651605818287b9532d3d0bd435?s=96&d=mm&r=g\",\"contentUrl\":\"https:\\\/\\\/secure.gravatar.com\\\/avatar\\\/3a8de04a2656d44082be478bd6c086daa447c4651605818287b9532d3d0bd435?s=96&d=mm&r=g\",\"caption\":\"Lo viste en Los Pol\u00edticos\"},\"url\":\"https:\\\/\\\/lospoliticosveracruz.com\\\/?author=2\"}]}<\/script>\n<!-- \/ Yoast SEO plugin. -->","yoast_head_json":{"title":"\u00bfDe qu\u00e9 eres capaz por tener un hijo? - Los pol\u00edticos Veracruz","robots":{"index":"index","follow":"follow","max-snippet":"max-snippet:-1","max-image-preview":"max-image-preview:large","max-video-preview":"max-video-preview:-1"},"canonical":"https:\/\/lospoliticosveracruz.com\/?p=41062","og_locale":"es_ES","og_type":"article","og_title":"\u00bfDe qu\u00e9 eres capaz por tener un hijo? - Los pol\u00edticos Veracruz","og_description":"Brenda Caballero N\u00fameros Rojos &nbsp; &nbsp; \u00bfQu\u00e9 tienen en com\u00fan Jessica Gabriela y Jenny Judit? Ambas estaban embarazadas; ambas fueron asesinadas para extraerles a sus beb\u00e9s; ambas aparentemente fueron enga\u00f1adas por mujeres con el pretexto de regalarles ropa para sus hijos. Apenas el pasado fin de semana se me escalofriaba el cuerpo cuando le\u00eda la [&hellip;]","og_url":"https:\/\/lospoliticosveracruz.com\/?p=41062","og_site_name":"Los pol\u00edticos Veracruz","article_publisher":"https:\/\/www.facebook.com\/people\/Notimemes-de-los-Polticos\/61565672886568\/","article_published_time":"2018-04-05T03:50:44+00:00","article_modified_time":"2018-04-05T18:21:41+00:00","og_image":[{"width":200,"height":200,"url":"https:\/\/lospoliticosveracruz.com\/wp-content\/uploads\/2016\/07\/Logo-Dor.jpg","type":"image\/jpeg"}],"author":"Lo viste en Los Pol\u00edticos","twitter_card":"summary_large_image","twitter_creator":"@LosPoliticosVer","twitter_site":"@LosPoliticosVer","twitter_misc":{"Escrito por":"Lo viste en Los Pol\u00edticos","Tiempo de lectura":"4 minutos"},"schema":{"@context":"https:\/\/schema.org","@graph":[{"@type":"Article","@id":"https:\/\/lospoliticosveracruz.com\/?p=41062#article","isPartOf":{"@id":"https:\/\/lospoliticosveracruz.com\/?p=41062"},"author":{"name":"Lo viste en Los Pol\u00edticos","@id":"https:\/\/lospoliticosveracruz.com\/#\/schema\/person\/b8702bb0e538456e6efd07080bf2a4a2"},"headline":"\u00bfDe qu\u00e9 eres capaz por tener un hijo?","datePublished":"2018-04-05T03:50:44+00:00","dateModified":"2018-04-05T18:21:41+00:00","mainEntityOfPage":{"@id":"https:\/\/lospoliticosveracruz.com\/?p=41062"},"wordCount":818,"commentCount":0,"publisher":{"@id":"https:\/\/lospoliticosveracruz.com\/#organization"},"keywords":["beb\u00e9","Brianda Padr\u00f3n Cano","embarazadas","Jenny Judit","Jessica Gabriela","Lerdo de Tejada"],"articleSection":["De Opini\u00f3n"],"inLanguage":"es","potentialAction":[{"@type":"CommentAction","name":"Comment","target":["https:\/\/lospoliticosveracruz.com\/?p=41062#respond"]}]},{"@type":"WebPage","@id":"https:\/\/lospoliticosveracruz.com\/?p=41062","url":"https:\/\/lospoliticosveracruz.com\/?p=41062","name":"\u00bfDe qu\u00e9 eres capaz por tener un hijo? - Los pol\u00edticos Veracruz","isPartOf":{"@id":"https:\/\/lospoliticosveracruz.com\/#website"},"datePublished":"2018-04-05T03:50:44+00:00","dateModified":"2018-04-05T18:21:41+00:00","breadcrumb":{"@id":"https:\/\/lospoliticosveracruz.com\/?p=41062#breadcrumb"},"inLanguage":"es","potentialAction":[{"@type":"ReadAction","target":["https:\/\/lospoliticosveracruz.com\/?p=41062"]}]},{"@type":"BreadcrumbList","@id":"https:\/\/lospoliticosveracruz.com\/?p=41062#breadcrumb","itemListElement":[{"@type":"ListItem","position":1,"name":"Portada","item":"https:\/\/lospoliticosveracruz.com\/"},{"@type":"ListItem","position":2,"name":"\u00bfDe qu\u00e9 eres capaz por tener un hijo?"}]},{"@type":"WebSite","@id":"https:\/\/lospoliticosveracruz.com\/#website","url":"https:\/\/lospoliticosveracruz.com\/","name":"Los pol\u00edticos Veracruz","description":"","publisher":{"@id":"https:\/\/lospoliticosveracruz.com\/#organization"},"potentialAction":[{"@type":"SearchAction","target":{"@type":"EntryPoint","urlTemplate":"https:\/\/lospoliticosveracruz.com\/?s={search_term_string}"},"query-input":{"@type":"PropertyValueSpecification","valueRequired":true,"valueName":"search_term_string"}}],"inLanguage":"es"},{"@type":"Organization","@id":"https:\/\/lospoliticosveracruz.com\/#organization","name":"Los pol\u00edticos Veracruz","url":"https:\/\/lospoliticosveracruz.com\/","logo":{"@type":"ImageObject","inLanguage":"es","@id":"https:\/\/lospoliticosveracruz.com\/#\/schema\/logo\/image\/","url":"https:\/\/lospoliticosveracruz.com\/wp-content\/uploads\/2025\/12\/Logo-Nuevo-LOS-POLITICOS-1.jpg","contentUrl":"https:\/\/lospoliticosveracruz.com\/wp-content\/uploads\/2025\/12\/Logo-Nuevo-LOS-POLITICOS-1.jpg","width":260,"height":70,"caption":"Los pol\u00edticos Veracruz"},"image":{"@id":"https:\/\/lospoliticosveracruz.com\/#\/schema\/logo\/image\/"},"sameAs":["https:\/\/www.facebook.com\/people\/Notimemes-de-los-Polticos\/61565672886568\/","https:\/\/x.com\/LosPoliticosVer"]},{"@type":"Person","@id":"https:\/\/lospoliticosveracruz.com\/#\/schema\/person\/b8702bb0e538456e6efd07080bf2a4a2","name":"Lo viste en Los Pol\u00edticos","image":{"@type":"ImageObject","inLanguage":"es","@id":"https:\/\/secure.gravatar.com\/avatar\/3a8de04a2656d44082be478bd6c086daa447c4651605818287b9532d3d0bd435?s=96&d=mm&r=g","url":"https:\/\/secure.gravatar.com\/avatar\/3a8de04a2656d44082be478bd6c086daa447c4651605818287b9532d3d0bd435?s=96&d=mm&r=g","contentUrl":"https:\/\/secure.gravatar.com\/avatar\/3a8de04a2656d44082be478bd6c086daa447c4651605818287b9532d3d0bd435?s=96&d=mm&r=g","caption":"Lo viste en Los Pol\u00edticos"},"url":"https:\/\/lospoliticosveracruz.com\/?author=2"}]}},"_links":{"self":[{"href":"https:\/\/lospoliticosveracruz.com\/index.php?rest_route=\/wp\/v2\/posts\/41062","targetHints":{"allow":["GET"]}}],"collection":[{"href":"https:\/\/lospoliticosveracruz.com\/index.php?rest_route=\/wp\/v2\/posts"}],"about":[{"href":"https:\/\/lospoliticosveracruz.com\/index.php?rest_route=\/wp\/v2\/types\/post"}],"author":[{"embeddable":true,"href":"https:\/\/lospoliticosveracruz.com\/index.php?rest_route=\/wp\/v2\/users\/2"}],"replies":[{"embeddable":true,"href":"https:\/\/lospoliticosveracruz.com\/index.php?rest_route=%2Fwp%2Fv2%2Fcomments&post=41062"}],"version-history":[{"count":1,"href":"https:\/\/lospoliticosveracruz.com\/index.php?rest_route=\/wp\/v2\/posts\/41062\/revisions"}],"predecessor-version":[{"id":41063,"href":"https:\/\/lospoliticosveracruz.com\/index.php?rest_route=\/wp\/v2\/posts\/41062\/revisions\/41063"}],"wp:attachment":[{"href":"https:\/\/lospoliticosveracruz.com\/index.php?rest_route=%2Fwp%2Fv2%2Fmedia&parent=41062"}],"wp:term":[{"taxonomy":"category","embeddable":true,"href":"https:\/\/lospoliticosveracruz.com\/index.php?rest_route=%2Fwp%2Fv2%2Fcategories&post=41062"},{"taxonomy":"post_tag","embeddable":true,"href":"https:\/\/lospoliticosveracruz.com\/index.php?rest_route=%2Fwp%2Fv2%2Ftags&post=41062"}],"curies":[{"name":"wp","href":"https:\/\/api.w.org\/{rel}","templated":true}]}}