{"id":41151,"date":"2018-04-09T10:01:43","date_gmt":"2018-04-09T15:01:43","guid":{"rendered":"http:\/\/www.lospoliticosveracruz.com.mx\/?p=41151"},"modified":"2018-04-09T10:01:43","modified_gmt":"2018-04-09T15:01:43","slug":"congreso-de-altura-y-el-dia-d","status":"publish","type":"post","link":"https:\/\/lospoliticosveracruz.com\/?p=41151","title":{"rendered":"Congreso \u201cde altura\u201d y el \u201cD\u00eda D\u201d"},"content":{"rendered":"<div class=\"x_gmail_quote\">\n<div dir=\"ltr\">\n<div id=\"x_m_2263015107570507629divtagdefaultwrapper\" dir=\"ltr\">\n<div dir=\"ltr\">\n<div id=\"x_m_2263015107570507629x_divtagdefaultwrapper\" dir=\"ltr\">\n<p class=\"x_m_2263015107570507629x_Standard\" style=\"text-align: left;\" align=\"center\"><b><\/b><strong><span lang=\"ES-MX\">Ricardo V\u00e1zquez S.<\/span><\/strong><\/p>\n<p class=\"x_m_2263015107570507629x_Standard\" style=\"text-align: left;\" align=\"center\"><em>Esfera Pol\u00edtica<\/em><\/p>\n<p class=\"x_m_2263015107570507629x_Standard\" style=\"text-align: left;\" align=\"center\">\n<p class=\"x_m_2263015107570507629x_Textbody\" align=\"center\"><em><b><\/b><b><span lang=\"ES-MX\">\u00a0<\/span><\/b><\/em><\/p>\n<p class=\"x_m_2263015107570507629x_MsoNormal\"><span lang=\"ES-MX\">\u00bfQu\u00e9 ir\u00e1 a ser de este pa\u00eds con tanta estrella de la far\u00e1ndula como hacedores de leyes? El recinto de San L\u00e1zaro se perfila para convertirse en el nuevo Teatro Blanquita. Se escuchar\u00e1n guerras de chistes, peroratas chuscas en largas horas de debate de \u201caltura\u201d que har\u00e1n olvidar durante el tiempo que dure cada sesi\u00f3n los problemas que enfrentan los mexicanos. Comediantes parlamentarios habr\u00e1 de todos colores. No tendr\u00e1n idea del papel que representar\u00e1n, \u00a1qu\u00e9 importa eso! Lo que interesa a los partidos pol\u00edticos es tener un mayor n\u00famero de incautos manejables. \u00a0\u00a0\u00a0\u00a0<\/span><\/p>\n<p class=\"x_m_2263015107570507629x_MsoNormal\"><span lang=\"ES-MX\">Qu\u00e9 habr\u00e1n hecho los morelenses para merecer que los gobierne \u2013en dado caso que as\u00ed lo decidan- una figura de la patada. Ser\u00e1 que \u201cCuau\u201d gobernar\u00eda con los pies, por su particular habilidad, y con las v\u00edsceras,\u00a0 por explosivo e impulsivo.\u00a0\u00a0\u00a0 \u00a0\u00a0\u00a0\u00a0\u00a0\u00a0<\/span><\/p>\n<p class=\"x_m_2263015107570507629x_MsoNormal\"><span lang=\"ES-MX\">A escasos 82 amaneceres del \u201cD\u00eda D\u201d: tiempo en el que se debe iniciar un ataque o una operaci\u00f3n de combate, electoral.<\/span><\/p>\n<p class=\"x_m_2263015107570507629x_MsoNormal\"><span lang=\"ES-MX\">Lo expresado por el candidato y due\u00f1o de Morena, Andr\u00e9s Manuel L\u00f3pez Obrador en supuesto respaldo al presidente Enrique Pe\u00f1a Nieto ante las decisiones de Donald Trump de militarizar la frontera sur de los Estados Unidos, al haberse apropiado de la frase del insurgente Vicente Guerrero: \u201cLa Patria es primero\u201d, despierta muchas dudas.<\/span><\/p>\n<p class=\"x_m_2263015107570507629x_MsoNormal\"><span lang=\"ES-MX\">No ser\u00e1 que para AMLO el poder es primero, antes que la patria, porque con los actores pol\u00edticos de turbio pasado de los que se est\u00e1 rodeando, que por supuesto \u2013 en caso de obtener la presidencia- ocupar\u00e1n secretar\u00edas de Estado, direcciones generales, senadur\u00edas y todo tipo de posiciones de primer nivel. Para los \u201cinmaculados\u201d de Morena ser\u00eda algo as\u00ed como encargarle a una manada de la especie marsupiales mexicanos hacerse cargo de un gallinero.\u00a0 La coalici\u00f3n \u201cJuntos haremos historia\u201d, s\u00ed que har\u00eda historia. \u00a0\u00a0\u00a0\u00a0<\/span><\/p>\n<p class=\"x_m_2263015107570507629x_MsoNormal\"><span lang=\"ES-MX\">Ricardo Anaya, candidato por la coalici\u00f3n \u201cPor M\u00e9xico al Frente\u201d asegur\u00f3 que va a trabajar con una nueva estrategia en materia de seguridad; ha venido insistiendo que con m\u00e1s prevenci\u00f3n y m\u00e1s oportunidades para los j\u00f3venes se recuperar\u00e1 la paz y la tranquilidad. Anaya urgi\u00f3 al presidente Donald Trump a evitar el trasiego de armas de Estados Unidos a M\u00e9xico, porque al a\u00f1o llegan 213 mil de ese pa\u00eds, que representan el 80 por ciento de las que se usan para cometer delitos. Como si el negocio armamentista dependiera del mandatario estadounidense.<\/span><\/p>\n<p class=\"x_m_2263015107570507629x_MsoNormal\"><span lang=\"ES-MX\">Sigue habiendo coincidencias en las propuestas de Anaya y AMLO. El candidato de Morena argument\u00f3 este domingo: \u201cNo vamos a utilizar la fuerza, la represi\u00f3n, nada por la fuerza, todo por la raz\u00f3n y el Derecho. Vamos a atender las causas que originaron la inseguridad y la violencia\u201d.<\/span><\/p>\n<p class=\"x_m_2263015107570507629x_MsoNormal\"><span lang=\"ES-MX\">De lograr la silla presidencial, Anaya o AMLO, a cualquiera de estos le har\u00eda falta cuando menos dos sexenios m\u00e1s para medianamente llegar a cumplir sus ofrecimientos. \u00a0<\/span><\/p>\n<p class=\"x_m_2263015107570507629x_MsoNormal\"><span lang=\"ES-MX\">Veracruz era la entidad menos indicada para haber hecho un anuncio de este tipo; a\u00fan que exista una raz\u00f3n para haberlo hecho, no debi\u00f3 ser aqu\u00ed. Durante su visita a Veracruz este domingo, el candidato a la presidencia de la Rep\u00fablica de la coalici\u00f3n \u201cTodos por M\u00e9xico\u201d, Jos\u00e9 Antonio Meade, afirm\u00f3 que de ganar se mantendr\u00e1n las pensiones a los ex presidentes. De su presencia a tierra jarocha el domingo el apapacho a los ex presidentes fue lo que tuvo mayor difusi\u00f3n.<\/span><\/p>\n<p class=\"x_m_2263015107570507629x_MsoNormal\"><span lang=\"ES-MX\">En una entidad severamente golpeada por los dos gobiernos estatales pri\u00edstas recientes, los veracruzanos hubieran deseado escuchar posturas de renovaci\u00f3n moral del Revolucionario Institucional, de asumir la responsabilidad de restaurar el desastre provocado, de recalcar el compromiso a no permitir que vuelvan a cometer otro atraco al erario.<\/span><\/p>\n<p class=\"x_m_2263015107570507629x_MsoNormal\"><span lang=\"ES-MX\">Que si los ex presidentes merecen su pensi\u00f3n, \u201ca alguien que entreg\u00f3 al pa\u00eds su vida y su certeza\u201d, como lo asegur\u00f3 Meade, hubiera sido de mayor impacto para los veracruzanos y en general para los mexicanos, o\u00edr el ofrecimiento que de llegar a Los Pinos se encargar\u00e1 de restituir lo perdido y destrozado por el fidelato y el duartazo, mediante la construcci\u00f3n de escuelas y hospitales dignos como merece la poblaci\u00f3n. Alguien le dio un tema equivocado al candidato de \u201cTodos por M\u00e9xico\u201d. \u00a0\u00a0\u00a0<\/span><\/p>\n<p class=\"x_m_2263015107570507629x_MsoNormal\"><span lang=\"ES-MX\">En Veracruz la clase pol\u00edtica tricolor por s\u00ed misma hace que siga siendo demasiado pesado el lastre que arrastra; que aunado a la falta de liderazgo y a las felon\u00edas, enfrenta serias dificultades para rescatar el \u00e1nimo del electorado.<\/span><\/p>\n<p class=\"x_m_2263015107570507629x_MsoNormal\"><span lang=\"ES-MX\">\u00bfQui\u00e9n habr\u00e1 enga\u00f1ado a Meade con el cuento de que el magnate ganadero disfrazado de campesino le garantiza decenas de miles de votos?<\/span><\/p>\n<p class=\"x_m_2263015107570507629x_MsoNormal\"><span lang=\"ES-MX\">Como en cualquier combate, despu\u00e9s del primero de julio habr\u00e1 ganadores y perdedores. Cualquiera que sea el resultado, habr\u00e1 perjudicados pol\u00edticos, los desleales plenamente identificados atrincherados en distintos puntos. \u00a0<\/span><\/p>\n<p class=\"x_m_2263015107570507629x_MsoNormal\"><span lang=\"ES-MX\">No ser\u00e1 posible que salgan bien librados. En alg\u00fan frente habr\u00e1n de quedar mal, del cual ser\u00e1n llamados a cuentas, adem\u00e1s de que algunos de estos ya estar\u00e1n por quedar sin fuero. \u00a0\u00a0\u00a0\u00a0\u00a0\u00a0<\/span><\/p>\n<p><a id=\"x_m_2263015107570507629LPlnk370404\" href=\"mailto:rvazquez002@yahoo.com.mx\" target=\"_blank\" rel=\"noopener noreferrer\"><span lang=\"ES-MX\">rvazquez002@yahoo.com.mx<\/span><\/a><\/div>\n<\/div>\n<\/div>\n<\/div>\n<\/div>\n<p>&nbsp;<\/p>\n","protected":false},"excerpt":{"rendered":"<p>Ricardo V\u00e1zquez S. Esfera Pol\u00edtica \u00a0 \u00bfQu\u00e9 ir\u00e1 a ser de este pa\u00eds con tanta estrella de la far\u00e1ndula como hacedores de leyes? El recinto de San L\u00e1zaro se perfila para convertirse en el nuevo Teatro Blanquita. Se escuchar\u00e1n guerras de chistes, peroratas chuscas en largas horas de debate de \u201caltura\u201d que har\u00e1n olvidar durante [&hellip;]<\/p>\n","protected":false},"author":2,"featured_media":0,"comment_status":"open","ping_status":"open","sticky":false,"template":"","format":"standard","meta":{"tdm_status":"","tdm_grid_status":"","footnotes":""},"categories":[70],"tags":[618,4122,2850,3270,11395],"class_list":{"0":"post-41151","1":"post","2":"type-post","3":"status-publish","4":"format-standard","6":"category-de-opinion","7":"tag-andres-manuel-lopez-obrador","8":"tag-jose-antonio-meade-kuribrena","9":"tag-ricardo-anaya","10":"tag-san-lazaro","11":"tag-teatro-blanquita"},"yoast_head":"<!-- This site is optimized with the Yoast SEO plugin v27.4 - https:\/\/yoast.com\/product\/yoast-seo-wordpress\/ -->\n<title>Congreso \u201cde altura\u201d y el \u201cD\u00eda D\u201d - Los pol\u00edticos Veracruz<\/title>\n<meta name=\"robots\" content=\"index, follow, max-snippet:-1, max-image-preview:large, max-video-preview:-1\" \/>\n<link rel=\"canonical\" href=\"https:\/\/lospoliticosveracruz.com\/?p=41151\" \/>\n<meta property=\"og:locale\" content=\"es_ES\" \/>\n<meta property=\"og:type\" content=\"article\" \/>\n<meta property=\"og:title\" content=\"Congreso \u201cde altura\u201d y el \u201cD\u00eda D\u201d - Los pol\u00edticos Veracruz\" \/>\n<meta property=\"og:description\" content=\"Ricardo V\u00e1zquez S. Esfera Pol\u00edtica \u00a0 \u00bfQu\u00e9 ir\u00e1 a ser de este pa\u00eds con tanta estrella de la far\u00e1ndula como hacedores de leyes? El recinto de San L\u00e1zaro se perfila para convertirse en el nuevo Teatro Blanquita. Se escuchar\u00e1n guerras de chistes, peroratas chuscas en largas horas de debate de \u201caltura\u201d que har\u00e1n olvidar durante [&hellip;]\" \/>\n<meta property=\"og:url\" content=\"https:\/\/lospoliticosveracruz.com\/?p=41151\" \/>\n<meta property=\"og:site_name\" content=\"Los pol\u00edticos Veracruz\" \/>\n<meta property=\"article:publisher\" content=\"https:\/\/www.facebook.com\/people\/Notimemes-de-los-Polticos\/61565672886568\/\" \/>\n<meta property=\"article:published_time\" content=\"2018-04-09T15:01:43+00:00\" \/>\n<meta property=\"og:image\" content=\"https:\/\/lospoliticosveracruz.com\/wp-content\/uploads\/2016\/07\/Logo-Dor.jpg\" \/>\n\t<meta property=\"og:image:width\" content=\"200\" \/>\n\t<meta property=\"og:image:height\" content=\"200\" \/>\n\t<meta property=\"og:image:type\" content=\"image\/jpeg\" \/>\n<meta name=\"author\" content=\"Lo viste en Los Pol\u00edticos\" \/>\n<meta name=\"twitter:card\" content=\"summary_large_image\" \/>\n<meta name=\"twitter:creator\" content=\"@LosPoliticosVer\" \/>\n<meta name=\"twitter:site\" content=\"@LosPoliticosVer\" \/>\n<meta name=\"twitter:label1\" content=\"Escrito por\" \/>\n\t<meta name=\"twitter:data1\" content=\"Lo viste en Los Pol\u00edticos\" \/>\n\t<meta name=\"twitter:label2\" content=\"Tiempo de lectura\" \/>\n\t<meta name=\"twitter:data2\" content=\"4 minutos\" \/>\n<script type=\"application\/ld+json\" class=\"yoast-schema-graph\">{\"@context\":\"https:\\\/\\\/schema.org\",\"@graph\":[{\"@type\":\"Article\",\"@id\":\"https:\\\/\\\/lospoliticosveracruz.com\\\/?p=41151#article\",\"isPartOf\":{\"@id\":\"https:\\\/\\\/lospoliticosveracruz.com\\\/?p=41151\"},\"author\":{\"name\":\"Lo viste en Los Pol\u00edticos\",\"@id\":\"https:\\\/\\\/lospoliticosveracruz.com\\\/#\\\/schema\\\/person\\\/b8702bb0e538456e6efd07080bf2a4a2\"},\"headline\":\"Congreso \u201cde altura\u201d y el \u201cD\u00eda D\u201d\",\"datePublished\":\"2018-04-09T15:01:43+00:00\",\"mainEntityOfPage\":{\"@id\":\"https:\\\/\\\/lospoliticosveracruz.com\\\/?p=41151\"},\"wordCount\":877,\"commentCount\":0,\"publisher\":{\"@id\":\"https:\\\/\\\/lospoliticosveracruz.com\\\/#organization\"},\"keywords\":[\"Andr\u00e9s Manuel L\u00f3pez Obrador\",\"Jos\u00e9 Antonio Meade Kuribre\u00f1a\",\"Ricardo Anaya\",\"San L\u00e1zaro\",\"Teatro Blanquita\"],\"articleSection\":[\"De Opini\u00f3n\"],\"inLanguage\":\"es\",\"potentialAction\":[{\"@type\":\"CommentAction\",\"name\":\"Comment\",\"target\":[\"https:\\\/\\\/lospoliticosveracruz.com\\\/?p=41151#respond\"]}]},{\"@type\":\"WebPage\",\"@id\":\"https:\\\/\\\/lospoliticosveracruz.com\\\/?p=41151\",\"url\":\"https:\\\/\\\/lospoliticosveracruz.com\\\/?p=41151\",\"name\":\"Congreso \u201cde altura\u201d y el \u201cD\u00eda D\u201d - Los pol\u00edticos Veracruz\",\"isPartOf\":{\"@id\":\"https:\\\/\\\/lospoliticosveracruz.com\\\/#website\"},\"datePublished\":\"2018-04-09T15:01:43+00:00\",\"breadcrumb\":{\"@id\":\"https:\\\/\\\/lospoliticosveracruz.com\\\/?p=41151#breadcrumb\"},\"inLanguage\":\"es\",\"potentialAction\":[{\"@type\":\"ReadAction\",\"target\":[\"https:\\\/\\\/lospoliticosveracruz.com\\\/?p=41151\"]}]},{\"@type\":\"BreadcrumbList\",\"@id\":\"https:\\\/\\\/lospoliticosveracruz.com\\\/?p=41151#breadcrumb\",\"itemListElement\":[{\"@type\":\"ListItem\",\"position\":1,\"name\":\"Portada\",\"item\":\"https:\\\/\\\/lospoliticosveracruz.com\\\/\"},{\"@type\":\"ListItem\",\"position\":2,\"name\":\"Congreso \u201cde altura\u201d y el \u201cD\u00eda D\u201d\"}]},{\"@type\":\"WebSite\",\"@id\":\"https:\\\/\\\/lospoliticosveracruz.com\\\/#website\",\"url\":\"https:\\\/\\\/lospoliticosveracruz.com\\\/\",\"name\":\"Los pol\u00edticos Veracruz\",\"description\":\"\",\"publisher\":{\"@id\":\"https:\\\/\\\/lospoliticosveracruz.com\\\/#organization\"},\"potentialAction\":[{\"@type\":\"SearchAction\",\"target\":{\"@type\":\"EntryPoint\",\"urlTemplate\":\"https:\\\/\\\/lospoliticosveracruz.com\\\/?s={search_term_string}\"},\"query-input\":{\"@type\":\"PropertyValueSpecification\",\"valueRequired\":true,\"valueName\":\"search_term_string\"}}],\"inLanguage\":\"es\"},{\"@type\":\"Organization\",\"@id\":\"https:\\\/\\\/lospoliticosveracruz.com\\\/#organization\",\"name\":\"Los pol\u00edticos Veracruz\",\"url\":\"https:\\\/\\\/lospoliticosveracruz.com\\\/\",\"logo\":{\"@type\":\"ImageObject\",\"inLanguage\":\"es\",\"@id\":\"https:\\\/\\\/lospoliticosveracruz.com\\\/#\\\/schema\\\/logo\\\/image\\\/\",\"url\":\"https:\\\/\\\/lospoliticosveracruz.com\\\/wp-content\\\/uploads\\\/2025\\\/12\\\/Logo-Nuevo-LOS-POLITICOS-1.jpg\",\"contentUrl\":\"https:\\\/\\\/lospoliticosveracruz.com\\\/wp-content\\\/uploads\\\/2025\\\/12\\\/Logo-Nuevo-LOS-POLITICOS-1.jpg\",\"width\":260,\"height\":70,\"caption\":\"Los pol\u00edticos Veracruz\"},\"image\":{\"@id\":\"https:\\\/\\\/lospoliticosveracruz.com\\\/#\\\/schema\\\/logo\\\/image\\\/\"},\"sameAs\":[\"https:\\\/\\\/www.facebook.com\\\/people\\\/Notimemes-de-los-Polticos\\\/61565672886568\\\/\",\"https:\\\/\\\/x.com\\\/LosPoliticosVer\"]},{\"@type\":\"Person\",\"@id\":\"https:\\\/\\\/lospoliticosveracruz.com\\\/#\\\/schema\\\/person\\\/b8702bb0e538456e6efd07080bf2a4a2\",\"name\":\"Lo viste en Los Pol\u00edticos\",\"image\":{\"@type\":\"ImageObject\",\"inLanguage\":\"es\",\"@id\":\"https:\\\/\\\/secure.gravatar.com\\\/avatar\\\/3a8de04a2656d44082be478bd6c086daa447c4651605818287b9532d3d0bd435?s=96&d=mm&r=g\",\"url\":\"https:\\\/\\\/secure.gravatar.com\\\/avatar\\\/3a8de04a2656d44082be478bd6c086daa447c4651605818287b9532d3d0bd435?s=96&d=mm&r=g\",\"contentUrl\":\"https:\\\/\\\/secure.gravatar.com\\\/avatar\\\/3a8de04a2656d44082be478bd6c086daa447c4651605818287b9532d3d0bd435?s=96&d=mm&r=g\",\"caption\":\"Lo viste en Los Pol\u00edticos\"},\"url\":\"https:\\\/\\\/lospoliticosveracruz.com\\\/?author=2\"}]}<\/script>\n<!-- \/ Yoast SEO plugin. -->","yoast_head_json":{"title":"Congreso \u201cde altura\u201d y el \u201cD\u00eda D\u201d - Los pol\u00edticos Veracruz","robots":{"index":"index","follow":"follow","max-snippet":"max-snippet:-1","max-image-preview":"max-image-preview:large","max-video-preview":"max-video-preview:-1"},"canonical":"https:\/\/lospoliticosveracruz.com\/?p=41151","og_locale":"es_ES","og_type":"article","og_title":"Congreso \u201cde altura\u201d y el \u201cD\u00eda D\u201d - Los pol\u00edticos Veracruz","og_description":"Ricardo V\u00e1zquez S. Esfera Pol\u00edtica \u00a0 \u00bfQu\u00e9 ir\u00e1 a ser de este pa\u00eds con tanta estrella de la far\u00e1ndula como hacedores de leyes? El recinto de San L\u00e1zaro se perfila para convertirse en el nuevo Teatro Blanquita. Se escuchar\u00e1n guerras de chistes, peroratas chuscas en largas horas de debate de \u201caltura\u201d que har\u00e1n olvidar durante [&hellip;]","og_url":"https:\/\/lospoliticosveracruz.com\/?p=41151","og_site_name":"Los pol\u00edticos Veracruz","article_publisher":"https:\/\/www.facebook.com\/people\/Notimemes-de-los-Polticos\/61565672886568\/","article_published_time":"2018-04-09T15:01:43+00:00","og_image":[{"width":200,"height":200,"url":"https:\/\/lospoliticosveracruz.com\/wp-content\/uploads\/2016\/07\/Logo-Dor.jpg","type":"image\/jpeg"}],"author":"Lo viste en Los Pol\u00edticos","twitter_card":"summary_large_image","twitter_creator":"@LosPoliticosVer","twitter_site":"@LosPoliticosVer","twitter_misc":{"Escrito por":"Lo viste en Los Pol\u00edticos","Tiempo de lectura":"4 minutos"},"schema":{"@context":"https:\/\/schema.org","@graph":[{"@type":"Article","@id":"https:\/\/lospoliticosveracruz.com\/?p=41151#article","isPartOf":{"@id":"https:\/\/lospoliticosveracruz.com\/?p=41151"},"author":{"name":"Lo viste en Los Pol\u00edticos","@id":"https:\/\/lospoliticosveracruz.com\/#\/schema\/person\/b8702bb0e538456e6efd07080bf2a4a2"},"headline":"Congreso \u201cde altura\u201d y el \u201cD\u00eda D\u201d","datePublished":"2018-04-09T15:01:43+00:00","mainEntityOfPage":{"@id":"https:\/\/lospoliticosveracruz.com\/?p=41151"},"wordCount":877,"commentCount":0,"publisher":{"@id":"https:\/\/lospoliticosveracruz.com\/#organization"},"keywords":["Andr\u00e9s Manuel L\u00f3pez Obrador","Jos\u00e9 Antonio Meade Kuribre\u00f1a","Ricardo Anaya","San L\u00e1zaro","Teatro Blanquita"],"articleSection":["De Opini\u00f3n"],"inLanguage":"es","potentialAction":[{"@type":"CommentAction","name":"Comment","target":["https:\/\/lospoliticosveracruz.com\/?p=41151#respond"]}]},{"@type":"WebPage","@id":"https:\/\/lospoliticosveracruz.com\/?p=41151","url":"https:\/\/lospoliticosveracruz.com\/?p=41151","name":"Congreso \u201cde altura\u201d y el \u201cD\u00eda D\u201d - Los pol\u00edticos Veracruz","isPartOf":{"@id":"https:\/\/lospoliticosveracruz.com\/#website"},"datePublished":"2018-04-09T15:01:43+00:00","breadcrumb":{"@id":"https:\/\/lospoliticosveracruz.com\/?p=41151#breadcrumb"},"inLanguage":"es","potentialAction":[{"@type":"ReadAction","target":["https:\/\/lospoliticosveracruz.com\/?p=41151"]}]},{"@type":"BreadcrumbList","@id":"https:\/\/lospoliticosveracruz.com\/?p=41151#breadcrumb","itemListElement":[{"@type":"ListItem","position":1,"name":"Portada","item":"https:\/\/lospoliticosveracruz.com\/"},{"@type":"ListItem","position":2,"name":"Congreso \u201cde altura\u201d y el \u201cD\u00eda D\u201d"}]},{"@type":"WebSite","@id":"https:\/\/lospoliticosveracruz.com\/#website","url":"https:\/\/lospoliticosveracruz.com\/","name":"Los pol\u00edticos Veracruz","description":"","publisher":{"@id":"https:\/\/lospoliticosveracruz.com\/#organization"},"potentialAction":[{"@type":"SearchAction","target":{"@type":"EntryPoint","urlTemplate":"https:\/\/lospoliticosveracruz.com\/?s={search_term_string}"},"query-input":{"@type":"PropertyValueSpecification","valueRequired":true,"valueName":"search_term_string"}}],"inLanguage":"es"},{"@type":"Organization","@id":"https:\/\/lospoliticosveracruz.com\/#organization","name":"Los pol\u00edticos Veracruz","url":"https:\/\/lospoliticosveracruz.com\/","logo":{"@type":"ImageObject","inLanguage":"es","@id":"https:\/\/lospoliticosveracruz.com\/#\/schema\/logo\/image\/","url":"https:\/\/lospoliticosveracruz.com\/wp-content\/uploads\/2025\/12\/Logo-Nuevo-LOS-POLITICOS-1.jpg","contentUrl":"https:\/\/lospoliticosveracruz.com\/wp-content\/uploads\/2025\/12\/Logo-Nuevo-LOS-POLITICOS-1.jpg","width":260,"height":70,"caption":"Los pol\u00edticos Veracruz"},"image":{"@id":"https:\/\/lospoliticosveracruz.com\/#\/schema\/logo\/image\/"},"sameAs":["https:\/\/www.facebook.com\/people\/Notimemes-de-los-Polticos\/61565672886568\/","https:\/\/x.com\/LosPoliticosVer"]},{"@type":"Person","@id":"https:\/\/lospoliticosveracruz.com\/#\/schema\/person\/b8702bb0e538456e6efd07080bf2a4a2","name":"Lo viste en Los Pol\u00edticos","image":{"@type":"ImageObject","inLanguage":"es","@id":"https:\/\/secure.gravatar.com\/avatar\/3a8de04a2656d44082be478bd6c086daa447c4651605818287b9532d3d0bd435?s=96&d=mm&r=g","url":"https:\/\/secure.gravatar.com\/avatar\/3a8de04a2656d44082be478bd6c086daa447c4651605818287b9532d3d0bd435?s=96&d=mm&r=g","contentUrl":"https:\/\/secure.gravatar.com\/avatar\/3a8de04a2656d44082be478bd6c086daa447c4651605818287b9532d3d0bd435?s=96&d=mm&r=g","caption":"Lo viste en Los Pol\u00edticos"},"url":"https:\/\/lospoliticosveracruz.com\/?author=2"}]}},"_links":{"self":[{"href":"https:\/\/lospoliticosveracruz.com\/index.php?rest_route=\/wp\/v2\/posts\/41151","targetHints":{"allow":["GET"]}}],"collection":[{"href":"https:\/\/lospoliticosveracruz.com\/index.php?rest_route=\/wp\/v2\/posts"}],"about":[{"href":"https:\/\/lospoliticosveracruz.com\/index.php?rest_route=\/wp\/v2\/types\/post"}],"author":[{"embeddable":true,"href":"https:\/\/lospoliticosveracruz.com\/index.php?rest_route=\/wp\/v2\/users\/2"}],"replies":[{"embeddable":true,"href":"https:\/\/lospoliticosveracruz.com\/index.php?rest_route=%2Fwp%2Fv2%2Fcomments&post=41151"}],"version-history":[{"count":1,"href":"https:\/\/lospoliticosveracruz.com\/index.php?rest_route=\/wp\/v2\/posts\/41151\/revisions"}],"predecessor-version":[{"id":41152,"href":"https:\/\/lospoliticosveracruz.com\/index.php?rest_route=\/wp\/v2\/posts\/41151\/revisions\/41152"}],"wp:attachment":[{"href":"https:\/\/lospoliticosveracruz.com\/index.php?rest_route=%2Fwp%2Fv2%2Fmedia&parent=41151"}],"wp:term":[{"taxonomy":"category","embeddable":true,"href":"https:\/\/lospoliticosveracruz.com\/index.php?rest_route=%2Fwp%2Fv2%2Fcategories&post=41151"},{"taxonomy":"post_tag","embeddable":true,"href":"https:\/\/lospoliticosveracruz.com\/index.php?rest_route=%2Fwp%2Fv2%2Ftags&post=41151"}],"curies":[{"name":"wp","href":"https:\/\/api.w.org\/{rel}","templated":true}]}}