{"id":41156,"date":"2018-04-09T22:55:41","date_gmt":"2018-04-10T03:55:41","guid":{"rendered":"http:\/\/www.lospoliticosveracruz.com.mx\/?p=41156"},"modified":"2018-04-09T20:56:23","modified_gmt":"2018-04-10T01:56:23","slug":"hipolito-mudo-en-sus-100-dias","status":"publish","type":"post","link":"https:\/\/lospoliticosveracruz.com\/?p=41156","title":{"rendered":"Hip\u00f3lito, mudo en sus 100 d\u00edas"},"content":{"rendered":"<p><strong>Salvador Mu\u00f1oz<\/strong><\/p>\n<p><em>Los Pol\u00edticos<\/em><\/p>\n<p>&nbsp;<\/p>\n<p>&nbsp;<\/p>\n<p>A cien d\u00edas de Gobierno, creo que Hip\u00f3lito Rodr\u00edguez Herrero, alcalde de Xalapa, tiene mucho que decirle a los atenienses, pero no dir\u00e1 nada&#8230; y no porque ande preparando maletas para irse a Omaha, este 14 y 15 de abril, sino por una raz\u00f3n m\u00e1s simple que la s\u00fabita aparici\u00f3n de una mosca patona en la cocina de mi casa&#8230; pero, \u00bfde d\u00f3nde sale (la mosca s\u00ed s\u00e9 de d\u00f3nde sale) esa costumbre de hacer un corte de caja a los primeros cien d\u00edas de gobierno? Hay que agradecerle a Franklin Delano Roosevelt, y a su vez, a Napole\u00f3n Bonaparte, quien tras su escape de la isla de Elba y su entrada triunfante a Par\u00eds, en su ef\u00edmero regreso al poder, utiliz\u00f3 la frase \u201cCent-jours\u201d&#8230; hay quienes dicen que realmente fueron 111 d\u00edas, pero era m\u00e1s impactante para el pueblo el n\u00famero cerrado.<\/p>\n<p>\u00bfY Franklin?, bueno, al tomar las riendas de Estados Unidos sumergido en la crisis de 1929, traz\u00f3 una serie de medidas que en un plazo de cien d\u00edas, revirtieran la terrible situaci\u00f3n econ\u00f3mica que se viv\u00eda en el pa\u00eds, yendo de la mano con el Congreso y una intensa campa\u00f1a que eliminara la zozobra ciudadana, evitara el retiro del dinero en bancos y adem\u00e1s, recuperar la confianza del norteamericano. Le dec\u00edan que si su plan fallaba, ser\u00eda su fin como Presidente, a lo que \u00e9l respondi\u00f3 que si su plan fallaba, \u201cser\u00eda el \u00faltimo presidente\u201d. No fall\u00f3.<\/p>\n<p>Pues desde entonces, hay gobernantes que gustan hacer un corte de caja a los 100 d\u00edas de su administraci\u00f3n para dar a conocer los avances trazados en el Gobierno&#8230; pero como les dijimos l\u00edneas arriba, Hip\u00f3lito Rodr\u00edguez Herrero no dir\u00e1 nada&#8230;<\/p>\n<p>Y no porque&#8230; haya culpado al \u201cExcel\u201d por un error de 200 millones de pesos en el proyecto de egresos del municipio&#8230;<\/p>\n<p>Y no porque&#8230; haya preferido contratar personal de la Ciudad de M\u00e9xico por encima de los veracruzanos o xalape\u00f1os&#8230;<\/p>\n<p>Y no porque&#8230; haya decidido mandar a Puebla a capacitar a sus polic\u00edas municipales cuando ac\u00e1 tenemos academia&#8230;<\/p>\n<p>Y no porque&#8230; haya permitido que los defe\u00f1os hayan llegado como \u201cconquistadores\u201d (de la \u00e9poca de la Colonia, no de galanes) y trataron con la punta del pie a los empleados, remember Caso CMAS y Jorge Alberto Moctezuma, quien por cierto, ya no labora en tal.<\/p>\n<p>Y no porque&#8230; se le haya salido comentar lo de un presunto \u201casesino serial\u201d en el Santuario de las Garzas lo que le gener\u00f3 una cita para que declarara ante la Fiscal\u00eda General del Estado.<\/p>\n<p>Y no porque&#8230; se le haya ocurrido cerrar en alguna ocasi\u00f3n el acceso a los ciudadanos en Palacio Municipal, bajo el argumento de que los ediles \u201chab\u00edan sido amenazados\u201d&#8230;<\/p>\n<p>Y no porque&#8230; haya quejas de usuarios que se les haya disparado de manera desorbitada el pago en sus recibos de agua&#8230;<\/p>\n<p>Y no porque&#8230; los neveros se le hayan manifestado a la regidora Consuelo Ocampo por considerar que sus productos no cumplen los est\u00e1ndares de salud y todav\u00eda los haya pretendido denunciar por sabr\u00e1 Dios qu\u00e9 art\u00edculo del C\u00f3digo Penal.<\/p>\n<p>Y no porque&#8230; en plena sesi\u00f3n de cabildo, la CFE les haya cortado el suministro de energ\u00eda por \u201cfalta de pago\u201d.<\/p>\n<p>Y no porque&#8230; a\u00fan sigue sin quedar clara la renuncia del Subdirector de Cultura, Alejandro Schwartz Hern\u00e1ndez, y que tiene que ver con lo que ganaba y lo que ten\u00eda que declarar \u201cque ganaba\u201d.<\/p>\n<p>Y no porque&#8230; la regidora Luiza Ang\u00e9lica Bernal Vel\u00e1zquez lo haya acusado de \u201cinsolente, mis\u00f3gino y cobarde\u201d, al ser la edil una voz cr\u00edtica al interior del Ayuntamiento.<\/p>\n<p>Y no porque&#8230; se haya ido a Argentina a firmar un pacto Contra el Cambio Clim\u00e1tico, y a su regreso, le colgaron mantas&#8230; y ahora, est\u00e9 a punto de irse a Nebraska&#8230;<\/p>\n<p>No, el alcalde de Xalapa no tiene modo de hablar sobre sus 100 d\u00edas de Gobierno por una sencilla raz\u00f3n&#8230; su exposici\u00f3n ser\u00eda mal vista por las autoridades electorales y recibida con benepl\u00e1cito por los partidos de oposici\u00f3n a Morena&#8230; \u00a1hay veda electoral! Por eso Hip\u00f3lito no tiene qu\u00e9 decir en estos sus primeros 100 d\u00edas de Gobierno, como tampoco los 211 alcaldes restantes.<\/p>\n<ol>\n<li>La enorme mosca que apareci\u00f3 en mi casa estoy seguro que era parienta de la nube de otras que estaban en el contenedor de basura, pues hasta este lunes sumaba m\u00e1s de diez d\u00edas sin que el carro de Limpia P\u00fablica se apareciera por mi vecindad.<\/li>\n<\/ol>\n<p>smcainito@gmail.com<\/p>\n","protected":false},"excerpt":{"rendered":"<p>Salvador Mu\u00f1oz Los Pol\u00edticos &nbsp; &nbsp; A cien d\u00edas de Gobierno, creo que Hip\u00f3lito Rodr\u00edguez Herrero, alcalde de Xalapa, tiene mucho que decirle a los atenienses, pero no dir\u00e1 nada&#8230; y no porque ande preparando maletas para irse a Omaha, este 14 y 15 de abril, sino por una raz\u00f3n m\u00e1s simple que la s\u00fabita [&hellip;]<\/p>\n","protected":false},"author":2,"featured_media":0,"comment_status":"open","ping_status":"open","sticky":false,"template":"","format":"standard","meta":{"tdm_status":"","tdm_grid_status":"","footnotes":""},"categories":[70],"tags":[11398,7620,10893,3206],"class_list":{"0":"post-41156","1":"post","2":"type-post","3":"status-publish","4":"format-standard","6":"category-de-opinion","7":"tag-franklin-delano-roosvelt","8":"tag-hipolito-rodriguez-herrero","9":"tag-luiza-angelica-bernal-velazquez","10":"tag-napoleon-bonaparte"},"yoast_head":"<!-- This site is optimized with the Yoast SEO plugin v27.4 - https:\/\/yoast.com\/product\/yoast-seo-wordpress\/ -->\n<title>Hip\u00f3lito, mudo en sus 100 d\u00edas - Los pol\u00edticos Veracruz<\/title>\n<meta name=\"robots\" content=\"index, follow, max-snippet:-1, max-image-preview:large, max-video-preview:-1\" \/>\n<link rel=\"canonical\" href=\"https:\/\/lospoliticosveracruz.com\/?p=41156\" \/>\n<meta property=\"og:locale\" content=\"es_ES\" \/>\n<meta property=\"og:type\" content=\"article\" \/>\n<meta property=\"og:title\" content=\"Hip\u00f3lito, mudo en sus 100 d\u00edas - Los pol\u00edticos Veracruz\" \/>\n<meta property=\"og:description\" content=\"Salvador Mu\u00f1oz Los Pol\u00edticos &nbsp; &nbsp; A cien d\u00edas de Gobierno, creo que Hip\u00f3lito Rodr\u00edguez Herrero, alcalde de Xalapa, tiene mucho que decirle a los atenienses, pero no dir\u00e1 nada&#8230; y no porque ande preparando maletas para irse a Omaha, este 14 y 15 de abril, sino por una raz\u00f3n m\u00e1s simple que la s\u00fabita [&hellip;]\" \/>\n<meta property=\"og:url\" content=\"https:\/\/lospoliticosveracruz.com\/?p=41156\" \/>\n<meta property=\"og:site_name\" content=\"Los pol\u00edticos Veracruz\" \/>\n<meta property=\"article:publisher\" content=\"https:\/\/www.facebook.com\/people\/Notimemes-de-los-Polticos\/61565672886568\/\" \/>\n<meta property=\"article:published_time\" content=\"2018-04-10T03:55:41+00:00\" \/>\n<meta property=\"og:image\" content=\"https:\/\/lospoliticosveracruz.com\/wp-content\/uploads\/2016\/07\/Logo-Dor.jpg\" \/>\n\t<meta property=\"og:image:width\" content=\"200\" \/>\n\t<meta property=\"og:image:height\" content=\"200\" \/>\n\t<meta property=\"og:image:type\" content=\"image\/jpeg\" \/>\n<meta name=\"author\" content=\"Lo viste en Los Pol\u00edticos\" \/>\n<meta name=\"twitter:card\" content=\"summary_large_image\" \/>\n<meta name=\"twitter:creator\" content=\"@LosPoliticosVer\" \/>\n<meta name=\"twitter:site\" content=\"@LosPoliticosVer\" \/>\n<meta name=\"twitter:label1\" content=\"Escrito por\" \/>\n\t<meta name=\"twitter:data1\" content=\"Lo viste en Los Pol\u00edticos\" \/>\n\t<meta name=\"twitter:label2\" content=\"Tiempo de lectura\" \/>\n\t<meta name=\"twitter:data2\" content=\"4 minutos\" \/>\n<script type=\"application\/ld+json\" class=\"yoast-schema-graph\">{\"@context\":\"https:\\\/\\\/schema.org\",\"@graph\":[{\"@type\":\"Article\",\"@id\":\"https:\\\/\\\/lospoliticosveracruz.com\\\/?p=41156#article\",\"isPartOf\":{\"@id\":\"https:\\\/\\\/lospoliticosveracruz.com\\\/?p=41156\"},\"author\":{\"name\":\"Lo viste en Los Pol\u00edticos\",\"@id\":\"https:\\\/\\\/lospoliticosveracruz.com\\\/#\\\/schema\\\/person\\\/b8702bb0e538456e6efd07080bf2a4a2\"},\"headline\":\"Hip\u00f3lito, mudo en sus 100 d\u00edas\",\"datePublished\":\"2018-04-10T03:55:41+00:00\",\"mainEntityOfPage\":{\"@id\":\"https:\\\/\\\/lospoliticosveracruz.com\\\/?p=41156\"},\"wordCount\":808,\"commentCount\":0,\"publisher\":{\"@id\":\"https:\\\/\\\/lospoliticosveracruz.com\\\/#organization\"},\"keywords\":[\"Franklin Delano Roosvelt\",\"Hip\u00f3lito Rodr\u00edguez Herrero\",\"Luiza Ang\u00e9lica Bernal Vel\u00e1zquez\",\"Napole\u00f3n Bonaparte\"],\"articleSection\":[\"De Opini\u00f3n\"],\"inLanguage\":\"es\",\"potentialAction\":[{\"@type\":\"CommentAction\",\"name\":\"Comment\",\"target\":[\"https:\\\/\\\/lospoliticosveracruz.com\\\/?p=41156#respond\"]}]},{\"@type\":\"WebPage\",\"@id\":\"https:\\\/\\\/lospoliticosveracruz.com\\\/?p=41156\",\"url\":\"https:\\\/\\\/lospoliticosveracruz.com\\\/?p=41156\",\"name\":\"Hip\u00f3lito, mudo en sus 100 d\u00edas - Los pol\u00edticos Veracruz\",\"isPartOf\":{\"@id\":\"https:\\\/\\\/lospoliticosveracruz.com\\\/#website\"},\"datePublished\":\"2018-04-10T03:55:41+00:00\",\"breadcrumb\":{\"@id\":\"https:\\\/\\\/lospoliticosveracruz.com\\\/?p=41156#breadcrumb\"},\"inLanguage\":\"es\",\"potentialAction\":[{\"@type\":\"ReadAction\",\"target\":[\"https:\\\/\\\/lospoliticosveracruz.com\\\/?p=41156\"]}]},{\"@type\":\"BreadcrumbList\",\"@id\":\"https:\\\/\\\/lospoliticosveracruz.com\\\/?p=41156#breadcrumb\",\"itemListElement\":[{\"@type\":\"ListItem\",\"position\":1,\"name\":\"Portada\",\"item\":\"https:\\\/\\\/lospoliticosveracruz.com\\\/\"},{\"@type\":\"ListItem\",\"position\":2,\"name\":\"Hip\u00f3lito, mudo en sus 100 d\u00edas\"}]},{\"@type\":\"WebSite\",\"@id\":\"https:\\\/\\\/lospoliticosveracruz.com\\\/#website\",\"url\":\"https:\\\/\\\/lospoliticosveracruz.com\\\/\",\"name\":\"Los pol\u00edticos Veracruz\",\"description\":\"\",\"publisher\":{\"@id\":\"https:\\\/\\\/lospoliticosveracruz.com\\\/#organization\"},\"potentialAction\":[{\"@type\":\"SearchAction\",\"target\":{\"@type\":\"EntryPoint\",\"urlTemplate\":\"https:\\\/\\\/lospoliticosveracruz.com\\\/?s={search_term_string}\"},\"query-input\":{\"@type\":\"PropertyValueSpecification\",\"valueRequired\":true,\"valueName\":\"search_term_string\"}}],\"inLanguage\":\"es\"},{\"@type\":\"Organization\",\"@id\":\"https:\\\/\\\/lospoliticosveracruz.com\\\/#organization\",\"name\":\"Los pol\u00edticos Veracruz\",\"url\":\"https:\\\/\\\/lospoliticosveracruz.com\\\/\",\"logo\":{\"@type\":\"ImageObject\",\"inLanguage\":\"es\",\"@id\":\"https:\\\/\\\/lospoliticosveracruz.com\\\/#\\\/schema\\\/logo\\\/image\\\/\",\"url\":\"https:\\\/\\\/lospoliticosveracruz.com\\\/wp-content\\\/uploads\\\/2025\\\/12\\\/Logo-Nuevo-LOS-POLITICOS-1.jpg\",\"contentUrl\":\"https:\\\/\\\/lospoliticosveracruz.com\\\/wp-content\\\/uploads\\\/2025\\\/12\\\/Logo-Nuevo-LOS-POLITICOS-1.jpg\",\"width\":260,\"height\":70,\"caption\":\"Los pol\u00edticos Veracruz\"},\"image\":{\"@id\":\"https:\\\/\\\/lospoliticosveracruz.com\\\/#\\\/schema\\\/logo\\\/image\\\/\"},\"sameAs\":[\"https:\\\/\\\/www.facebook.com\\\/people\\\/Notimemes-de-los-Polticos\\\/61565672886568\\\/\",\"https:\\\/\\\/x.com\\\/LosPoliticosVer\"]},{\"@type\":\"Person\",\"@id\":\"https:\\\/\\\/lospoliticosveracruz.com\\\/#\\\/schema\\\/person\\\/b8702bb0e538456e6efd07080bf2a4a2\",\"name\":\"Lo viste en Los Pol\u00edticos\",\"image\":{\"@type\":\"ImageObject\",\"inLanguage\":\"es\",\"@id\":\"https:\\\/\\\/secure.gravatar.com\\\/avatar\\\/3a8de04a2656d44082be478bd6c086daa447c4651605818287b9532d3d0bd435?s=96&d=mm&r=g\",\"url\":\"https:\\\/\\\/secure.gravatar.com\\\/avatar\\\/3a8de04a2656d44082be478bd6c086daa447c4651605818287b9532d3d0bd435?s=96&d=mm&r=g\",\"contentUrl\":\"https:\\\/\\\/secure.gravatar.com\\\/avatar\\\/3a8de04a2656d44082be478bd6c086daa447c4651605818287b9532d3d0bd435?s=96&d=mm&r=g\",\"caption\":\"Lo viste en Los Pol\u00edticos\"},\"url\":\"https:\\\/\\\/lospoliticosveracruz.com\\\/?author=2\"}]}<\/script>\n<!-- \/ Yoast SEO plugin. -->","yoast_head_json":{"title":"Hip\u00f3lito, mudo en sus 100 d\u00edas - Los pol\u00edticos Veracruz","robots":{"index":"index","follow":"follow","max-snippet":"max-snippet:-1","max-image-preview":"max-image-preview:large","max-video-preview":"max-video-preview:-1"},"canonical":"https:\/\/lospoliticosveracruz.com\/?p=41156","og_locale":"es_ES","og_type":"article","og_title":"Hip\u00f3lito, mudo en sus 100 d\u00edas - Los pol\u00edticos Veracruz","og_description":"Salvador Mu\u00f1oz Los Pol\u00edticos &nbsp; &nbsp; A cien d\u00edas de Gobierno, creo que Hip\u00f3lito Rodr\u00edguez Herrero, alcalde de Xalapa, tiene mucho que decirle a los atenienses, pero no dir\u00e1 nada&#8230; y no porque ande preparando maletas para irse a Omaha, este 14 y 15 de abril, sino por una raz\u00f3n m\u00e1s simple que la s\u00fabita [&hellip;]","og_url":"https:\/\/lospoliticosveracruz.com\/?p=41156","og_site_name":"Los pol\u00edticos Veracruz","article_publisher":"https:\/\/www.facebook.com\/people\/Notimemes-de-los-Polticos\/61565672886568\/","article_published_time":"2018-04-10T03:55:41+00:00","og_image":[{"width":200,"height":200,"url":"https:\/\/lospoliticosveracruz.com\/wp-content\/uploads\/2016\/07\/Logo-Dor.jpg","type":"image\/jpeg"}],"author":"Lo viste en Los Pol\u00edticos","twitter_card":"summary_large_image","twitter_creator":"@LosPoliticosVer","twitter_site":"@LosPoliticosVer","twitter_misc":{"Escrito por":"Lo viste en Los Pol\u00edticos","Tiempo de lectura":"4 minutos"},"schema":{"@context":"https:\/\/schema.org","@graph":[{"@type":"Article","@id":"https:\/\/lospoliticosveracruz.com\/?p=41156#article","isPartOf":{"@id":"https:\/\/lospoliticosveracruz.com\/?p=41156"},"author":{"name":"Lo viste en Los Pol\u00edticos","@id":"https:\/\/lospoliticosveracruz.com\/#\/schema\/person\/b8702bb0e538456e6efd07080bf2a4a2"},"headline":"Hip\u00f3lito, mudo en sus 100 d\u00edas","datePublished":"2018-04-10T03:55:41+00:00","mainEntityOfPage":{"@id":"https:\/\/lospoliticosveracruz.com\/?p=41156"},"wordCount":808,"commentCount":0,"publisher":{"@id":"https:\/\/lospoliticosveracruz.com\/#organization"},"keywords":["Franklin Delano Roosvelt","Hip\u00f3lito Rodr\u00edguez Herrero","Luiza Ang\u00e9lica Bernal Vel\u00e1zquez","Napole\u00f3n Bonaparte"],"articleSection":["De Opini\u00f3n"],"inLanguage":"es","potentialAction":[{"@type":"CommentAction","name":"Comment","target":["https:\/\/lospoliticosveracruz.com\/?p=41156#respond"]}]},{"@type":"WebPage","@id":"https:\/\/lospoliticosveracruz.com\/?p=41156","url":"https:\/\/lospoliticosveracruz.com\/?p=41156","name":"Hip\u00f3lito, mudo en sus 100 d\u00edas - Los pol\u00edticos Veracruz","isPartOf":{"@id":"https:\/\/lospoliticosveracruz.com\/#website"},"datePublished":"2018-04-10T03:55:41+00:00","breadcrumb":{"@id":"https:\/\/lospoliticosveracruz.com\/?p=41156#breadcrumb"},"inLanguage":"es","potentialAction":[{"@type":"ReadAction","target":["https:\/\/lospoliticosveracruz.com\/?p=41156"]}]},{"@type":"BreadcrumbList","@id":"https:\/\/lospoliticosveracruz.com\/?p=41156#breadcrumb","itemListElement":[{"@type":"ListItem","position":1,"name":"Portada","item":"https:\/\/lospoliticosveracruz.com\/"},{"@type":"ListItem","position":2,"name":"Hip\u00f3lito, mudo en sus 100 d\u00edas"}]},{"@type":"WebSite","@id":"https:\/\/lospoliticosveracruz.com\/#website","url":"https:\/\/lospoliticosveracruz.com\/","name":"Los pol\u00edticos Veracruz","description":"","publisher":{"@id":"https:\/\/lospoliticosveracruz.com\/#organization"},"potentialAction":[{"@type":"SearchAction","target":{"@type":"EntryPoint","urlTemplate":"https:\/\/lospoliticosveracruz.com\/?s={search_term_string}"},"query-input":{"@type":"PropertyValueSpecification","valueRequired":true,"valueName":"search_term_string"}}],"inLanguage":"es"},{"@type":"Organization","@id":"https:\/\/lospoliticosveracruz.com\/#organization","name":"Los pol\u00edticos Veracruz","url":"https:\/\/lospoliticosveracruz.com\/","logo":{"@type":"ImageObject","inLanguage":"es","@id":"https:\/\/lospoliticosveracruz.com\/#\/schema\/logo\/image\/","url":"https:\/\/lospoliticosveracruz.com\/wp-content\/uploads\/2025\/12\/Logo-Nuevo-LOS-POLITICOS-1.jpg","contentUrl":"https:\/\/lospoliticosveracruz.com\/wp-content\/uploads\/2025\/12\/Logo-Nuevo-LOS-POLITICOS-1.jpg","width":260,"height":70,"caption":"Los pol\u00edticos Veracruz"},"image":{"@id":"https:\/\/lospoliticosveracruz.com\/#\/schema\/logo\/image\/"},"sameAs":["https:\/\/www.facebook.com\/people\/Notimemes-de-los-Polticos\/61565672886568\/","https:\/\/x.com\/LosPoliticosVer"]},{"@type":"Person","@id":"https:\/\/lospoliticosveracruz.com\/#\/schema\/person\/b8702bb0e538456e6efd07080bf2a4a2","name":"Lo viste en Los Pol\u00edticos","image":{"@type":"ImageObject","inLanguage":"es","@id":"https:\/\/secure.gravatar.com\/avatar\/3a8de04a2656d44082be478bd6c086daa447c4651605818287b9532d3d0bd435?s=96&d=mm&r=g","url":"https:\/\/secure.gravatar.com\/avatar\/3a8de04a2656d44082be478bd6c086daa447c4651605818287b9532d3d0bd435?s=96&d=mm&r=g","contentUrl":"https:\/\/secure.gravatar.com\/avatar\/3a8de04a2656d44082be478bd6c086daa447c4651605818287b9532d3d0bd435?s=96&d=mm&r=g","caption":"Lo viste en Los Pol\u00edticos"},"url":"https:\/\/lospoliticosveracruz.com\/?author=2"}]}},"_links":{"self":[{"href":"https:\/\/lospoliticosveracruz.com\/index.php?rest_route=\/wp\/v2\/posts\/41156","targetHints":{"allow":["GET"]}}],"collection":[{"href":"https:\/\/lospoliticosveracruz.com\/index.php?rest_route=\/wp\/v2\/posts"}],"about":[{"href":"https:\/\/lospoliticosveracruz.com\/index.php?rest_route=\/wp\/v2\/types\/post"}],"author":[{"embeddable":true,"href":"https:\/\/lospoliticosveracruz.com\/index.php?rest_route=\/wp\/v2\/users\/2"}],"replies":[{"embeddable":true,"href":"https:\/\/lospoliticosveracruz.com\/index.php?rest_route=%2Fwp%2Fv2%2Fcomments&post=41156"}],"version-history":[{"count":1,"href":"https:\/\/lospoliticosveracruz.com\/index.php?rest_route=\/wp\/v2\/posts\/41156\/revisions"}],"predecessor-version":[{"id":41157,"href":"https:\/\/lospoliticosveracruz.com\/index.php?rest_route=\/wp\/v2\/posts\/41156\/revisions\/41157"}],"wp:attachment":[{"href":"https:\/\/lospoliticosveracruz.com\/index.php?rest_route=%2Fwp%2Fv2%2Fmedia&parent=41156"}],"wp:term":[{"taxonomy":"category","embeddable":true,"href":"https:\/\/lospoliticosveracruz.com\/index.php?rest_route=%2Fwp%2Fv2%2Fcategories&post=41156"},{"taxonomy":"post_tag","embeddable":true,"href":"https:\/\/lospoliticosveracruz.com\/index.php?rest_route=%2Fwp%2Fv2%2Ftags&post=41156"}],"curies":[{"name":"wp","href":"https:\/\/api.w.org\/{rel}","templated":true}]}}