{"id":41468,"date":"2018-04-18T22:51:59","date_gmt":"2018-04-19T03:51:59","guid":{"rendered":"http:\/\/www.lospoliticosveracruz.com.mx\/?p=41468"},"modified":"2018-04-18T22:51:59","modified_gmt":"2018-04-19T03:51:59","slug":"sentimientos-del-voto","status":"publish","type":"post","link":"https:\/\/lospoliticosveracruz.com\/?p=41468","title":{"rendered":"Sentimientos del voto"},"content":{"rendered":"<p><strong>Salvador Mu\u00f1oz<\/strong><\/p>\n<p><em>Los Pol\u00edticos<\/em><\/p>\n<p>&nbsp;<\/p>\n<p>&nbsp;<\/p>\n<p>A estas alturas de las elecciones, donde de acuerdo a las encuestas, a nivel nacional ya tenemos un ganador, en la figura de Andr\u00e9s Manuel L\u00f3pez Obrador; a nivel local, el triunfador es Miguel \u00c1ngel Yunes M\u00e1rquez, lo \u00fanico claro que tengo es el sentido de mi voto y no tengo que escuchar propuestas o esperar debates&#8230; \u00bfpor qu\u00e9? a lo mejor porque inclino mi preferencia electoral como quiz\u00e1s lo haga la mayor\u00eda del votante: movido por un sentimiento y \u00e9ste, muy ajeno al \u201cme cae bien\u201d, \u201cest\u00e1 guapa\/o\u201d (remember EPN), \u201ccreo en \u00e9l\/ella\u201d&#8230; sino en los b\u00e1sicos de las teor\u00edas pol\u00edticas que la mayor\u00eda de los candidatos usan de manera consciente o no, sin saberlo o con conocimiento de causa: miedo, odio y esperanza.<\/p>\n<p>Donald Trump es quiz\u00e1s el ejemplo m\u00e1s reciente de ello, cuando gener\u00f3 en sus simpatizantes un enemigo com\u00fan al cual temer y odiar a la vez, para convertirse \u00e9l, en la esperanza de un estado americano sin migrantes (fueran legales o ilegales, el re-sentimiento perme\u00f3 a ambos).<\/p>\n<p>En su momento, bien valdr\u00eda la pena recordar el \u201cL\u00f3pez Obrador es un peligro para M\u00e9xico\u201d como a su vez, \u201cla mafia del poder\u201d que incitaba al rechazo a las instituciones en una sociedad que al menos, en lo que tengo uso de raz\u00f3n, siempre las ha odiado, s\u00f3lo que hoy, quiz\u00e1s por la diseminaci\u00f3n que se hace en las redes sociales y muchas veces, el anonimato que ellas permiten, es que hay m\u00e1s valientes que fustigan tanto a las autoridades como a los cr\u00edticos de sus l\u00edderes o mes\u00edas cuando hay quien pone el dedo en la llaga.<\/p>\n<p>El efecto del uso de estos tres elementos es tan bueno, que por eso, cuando un candidato nos habla de sus proyectos, planes de trabajo o ideas a largo o mediano plazo, no logran hacer qu\u00edmica con el ciudadano, a diferencia de si el candidato lleva en su discurso \u201cc\u00e1rcel a los corruptos del sistema\u201d, pues el deseo de justicia, revancha, castigo, se abraza con m\u00e1s facilidad. A Miguel \u00c1ngel Yunes Linares le funcion\u00f3. El asunto hoy es que los candidatos del Gobierno del Cambio traen un discurso de continuidad que no tiene ninguno de los elementos b\u00e1sicos que hagan hervir la sangre en la gente&#8230; hasta el momento. Pusimos en columnas anteriores, el ejemplo de Julen Rementer\u00eda, quien si bien, sus intenciones de caminos, carreteras y libramientos, entre otros, conllevan desarrollo, hacer ver al pol\u00edtico como un candidato \u201cNerd\u201d, \u201c\u00d1o\u00f1o\u201d&#8230; por su parte, Yazm\u00edn Copete Zapot ha entrado en un rollo del cuidado del medio ambiente, que si bien, es una propuesta buena, \u00a1nom\u00e1s no prende!<\/p>\n<p>No es el \u00fanico caso&#8230; ya que estamos con los candidatos al Senado, pues Juan Callejitas no canta mal las rancheras&#8230; en su arranque de campa\u00f1a propuso a sus \u201cadversarios, no enemigos pol\u00edticos\u201d, a preservar la civilidad y el respeto mutuo durante la campa\u00f1a, pues \u201clos veracruzanos quieren escuchar propuestas y soluciones a las problem\u00e1ticas sociales, no denostaciones ni ataques entre candidatos\u201d.<\/p>\n<p>Es seguro que s\u00ed, que s\u00ed haya alguno que otro veracruzano que diga: \u201cay, s\u00ed; no se digan cosas&#8230; mejor cuenten sus propuestas\u201d, pero estoy m\u00e1s seguro que lo que se espera es ver qui\u00e9n escupe primero, como cuando uno iba en la primaria.<\/p>\n<p>Mientras, Roc\u00edo Nahle nos confirma la regla en su banner de Facebook: Esperanza y justicia (venganza, revancha&#8230; odio). Dos de los elementos esenciales a la hora de despertar la pasi\u00f3n electoral.<\/p>\n<p>Habr\u00e1 que ver ahora que inicien las campa\u00f1as a Gobernador, cu\u00e1l ser\u00e1 el discurso de cada candidato, aunque en lo particular, me tendr\u00e1 sin cuidado, pues ya tengo definido por qui\u00e9n no he de votar&#8230;<\/p>\n<p>smcainito@gmail.com<\/p>\n<p>&nbsp;<\/p>\n","protected":false},"excerpt":{"rendered":"<p>Salvador Mu\u00f1oz Los Pol\u00edticos &nbsp; &nbsp; A estas alturas de las elecciones, donde de acuerdo a las encuestas, a nivel nacional ya tenemos un ganador, en la figura de Andr\u00e9s Manuel L\u00f3pez Obrador; a nivel local, el triunfador es Miguel \u00c1ngel Yunes M\u00e1rquez, lo \u00fanico claro que tengo es el sentido de mi voto y [&hellip;]<\/p>\n","protected":false},"author":2,"featured_media":0,"comment_status":"open","ping_status":"open","sticky":false,"template":"","format":"standard","meta":{"tdm_status":"","tdm_grid_status":"","footnotes":""},"categories":[70],"tags":[618,2846,11482,913,428,536,5951,5336],"class_list":{"0":"post-41468","1":"post","2":"type-post","3":"status-publish","4":"format-standard","6":"category-de-opinion","7":"tag-andres-manuel-lopez-obrador","8":"tag-donald-trump","9":"tag-esperanza","10":"tag-miedo","11":"tag-miguel-angel-yunes-linares","12":"tag-miguel-angel-yunes-marquez","13":"tag-odio","14":"tag-propuestas"},"yoast_head":"<!-- This site is optimized with the Yoast SEO plugin v27.4 - https:\/\/yoast.com\/product\/yoast-seo-wordpress\/ -->\n<title>Sentimientos del voto - Los pol\u00edticos Veracruz<\/title>\n<meta name=\"robots\" content=\"index, follow, max-snippet:-1, max-image-preview:large, max-video-preview:-1\" \/>\n<link rel=\"canonical\" href=\"https:\/\/lospoliticosveracruz.com\/?p=41468\" \/>\n<meta property=\"og:locale\" content=\"es_ES\" \/>\n<meta property=\"og:type\" content=\"article\" \/>\n<meta property=\"og:title\" content=\"Sentimientos del voto - Los pol\u00edticos Veracruz\" \/>\n<meta property=\"og:description\" content=\"Salvador Mu\u00f1oz Los Pol\u00edticos &nbsp; &nbsp; A estas alturas de las elecciones, donde de acuerdo a las encuestas, a nivel nacional ya tenemos un ganador, en la figura de Andr\u00e9s Manuel L\u00f3pez Obrador; a nivel local, el triunfador es Miguel \u00c1ngel Yunes M\u00e1rquez, lo \u00fanico claro que tengo es el sentido de mi voto y [&hellip;]\" \/>\n<meta property=\"og:url\" content=\"https:\/\/lospoliticosveracruz.com\/?p=41468\" \/>\n<meta property=\"og:site_name\" content=\"Los pol\u00edticos Veracruz\" \/>\n<meta property=\"article:publisher\" content=\"https:\/\/www.facebook.com\/people\/Notimemes-de-los-Polticos\/61565672886568\/\" \/>\n<meta property=\"article:published_time\" content=\"2018-04-19T03:51:59+00:00\" \/>\n<meta property=\"og:image\" content=\"https:\/\/lospoliticosveracruz.com\/wp-content\/uploads\/2016\/07\/Logo-Dor.jpg\" \/>\n\t<meta property=\"og:image:width\" content=\"200\" \/>\n\t<meta property=\"og:image:height\" content=\"200\" \/>\n\t<meta property=\"og:image:type\" content=\"image\/jpeg\" \/>\n<meta name=\"author\" content=\"Lo viste en Los Pol\u00edticos\" \/>\n<meta name=\"twitter:card\" content=\"summary_large_image\" \/>\n<meta name=\"twitter:creator\" content=\"@LosPoliticosVer\" \/>\n<meta name=\"twitter:site\" content=\"@LosPoliticosVer\" \/>\n<meta name=\"twitter:label1\" content=\"Escrito por\" \/>\n\t<meta name=\"twitter:data1\" content=\"Lo viste en Los Pol\u00edticos\" \/>\n\t<meta name=\"twitter:label2\" content=\"Tiempo de lectura\" \/>\n\t<meta name=\"twitter:data2\" content=\"3 minutos\" \/>\n<script type=\"application\/ld+json\" class=\"yoast-schema-graph\">{\"@context\":\"https:\\\/\\\/schema.org\",\"@graph\":[{\"@type\":\"Article\",\"@id\":\"https:\\\/\\\/lospoliticosveracruz.com\\\/?p=41468#article\",\"isPartOf\":{\"@id\":\"https:\\\/\\\/lospoliticosveracruz.com\\\/?p=41468\"},\"author\":{\"name\":\"Lo viste en Los Pol\u00edticos\",\"@id\":\"https:\\\/\\\/lospoliticosveracruz.com\\\/#\\\/schema\\\/person\\\/b8702bb0e538456e6efd07080bf2a4a2\"},\"headline\":\"Sentimientos del voto\",\"datePublished\":\"2018-04-19T03:51:59+00:00\",\"mainEntityOfPage\":{\"@id\":\"https:\\\/\\\/lospoliticosveracruz.com\\\/?p=41468\"},\"wordCount\":670,\"commentCount\":0,\"publisher\":{\"@id\":\"https:\\\/\\\/lospoliticosveracruz.com\\\/#organization\"},\"keywords\":[\"Andr\u00e9s Manuel L\u00f3pez Obrador\",\"Donald Trump\",\"esperanza\",\"miedo\",\"Miguel Angel Yunes Linares\",\"Miguel \u00c1ngel Yunes M\u00e1rquez\",\"Odio\",\"propuestas\"],\"articleSection\":[\"De Opini\u00f3n\"],\"inLanguage\":\"es\",\"potentialAction\":[{\"@type\":\"CommentAction\",\"name\":\"Comment\",\"target\":[\"https:\\\/\\\/lospoliticosveracruz.com\\\/?p=41468#respond\"]}]},{\"@type\":\"WebPage\",\"@id\":\"https:\\\/\\\/lospoliticosveracruz.com\\\/?p=41468\",\"url\":\"https:\\\/\\\/lospoliticosveracruz.com\\\/?p=41468\",\"name\":\"Sentimientos del voto - Los pol\u00edticos Veracruz\",\"isPartOf\":{\"@id\":\"https:\\\/\\\/lospoliticosveracruz.com\\\/#website\"},\"datePublished\":\"2018-04-19T03:51:59+00:00\",\"breadcrumb\":{\"@id\":\"https:\\\/\\\/lospoliticosveracruz.com\\\/?p=41468#breadcrumb\"},\"inLanguage\":\"es\",\"potentialAction\":[{\"@type\":\"ReadAction\",\"target\":[\"https:\\\/\\\/lospoliticosveracruz.com\\\/?p=41468\"]}]},{\"@type\":\"BreadcrumbList\",\"@id\":\"https:\\\/\\\/lospoliticosveracruz.com\\\/?p=41468#breadcrumb\",\"itemListElement\":[{\"@type\":\"ListItem\",\"position\":1,\"name\":\"Portada\",\"item\":\"https:\\\/\\\/lospoliticosveracruz.com\\\/\"},{\"@type\":\"ListItem\",\"position\":2,\"name\":\"Sentimientos del voto\"}]},{\"@type\":\"WebSite\",\"@id\":\"https:\\\/\\\/lospoliticosveracruz.com\\\/#website\",\"url\":\"https:\\\/\\\/lospoliticosveracruz.com\\\/\",\"name\":\"Los pol\u00edticos Veracruz\",\"description\":\"\",\"publisher\":{\"@id\":\"https:\\\/\\\/lospoliticosveracruz.com\\\/#organization\"},\"potentialAction\":[{\"@type\":\"SearchAction\",\"target\":{\"@type\":\"EntryPoint\",\"urlTemplate\":\"https:\\\/\\\/lospoliticosveracruz.com\\\/?s={search_term_string}\"},\"query-input\":{\"@type\":\"PropertyValueSpecification\",\"valueRequired\":true,\"valueName\":\"search_term_string\"}}],\"inLanguage\":\"es\"},{\"@type\":\"Organization\",\"@id\":\"https:\\\/\\\/lospoliticosveracruz.com\\\/#organization\",\"name\":\"Los pol\u00edticos Veracruz\",\"url\":\"https:\\\/\\\/lospoliticosveracruz.com\\\/\",\"logo\":{\"@type\":\"ImageObject\",\"inLanguage\":\"es\",\"@id\":\"https:\\\/\\\/lospoliticosveracruz.com\\\/#\\\/schema\\\/logo\\\/image\\\/\",\"url\":\"https:\\\/\\\/lospoliticosveracruz.com\\\/wp-content\\\/uploads\\\/2025\\\/12\\\/Logo-Nuevo-LOS-POLITICOS-1.jpg\",\"contentUrl\":\"https:\\\/\\\/lospoliticosveracruz.com\\\/wp-content\\\/uploads\\\/2025\\\/12\\\/Logo-Nuevo-LOS-POLITICOS-1.jpg\",\"width\":260,\"height\":70,\"caption\":\"Los pol\u00edticos Veracruz\"},\"image\":{\"@id\":\"https:\\\/\\\/lospoliticosveracruz.com\\\/#\\\/schema\\\/logo\\\/image\\\/\"},\"sameAs\":[\"https:\\\/\\\/www.facebook.com\\\/people\\\/Notimemes-de-los-Polticos\\\/61565672886568\\\/\",\"https:\\\/\\\/x.com\\\/LosPoliticosVer\"]},{\"@type\":\"Person\",\"@id\":\"https:\\\/\\\/lospoliticosveracruz.com\\\/#\\\/schema\\\/person\\\/b8702bb0e538456e6efd07080bf2a4a2\",\"name\":\"Lo viste en Los Pol\u00edticos\",\"image\":{\"@type\":\"ImageObject\",\"inLanguage\":\"es\",\"@id\":\"https:\\\/\\\/secure.gravatar.com\\\/avatar\\\/3a8de04a2656d44082be478bd6c086daa447c4651605818287b9532d3d0bd435?s=96&d=mm&r=g\",\"url\":\"https:\\\/\\\/secure.gravatar.com\\\/avatar\\\/3a8de04a2656d44082be478bd6c086daa447c4651605818287b9532d3d0bd435?s=96&d=mm&r=g\",\"contentUrl\":\"https:\\\/\\\/secure.gravatar.com\\\/avatar\\\/3a8de04a2656d44082be478bd6c086daa447c4651605818287b9532d3d0bd435?s=96&d=mm&r=g\",\"caption\":\"Lo viste en Los Pol\u00edticos\"},\"url\":\"https:\\\/\\\/lospoliticosveracruz.com\\\/?author=2\"}]}<\/script>\n<!-- \/ Yoast SEO plugin. -->","yoast_head_json":{"title":"Sentimientos del voto - Los pol\u00edticos Veracruz","robots":{"index":"index","follow":"follow","max-snippet":"max-snippet:-1","max-image-preview":"max-image-preview:large","max-video-preview":"max-video-preview:-1"},"canonical":"https:\/\/lospoliticosveracruz.com\/?p=41468","og_locale":"es_ES","og_type":"article","og_title":"Sentimientos del voto - Los pol\u00edticos Veracruz","og_description":"Salvador Mu\u00f1oz Los Pol\u00edticos &nbsp; &nbsp; A estas alturas de las elecciones, donde de acuerdo a las encuestas, a nivel nacional ya tenemos un ganador, en la figura de Andr\u00e9s Manuel L\u00f3pez Obrador; a nivel local, el triunfador es Miguel \u00c1ngel Yunes M\u00e1rquez, lo \u00fanico claro que tengo es el sentido de mi voto y [&hellip;]","og_url":"https:\/\/lospoliticosveracruz.com\/?p=41468","og_site_name":"Los pol\u00edticos Veracruz","article_publisher":"https:\/\/www.facebook.com\/people\/Notimemes-de-los-Polticos\/61565672886568\/","article_published_time":"2018-04-19T03:51:59+00:00","og_image":[{"width":200,"height":200,"url":"https:\/\/lospoliticosveracruz.com\/wp-content\/uploads\/2016\/07\/Logo-Dor.jpg","type":"image\/jpeg"}],"author":"Lo viste en Los Pol\u00edticos","twitter_card":"summary_large_image","twitter_creator":"@LosPoliticosVer","twitter_site":"@LosPoliticosVer","twitter_misc":{"Escrito por":"Lo viste en Los Pol\u00edticos","Tiempo de lectura":"3 minutos"},"schema":{"@context":"https:\/\/schema.org","@graph":[{"@type":"Article","@id":"https:\/\/lospoliticosveracruz.com\/?p=41468#article","isPartOf":{"@id":"https:\/\/lospoliticosveracruz.com\/?p=41468"},"author":{"name":"Lo viste en Los Pol\u00edticos","@id":"https:\/\/lospoliticosveracruz.com\/#\/schema\/person\/b8702bb0e538456e6efd07080bf2a4a2"},"headline":"Sentimientos del voto","datePublished":"2018-04-19T03:51:59+00:00","mainEntityOfPage":{"@id":"https:\/\/lospoliticosveracruz.com\/?p=41468"},"wordCount":670,"commentCount":0,"publisher":{"@id":"https:\/\/lospoliticosveracruz.com\/#organization"},"keywords":["Andr\u00e9s Manuel L\u00f3pez Obrador","Donald Trump","esperanza","miedo","Miguel Angel Yunes Linares","Miguel \u00c1ngel Yunes M\u00e1rquez","Odio","propuestas"],"articleSection":["De Opini\u00f3n"],"inLanguage":"es","potentialAction":[{"@type":"CommentAction","name":"Comment","target":["https:\/\/lospoliticosveracruz.com\/?p=41468#respond"]}]},{"@type":"WebPage","@id":"https:\/\/lospoliticosveracruz.com\/?p=41468","url":"https:\/\/lospoliticosveracruz.com\/?p=41468","name":"Sentimientos del voto - Los pol\u00edticos Veracruz","isPartOf":{"@id":"https:\/\/lospoliticosveracruz.com\/#website"},"datePublished":"2018-04-19T03:51:59+00:00","breadcrumb":{"@id":"https:\/\/lospoliticosveracruz.com\/?p=41468#breadcrumb"},"inLanguage":"es","potentialAction":[{"@type":"ReadAction","target":["https:\/\/lospoliticosveracruz.com\/?p=41468"]}]},{"@type":"BreadcrumbList","@id":"https:\/\/lospoliticosveracruz.com\/?p=41468#breadcrumb","itemListElement":[{"@type":"ListItem","position":1,"name":"Portada","item":"https:\/\/lospoliticosveracruz.com\/"},{"@type":"ListItem","position":2,"name":"Sentimientos del voto"}]},{"@type":"WebSite","@id":"https:\/\/lospoliticosveracruz.com\/#website","url":"https:\/\/lospoliticosveracruz.com\/","name":"Los pol\u00edticos Veracruz","description":"","publisher":{"@id":"https:\/\/lospoliticosveracruz.com\/#organization"},"potentialAction":[{"@type":"SearchAction","target":{"@type":"EntryPoint","urlTemplate":"https:\/\/lospoliticosveracruz.com\/?s={search_term_string}"},"query-input":{"@type":"PropertyValueSpecification","valueRequired":true,"valueName":"search_term_string"}}],"inLanguage":"es"},{"@type":"Organization","@id":"https:\/\/lospoliticosveracruz.com\/#organization","name":"Los pol\u00edticos Veracruz","url":"https:\/\/lospoliticosveracruz.com\/","logo":{"@type":"ImageObject","inLanguage":"es","@id":"https:\/\/lospoliticosveracruz.com\/#\/schema\/logo\/image\/","url":"https:\/\/lospoliticosveracruz.com\/wp-content\/uploads\/2025\/12\/Logo-Nuevo-LOS-POLITICOS-1.jpg","contentUrl":"https:\/\/lospoliticosveracruz.com\/wp-content\/uploads\/2025\/12\/Logo-Nuevo-LOS-POLITICOS-1.jpg","width":260,"height":70,"caption":"Los pol\u00edticos Veracruz"},"image":{"@id":"https:\/\/lospoliticosveracruz.com\/#\/schema\/logo\/image\/"},"sameAs":["https:\/\/www.facebook.com\/people\/Notimemes-de-los-Polticos\/61565672886568\/","https:\/\/x.com\/LosPoliticosVer"]},{"@type":"Person","@id":"https:\/\/lospoliticosveracruz.com\/#\/schema\/person\/b8702bb0e538456e6efd07080bf2a4a2","name":"Lo viste en Los Pol\u00edticos","image":{"@type":"ImageObject","inLanguage":"es","@id":"https:\/\/secure.gravatar.com\/avatar\/3a8de04a2656d44082be478bd6c086daa447c4651605818287b9532d3d0bd435?s=96&d=mm&r=g","url":"https:\/\/secure.gravatar.com\/avatar\/3a8de04a2656d44082be478bd6c086daa447c4651605818287b9532d3d0bd435?s=96&d=mm&r=g","contentUrl":"https:\/\/secure.gravatar.com\/avatar\/3a8de04a2656d44082be478bd6c086daa447c4651605818287b9532d3d0bd435?s=96&d=mm&r=g","caption":"Lo viste en Los Pol\u00edticos"},"url":"https:\/\/lospoliticosveracruz.com\/?author=2"}]}},"_links":{"self":[{"href":"https:\/\/lospoliticosveracruz.com\/index.php?rest_route=\/wp\/v2\/posts\/41468","targetHints":{"allow":["GET"]}}],"collection":[{"href":"https:\/\/lospoliticosveracruz.com\/index.php?rest_route=\/wp\/v2\/posts"}],"about":[{"href":"https:\/\/lospoliticosveracruz.com\/index.php?rest_route=\/wp\/v2\/types\/post"}],"author":[{"embeddable":true,"href":"https:\/\/lospoliticosveracruz.com\/index.php?rest_route=\/wp\/v2\/users\/2"}],"replies":[{"embeddable":true,"href":"https:\/\/lospoliticosveracruz.com\/index.php?rest_route=%2Fwp%2Fv2%2Fcomments&post=41468"}],"version-history":[{"count":1,"href":"https:\/\/lospoliticosveracruz.com\/index.php?rest_route=\/wp\/v2\/posts\/41468\/revisions"}],"predecessor-version":[{"id":41469,"href":"https:\/\/lospoliticosveracruz.com\/index.php?rest_route=\/wp\/v2\/posts\/41468\/revisions\/41469"}],"wp:attachment":[{"href":"https:\/\/lospoliticosveracruz.com\/index.php?rest_route=%2Fwp%2Fv2%2Fmedia&parent=41468"}],"wp:term":[{"taxonomy":"category","embeddable":true,"href":"https:\/\/lospoliticosveracruz.com\/index.php?rest_route=%2Fwp%2Fv2%2Fcategories&post=41468"},{"taxonomy":"post_tag","embeddable":true,"href":"https:\/\/lospoliticosveracruz.com\/index.php?rest_route=%2Fwp%2Fv2%2Ftags&post=41468"}],"curies":[{"name":"wp","href":"https:\/\/api.w.org\/{rel}","templated":true}]}}