{"id":41589,"date":"2018-04-25T23:09:31","date_gmt":"2018-04-26T04:09:31","guid":{"rendered":"http:\/\/www.lospoliticosveracruz.com.mx\/?p=41589"},"modified":"2018-04-25T23:09:31","modified_gmt":"2018-04-26T04:09:31","slug":"morena-mentiras-y-verdades-a-conveniencia","status":"publish","type":"post","link":"https:\/\/lospoliticosveracruz.com\/?p=41589","title":{"rendered":"Morena: Mentiras y verdades&#8230; a conveniencia"},"content":{"rendered":"<p><b>Salvador Mu\u00f1oz<\/b><\/p>\n<p><i>Los Pol\u00edticos<\/i><\/p>\n<p>&nbsp;<br \/>\nEn pol\u00edtica no hay mentiras, pero tampoco verdades&#8230; todo es conveniencias de papalote, de barrilete, de cometa, donde nuestros pol\u00edticos sueltan el hilo al gusto de sus intereses y a la sociedad nos queda s\u00f3lo una cosa: mirar c\u00f3mo nos rehiletean el papalote ante la expectativa de si caer\u00e1 o se mantendr\u00e1 en el aire&#8230; Comento esto por dos casos que ocurrieron en estos d\u00edas respecto a Andr\u00e9s Manuel L\u00f3pez Obrador y Ricardo Ahued&#8230; tambi\u00e9n les platicar\u00e9 el caso de Roc\u00edo Nahle, pero en otro apartado que aunque no lo parezca, tambi\u00e9n habla de la verdad y la mentira. Vayamos primero con el caso de Andr\u00e9s Manuel y sus dos \u201cdepas\u201d.<br \/>\nHe le\u00eddo la justificaci\u00f3n de los seguidores de L\u00f3pez Obrador diciendo que los departamentos son de inter\u00e9s social en aras de disminuir el hecho de que \u201cagarraron en la mentira\u201d al candidato a la presidencia de Morena, algo as\u00ed como una Ley de Hilaridad, por Hilario Ram\u00edrez Villanueva, ex alcalde de San Blas, quien confes\u00f3 haber robado \u201cpero poquito\u201d, como si ello disminuyera su delito.<br \/>\nEn el caso de L\u00f3pez Obrador se juzga un comportamiento meramente moral o \u00e9tico: neg\u00f3 ser propietario de unos departamentos y es m\u00e1s, todav\u00eda se atrevi\u00f3 a retar que si le comprobaban tal, le ced\u00eda los inmuebles a Jos\u00e9 Antonio Meade, quien lo exhibi\u00f3 como propietario de dos \u201cdepas\u201d. Sean de inter\u00e9s social o tipo Casita Blanca, el asunto es que no dijo la verdad.<br \/>\nEl problema no creo que sea el que haya ocultado la verdad L\u00f3pez Obrador&#8230; el problema real, considero, es tratar de entender el porqu\u00e9 se dej\u00f3 exhibir, cu\u00e1l era el fin real que persigue el puntero para permitir ser exhibido como un mentiroso&#8230; dijera Arjona, en pocas palabras: el problema no es la mentira, sino el porqu\u00e9 miente.<br \/>\nEl maestro \u00c1ngel Lara Platas se cuestiona: \u201c\u00bfValdr\u00e1 la pena colgar de un micr\u00f3fono el prestigio de persona honorable, as\u00ed sea por una Senadur\u00eda?\u201d<br \/>\nRecord\u00e9 que hace poco, en un debate entre el candidato a Senador Ricardo Ahued Bardahuil y el vocero del PAN, Jos\u00e9 Manuel \u201cel Chino\u201d Siu Vargas, el panista se\u00f1al\u00f3 al empresario de haber sido c\u00f3mplice de Javier Duarte por haberle aprobado la Cuenta P\u00fablica en todos sus a\u00f1os, mientras Ahued dec\u00eda que eso era imposible, pues nada m\u00e1s fue diputado por tres a\u00f1os. En conclusi\u00f3n: Ahued ten\u00eda raz\u00f3n, pero tambi\u00e9n Siu, al exhibir la Gaceta Oficial del Congreso donde da testimonio de que el candidato de Morena s\u00ed aprob\u00f3 al menos una cuenta p\u00fablica de Javier Duarte.<br \/>\nEs cuando recapitulo la pregunta del maestro Lara Platas: \u201c\u00bfValdr\u00e1 la pena colgar de un micr\u00f3fono el prestigio de persona honorable, as\u00ed sea por una Senadur\u00eda?\u201d<br \/>\nEl caso de Roc\u00edo Nahle que les quer\u00eda comentar, es el relativo a un video que circula donde alguien (no creo que sea un reportero o periodista) le pregunta a la candidata al Senado sobre su posici\u00f3n respecto a la demanda de unos padres de familia porque se abra una preparatoria en \u201cJuquiapa\u201d, municipio sacado de la manga del \u201centrevistador\u201d. Vamos: ficticio.<br \/>\nSi bien, Roc\u00edo Nahle responde que se ha de apoyar a todos los j\u00f3venes, el video pretende \u201cexhibir\u201d a la se\u00f1ora con el argumento de que, como es nativa de Zacatecas, no conoce los municipios de la entidad al no captar que \u201cJuquiapa\u201d es un \u201cMacondo\u201d. Si bien, se tratara de una broma, se entender\u00eda, pero la intenci\u00f3n aqu\u00ed, es clara: hacerla ver mal abusando de un micr\u00f3fono, la buena fe de la pol\u00edtica por atender a esta persona (que insisto: de seguro no es reportero o periodista) y la sorpresa, un elemento b\u00e1sico de los magos, ilusionistas y hasta estafadores. \u00bfQu\u00e9 diferencia hay el caso de Roc\u00edo Nahle y los de Ahued y AMLO? Uno muy simple: A Roc\u00edo la sorprenden con una mentira; a Ahued y AMLO con la verdad&#8230; mientras, a empinar su papalote.<br \/>\nsmcainito@gmail.com<\/p>\n","protected":false},"excerpt":{"rendered":"<p>Salvador Mu\u00f1oz Los Pol\u00edticos &nbsp; En pol\u00edtica no hay mentiras, pero tampoco verdades&#8230; todo es conveniencias de papalote, de barrilete, de cometa, donde nuestros pol\u00edticos sueltan el hilo al gusto de sus intereses y a la sociedad nos queda s\u00f3lo una cosa: mirar c\u00f3mo nos rehiletean el papalote ante la expectativa de si caer\u00e1 o [&hellip;]<\/p>\n","protected":false},"author":2,"featured_media":0,"comment_status":"open","ping_status":"open","sticky":false,"template":"","format":"standard","meta":{"tdm_status":"","tdm_grid_status":"","footnotes":""},"categories":[70],"tags":[876,3578],"class_list":{"0":"post-41589","1":"post","2":"type-post","3":"status-publish","4":"format-standard","6":"category-de-opinion","7":"tag-ricardo-ahued","8":"tag-rocio-nahle"},"yoast_head":"<!-- This site is optimized with the Yoast SEO plugin v27.4 - https:\/\/yoast.com\/product\/yoast-seo-wordpress\/ -->\n<title>Morena: Mentiras y verdades... a conveniencia - Los pol\u00edticos Veracruz<\/title>\n<meta name=\"robots\" content=\"index, follow, max-snippet:-1, max-image-preview:large, max-video-preview:-1\" \/>\n<link rel=\"canonical\" href=\"https:\/\/lospoliticosveracruz.com\/?p=41589\" \/>\n<meta property=\"og:locale\" content=\"es_ES\" \/>\n<meta property=\"og:type\" content=\"article\" \/>\n<meta property=\"og:title\" content=\"Morena: Mentiras y verdades... a conveniencia - Los pol\u00edticos Veracruz\" \/>\n<meta property=\"og:description\" content=\"Salvador Mu\u00f1oz Los Pol\u00edticos &nbsp; En pol\u00edtica no hay mentiras, pero tampoco verdades&#8230; todo es conveniencias de papalote, de barrilete, de cometa, donde nuestros pol\u00edticos sueltan el hilo al gusto de sus intereses y a la sociedad nos queda s\u00f3lo una cosa: mirar c\u00f3mo nos rehiletean el papalote ante la expectativa de si caer\u00e1 o [&hellip;]\" \/>\n<meta property=\"og:url\" content=\"https:\/\/lospoliticosveracruz.com\/?p=41589\" \/>\n<meta property=\"og:site_name\" content=\"Los pol\u00edticos Veracruz\" \/>\n<meta property=\"article:publisher\" content=\"https:\/\/www.facebook.com\/people\/Notimemes-de-los-Polticos\/61565672886568\/\" \/>\n<meta property=\"article:published_time\" content=\"2018-04-26T04:09:31+00:00\" \/>\n<meta property=\"og:image\" content=\"https:\/\/lospoliticosveracruz.com\/wp-content\/uploads\/2016\/07\/Logo-Dor.jpg\" \/>\n\t<meta property=\"og:image:width\" content=\"200\" \/>\n\t<meta property=\"og:image:height\" content=\"200\" \/>\n\t<meta property=\"og:image:type\" content=\"image\/jpeg\" \/>\n<meta name=\"author\" content=\"Lo viste en Los Pol\u00edticos\" \/>\n<meta name=\"twitter:card\" content=\"summary_large_image\" \/>\n<meta name=\"twitter:creator\" content=\"@LosPoliticosVer\" \/>\n<meta name=\"twitter:site\" content=\"@LosPoliticosVer\" \/>\n<meta name=\"twitter:label1\" content=\"Escrito por\" \/>\n\t<meta name=\"twitter:data1\" content=\"Lo viste en Los Pol\u00edticos\" \/>\n\t<meta name=\"twitter:label2\" content=\"Tiempo de lectura\" \/>\n\t<meta name=\"twitter:data2\" content=\"4 minutos\" \/>\n<script type=\"application\/ld+json\" class=\"yoast-schema-graph\">{\"@context\":\"https:\\\/\\\/schema.org\",\"@graph\":[{\"@type\":\"Article\",\"@id\":\"https:\\\/\\\/lospoliticosveracruz.com\\\/?p=41589#article\",\"isPartOf\":{\"@id\":\"https:\\\/\\\/lospoliticosveracruz.com\\\/?p=41589\"},\"author\":{\"name\":\"Lo viste en Los Pol\u00edticos\",\"@id\":\"https:\\\/\\\/lospoliticosveracruz.com\\\/#\\\/schema\\\/person\\\/b8702bb0e538456e6efd07080bf2a4a2\"},\"headline\":\"Morena: Mentiras y verdades&#8230; a conveniencia\",\"datePublished\":\"2018-04-26T04:09:31+00:00\",\"mainEntityOfPage\":{\"@id\":\"https:\\\/\\\/lospoliticosveracruz.com\\\/?p=41589\"},\"wordCount\":713,\"commentCount\":0,\"publisher\":{\"@id\":\"https:\\\/\\\/lospoliticosveracruz.com\\\/#organization\"},\"keywords\":[\"Ricardo Ahued\",\"Roc\u00edo Nahle\"],\"articleSection\":[\"De Opini\u00f3n\"],\"inLanguage\":\"es\",\"potentialAction\":[{\"@type\":\"CommentAction\",\"name\":\"Comment\",\"target\":[\"https:\\\/\\\/lospoliticosveracruz.com\\\/?p=41589#respond\"]}]},{\"@type\":\"WebPage\",\"@id\":\"https:\\\/\\\/lospoliticosveracruz.com\\\/?p=41589\",\"url\":\"https:\\\/\\\/lospoliticosveracruz.com\\\/?p=41589\",\"name\":\"Morena: Mentiras y verdades... a conveniencia - Los pol\u00edticos Veracruz\",\"isPartOf\":{\"@id\":\"https:\\\/\\\/lospoliticosveracruz.com\\\/#website\"},\"datePublished\":\"2018-04-26T04:09:31+00:00\",\"breadcrumb\":{\"@id\":\"https:\\\/\\\/lospoliticosveracruz.com\\\/?p=41589#breadcrumb\"},\"inLanguage\":\"es\",\"potentialAction\":[{\"@type\":\"ReadAction\",\"target\":[\"https:\\\/\\\/lospoliticosveracruz.com\\\/?p=41589\"]}]},{\"@type\":\"BreadcrumbList\",\"@id\":\"https:\\\/\\\/lospoliticosveracruz.com\\\/?p=41589#breadcrumb\",\"itemListElement\":[{\"@type\":\"ListItem\",\"position\":1,\"name\":\"Portada\",\"item\":\"https:\\\/\\\/lospoliticosveracruz.com\\\/\"},{\"@type\":\"ListItem\",\"position\":2,\"name\":\"Morena: Mentiras y verdades&#8230; a conveniencia\"}]},{\"@type\":\"WebSite\",\"@id\":\"https:\\\/\\\/lospoliticosveracruz.com\\\/#website\",\"url\":\"https:\\\/\\\/lospoliticosveracruz.com\\\/\",\"name\":\"Los pol\u00edticos Veracruz\",\"description\":\"\",\"publisher\":{\"@id\":\"https:\\\/\\\/lospoliticosveracruz.com\\\/#organization\"},\"potentialAction\":[{\"@type\":\"SearchAction\",\"target\":{\"@type\":\"EntryPoint\",\"urlTemplate\":\"https:\\\/\\\/lospoliticosveracruz.com\\\/?s={search_term_string}\"},\"query-input\":{\"@type\":\"PropertyValueSpecification\",\"valueRequired\":true,\"valueName\":\"search_term_string\"}}],\"inLanguage\":\"es\"},{\"@type\":\"Organization\",\"@id\":\"https:\\\/\\\/lospoliticosveracruz.com\\\/#organization\",\"name\":\"Los pol\u00edticos Veracruz\",\"url\":\"https:\\\/\\\/lospoliticosveracruz.com\\\/\",\"logo\":{\"@type\":\"ImageObject\",\"inLanguage\":\"es\",\"@id\":\"https:\\\/\\\/lospoliticosveracruz.com\\\/#\\\/schema\\\/logo\\\/image\\\/\",\"url\":\"https:\\\/\\\/lospoliticosveracruz.com\\\/wp-content\\\/uploads\\\/2025\\\/12\\\/Logo-Nuevo-LOS-POLITICOS-1.jpg\",\"contentUrl\":\"https:\\\/\\\/lospoliticosveracruz.com\\\/wp-content\\\/uploads\\\/2025\\\/12\\\/Logo-Nuevo-LOS-POLITICOS-1.jpg\",\"width\":260,\"height\":70,\"caption\":\"Los pol\u00edticos Veracruz\"},\"image\":{\"@id\":\"https:\\\/\\\/lospoliticosveracruz.com\\\/#\\\/schema\\\/logo\\\/image\\\/\"},\"sameAs\":[\"https:\\\/\\\/www.facebook.com\\\/people\\\/Notimemes-de-los-Polticos\\\/61565672886568\\\/\",\"https:\\\/\\\/x.com\\\/LosPoliticosVer\"]},{\"@type\":\"Person\",\"@id\":\"https:\\\/\\\/lospoliticosveracruz.com\\\/#\\\/schema\\\/person\\\/b8702bb0e538456e6efd07080bf2a4a2\",\"name\":\"Lo viste en Los Pol\u00edticos\",\"image\":{\"@type\":\"ImageObject\",\"inLanguage\":\"es\",\"@id\":\"https:\\\/\\\/secure.gravatar.com\\\/avatar\\\/3a8de04a2656d44082be478bd6c086daa447c4651605818287b9532d3d0bd435?s=96&d=mm&r=g\",\"url\":\"https:\\\/\\\/secure.gravatar.com\\\/avatar\\\/3a8de04a2656d44082be478bd6c086daa447c4651605818287b9532d3d0bd435?s=96&d=mm&r=g\",\"contentUrl\":\"https:\\\/\\\/secure.gravatar.com\\\/avatar\\\/3a8de04a2656d44082be478bd6c086daa447c4651605818287b9532d3d0bd435?s=96&d=mm&r=g\",\"caption\":\"Lo viste en Los Pol\u00edticos\"},\"url\":\"https:\\\/\\\/lospoliticosveracruz.com\\\/?author=2\"}]}<\/script>\n<!-- \/ Yoast SEO plugin. -->","yoast_head_json":{"title":"Morena: Mentiras y verdades... a conveniencia - Los pol\u00edticos Veracruz","robots":{"index":"index","follow":"follow","max-snippet":"max-snippet:-1","max-image-preview":"max-image-preview:large","max-video-preview":"max-video-preview:-1"},"canonical":"https:\/\/lospoliticosveracruz.com\/?p=41589","og_locale":"es_ES","og_type":"article","og_title":"Morena: Mentiras y verdades... a conveniencia - Los pol\u00edticos Veracruz","og_description":"Salvador Mu\u00f1oz Los Pol\u00edticos &nbsp; En pol\u00edtica no hay mentiras, pero tampoco verdades&#8230; todo es conveniencias de papalote, de barrilete, de cometa, donde nuestros pol\u00edticos sueltan el hilo al gusto de sus intereses y a la sociedad nos queda s\u00f3lo una cosa: mirar c\u00f3mo nos rehiletean el papalote ante la expectativa de si caer\u00e1 o [&hellip;]","og_url":"https:\/\/lospoliticosveracruz.com\/?p=41589","og_site_name":"Los pol\u00edticos Veracruz","article_publisher":"https:\/\/www.facebook.com\/people\/Notimemes-de-los-Polticos\/61565672886568\/","article_published_time":"2018-04-26T04:09:31+00:00","og_image":[{"width":200,"height":200,"url":"https:\/\/lospoliticosveracruz.com\/wp-content\/uploads\/2016\/07\/Logo-Dor.jpg","type":"image\/jpeg"}],"author":"Lo viste en Los Pol\u00edticos","twitter_card":"summary_large_image","twitter_creator":"@LosPoliticosVer","twitter_site":"@LosPoliticosVer","twitter_misc":{"Escrito por":"Lo viste en Los Pol\u00edticos","Tiempo de lectura":"4 minutos"},"schema":{"@context":"https:\/\/schema.org","@graph":[{"@type":"Article","@id":"https:\/\/lospoliticosveracruz.com\/?p=41589#article","isPartOf":{"@id":"https:\/\/lospoliticosveracruz.com\/?p=41589"},"author":{"name":"Lo viste en Los Pol\u00edticos","@id":"https:\/\/lospoliticosveracruz.com\/#\/schema\/person\/b8702bb0e538456e6efd07080bf2a4a2"},"headline":"Morena: Mentiras y verdades&#8230; a conveniencia","datePublished":"2018-04-26T04:09:31+00:00","mainEntityOfPage":{"@id":"https:\/\/lospoliticosveracruz.com\/?p=41589"},"wordCount":713,"commentCount":0,"publisher":{"@id":"https:\/\/lospoliticosveracruz.com\/#organization"},"keywords":["Ricardo Ahued","Roc\u00edo Nahle"],"articleSection":["De Opini\u00f3n"],"inLanguage":"es","potentialAction":[{"@type":"CommentAction","name":"Comment","target":["https:\/\/lospoliticosveracruz.com\/?p=41589#respond"]}]},{"@type":"WebPage","@id":"https:\/\/lospoliticosveracruz.com\/?p=41589","url":"https:\/\/lospoliticosveracruz.com\/?p=41589","name":"Morena: Mentiras y verdades... a conveniencia - Los pol\u00edticos Veracruz","isPartOf":{"@id":"https:\/\/lospoliticosveracruz.com\/#website"},"datePublished":"2018-04-26T04:09:31+00:00","breadcrumb":{"@id":"https:\/\/lospoliticosveracruz.com\/?p=41589#breadcrumb"},"inLanguage":"es","potentialAction":[{"@type":"ReadAction","target":["https:\/\/lospoliticosveracruz.com\/?p=41589"]}]},{"@type":"BreadcrumbList","@id":"https:\/\/lospoliticosveracruz.com\/?p=41589#breadcrumb","itemListElement":[{"@type":"ListItem","position":1,"name":"Portada","item":"https:\/\/lospoliticosveracruz.com\/"},{"@type":"ListItem","position":2,"name":"Morena: Mentiras y verdades&#8230; a conveniencia"}]},{"@type":"WebSite","@id":"https:\/\/lospoliticosveracruz.com\/#website","url":"https:\/\/lospoliticosveracruz.com\/","name":"Los pol\u00edticos Veracruz","description":"","publisher":{"@id":"https:\/\/lospoliticosveracruz.com\/#organization"},"potentialAction":[{"@type":"SearchAction","target":{"@type":"EntryPoint","urlTemplate":"https:\/\/lospoliticosveracruz.com\/?s={search_term_string}"},"query-input":{"@type":"PropertyValueSpecification","valueRequired":true,"valueName":"search_term_string"}}],"inLanguage":"es"},{"@type":"Organization","@id":"https:\/\/lospoliticosveracruz.com\/#organization","name":"Los pol\u00edticos Veracruz","url":"https:\/\/lospoliticosveracruz.com\/","logo":{"@type":"ImageObject","inLanguage":"es","@id":"https:\/\/lospoliticosveracruz.com\/#\/schema\/logo\/image\/","url":"https:\/\/lospoliticosveracruz.com\/wp-content\/uploads\/2025\/12\/Logo-Nuevo-LOS-POLITICOS-1.jpg","contentUrl":"https:\/\/lospoliticosveracruz.com\/wp-content\/uploads\/2025\/12\/Logo-Nuevo-LOS-POLITICOS-1.jpg","width":260,"height":70,"caption":"Los pol\u00edticos Veracruz"},"image":{"@id":"https:\/\/lospoliticosveracruz.com\/#\/schema\/logo\/image\/"},"sameAs":["https:\/\/www.facebook.com\/people\/Notimemes-de-los-Polticos\/61565672886568\/","https:\/\/x.com\/LosPoliticosVer"]},{"@type":"Person","@id":"https:\/\/lospoliticosveracruz.com\/#\/schema\/person\/b8702bb0e538456e6efd07080bf2a4a2","name":"Lo viste en Los Pol\u00edticos","image":{"@type":"ImageObject","inLanguage":"es","@id":"https:\/\/secure.gravatar.com\/avatar\/3a8de04a2656d44082be478bd6c086daa447c4651605818287b9532d3d0bd435?s=96&d=mm&r=g","url":"https:\/\/secure.gravatar.com\/avatar\/3a8de04a2656d44082be478bd6c086daa447c4651605818287b9532d3d0bd435?s=96&d=mm&r=g","contentUrl":"https:\/\/secure.gravatar.com\/avatar\/3a8de04a2656d44082be478bd6c086daa447c4651605818287b9532d3d0bd435?s=96&d=mm&r=g","caption":"Lo viste en Los Pol\u00edticos"},"url":"https:\/\/lospoliticosveracruz.com\/?author=2"}]}},"_links":{"self":[{"href":"https:\/\/lospoliticosveracruz.com\/index.php?rest_route=\/wp\/v2\/posts\/41589","targetHints":{"allow":["GET"]}}],"collection":[{"href":"https:\/\/lospoliticosveracruz.com\/index.php?rest_route=\/wp\/v2\/posts"}],"about":[{"href":"https:\/\/lospoliticosveracruz.com\/index.php?rest_route=\/wp\/v2\/types\/post"}],"author":[{"embeddable":true,"href":"https:\/\/lospoliticosveracruz.com\/index.php?rest_route=\/wp\/v2\/users\/2"}],"replies":[{"embeddable":true,"href":"https:\/\/lospoliticosveracruz.com\/index.php?rest_route=%2Fwp%2Fv2%2Fcomments&post=41589"}],"version-history":[{"count":2,"href":"https:\/\/lospoliticosveracruz.com\/index.php?rest_route=\/wp\/v2\/posts\/41589\/revisions"}],"predecessor-version":[{"id":41626,"href":"https:\/\/lospoliticosveracruz.com\/index.php?rest_route=\/wp\/v2\/posts\/41589\/revisions\/41626"}],"wp:attachment":[{"href":"https:\/\/lospoliticosveracruz.com\/index.php?rest_route=%2Fwp%2Fv2%2Fmedia&parent=41589"}],"wp:term":[{"taxonomy":"category","embeddable":true,"href":"https:\/\/lospoliticosveracruz.com\/index.php?rest_route=%2Fwp%2Fv2%2Fcategories&post=41589"},{"taxonomy":"post_tag","embeddable":true,"href":"https:\/\/lospoliticosveracruz.com\/index.php?rest_route=%2Fwp%2Fv2%2Ftags&post=41589"}],"curies":[{"name":"wp","href":"https:\/\/api.w.org\/{rel}","templated":true}]}}