{"id":41624,"date":"2018-04-25T22:59:11","date_gmt":"2018-04-26T03:59:11","guid":{"rendered":"http:\/\/www.lospoliticosveracruz.com.mx\/?p=41624"},"modified":"2018-04-25T22:59:11","modified_gmt":"2018-04-26T03:59:11","slug":"el-sat-y-los-pensionados","status":"publish","type":"post","link":"https:\/\/lospoliticosveracruz.com\/?p=41624","title":{"rendered":"El SAT y los pensionados"},"content":{"rendered":"<p><b>Brenda Caballero<\/b><\/p>\n<p><i>N\u00fameros Rojos<\/i><\/p>\n<p>&nbsp;<\/p>\n<p>&nbsp;<\/p>\n<p>\u00a1Y los contribuyentes respiramos! El Servicio de Administraci\u00f3n Tributaria \u00a0bs y extendi\u00f3 su plazo para presentar la declaraci\u00f3n anual <span style=\"color: #008080;\"><a style=\"color: #008080;\" href=\"x-apple-data-detectors:\/\/1\">hasta el 15 de mayo<\/a><\/span>. As\u00ed lo manifest\u00f3 en su comunicado de prensa <span style=\"color: #008080;\"><a style=\"color: #008080;\" href=\"tel:029\/2018\">029\/2018<\/a><\/span> del 25 de abril de 2018.<\/p>\n<p>El SAT refiere que \u201cderivado de las inconsistencias encontradas en el llenado de los comprobantes de n\u00f3mina y en atenci\u00f3n al inter\u00e9s de cumplir por parte de los contribuyentes\u201d, ampl\u00eda su plazo para que las personas f\u00edsicas presenten su declaraci\u00f3n anual 2017.<\/p>\n<p>Entre las razones que da el SAT, es que los patrones han capturado mal los comprobantes de n\u00f3mina y que algunos proveedores de servicios de facturaci\u00f3n han tenido errores. Incluso refiere que algunas aseguradoras y afores no mandaron la informaci\u00f3n de sus clientes antes del mes de abril.<\/p>\n<p>La verdad es que ha sido bastante tedioso presentar la declaraci\u00f3n. En lo particular, he pasado varias veces m\u00e1s de una hora en l\u00ednea con un asesor mediante el chat, el cual me ha comunicado con otros dos y sin resolverme nada.<\/p>\n<p>La vez anterior que escrib\u00eda sobre la declaraci\u00f3n, alguien me sugiri\u00f3 que dejara \u201cese tema\u201d para los contadores. Es verdad, son los profesionales en la materia, sin embargo, nada me cuesta compartirle dos de mis experiencias y ahorrarle mucho tiempo en l\u00ednea con un asesor del SAT.<\/p>\n<p>&#8211; Si en su declaraci\u00f3n anual no le aparecen los ingresos ni la base gravable en la pesta\u00f1a de determinaci\u00f3n, deber\u00e1 eliminar el ingreso cargado, para agregarlo manual. Pero no olvide que despu\u00e9s de eliminarlo debe darle inmediatamente guardar, eso es primordial para que aparezca. Este problema lo tienen todos los jubilados a los que les timbr\u00f3 el Instituto de Pensiones del Estado.<\/p>\n<p>&#8211; Si en su declaraci\u00f3n usted incluy\u00f3 la deducci\u00f3n del seguro por gastos m\u00e9dicos, el SAT lo est\u00e1 rechazando de acuerdo al criterio normativo 55\/ISR\/N incluido en la Cuarta Secci\u00f3n de la Resoluci\u00f3n Miscel\u00e1nea publicada el viernes 29 de diciembre de 2017 que dice \u201cque el art\u00edculo 151, fracciones I y VI de la ley del ISR establece como deducciones personales los pagos por honorarios m\u00e9dicos, dentales, por servicios profesionales en materia de psicolog\u00eda y nutrici\u00f3n, prestados por personas con t\u00edtulo profesional, legalmente expedido y registrado por las autoridades educativas competentes, as\u00ed como los gastos hospitalarios y las primas de gastos m\u00e9dicos. En el contrato de seguro, la compa\u00f1\u00eda aseguradora se obliga mediante una prima a resarcir un da\u00f1o o a pagar una suma de dinero; asimismo el contratante del seguro est\u00e1 obligado a pagar el deducible estipulado en dicho contrato de conformidad con lo dispuesto por los art\u00edculos 1 y 86 de la Ley Sobre el Contrato de Seguro.<\/p>\n<p>Por lo tanto, el pago del deducible del seguro de gastos m\u00e9dicos, no es un gasto m\u00e9dico, ni es una prima por concepto de dicho seguro, en virtud de que son erogaciones realizadas como una contraprestaci\u00f3n de los servicios otorgados por la compa\u00f1\u00eda aseguradora de conformidad con la ley sobre el contrato de Seguro y por ello no podr\u00e1n considerarse como una deducci\u00f3n personal para efectos del ISR.\u201d<\/p>\n<p>Estos puntos son cortes\u00eda de su servidora y no le generan honorarios.<\/p>\n<p><strong>\u00a0<\/strong><\/p>\n<p><strong>\u00bfQu\u00e9 pasa en el IPE?<\/strong><\/p>\n<p>El d\u00eda 24 de abril, el profesor Mario Hern\u00e1ndez S\u00e1nchez, Secretario General de la Secci\u00f3n 56 del SNTE, dirigi\u00f3 un oficio al director del IPE, \u00a0Hilario Barcelata Ch\u00e1vez donde se\u00f1ala: \u201cLa representaci\u00f3n sindical que suscribe, tiene conocimiento que nuestros compa\u00f1eros jubilados y pensionados, agremiados a esta secci\u00f3n (56) han tenido complicaciones para presentar su declaraci\u00f3n anual 2017, derivado de inconsistencias por parte de ese Instituto (IPE) al proporcionar al SAT los datos precargados de los comprobantes fiscales digitales correspondientes a los recibos de pagos mensuales, de los cuales incluso, se les dejaron de entregar a los interesados las facturas timbradas de algunos meses del a\u00f1o que antecede, lo que les ha generado distorsiones en la determinaci\u00f3n final de los impuestos por cubrir o en sus saldos a favor\u201d, por lo que solicit\u00f3 se les informe las acciones y medidas correctivas para subsanar el problema que sus agremiados enfrentan con el SAT.<\/p>\n<p>\u00bfSer\u00e1 que retorn\u00f3 el fantasma del ISR como aquel mes de diciembre en que no enteraron dicho impuesto al SAT y les lleg\u00f3 tremenda multa?<\/p>\n<p>&nbsp;<\/p>\n<p><span style=\"color: #008080;\"><a style=\"color: #008080;\" href=\"mailto:caballero_brenda@hotmail.com\">caballero_brenda@hotmail.com<\/a><\/span><\/p>\n<p>@NumerosRojos_BC<\/p>\n<p>&nbsp;<\/p>\n","protected":false},"excerpt":{"rendered":"<p>Brenda Caballero N\u00fameros Rojos &nbsp; &nbsp; \u00a1Y los contribuyentes respiramos! El Servicio de Administraci\u00f3n Tributaria \u00a0bs y extendi\u00f3 su plazo para presentar la declaraci\u00f3n anual hasta el 15 de mayo. As\u00ed lo manifest\u00f3 en su comunicado de prensa 029\/2018 del 25 de abril de 2018. El SAT refiere que \u201cderivado de las inconsistencias encontradas en [&hellip;]<\/p>\n","protected":false},"author":2,"featured_media":0,"comment_status":"open","ping_status":"open","sticky":false,"template":"","format":"standard","meta":{"tdm_status":"","tdm_grid_status":"","footnotes":""},"categories":[70],"tags":[],"class_list":{"0":"post-41624","1":"post","2":"type-post","3":"status-publish","4":"format-standard","6":"category-de-opinion"},"yoast_head":"<!-- This site is optimized with the Yoast SEO plugin v27.4 - https:\/\/yoast.com\/product\/yoast-seo-wordpress\/ -->\n<title>El SAT y los pensionados - Los pol\u00edticos Veracruz<\/title>\n<meta name=\"robots\" content=\"index, follow, max-snippet:-1, max-image-preview:large, max-video-preview:-1\" \/>\n<link rel=\"canonical\" href=\"https:\/\/lospoliticosveracruz.com\/?p=41624\" \/>\n<meta property=\"og:locale\" content=\"es_ES\" \/>\n<meta property=\"og:type\" content=\"article\" \/>\n<meta property=\"og:title\" content=\"El SAT y los pensionados - Los pol\u00edticos Veracruz\" \/>\n<meta property=\"og:description\" content=\"Brenda Caballero N\u00fameros Rojos &nbsp; &nbsp; \u00a1Y los contribuyentes respiramos! El Servicio de Administraci\u00f3n Tributaria \u00a0bs y extendi\u00f3 su plazo para presentar la declaraci\u00f3n anual hasta el 15 de mayo. As\u00ed lo manifest\u00f3 en su comunicado de prensa 029\/2018 del 25 de abril de 2018. El SAT refiere que \u201cderivado de las inconsistencias encontradas en [&hellip;]\" \/>\n<meta property=\"og:url\" content=\"https:\/\/lospoliticosveracruz.com\/?p=41624\" \/>\n<meta property=\"og:site_name\" content=\"Los pol\u00edticos Veracruz\" \/>\n<meta property=\"article:publisher\" content=\"https:\/\/www.facebook.com\/people\/Notimemes-de-los-Polticos\/61565672886568\/\" \/>\n<meta property=\"article:published_time\" content=\"2018-04-26T03:59:11+00:00\" \/>\n<meta property=\"og:image\" content=\"https:\/\/lospoliticosveracruz.com\/wp-content\/uploads\/2016\/07\/Logo-Dor.jpg\" \/>\n\t<meta property=\"og:image:width\" content=\"200\" \/>\n\t<meta property=\"og:image:height\" content=\"200\" \/>\n\t<meta property=\"og:image:type\" content=\"image\/jpeg\" \/>\n<meta name=\"author\" content=\"Lo viste en Los Pol\u00edticos\" \/>\n<meta name=\"twitter:card\" content=\"summary_large_image\" \/>\n<meta name=\"twitter:creator\" content=\"@LosPoliticosVer\" \/>\n<meta name=\"twitter:site\" content=\"@LosPoliticosVer\" \/>\n<meta name=\"twitter:label1\" content=\"Escrito por\" \/>\n\t<meta name=\"twitter:data1\" content=\"Lo viste en Los Pol\u00edticos\" \/>\n\t<meta name=\"twitter:label2\" content=\"Tiempo de lectura\" \/>\n\t<meta name=\"twitter:data2\" content=\"4 minutos\" \/>\n<script type=\"application\/ld+json\" class=\"yoast-schema-graph\">{\"@context\":\"https:\\\/\\\/schema.org\",\"@graph\":[{\"@type\":\"Article\",\"@id\":\"https:\\\/\\\/lospoliticosveracruz.com\\\/?p=41624#article\",\"isPartOf\":{\"@id\":\"https:\\\/\\\/lospoliticosveracruz.com\\\/?p=41624\"},\"author\":{\"name\":\"Lo viste en Los Pol\u00edticos\",\"@id\":\"https:\\\/\\\/lospoliticosveracruz.com\\\/#\\\/schema\\\/person\\\/b8702bb0e538456e6efd07080bf2a4a2\"},\"headline\":\"El SAT y los pensionados\",\"datePublished\":\"2018-04-26T03:59:11+00:00\",\"mainEntityOfPage\":{\"@id\":\"https:\\\/\\\/lospoliticosveracruz.com\\\/?p=41624\"},\"wordCount\":764,\"commentCount\":0,\"publisher\":{\"@id\":\"https:\\\/\\\/lospoliticosveracruz.com\\\/#organization\"},\"articleSection\":[\"De Opini\u00f3n\"],\"inLanguage\":\"es\",\"potentialAction\":[{\"@type\":\"CommentAction\",\"name\":\"Comment\",\"target\":[\"https:\\\/\\\/lospoliticosveracruz.com\\\/?p=41624#respond\"]}]},{\"@type\":\"WebPage\",\"@id\":\"https:\\\/\\\/lospoliticosveracruz.com\\\/?p=41624\",\"url\":\"https:\\\/\\\/lospoliticosveracruz.com\\\/?p=41624\",\"name\":\"El SAT y los pensionados - Los pol\u00edticos Veracruz\",\"isPartOf\":{\"@id\":\"https:\\\/\\\/lospoliticosveracruz.com\\\/#website\"},\"datePublished\":\"2018-04-26T03:59:11+00:00\",\"breadcrumb\":{\"@id\":\"https:\\\/\\\/lospoliticosveracruz.com\\\/?p=41624#breadcrumb\"},\"inLanguage\":\"es\",\"potentialAction\":[{\"@type\":\"ReadAction\",\"target\":[\"https:\\\/\\\/lospoliticosveracruz.com\\\/?p=41624\"]}]},{\"@type\":\"BreadcrumbList\",\"@id\":\"https:\\\/\\\/lospoliticosveracruz.com\\\/?p=41624#breadcrumb\",\"itemListElement\":[{\"@type\":\"ListItem\",\"position\":1,\"name\":\"Portada\",\"item\":\"https:\\\/\\\/lospoliticosveracruz.com\\\/\"},{\"@type\":\"ListItem\",\"position\":2,\"name\":\"El SAT y los pensionados\"}]},{\"@type\":\"WebSite\",\"@id\":\"https:\\\/\\\/lospoliticosveracruz.com\\\/#website\",\"url\":\"https:\\\/\\\/lospoliticosveracruz.com\\\/\",\"name\":\"Los pol\u00edticos Veracruz\",\"description\":\"\",\"publisher\":{\"@id\":\"https:\\\/\\\/lospoliticosveracruz.com\\\/#organization\"},\"potentialAction\":[{\"@type\":\"SearchAction\",\"target\":{\"@type\":\"EntryPoint\",\"urlTemplate\":\"https:\\\/\\\/lospoliticosveracruz.com\\\/?s={search_term_string}\"},\"query-input\":{\"@type\":\"PropertyValueSpecification\",\"valueRequired\":true,\"valueName\":\"search_term_string\"}}],\"inLanguage\":\"es\"},{\"@type\":\"Organization\",\"@id\":\"https:\\\/\\\/lospoliticosveracruz.com\\\/#organization\",\"name\":\"Los pol\u00edticos Veracruz\",\"url\":\"https:\\\/\\\/lospoliticosveracruz.com\\\/\",\"logo\":{\"@type\":\"ImageObject\",\"inLanguage\":\"es\",\"@id\":\"https:\\\/\\\/lospoliticosveracruz.com\\\/#\\\/schema\\\/logo\\\/image\\\/\",\"url\":\"https:\\\/\\\/lospoliticosveracruz.com\\\/wp-content\\\/uploads\\\/2025\\\/12\\\/Logo-Nuevo-LOS-POLITICOS-1.jpg\",\"contentUrl\":\"https:\\\/\\\/lospoliticosveracruz.com\\\/wp-content\\\/uploads\\\/2025\\\/12\\\/Logo-Nuevo-LOS-POLITICOS-1.jpg\",\"width\":260,\"height\":70,\"caption\":\"Los pol\u00edticos Veracruz\"},\"image\":{\"@id\":\"https:\\\/\\\/lospoliticosveracruz.com\\\/#\\\/schema\\\/logo\\\/image\\\/\"},\"sameAs\":[\"https:\\\/\\\/www.facebook.com\\\/people\\\/Notimemes-de-los-Polticos\\\/61565672886568\\\/\",\"https:\\\/\\\/x.com\\\/LosPoliticosVer\"]},{\"@type\":\"Person\",\"@id\":\"https:\\\/\\\/lospoliticosveracruz.com\\\/#\\\/schema\\\/person\\\/b8702bb0e538456e6efd07080bf2a4a2\",\"name\":\"Lo viste en Los Pol\u00edticos\",\"image\":{\"@type\":\"ImageObject\",\"inLanguage\":\"es\",\"@id\":\"https:\\\/\\\/secure.gravatar.com\\\/avatar\\\/3a8de04a2656d44082be478bd6c086daa447c4651605818287b9532d3d0bd435?s=96&d=mm&r=g\",\"url\":\"https:\\\/\\\/secure.gravatar.com\\\/avatar\\\/3a8de04a2656d44082be478bd6c086daa447c4651605818287b9532d3d0bd435?s=96&d=mm&r=g\",\"contentUrl\":\"https:\\\/\\\/secure.gravatar.com\\\/avatar\\\/3a8de04a2656d44082be478bd6c086daa447c4651605818287b9532d3d0bd435?s=96&d=mm&r=g\",\"caption\":\"Lo viste en Los Pol\u00edticos\"},\"url\":\"https:\\\/\\\/lospoliticosveracruz.com\\\/?author=2\"}]}<\/script>\n<!-- \/ Yoast SEO plugin. -->","yoast_head_json":{"title":"El SAT y los pensionados - Los pol\u00edticos Veracruz","robots":{"index":"index","follow":"follow","max-snippet":"max-snippet:-1","max-image-preview":"max-image-preview:large","max-video-preview":"max-video-preview:-1"},"canonical":"https:\/\/lospoliticosveracruz.com\/?p=41624","og_locale":"es_ES","og_type":"article","og_title":"El SAT y los pensionados - Los pol\u00edticos Veracruz","og_description":"Brenda Caballero N\u00fameros Rojos &nbsp; &nbsp; \u00a1Y los contribuyentes respiramos! El Servicio de Administraci\u00f3n Tributaria \u00a0bs y extendi\u00f3 su plazo para presentar la declaraci\u00f3n anual hasta el 15 de mayo. As\u00ed lo manifest\u00f3 en su comunicado de prensa 029\/2018 del 25 de abril de 2018. El SAT refiere que \u201cderivado de las inconsistencias encontradas en [&hellip;]","og_url":"https:\/\/lospoliticosveracruz.com\/?p=41624","og_site_name":"Los pol\u00edticos Veracruz","article_publisher":"https:\/\/www.facebook.com\/people\/Notimemes-de-los-Polticos\/61565672886568\/","article_published_time":"2018-04-26T03:59:11+00:00","og_image":[{"width":200,"height":200,"url":"https:\/\/lospoliticosveracruz.com\/wp-content\/uploads\/2016\/07\/Logo-Dor.jpg","type":"image\/jpeg"}],"author":"Lo viste en Los Pol\u00edticos","twitter_card":"summary_large_image","twitter_creator":"@LosPoliticosVer","twitter_site":"@LosPoliticosVer","twitter_misc":{"Escrito por":"Lo viste en Los Pol\u00edticos","Tiempo de lectura":"4 minutos"},"schema":{"@context":"https:\/\/schema.org","@graph":[{"@type":"Article","@id":"https:\/\/lospoliticosveracruz.com\/?p=41624#article","isPartOf":{"@id":"https:\/\/lospoliticosveracruz.com\/?p=41624"},"author":{"name":"Lo viste en Los Pol\u00edticos","@id":"https:\/\/lospoliticosveracruz.com\/#\/schema\/person\/b8702bb0e538456e6efd07080bf2a4a2"},"headline":"El SAT y los pensionados","datePublished":"2018-04-26T03:59:11+00:00","mainEntityOfPage":{"@id":"https:\/\/lospoliticosveracruz.com\/?p=41624"},"wordCount":764,"commentCount":0,"publisher":{"@id":"https:\/\/lospoliticosveracruz.com\/#organization"},"articleSection":["De Opini\u00f3n"],"inLanguage":"es","potentialAction":[{"@type":"CommentAction","name":"Comment","target":["https:\/\/lospoliticosveracruz.com\/?p=41624#respond"]}]},{"@type":"WebPage","@id":"https:\/\/lospoliticosveracruz.com\/?p=41624","url":"https:\/\/lospoliticosveracruz.com\/?p=41624","name":"El SAT y los pensionados - Los pol\u00edticos Veracruz","isPartOf":{"@id":"https:\/\/lospoliticosveracruz.com\/#website"},"datePublished":"2018-04-26T03:59:11+00:00","breadcrumb":{"@id":"https:\/\/lospoliticosveracruz.com\/?p=41624#breadcrumb"},"inLanguage":"es","potentialAction":[{"@type":"ReadAction","target":["https:\/\/lospoliticosveracruz.com\/?p=41624"]}]},{"@type":"BreadcrumbList","@id":"https:\/\/lospoliticosveracruz.com\/?p=41624#breadcrumb","itemListElement":[{"@type":"ListItem","position":1,"name":"Portada","item":"https:\/\/lospoliticosveracruz.com\/"},{"@type":"ListItem","position":2,"name":"El SAT y los pensionados"}]},{"@type":"WebSite","@id":"https:\/\/lospoliticosveracruz.com\/#website","url":"https:\/\/lospoliticosveracruz.com\/","name":"Los pol\u00edticos Veracruz","description":"","publisher":{"@id":"https:\/\/lospoliticosveracruz.com\/#organization"},"potentialAction":[{"@type":"SearchAction","target":{"@type":"EntryPoint","urlTemplate":"https:\/\/lospoliticosveracruz.com\/?s={search_term_string}"},"query-input":{"@type":"PropertyValueSpecification","valueRequired":true,"valueName":"search_term_string"}}],"inLanguage":"es"},{"@type":"Organization","@id":"https:\/\/lospoliticosveracruz.com\/#organization","name":"Los pol\u00edticos Veracruz","url":"https:\/\/lospoliticosveracruz.com\/","logo":{"@type":"ImageObject","inLanguage":"es","@id":"https:\/\/lospoliticosveracruz.com\/#\/schema\/logo\/image\/","url":"https:\/\/lospoliticosveracruz.com\/wp-content\/uploads\/2025\/12\/Logo-Nuevo-LOS-POLITICOS-1.jpg","contentUrl":"https:\/\/lospoliticosveracruz.com\/wp-content\/uploads\/2025\/12\/Logo-Nuevo-LOS-POLITICOS-1.jpg","width":260,"height":70,"caption":"Los pol\u00edticos Veracruz"},"image":{"@id":"https:\/\/lospoliticosveracruz.com\/#\/schema\/logo\/image\/"},"sameAs":["https:\/\/www.facebook.com\/people\/Notimemes-de-los-Polticos\/61565672886568\/","https:\/\/x.com\/LosPoliticosVer"]},{"@type":"Person","@id":"https:\/\/lospoliticosveracruz.com\/#\/schema\/person\/b8702bb0e538456e6efd07080bf2a4a2","name":"Lo viste en Los Pol\u00edticos","image":{"@type":"ImageObject","inLanguage":"es","@id":"https:\/\/secure.gravatar.com\/avatar\/3a8de04a2656d44082be478bd6c086daa447c4651605818287b9532d3d0bd435?s=96&d=mm&r=g","url":"https:\/\/secure.gravatar.com\/avatar\/3a8de04a2656d44082be478bd6c086daa447c4651605818287b9532d3d0bd435?s=96&d=mm&r=g","contentUrl":"https:\/\/secure.gravatar.com\/avatar\/3a8de04a2656d44082be478bd6c086daa447c4651605818287b9532d3d0bd435?s=96&d=mm&r=g","caption":"Lo viste en Los Pol\u00edticos"},"url":"https:\/\/lospoliticosveracruz.com\/?author=2"}]}},"_links":{"self":[{"href":"https:\/\/lospoliticosveracruz.com\/index.php?rest_route=\/wp\/v2\/posts\/41624","targetHints":{"allow":["GET"]}}],"collection":[{"href":"https:\/\/lospoliticosveracruz.com\/index.php?rest_route=\/wp\/v2\/posts"}],"about":[{"href":"https:\/\/lospoliticosveracruz.com\/index.php?rest_route=\/wp\/v2\/types\/post"}],"author":[{"embeddable":true,"href":"https:\/\/lospoliticosveracruz.com\/index.php?rest_route=\/wp\/v2\/users\/2"}],"replies":[{"embeddable":true,"href":"https:\/\/lospoliticosveracruz.com\/index.php?rest_route=%2Fwp%2Fv2%2Fcomments&post=41624"}],"version-history":[{"count":1,"href":"https:\/\/lospoliticosveracruz.com\/index.php?rest_route=\/wp\/v2\/posts\/41624\/revisions"}],"predecessor-version":[{"id":41625,"href":"https:\/\/lospoliticosveracruz.com\/index.php?rest_route=\/wp\/v2\/posts\/41624\/revisions\/41625"}],"wp:attachment":[{"href":"https:\/\/lospoliticosveracruz.com\/index.php?rest_route=%2Fwp%2Fv2%2Fmedia&parent=41624"}],"wp:term":[{"taxonomy":"category","embeddable":true,"href":"https:\/\/lospoliticosveracruz.com\/index.php?rest_route=%2Fwp%2Fv2%2Fcategories&post=41624"},{"taxonomy":"post_tag","embeddable":true,"href":"https:\/\/lospoliticosveracruz.com\/index.php?rest_route=%2Fwp%2Fv2%2Ftags&post=41624"}],"curies":[{"name":"wp","href":"https:\/\/api.w.org\/{rel}","templated":true}]}}