{"id":41755,"date":"2018-05-02T22:29:32","date_gmt":"2018-05-03T03:29:32","guid":{"rendered":"http:\/\/www.lospoliticosveracruz.com.mx\/?p=41755"},"modified":"2018-05-02T22:29:32","modified_gmt":"2018-05-03T03:29:32","slug":"dunyaska-y-su-cuarto-piso","status":"publish","type":"post","link":"https:\/\/lospoliticosveracruz.com\/?p=41755","title":{"rendered":"Dunyaska y su \u201ccuarto piso\u201d"},"content":{"rendered":"<p><strong>Salvador Mu\u00f1oz<\/strong><\/p>\n<p><em>Los Pol\u00edticos<\/em><\/p>\n<p>&nbsp;<br \/>\nLa tragedia c\u00f3mica que el mismo t\u00edtulo daba a la pel\u00edcula \u201cVirgen a los 40\u201d, no se equipara en nada a algo como \u201cDesempleado a los 40\u201d. Para mi fortuna, no he pasado a\u00fan por ese trance pero he vivido de cerca el problema que representa para amigos y familiares el encontrarse de pronto sin chamba, que no es privativo de aqu\u00e9llos que superaron el \u201ccuarto piso\u201d&#8230; tambi\u00e9n se da en j\u00f3venes.<br \/>\nHace a\u00f1os, ten\u00eda la encomienda de contratar capturista de datos en el peri\u00f3dico en que trabajaba&#8230; mis pruebas eran sencillas: desconectaba la clavija a la toma de corriente de la computadora y as\u00ed empezaba el examen&#8230; viendo qu\u00e9 tan r\u00e1pido entend\u00eda el aspirante en entender el porqu\u00e9 no encend\u00eda la computadora&#8230; luego, ver si era capaz de darle al bot\u00f3n de encendido de la compu; y finalmente, abrir el documento de Word y tomar la hoja para la captura de datos&#8230; la forma en que se desenvolv\u00edan lo tomaba yo como aptitudes de desempe\u00f1o. Hubo una se\u00f1ora que un d\u00eda lleg\u00f3 a hacer la prueba y no supo d\u00f3nde conectar al tomacorriente la computadora, no pudo prenderla y muchos menos entend\u00eda lo que era el programa de Word&#8230; le agradec\u00ed y de antemano le dije que no pod\u00eda darle el empleo. No esperaba su respuesta: \u201c\u00a1C\u00f3mo quieren que uno trabaje si no le dan a uno oportunidad!\u201d<br \/>\nFue tan fuerte su reclamo y su indignaci\u00f3n, que le propuse algo, la verdad no s\u00e9 si para quitarme el problema moral que me provoc\u00f3 o sepa: \u201cLe ense\u00f1o la captura de datos, pero no habr\u00e1 pago&#8230; la espero ma\u00f1ana a las tres de la tarde\u201d. Al d\u00eda siguiente, me sorprendi\u00f3: All\u00ed estaba dispuesta a aprender. No s\u00e9 cu\u00e1nto tiempo estuvo yendo sin falta a aprender y despu\u00e9s a capturar notas, hasta que un d\u00eda, el capturista de datos renunci\u00f3, pero yo ten\u00eda a la suplente lista.<br \/>\nAunque no lo crea, tuve amigos de m\u00e1s de 60 a\u00f1os que trabajaron conmigo y si bien eran duchos para algunas cosas, para otras, \u00a1eran nefastos! Como igual lo eran algunos menores de 30 a\u00f1os y otros de mi edad&#8230; \u00bfqu\u00e9 quiero decir con esto? Que al menos en el campo laboral en que me desenvuelvo, la edad no es obst\u00e1culo&#8230; por ejemplo, hace muchos a\u00f1os, cuando las computadoras llegaron a las redacciones de los peri\u00f3dicos, don Carlos Guill\u00e9n Tapia, un viejo lobo del periodismo en Acayucan, ve\u00eda c\u00f3mo instalaban mi equipo al lado de su Remington. En cuanto me vio escribiendo mis notas, le dijo a Ricardo \u201cEl Chaparro\u201d Guti\u00e9rrez Carl\u00edn: \u201c\u00a1Quiero una!\u201d<br \/>\nDon Carlos, anciano encorvado, que escrib\u00eda \u201cde pollito\u201d a\u00fan en la m\u00e1quina de escribir, provocaba nuestro escepticismo bajo la idea de \u201c\u00bfc\u00f3mo va a aprender si ya est\u00e1 viejo?\u201d La respuesta me la dio el mismo se\u00f1or, con su dedo chueco y con su cl\u00e1sica temblorina en la mano, al decir: \u201cChava me va a ense\u00f1ar\u201d&#8230;<br \/>\nS\u00ed, don Carlos empez\u00f3 a escribir sus art\u00edculos y lo que implicaba la redacci\u00f3n del desaparecido \u201cDiario del Sur\u201d en una computadora.<br \/>\nPero, fuera del periodismo, en otros \u00e1mbitos laborales, qu\u00e9 tanta oportunidad puede tener alguien que tiene m\u00e1s de 40 a\u00f1os de edad en conseguir empleo.<br \/>\nInsisto&#8230; me ha tocado vivir de cerca lo que implica para una persona que rebasa los 40, conseguir un empleo y a\u00fan m\u00e1s, bien remunerado. Por eso, llam\u00f3 mi atenci\u00f3n esa propuesta que lleva la candidata Mariana Dunyaska de generar incentivos fiscales a esas empresas que contraten a personas mayores de 40&#8230; y tambi\u00e9n a j\u00f3venes.<br \/>\nY es que en estos d\u00edas, de avances y desarrollos tecnol\u00f3gicos que van permeando a las empresas desde las m\u00e1s modernas a las m\u00e1s modestas, quien rebasa los 40, 50 o 60, es visto como inadaptable, obtuso y por ello, dif\u00edcil de socializar con una entidad de \u201cmillennials\u201d.<br \/>\nLa idea, propuesta, intenci\u00f3n, de Mariana Dunyaska interesa, sobre todo cuando 81.6% de las personas mayores de 60 a\u00f1os carecen de prestaciones laborales, de acuerdo con cifras de la Secretar\u00eda del Trabajo y Previsi\u00f3n Social (2016)&#8230;<br \/>\nOjal\u00e1 que esta pugna que abandera Mariana Dunyaska la recogieran otros candidatos a modo de que refuercen la intenci\u00f3n de una, pero que es el deseo de muchos que ya rebasaron \u201cel cuarto piso\u201d.<br \/>\nsmcainito@gmail.com<\/p>\n","protected":false},"excerpt":{"rendered":"<p>Salvador Mu\u00f1oz Los Pol\u00edticos &nbsp; La tragedia c\u00f3mica que el mismo t\u00edtulo daba a la pel\u00edcula \u201cVirgen a los 40\u201d, no se equipara en nada a algo como \u201cDesempleado a los 40\u201d. Para mi fortuna, no he pasado a\u00fan por ese trance pero he vivido de cerca el problema que representa para amigos y familiares [&hellip;]<\/p>\n","protected":false},"author":2,"featured_media":0,"comment_status":"open","ping_status":"open","sticky":false,"template":"","format":"standard","meta":{"tdm_status":"","tdm_grid_status":"","footnotes":""},"categories":[70],"tags":[4396,6947],"class_list":{"0":"post-41755","1":"post","2":"type-post","3":"status-publish","4":"format-standard","6":"category-de-opinion","7":"tag-empleo","8":"tag-mariana-dunyaska"},"yoast_head":"<!-- This site is optimized with the Yoast SEO plugin v27.4 - https:\/\/yoast.com\/product\/yoast-seo-wordpress\/ -->\n<title>Dunyaska y su \u201ccuarto piso\u201d - Los pol\u00edticos Veracruz<\/title>\n<meta name=\"robots\" content=\"index, follow, max-snippet:-1, max-image-preview:large, max-video-preview:-1\" \/>\n<link rel=\"canonical\" href=\"https:\/\/lospoliticosveracruz.com\/?p=41755\" \/>\n<meta property=\"og:locale\" content=\"es_ES\" \/>\n<meta property=\"og:type\" content=\"article\" \/>\n<meta property=\"og:title\" content=\"Dunyaska y su \u201ccuarto piso\u201d - Los pol\u00edticos Veracruz\" \/>\n<meta property=\"og:description\" content=\"Salvador Mu\u00f1oz Los Pol\u00edticos &nbsp; La tragedia c\u00f3mica que el mismo t\u00edtulo daba a la pel\u00edcula \u201cVirgen a los 40\u201d, no se equipara en nada a algo como \u201cDesempleado a los 40\u201d. Para mi fortuna, no he pasado a\u00fan por ese trance pero he vivido de cerca el problema que representa para amigos y familiares [&hellip;]\" \/>\n<meta property=\"og:url\" content=\"https:\/\/lospoliticosveracruz.com\/?p=41755\" \/>\n<meta property=\"og:site_name\" content=\"Los pol\u00edticos Veracruz\" \/>\n<meta property=\"article:publisher\" content=\"https:\/\/www.facebook.com\/people\/Notimemes-de-los-Polticos\/61565672886568\/\" \/>\n<meta property=\"article:published_time\" content=\"2018-05-03T03:29:32+00:00\" \/>\n<meta property=\"og:image\" content=\"https:\/\/lospoliticosveracruz.com\/wp-content\/uploads\/2016\/07\/Logo-Dor.jpg\" \/>\n\t<meta property=\"og:image:width\" content=\"200\" \/>\n\t<meta property=\"og:image:height\" content=\"200\" \/>\n\t<meta property=\"og:image:type\" content=\"image\/jpeg\" \/>\n<meta name=\"author\" content=\"Lo viste en Los Pol\u00edticos\" \/>\n<meta name=\"twitter:card\" content=\"summary_large_image\" \/>\n<meta name=\"twitter:creator\" content=\"@LosPoliticosVer\" \/>\n<meta name=\"twitter:site\" content=\"@LosPoliticosVer\" \/>\n<meta name=\"twitter:label1\" content=\"Escrito por\" \/>\n\t<meta name=\"twitter:data1\" content=\"Lo viste en Los Pol\u00edticos\" \/>\n\t<meta name=\"twitter:label2\" content=\"Tiempo de lectura\" \/>\n\t<meta name=\"twitter:data2\" content=\"4 minutos\" \/>\n<script type=\"application\/ld+json\" class=\"yoast-schema-graph\">{\"@context\":\"https:\\\/\\\/schema.org\",\"@graph\":[{\"@type\":\"Article\",\"@id\":\"https:\\\/\\\/lospoliticosveracruz.com\\\/?p=41755#article\",\"isPartOf\":{\"@id\":\"https:\\\/\\\/lospoliticosveracruz.com\\\/?p=41755\"},\"author\":{\"name\":\"Lo viste en Los Pol\u00edticos\",\"@id\":\"https:\\\/\\\/lospoliticosveracruz.com\\\/#\\\/schema\\\/person\\\/b8702bb0e538456e6efd07080bf2a4a2\"},\"headline\":\"Dunyaska y su \u201ccuarto piso\u201d\",\"datePublished\":\"2018-05-03T03:29:32+00:00\",\"mainEntityOfPage\":{\"@id\":\"https:\\\/\\\/lospoliticosveracruz.com\\\/?p=41755\"},\"wordCount\":776,\"commentCount\":0,\"publisher\":{\"@id\":\"https:\\\/\\\/lospoliticosveracruz.com\\\/#organization\"},\"keywords\":[\"empleo\",\"Mariana Dunyaska\"],\"articleSection\":[\"De Opini\u00f3n\"],\"inLanguage\":\"es\",\"potentialAction\":[{\"@type\":\"CommentAction\",\"name\":\"Comment\",\"target\":[\"https:\\\/\\\/lospoliticosveracruz.com\\\/?p=41755#respond\"]}]},{\"@type\":\"WebPage\",\"@id\":\"https:\\\/\\\/lospoliticosveracruz.com\\\/?p=41755\",\"url\":\"https:\\\/\\\/lospoliticosveracruz.com\\\/?p=41755\",\"name\":\"Dunyaska y su \u201ccuarto piso\u201d - Los pol\u00edticos Veracruz\",\"isPartOf\":{\"@id\":\"https:\\\/\\\/lospoliticosveracruz.com\\\/#website\"},\"datePublished\":\"2018-05-03T03:29:32+00:00\",\"breadcrumb\":{\"@id\":\"https:\\\/\\\/lospoliticosveracruz.com\\\/?p=41755#breadcrumb\"},\"inLanguage\":\"es\",\"potentialAction\":[{\"@type\":\"ReadAction\",\"target\":[\"https:\\\/\\\/lospoliticosveracruz.com\\\/?p=41755\"]}]},{\"@type\":\"BreadcrumbList\",\"@id\":\"https:\\\/\\\/lospoliticosveracruz.com\\\/?p=41755#breadcrumb\",\"itemListElement\":[{\"@type\":\"ListItem\",\"position\":1,\"name\":\"Portada\",\"item\":\"https:\\\/\\\/lospoliticosveracruz.com\\\/\"},{\"@type\":\"ListItem\",\"position\":2,\"name\":\"Dunyaska y su \u201ccuarto piso\u201d\"}]},{\"@type\":\"WebSite\",\"@id\":\"https:\\\/\\\/lospoliticosveracruz.com\\\/#website\",\"url\":\"https:\\\/\\\/lospoliticosveracruz.com\\\/\",\"name\":\"Los pol\u00edticos Veracruz\",\"description\":\"\",\"publisher\":{\"@id\":\"https:\\\/\\\/lospoliticosveracruz.com\\\/#organization\"},\"potentialAction\":[{\"@type\":\"SearchAction\",\"target\":{\"@type\":\"EntryPoint\",\"urlTemplate\":\"https:\\\/\\\/lospoliticosveracruz.com\\\/?s={search_term_string}\"},\"query-input\":{\"@type\":\"PropertyValueSpecification\",\"valueRequired\":true,\"valueName\":\"search_term_string\"}}],\"inLanguage\":\"es\"},{\"@type\":\"Organization\",\"@id\":\"https:\\\/\\\/lospoliticosveracruz.com\\\/#organization\",\"name\":\"Los pol\u00edticos Veracruz\",\"url\":\"https:\\\/\\\/lospoliticosveracruz.com\\\/\",\"logo\":{\"@type\":\"ImageObject\",\"inLanguage\":\"es\",\"@id\":\"https:\\\/\\\/lospoliticosveracruz.com\\\/#\\\/schema\\\/logo\\\/image\\\/\",\"url\":\"https:\\\/\\\/lospoliticosveracruz.com\\\/wp-content\\\/uploads\\\/2025\\\/12\\\/Logo-Nuevo-LOS-POLITICOS-1.jpg\",\"contentUrl\":\"https:\\\/\\\/lospoliticosveracruz.com\\\/wp-content\\\/uploads\\\/2025\\\/12\\\/Logo-Nuevo-LOS-POLITICOS-1.jpg\",\"width\":260,\"height\":70,\"caption\":\"Los pol\u00edticos Veracruz\"},\"image\":{\"@id\":\"https:\\\/\\\/lospoliticosveracruz.com\\\/#\\\/schema\\\/logo\\\/image\\\/\"},\"sameAs\":[\"https:\\\/\\\/www.facebook.com\\\/people\\\/Notimemes-de-los-Polticos\\\/61565672886568\\\/\",\"https:\\\/\\\/x.com\\\/LosPoliticosVer\"]},{\"@type\":\"Person\",\"@id\":\"https:\\\/\\\/lospoliticosveracruz.com\\\/#\\\/schema\\\/person\\\/b8702bb0e538456e6efd07080bf2a4a2\",\"name\":\"Lo viste en Los Pol\u00edticos\",\"image\":{\"@type\":\"ImageObject\",\"inLanguage\":\"es\",\"@id\":\"https:\\\/\\\/secure.gravatar.com\\\/avatar\\\/3a8de04a2656d44082be478bd6c086daa447c4651605818287b9532d3d0bd435?s=96&d=mm&r=g\",\"url\":\"https:\\\/\\\/secure.gravatar.com\\\/avatar\\\/3a8de04a2656d44082be478bd6c086daa447c4651605818287b9532d3d0bd435?s=96&d=mm&r=g\",\"contentUrl\":\"https:\\\/\\\/secure.gravatar.com\\\/avatar\\\/3a8de04a2656d44082be478bd6c086daa447c4651605818287b9532d3d0bd435?s=96&d=mm&r=g\",\"caption\":\"Lo viste en Los Pol\u00edticos\"},\"url\":\"https:\\\/\\\/lospoliticosveracruz.com\\\/?author=2\"}]}<\/script>\n<!-- \/ Yoast SEO plugin. -->","yoast_head_json":{"title":"Dunyaska y su \u201ccuarto piso\u201d - Los pol\u00edticos Veracruz","robots":{"index":"index","follow":"follow","max-snippet":"max-snippet:-1","max-image-preview":"max-image-preview:large","max-video-preview":"max-video-preview:-1"},"canonical":"https:\/\/lospoliticosveracruz.com\/?p=41755","og_locale":"es_ES","og_type":"article","og_title":"Dunyaska y su \u201ccuarto piso\u201d - Los pol\u00edticos Veracruz","og_description":"Salvador Mu\u00f1oz Los Pol\u00edticos &nbsp; La tragedia c\u00f3mica que el mismo t\u00edtulo daba a la pel\u00edcula \u201cVirgen a los 40\u201d, no se equipara en nada a algo como \u201cDesempleado a los 40\u201d. Para mi fortuna, no he pasado a\u00fan por ese trance pero he vivido de cerca el problema que representa para amigos y familiares [&hellip;]","og_url":"https:\/\/lospoliticosveracruz.com\/?p=41755","og_site_name":"Los pol\u00edticos Veracruz","article_publisher":"https:\/\/www.facebook.com\/people\/Notimemes-de-los-Polticos\/61565672886568\/","article_published_time":"2018-05-03T03:29:32+00:00","og_image":[{"width":200,"height":200,"url":"https:\/\/lospoliticosveracruz.com\/wp-content\/uploads\/2016\/07\/Logo-Dor.jpg","type":"image\/jpeg"}],"author":"Lo viste en Los Pol\u00edticos","twitter_card":"summary_large_image","twitter_creator":"@LosPoliticosVer","twitter_site":"@LosPoliticosVer","twitter_misc":{"Escrito por":"Lo viste en Los Pol\u00edticos","Tiempo de lectura":"4 minutos"},"schema":{"@context":"https:\/\/schema.org","@graph":[{"@type":"Article","@id":"https:\/\/lospoliticosveracruz.com\/?p=41755#article","isPartOf":{"@id":"https:\/\/lospoliticosveracruz.com\/?p=41755"},"author":{"name":"Lo viste en Los Pol\u00edticos","@id":"https:\/\/lospoliticosveracruz.com\/#\/schema\/person\/b8702bb0e538456e6efd07080bf2a4a2"},"headline":"Dunyaska y su \u201ccuarto piso\u201d","datePublished":"2018-05-03T03:29:32+00:00","mainEntityOfPage":{"@id":"https:\/\/lospoliticosveracruz.com\/?p=41755"},"wordCount":776,"commentCount":0,"publisher":{"@id":"https:\/\/lospoliticosveracruz.com\/#organization"},"keywords":["empleo","Mariana Dunyaska"],"articleSection":["De Opini\u00f3n"],"inLanguage":"es","potentialAction":[{"@type":"CommentAction","name":"Comment","target":["https:\/\/lospoliticosveracruz.com\/?p=41755#respond"]}]},{"@type":"WebPage","@id":"https:\/\/lospoliticosveracruz.com\/?p=41755","url":"https:\/\/lospoliticosveracruz.com\/?p=41755","name":"Dunyaska y su \u201ccuarto piso\u201d - Los pol\u00edticos Veracruz","isPartOf":{"@id":"https:\/\/lospoliticosveracruz.com\/#website"},"datePublished":"2018-05-03T03:29:32+00:00","breadcrumb":{"@id":"https:\/\/lospoliticosveracruz.com\/?p=41755#breadcrumb"},"inLanguage":"es","potentialAction":[{"@type":"ReadAction","target":["https:\/\/lospoliticosveracruz.com\/?p=41755"]}]},{"@type":"BreadcrumbList","@id":"https:\/\/lospoliticosveracruz.com\/?p=41755#breadcrumb","itemListElement":[{"@type":"ListItem","position":1,"name":"Portada","item":"https:\/\/lospoliticosveracruz.com\/"},{"@type":"ListItem","position":2,"name":"Dunyaska y su \u201ccuarto piso\u201d"}]},{"@type":"WebSite","@id":"https:\/\/lospoliticosveracruz.com\/#website","url":"https:\/\/lospoliticosveracruz.com\/","name":"Los pol\u00edticos Veracruz","description":"","publisher":{"@id":"https:\/\/lospoliticosveracruz.com\/#organization"},"potentialAction":[{"@type":"SearchAction","target":{"@type":"EntryPoint","urlTemplate":"https:\/\/lospoliticosveracruz.com\/?s={search_term_string}"},"query-input":{"@type":"PropertyValueSpecification","valueRequired":true,"valueName":"search_term_string"}}],"inLanguage":"es"},{"@type":"Organization","@id":"https:\/\/lospoliticosveracruz.com\/#organization","name":"Los pol\u00edticos Veracruz","url":"https:\/\/lospoliticosveracruz.com\/","logo":{"@type":"ImageObject","inLanguage":"es","@id":"https:\/\/lospoliticosveracruz.com\/#\/schema\/logo\/image\/","url":"https:\/\/lospoliticosveracruz.com\/wp-content\/uploads\/2025\/12\/Logo-Nuevo-LOS-POLITICOS-1.jpg","contentUrl":"https:\/\/lospoliticosveracruz.com\/wp-content\/uploads\/2025\/12\/Logo-Nuevo-LOS-POLITICOS-1.jpg","width":260,"height":70,"caption":"Los pol\u00edticos Veracruz"},"image":{"@id":"https:\/\/lospoliticosveracruz.com\/#\/schema\/logo\/image\/"},"sameAs":["https:\/\/www.facebook.com\/people\/Notimemes-de-los-Polticos\/61565672886568\/","https:\/\/x.com\/LosPoliticosVer"]},{"@type":"Person","@id":"https:\/\/lospoliticosveracruz.com\/#\/schema\/person\/b8702bb0e538456e6efd07080bf2a4a2","name":"Lo viste en Los Pol\u00edticos","image":{"@type":"ImageObject","inLanguage":"es","@id":"https:\/\/secure.gravatar.com\/avatar\/3a8de04a2656d44082be478bd6c086daa447c4651605818287b9532d3d0bd435?s=96&d=mm&r=g","url":"https:\/\/secure.gravatar.com\/avatar\/3a8de04a2656d44082be478bd6c086daa447c4651605818287b9532d3d0bd435?s=96&d=mm&r=g","contentUrl":"https:\/\/secure.gravatar.com\/avatar\/3a8de04a2656d44082be478bd6c086daa447c4651605818287b9532d3d0bd435?s=96&d=mm&r=g","caption":"Lo viste en Los Pol\u00edticos"},"url":"https:\/\/lospoliticosveracruz.com\/?author=2"}]}},"_links":{"self":[{"href":"https:\/\/lospoliticosveracruz.com\/index.php?rest_route=\/wp\/v2\/posts\/41755","targetHints":{"allow":["GET"]}}],"collection":[{"href":"https:\/\/lospoliticosveracruz.com\/index.php?rest_route=\/wp\/v2\/posts"}],"about":[{"href":"https:\/\/lospoliticosveracruz.com\/index.php?rest_route=\/wp\/v2\/types\/post"}],"author":[{"embeddable":true,"href":"https:\/\/lospoliticosveracruz.com\/index.php?rest_route=\/wp\/v2\/users\/2"}],"replies":[{"embeddable":true,"href":"https:\/\/lospoliticosveracruz.com\/index.php?rest_route=%2Fwp%2Fv2%2Fcomments&post=41755"}],"version-history":[{"count":2,"href":"https:\/\/lospoliticosveracruz.com\/index.php?rest_route=\/wp\/v2\/posts\/41755\/revisions"}],"predecessor-version":[{"id":41806,"href":"https:\/\/lospoliticosveracruz.com\/index.php?rest_route=\/wp\/v2\/posts\/41755\/revisions\/41806"}],"wp:attachment":[{"href":"https:\/\/lospoliticosveracruz.com\/index.php?rest_route=%2Fwp%2Fv2%2Fmedia&parent=41755"}],"wp:term":[{"taxonomy":"category","embeddable":true,"href":"https:\/\/lospoliticosveracruz.com\/index.php?rest_route=%2Fwp%2Fv2%2Fcategories&post=41755"},{"taxonomy":"post_tag","embeddable":true,"href":"https:\/\/lospoliticosveracruz.com\/index.php?rest_route=%2Fwp%2Fv2%2Ftags&post=41755"}],"curies":[{"name":"wp","href":"https:\/\/api.w.org\/{rel}","templated":true}]}}