{"id":41872,"date":"2018-05-03T22:44:19","date_gmt":"2018-05-04T03:44:19","guid":{"rendered":"http:\/\/www.lospoliticosveracruz.com.mx\/?p=41872"},"modified":"2018-05-03T22:44:19","modified_gmt":"2018-05-04T03:44:19","slug":"y-su-gabinete","status":"publish","type":"post","link":"https:\/\/lospoliticosveracruz.com\/?p=41872","title":{"rendered":"\u00bfY su Gabinete?"},"content":{"rendered":"<p><strong>Salvador Mu\u00f1oz<\/strong><\/p>\n<p><em>Los Pol\u00edticos<\/em><\/p>\n<p>&nbsp;<\/p>\n<p>&nbsp;<\/p>\n<p>A estas alturas, es seguro que muchos ya conozcamos a quienes pretenden gobernar Veracruz\u2026 hay unos que quiz\u00e1 sean m\u00e1s conocidos que otros por diversas circunstancias pero entre las que se pudieran citar est\u00e1n que llevan m\u00e1s a\u00f1os en la pol\u00edtica, o por ser candidato de manera consecutiva; o por lo realizado en la funci\u00f3n p\u00fablica en tan corto tiempo a diferencia de otros\u2026 est\u00e1 de m\u00e1s poner nombres o apellidos porque se apuesta a que, a estas alturas, ya los conocemos y no necesitan que uno ponga pros o contras de ellos, porque al final de cuentas, poco importa qu\u00e9 tan preparados est\u00e9n, qu\u00e9 tanta experiencia tengan, cu\u00e1ntos posgrados hayan hecho, porque es claro para muchos por qui\u00e9n van a votar\u2026 lo dem\u00e1s, pues no deja de ser parte del juego electoral entre lo que dicen, lo que se dicen, prometen y hasta lo que hacen.<\/p>\n<p>Escuchaba en la radio a Atticus Licona citar que, si ya conocemos a nuestros candidatos a la Gubernatura, por qu\u00e9 no entonces pasar al segundo nivel\u2026 \u00bfa qu\u00e9 se refer\u00eda el conductor de Uninoticias? A algo muy simple: qu\u00e9 personajes acompa\u00f1ar\u00edan en caso de triunfar a cada candidato.<\/p>\n<p>La postura es a\u00fan m\u00e1s sencilla: Andr\u00e9s Manuel L\u00f3pez Obrador present\u00f3 en diciembre del a\u00f1o pasado su posible Gabinete, ocho varones y ocho mujeres.<\/p>\n<p>Si recuerdan, cit\u00f3 en la Secretar\u00eda de Gobernaci\u00f3n, Olga S\u00e1nchez Cordero D\u00e1vila; Relaciones Exteriores, H\u00e9ctor Vasconcelos; Econom\u00eda, Graciela M\u00e1rquez Colin, y de Hacienda, Carlos Manuel Urz\u00faa Mac\u00edas. En Energ\u00eda, Roc\u00edo Nahle; Agricultura, V\u00edctor Villalobos; Trabajo y Previsi\u00f3n Social, Luisa Mar\u00eda Alcalde; Educaci\u00f3n P\u00fablica, Esteban Moctezuma Barrag\u00e1n; Cultura, Alejandra Fraustro Guerrero; Comunicaciones y Transportes, Javier Jim\u00e9nez Espri\u00fa; Semarnat, Josefa Gonz\u00e1lez Blanco Ortiz Mena; Turismo, Miguel Torruco M\u00e1rquez; Funci\u00f3n P\u00fablica, Irma Erendira Sandoval; Salud, Jorge Alcocer Varela; Sedesol, Mar\u00eda Luisa Albores Gonz\u00e1lez, y en Sedatu, Rom\u00e1n Meyer Falc\u00f3n.<\/p>\n<p>Se supone que el dar a conocer a parte de su equipo, se busca generar para el electorado que a\u00fan no tiene definido su voto, un halo de confianza en funci\u00f3n de los personajes que lo acompa\u00f1an. Soy un aldeano y nada m\u00e1s ubico a ojo de buen cubero a dos ex pri\u00edstas: Esteban Moctezuma y Roc\u00edo Nahle\u2026 sin embargo, hemos de suponer que si los candidatos a la Gubernatura dieran a conocer a su potencial Gabinete, en una de \u00e9sas, pudiera ayudar m\u00e1s a definir la decisi\u00f3n electoral del veracruzano indeciso.<\/p>\n<p>Atticus Licona cuestiona que quiz\u00e1s, el m\u00e1s obligado a hacerlo, deber\u00eda ser Cuitl\u00e1huac Garc\u00eda en funci\u00f3n de seguir los pasos de su candidato a la Presidencia pero dice que cuando le pregunt\u00f3 sobre su probable secretario de Seguridad P\u00fablica, el de Morena dijo tenerlo pero que se reservaba el nombre por cuestiones de seguridad.<\/p>\n<p>Si bien no es un asunto de obligatoriedad el \u201cdar a conocer el Gabinete\u201d de antemano, tampoco lo era el 3de3 y ya ven\u2026 adem\u00e1s, si bien dice Atticus Licona que el m\u00e1s obligado a ello ser\u00eda Cuitl\u00e1huac por seguir el ejemplo del Peje, \u00bfpor qu\u00e9 no le ganan el brinco los Yunes, Miguel \u00c1ngel y Pepe, y exponen a sus candidatos al Gabinete? Supongo que tanto en el PAN como en el PRI les han de sobrar dedos y personajes que den la talla para atender los asuntos de un despacho\u2026 \u00bfy en Morena? Es seguro que tambi\u00e9n, as\u00ed como en Nueva Alianza.<\/p>\n<p>A lo mejor, en un ejercicio democr\u00e1tico, ser\u00eda interesante que nuestros candidatos y candidata buscaran entre sus partidos o ciudadanos una decena de hombres y mujeres que puedan brindar en el electorado indeciso, un nuevo escenario que lo anime a votar por X o Y candidato\u2026<\/p>\n<p>smcainito@gmail.com<\/p>\n","protected":false},"excerpt":{"rendered":"<p>Salvador Mu\u00f1oz Los Pol\u00edticos &nbsp; &nbsp; A estas alturas, es seguro que muchos ya conozcamos a quienes pretenden gobernar Veracruz\u2026 hay unos que quiz\u00e1 sean m\u00e1s conocidos que otros por diversas circunstancias pero entre las que se pudieran citar est\u00e1n que llevan m\u00e1s a\u00f1os en la pol\u00edtica, o por ser candidato de manera consecutiva; o [&hellip;]<\/p>\n","protected":false},"author":2,"featured_media":0,"comment_status":"open","ping_status":"open","sticky":false,"template":"","format":"standard","meta":{"tdm_status":"","tdm_grid_status":"","footnotes":""},"categories":[70],"tags":[618,1563,11600,11599,428,570,3578],"class_list":{"0":"post-41872","1":"post","2":"type-post","3":"status-publish","4":"format-standard","6":"category-de-opinion","7":"tag-andres-manuel-lopez-obrador","8":"tag-cuitlahuac-garcia-jimenez","9":"tag-esteban-moctezuma","10":"tag-gabinete-estatal","11":"tag-miguel-angel-yunes-linares","12":"tag-pepe-yunes","13":"tag-rocio-nahle"},"yoast_head":"<!-- This site is optimized with the Yoast SEO plugin v27.4 - https:\/\/yoast.com\/product\/yoast-seo-wordpress\/ -->\n<title>\u00bfY su Gabinete? - Los pol\u00edticos Veracruz<\/title>\n<meta name=\"robots\" content=\"index, follow, max-snippet:-1, max-image-preview:large, max-video-preview:-1\" \/>\n<link rel=\"canonical\" href=\"https:\/\/lospoliticosveracruz.com\/?p=41872\" \/>\n<meta property=\"og:locale\" content=\"es_ES\" \/>\n<meta property=\"og:type\" content=\"article\" \/>\n<meta property=\"og:title\" content=\"\u00bfY su Gabinete? - Los pol\u00edticos Veracruz\" \/>\n<meta property=\"og:description\" content=\"Salvador Mu\u00f1oz Los Pol\u00edticos &nbsp; &nbsp; A estas alturas, es seguro que muchos ya conozcamos a quienes pretenden gobernar Veracruz\u2026 hay unos que quiz\u00e1 sean m\u00e1s conocidos que otros por diversas circunstancias pero entre las que se pudieran citar est\u00e1n que llevan m\u00e1s a\u00f1os en la pol\u00edtica, o por ser candidato de manera consecutiva; o [&hellip;]\" \/>\n<meta property=\"og:url\" content=\"https:\/\/lospoliticosveracruz.com\/?p=41872\" \/>\n<meta property=\"og:site_name\" content=\"Los pol\u00edticos Veracruz\" \/>\n<meta property=\"article:publisher\" content=\"https:\/\/www.facebook.com\/people\/Notimemes-de-los-Polticos\/61565672886568\/\" \/>\n<meta property=\"article:published_time\" content=\"2018-05-04T03:44:19+00:00\" \/>\n<meta property=\"og:image\" content=\"https:\/\/lospoliticosveracruz.com\/wp-content\/uploads\/2016\/07\/Logo-Dor.jpg\" \/>\n\t<meta property=\"og:image:width\" content=\"200\" \/>\n\t<meta property=\"og:image:height\" content=\"200\" \/>\n\t<meta property=\"og:image:type\" content=\"image\/jpeg\" \/>\n<meta name=\"author\" content=\"Lo viste en Los Pol\u00edticos\" \/>\n<meta name=\"twitter:card\" content=\"summary_large_image\" \/>\n<meta name=\"twitter:creator\" content=\"@LosPoliticosVer\" \/>\n<meta name=\"twitter:site\" content=\"@LosPoliticosVer\" \/>\n<meta name=\"twitter:label1\" content=\"Escrito por\" \/>\n\t<meta name=\"twitter:data1\" content=\"Lo viste en Los Pol\u00edticos\" \/>\n\t<meta name=\"twitter:label2\" content=\"Tiempo de lectura\" \/>\n\t<meta name=\"twitter:data2\" content=\"3 minutos\" \/>\n<script type=\"application\/ld+json\" class=\"yoast-schema-graph\">{\"@context\":\"https:\\\/\\\/schema.org\",\"@graph\":[{\"@type\":\"Article\",\"@id\":\"https:\\\/\\\/lospoliticosveracruz.com\\\/?p=41872#article\",\"isPartOf\":{\"@id\":\"https:\\\/\\\/lospoliticosveracruz.com\\\/?p=41872\"},\"author\":{\"name\":\"Lo viste en Los Pol\u00edticos\",\"@id\":\"https:\\\/\\\/lospoliticosveracruz.com\\\/#\\\/schema\\\/person\\\/b8702bb0e538456e6efd07080bf2a4a2\"},\"headline\":\"\u00bfY su Gabinete?\",\"datePublished\":\"2018-05-04T03:44:19+00:00\",\"mainEntityOfPage\":{\"@id\":\"https:\\\/\\\/lospoliticosveracruz.com\\\/?p=41872\"},\"wordCount\":683,\"commentCount\":0,\"publisher\":{\"@id\":\"https:\\\/\\\/lospoliticosveracruz.com\\\/#organization\"},\"keywords\":[\"Andr\u00e9s Manuel L\u00f3pez Obrador\",\"Cuitl\u00e1huac Garc\u00eda Jim\u00e9nez\",\"Esteban Moctezuma\",\"Gabinete estatal\",\"Miguel Angel Yunes Linares\",\"Pepe Yunes\",\"Roc\u00edo Nahle\"],\"articleSection\":[\"De Opini\u00f3n\"],\"inLanguage\":\"es\",\"potentialAction\":[{\"@type\":\"CommentAction\",\"name\":\"Comment\",\"target\":[\"https:\\\/\\\/lospoliticosveracruz.com\\\/?p=41872#respond\"]}]},{\"@type\":\"WebPage\",\"@id\":\"https:\\\/\\\/lospoliticosveracruz.com\\\/?p=41872\",\"url\":\"https:\\\/\\\/lospoliticosveracruz.com\\\/?p=41872\",\"name\":\"\u00bfY su Gabinete? - Los pol\u00edticos Veracruz\",\"isPartOf\":{\"@id\":\"https:\\\/\\\/lospoliticosveracruz.com\\\/#website\"},\"datePublished\":\"2018-05-04T03:44:19+00:00\",\"breadcrumb\":{\"@id\":\"https:\\\/\\\/lospoliticosveracruz.com\\\/?p=41872#breadcrumb\"},\"inLanguage\":\"es\",\"potentialAction\":[{\"@type\":\"ReadAction\",\"target\":[\"https:\\\/\\\/lospoliticosveracruz.com\\\/?p=41872\"]}]},{\"@type\":\"BreadcrumbList\",\"@id\":\"https:\\\/\\\/lospoliticosveracruz.com\\\/?p=41872#breadcrumb\",\"itemListElement\":[{\"@type\":\"ListItem\",\"position\":1,\"name\":\"Portada\",\"item\":\"https:\\\/\\\/lospoliticosveracruz.com\\\/\"},{\"@type\":\"ListItem\",\"position\":2,\"name\":\"\u00bfY su Gabinete?\"}]},{\"@type\":\"WebSite\",\"@id\":\"https:\\\/\\\/lospoliticosveracruz.com\\\/#website\",\"url\":\"https:\\\/\\\/lospoliticosveracruz.com\\\/\",\"name\":\"Los pol\u00edticos Veracruz\",\"description\":\"\",\"publisher\":{\"@id\":\"https:\\\/\\\/lospoliticosveracruz.com\\\/#organization\"},\"potentialAction\":[{\"@type\":\"SearchAction\",\"target\":{\"@type\":\"EntryPoint\",\"urlTemplate\":\"https:\\\/\\\/lospoliticosveracruz.com\\\/?s={search_term_string}\"},\"query-input\":{\"@type\":\"PropertyValueSpecification\",\"valueRequired\":true,\"valueName\":\"search_term_string\"}}],\"inLanguage\":\"es\"},{\"@type\":\"Organization\",\"@id\":\"https:\\\/\\\/lospoliticosveracruz.com\\\/#organization\",\"name\":\"Los pol\u00edticos Veracruz\",\"url\":\"https:\\\/\\\/lospoliticosveracruz.com\\\/\",\"logo\":{\"@type\":\"ImageObject\",\"inLanguage\":\"es\",\"@id\":\"https:\\\/\\\/lospoliticosveracruz.com\\\/#\\\/schema\\\/logo\\\/image\\\/\",\"url\":\"https:\\\/\\\/lospoliticosveracruz.com\\\/wp-content\\\/uploads\\\/2025\\\/12\\\/Logo-Nuevo-LOS-POLITICOS-1.jpg\",\"contentUrl\":\"https:\\\/\\\/lospoliticosveracruz.com\\\/wp-content\\\/uploads\\\/2025\\\/12\\\/Logo-Nuevo-LOS-POLITICOS-1.jpg\",\"width\":260,\"height\":70,\"caption\":\"Los pol\u00edticos Veracruz\"},\"image\":{\"@id\":\"https:\\\/\\\/lospoliticosveracruz.com\\\/#\\\/schema\\\/logo\\\/image\\\/\"},\"sameAs\":[\"https:\\\/\\\/www.facebook.com\\\/people\\\/Notimemes-de-los-Polticos\\\/61565672886568\\\/\",\"https:\\\/\\\/x.com\\\/LosPoliticosVer\"]},{\"@type\":\"Person\",\"@id\":\"https:\\\/\\\/lospoliticosveracruz.com\\\/#\\\/schema\\\/person\\\/b8702bb0e538456e6efd07080bf2a4a2\",\"name\":\"Lo viste en Los Pol\u00edticos\",\"image\":{\"@type\":\"ImageObject\",\"inLanguage\":\"es\",\"@id\":\"https:\\\/\\\/secure.gravatar.com\\\/avatar\\\/3a8de04a2656d44082be478bd6c086daa447c4651605818287b9532d3d0bd435?s=96&d=mm&r=g\",\"url\":\"https:\\\/\\\/secure.gravatar.com\\\/avatar\\\/3a8de04a2656d44082be478bd6c086daa447c4651605818287b9532d3d0bd435?s=96&d=mm&r=g\",\"contentUrl\":\"https:\\\/\\\/secure.gravatar.com\\\/avatar\\\/3a8de04a2656d44082be478bd6c086daa447c4651605818287b9532d3d0bd435?s=96&d=mm&r=g\",\"caption\":\"Lo viste en Los Pol\u00edticos\"},\"url\":\"https:\\\/\\\/lospoliticosveracruz.com\\\/?author=2\"}]}<\/script>\n<!-- \/ Yoast SEO plugin. -->","yoast_head_json":{"title":"\u00bfY su Gabinete? - Los pol\u00edticos Veracruz","robots":{"index":"index","follow":"follow","max-snippet":"max-snippet:-1","max-image-preview":"max-image-preview:large","max-video-preview":"max-video-preview:-1"},"canonical":"https:\/\/lospoliticosveracruz.com\/?p=41872","og_locale":"es_ES","og_type":"article","og_title":"\u00bfY su Gabinete? - Los pol\u00edticos Veracruz","og_description":"Salvador Mu\u00f1oz Los Pol\u00edticos &nbsp; &nbsp; A estas alturas, es seguro que muchos ya conozcamos a quienes pretenden gobernar Veracruz\u2026 hay unos que quiz\u00e1 sean m\u00e1s conocidos que otros por diversas circunstancias pero entre las que se pudieran citar est\u00e1n que llevan m\u00e1s a\u00f1os en la pol\u00edtica, o por ser candidato de manera consecutiva; o [&hellip;]","og_url":"https:\/\/lospoliticosveracruz.com\/?p=41872","og_site_name":"Los pol\u00edticos Veracruz","article_publisher":"https:\/\/www.facebook.com\/people\/Notimemes-de-los-Polticos\/61565672886568\/","article_published_time":"2018-05-04T03:44:19+00:00","og_image":[{"width":200,"height":200,"url":"https:\/\/lospoliticosveracruz.com\/wp-content\/uploads\/2016\/07\/Logo-Dor.jpg","type":"image\/jpeg"}],"author":"Lo viste en Los Pol\u00edticos","twitter_card":"summary_large_image","twitter_creator":"@LosPoliticosVer","twitter_site":"@LosPoliticosVer","twitter_misc":{"Escrito por":"Lo viste en Los Pol\u00edticos","Tiempo de lectura":"3 minutos"},"schema":{"@context":"https:\/\/schema.org","@graph":[{"@type":"Article","@id":"https:\/\/lospoliticosveracruz.com\/?p=41872#article","isPartOf":{"@id":"https:\/\/lospoliticosveracruz.com\/?p=41872"},"author":{"name":"Lo viste en Los Pol\u00edticos","@id":"https:\/\/lospoliticosveracruz.com\/#\/schema\/person\/b8702bb0e538456e6efd07080bf2a4a2"},"headline":"\u00bfY su Gabinete?","datePublished":"2018-05-04T03:44:19+00:00","mainEntityOfPage":{"@id":"https:\/\/lospoliticosveracruz.com\/?p=41872"},"wordCount":683,"commentCount":0,"publisher":{"@id":"https:\/\/lospoliticosveracruz.com\/#organization"},"keywords":["Andr\u00e9s Manuel L\u00f3pez Obrador","Cuitl\u00e1huac Garc\u00eda Jim\u00e9nez","Esteban Moctezuma","Gabinete estatal","Miguel Angel Yunes Linares","Pepe Yunes","Roc\u00edo Nahle"],"articleSection":["De Opini\u00f3n"],"inLanguage":"es","potentialAction":[{"@type":"CommentAction","name":"Comment","target":["https:\/\/lospoliticosveracruz.com\/?p=41872#respond"]}]},{"@type":"WebPage","@id":"https:\/\/lospoliticosveracruz.com\/?p=41872","url":"https:\/\/lospoliticosveracruz.com\/?p=41872","name":"\u00bfY su Gabinete? - Los pol\u00edticos Veracruz","isPartOf":{"@id":"https:\/\/lospoliticosveracruz.com\/#website"},"datePublished":"2018-05-04T03:44:19+00:00","breadcrumb":{"@id":"https:\/\/lospoliticosveracruz.com\/?p=41872#breadcrumb"},"inLanguage":"es","potentialAction":[{"@type":"ReadAction","target":["https:\/\/lospoliticosveracruz.com\/?p=41872"]}]},{"@type":"BreadcrumbList","@id":"https:\/\/lospoliticosveracruz.com\/?p=41872#breadcrumb","itemListElement":[{"@type":"ListItem","position":1,"name":"Portada","item":"https:\/\/lospoliticosveracruz.com\/"},{"@type":"ListItem","position":2,"name":"\u00bfY su Gabinete?"}]},{"@type":"WebSite","@id":"https:\/\/lospoliticosveracruz.com\/#website","url":"https:\/\/lospoliticosveracruz.com\/","name":"Los pol\u00edticos Veracruz","description":"","publisher":{"@id":"https:\/\/lospoliticosveracruz.com\/#organization"},"potentialAction":[{"@type":"SearchAction","target":{"@type":"EntryPoint","urlTemplate":"https:\/\/lospoliticosveracruz.com\/?s={search_term_string}"},"query-input":{"@type":"PropertyValueSpecification","valueRequired":true,"valueName":"search_term_string"}}],"inLanguage":"es"},{"@type":"Organization","@id":"https:\/\/lospoliticosveracruz.com\/#organization","name":"Los pol\u00edticos Veracruz","url":"https:\/\/lospoliticosveracruz.com\/","logo":{"@type":"ImageObject","inLanguage":"es","@id":"https:\/\/lospoliticosveracruz.com\/#\/schema\/logo\/image\/","url":"https:\/\/lospoliticosveracruz.com\/wp-content\/uploads\/2025\/12\/Logo-Nuevo-LOS-POLITICOS-1.jpg","contentUrl":"https:\/\/lospoliticosveracruz.com\/wp-content\/uploads\/2025\/12\/Logo-Nuevo-LOS-POLITICOS-1.jpg","width":260,"height":70,"caption":"Los pol\u00edticos Veracruz"},"image":{"@id":"https:\/\/lospoliticosveracruz.com\/#\/schema\/logo\/image\/"},"sameAs":["https:\/\/www.facebook.com\/people\/Notimemes-de-los-Polticos\/61565672886568\/","https:\/\/x.com\/LosPoliticosVer"]},{"@type":"Person","@id":"https:\/\/lospoliticosveracruz.com\/#\/schema\/person\/b8702bb0e538456e6efd07080bf2a4a2","name":"Lo viste en Los Pol\u00edticos","image":{"@type":"ImageObject","inLanguage":"es","@id":"https:\/\/secure.gravatar.com\/avatar\/3a8de04a2656d44082be478bd6c086daa447c4651605818287b9532d3d0bd435?s=96&d=mm&r=g","url":"https:\/\/secure.gravatar.com\/avatar\/3a8de04a2656d44082be478bd6c086daa447c4651605818287b9532d3d0bd435?s=96&d=mm&r=g","contentUrl":"https:\/\/secure.gravatar.com\/avatar\/3a8de04a2656d44082be478bd6c086daa447c4651605818287b9532d3d0bd435?s=96&d=mm&r=g","caption":"Lo viste en Los Pol\u00edticos"},"url":"https:\/\/lospoliticosveracruz.com\/?author=2"}]}},"_links":{"self":[{"href":"https:\/\/lospoliticosveracruz.com\/index.php?rest_route=\/wp\/v2\/posts\/41872","targetHints":{"allow":["GET"]}}],"collection":[{"href":"https:\/\/lospoliticosveracruz.com\/index.php?rest_route=\/wp\/v2\/posts"}],"about":[{"href":"https:\/\/lospoliticosveracruz.com\/index.php?rest_route=\/wp\/v2\/types\/post"}],"author":[{"embeddable":true,"href":"https:\/\/lospoliticosveracruz.com\/index.php?rest_route=\/wp\/v2\/users\/2"}],"replies":[{"embeddable":true,"href":"https:\/\/lospoliticosveracruz.com\/index.php?rest_route=%2Fwp%2Fv2%2Fcomments&post=41872"}],"version-history":[{"count":1,"href":"https:\/\/lospoliticosveracruz.com\/index.php?rest_route=\/wp\/v2\/posts\/41872\/revisions"}],"predecessor-version":[{"id":41873,"href":"https:\/\/lospoliticosveracruz.com\/index.php?rest_route=\/wp\/v2\/posts\/41872\/revisions\/41873"}],"wp:attachment":[{"href":"https:\/\/lospoliticosveracruz.com\/index.php?rest_route=%2Fwp%2Fv2%2Fmedia&parent=41872"}],"wp:term":[{"taxonomy":"category","embeddable":true,"href":"https:\/\/lospoliticosveracruz.com\/index.php?rest_route=%2Fwp%2Fv2%2Fcategories&post=41872"},{"taxonomy":"post_tag","embeddable":true,"href":"https:\/\/lospoliticosveracruz.com\/index.php?rest_route=%2Fwp%2Fv2%2Ftags&post=41872"}],"curies":[{"name":"wp","href":"https:\/\/api.w.org\/{rel}","templated":true}]}}