{"id":41881,"date":"2018-05-04T11:57:39","date_gmt":"2018-05-04T16:57:39","guid":{"rendered":"http:\/\/www.lospoliticosveracruz.com.mx\/?p=41881"},"modified":"2018-05-04T11:57:39","modified_gmt":"2018-05-04T16:57:39","slug":"acaudaladas-campanas","status":"publish","type":"post","link":"https:\/\/lospoliticosveracruz.com\/?p=41881","title":{"rendered":"Acaudaladas campa\u00f1as"},"content":{"rendered":"<p class=\"s3\"><b><span class=\"s2\"><span class=\"bumpedFont15\">Naldy<\/span><\/span><span class=\"s2\"><span class=\"bumpedFont15\"> Rodr\u00edguez<\/span><\/span><\/b><\/p>\n<p class=\"s3\"><i>Transparencia 3.0<\/i><\/p>\n<p class=\"s3\">\n<p class=\"s3\">\n<p class=\"s3\"><span class=\"s4\"><span class=\"bumpedFont15\">Hasta 600 milones de pesos podr\u00e1n gastar en esta campa\u00f1a entre los cuatro candidatos a gobernador. La cifra representa un 100 por ciento m\u00e1s de lo autorizado en 2016 para ocupar el mismo cargo por un periodo de dos a\u00f1os.<\/span><\/span><\/p>\n<p class=\"s3\"><span class=\"s4\"><span class=\"bumpedFont15\">Aunque el Tribunal Electoral local orden\u00f3 reducir los topes de gastos de campa\u00f1a para la elecci\u00f3n de Veracruz, el OPLE dej\u00f3 <\/span><\/span><span class=\"s4\"><span class=\"bumpedFont15\">practicamente <\/span><\/span><span class=\"s4\"><span class=\"bumpedFont15\">sin cambios lo pactad<\/span><\/span><span class=\"s4\"><span class=\"bumpedFont15\">o, as\u00ed que cada uno de los \u201c4 fant\u00e1sticos\u201d podr\u00e1 gastar hasta 157 millones de peso<\/span><\/span><span class=\"s4\"><span class=\"bumpedFont15\">s; es decir 2.6 millones diarios en el periodo de campa\u00f1a.<\/span><\/span><\/p>\n<p class=\"s3\"><span class=\"s4\"><span class=\"bumpedFont15\">Para dimensionar el alcance del gasto en campa\u00f1a, piense en dos hospitales. Esos recursos alcanzar\u00edan para construir practicamente dos veces la famosa \u201cTorre Pedi\u00e1trica\u201d, que recientemente se inaugur\u00f3 en el estado de Veracruz y en la que se destinaron al menos <\/span><\/span><span class=\"s5\"><span class=\"bumpedFont15\">314 millones de pesos (entre construcci\u00f3n y equipamiento).<\/span><\/span><\/p>\n<p class=\"s3\"><span class=\"s2\"><span class=\"bumpedFont15\">En el caso de la eleccion de diputados locales, cada partido o coa<\/span><\/span><span class=\"s2\"><span class=\"bumpedFont15\">lici\u00f3n podr\u00e1 disponer como m\u00e1ximo<\/span><\/span> <span class=\"s2\"><span class=\"bumpedFont15\">de <\/span><\/span><span class=\"s2\"><span class=\"bumpedFont15\">94 millon<\/span><\/span><span class=\"s2\"><span class=\"bumpedFont15\">es de pesos, cantidad que los i<\/span><\/span><span class=\"s2\"><span class=\"bumpedFont15\">n<\/span><\/span><span class=\"s2\"><span class=\"bumpedFont15\">s<\/span><\/span><span class=\"s2\"><span class=\"bumpedFont15\">titutos deber<\/span><\/span><span class=\"s2\"><span class=\"bumpedFont15\">\u00e1n repartir en los 30 distritos, es decir entre 2.8 a 3.5 millones. As\u00ed cada candidato podr\u00e1 gastar cerca de 100 mil pesos diarios.<\/span><\/span><\/p>\n<p class=\"s3\"><span class=\"s2\"><span class=\"bumpedFont15\">Entonces <\/span><\/span><span class=\"s2\"><span class=\"bumpedFont15\">el presupuesto p\u00fablico y privado<\/span><\/span><span class=\"s2\"><span class=\"bumpedFont15\"> para la renovaci\u00f3n del Congreso local<\/span><\/span><span class=\"s2\"><span class=\"bumpedFont15\"> ascender\u00eda a los 376 millones de pesos, que junto con la elecci\u00f3n a gobernador suman un total de mil millones de pesos que se podr\u00e1n gastar en Veracruz.<\/span><\/span><\/p>\n<p class=\"s3\"><span class=\"s2\"><span class=\"bumpedFont15\">Durante el pasado proceso electoral, de manera oficial, los entonces candidatos a gobernador reportaron ante el INE un gasto en conjunto de 140 millones de pesos durante sus campa\u00f1as.<\/span><\/span><\/p>\n<p class=\"s3\"><span class=\"s2\"><span class=\"bumpedFont15\">Hace un a\u00f1o y medio, participaron en la contienda siete candidatos, y el que m\u00e1s gast\u00f3 de acuerdo a su propio reporte fue el del PRI, H\u00e9ctor Yunes Landa, con 59 millones de pesos; seguido del panista Miguel \u00c1ngel Yunes Linares con 49 millones de pesos.<\/span><\/span><\/p>\n<p class=\"s3\"><span class=\"s4\"><span class=\"bumpedFont15\">Se trata de los topes m\u00e1ximos para gastar en campa\u00f1a, esperemos \u00a0que no los alcance ning\u00fan candidato, que hagan m\u00e1s con menos y que prediquen con el ejemplo, porque los ciudadanos est\u00e1n cansados de excesos, de <\/span><\/span><span class=\"s4\"><span class=\"bumpedFont15\">que otros dilapiden \u00a0sus<\/span><\/span> <span class=\"s4\"><span class=\"bumpedFont15\">recursos, <\/span><\/span><span class=\"s4\"><span class=\"bumpedFont15\">de los <\/span><\/span><span class=\"s4\"><span class=\"bumpedFont15\">salarios onerosos y de los privilegios de unos cuantos.<\/span><\/span><\/p>\n<p class=\"s3\"><span class=\"s4\"><span class=\"bumpedFont15\">Pedimos <\/span><\/span><span class=\"s4\"><span class=\"bumpedFont15\">un poco de cordura<\/span><\/span><span class=\"s4\"><span class=\"bumpedFont15\"> y mesura <\/span><\/span><span class=\"s4\"><span class=\"bumpedFont15\">por parte de los candidatos que buscan el voto de la ciudadan\u00eda el 1 de julio, <\/span><\/span><span class=\"s4\"><span class=\"bumpedFont15\">que sean sensibles y emp\u00e1ticos con sus gobernados\u2026esperemos que esten a la altura.<\/span><\/span><\/p>\n<p class=\"s3\">\n<p class=\"s3\"><span class=\"s2\"><span class=\"bumpedFont15\">**<\/span><\/span><\/p>\n<p class=\"s3\"><span class=\"s6\"><span class=\"bumpedFont15\">Un viraje inesperado dio el Ople con el formato del debate entre los candidatos a gobernador; desech\u00f3 el esquema \u201cacartonado\u201d para permitir la retroalimentaci\u00f3n y discusi\u00f3n de ideas entre los abanderados que asistan. As\u00ed se decidi\u00f3 por un ejercicio <\/span><\/span><span class=\"s2\"><span class=\"bumpedFont15\">similar al realizado por el INE con \u00a0los presideciables.<\/span><\/span><\/p>\n<p class=\"s3\"><span class=\"s2\"><span class=\"bumpedFont15\">En Veracruz, los debates tendr\u00e1n una duraci\u00f3n entre 90 y 120 minutos, se realizar\u00e1n dos en Xalapa (Museo de Antropolog\u00eda de Xalapa) y en Boca del R\u00edo (en el Word Trade Center). \u00a0Tendr\u00e1n tres bloques tem\u00e1ticos, dividido en dos segmentos y se permitir\u00e1 que se confronten directamente los aspirantes al gobierno.<\/span><\/span><\/p>\n<p class=\"s3\"><span class=\"s2\"><span class=\"bumpedFont15\"><br \/>\n<\/span><\/span><span class=\"s2\"><span class=\"bumpedFont15\">Aunque exist\u00eda la <\/span><\/span><span class=\"s7\"><span class=\"bumpedFont15\">preocupaci\u00f3n de garantizar condiciones de igualdad a los candidatos, celebr\u00f3 la decisi\u00f3n en aras de la libertad de expresi\u00f3n y exigencia de los ciudadanos, se debe promover una cultura democr\u00e1tica y generar \u201cciudadan\u00eda\u201d.<\/span><\/span><\/p>\n<p class=\"s3\"><span class=\"s7\"><span class=\"bumpedFont15\">Cabe destacar tambi\u00e9n que el estado de Veracruz hay periodistas serios y profesionales que pueden garantizar la objetividad en un debate y realizar un ejercicio similar al encuentro nacional, en el que se aborden diferentes problem\u00e1ticas y se hagan cuestionamientos concretos.<\/span><\/span><\/p>\n<p class=\"s3\"><span class=\"s7\"><span class=\"bumpedFont15\">Los periodistas no somos un riesgo, ejercemos una labor que contribuye a consolidar la democracia.<\/span><\/span><\/p>\n<p class=\"s3\">\n<p class=\"s3\"><span class=\"s2\"><span class=\"bumpedFont15\">***<\/span><\/span><\/p>\n<p class=\"s3\">\n<p class=\"s3\"><span class=\"s2\"><span class=\"bumpedFont15\">Como todas las dem\u00e1s formas de convivencia <\/span><\/span><span class=\"s2\"><span class=\"bumpedFont15\">humana, nuestra sociedad moderna l\u00edquida es un artefacto que trata de hacernos llevadero el vivir con miedo: Zygmunt Bauman.<\/span><\/span><\/p>\n<p class=\"s3\">\n<p class=\"s3\"><span class=\"s2\"><span class=\"bumpedFont15\">Twitter: @ydlan<\/span><\/span><\/p>\n<p class=\"s3\"><span class=\"s2\"><span class=\"bumpedFont15\">Transparencia3.0@hotmail.com<\/span><\/span><\/p>\n","protected":false},"excerpt":{"rendered":"<p>Naldy Rodr\u00edguez Transparencia 3.0 Hasta 600 milones de pesos podr\u00e1n gastar en esta campa\u00f1a entre los cuatro candidatos a gobernador. La cifra representa un 100 por ciento m\u00e1s de lo autorizado en 2016 para ocupar el mismo cargo por un periodo de dos a\u00f1os. Aunque el Tribunal Electoral local orden\u00f3 reducir los topes de gastos [&hellip;]<\/p>\n","protected":false},"author":2,"featured_media":0,"comment_status":"open","ping_status":"open","sticky":false,"template":"","format":"standard","meta":{"tdm_status":"","tdm_grid_status":"","footnotes":""},"categories":[70],"tags":[2334,662,3272,8317],"class_list":{"0":"post-41881","1":"post","2":"type-post","3":"status-publish","4":"format-standard","6":"category-de-opinion","7":"tag-campanas","8":"tag-gubernatura","9":"tag-ople","10":"tag-tev"},"yoast_head":"<!-- This site is optimized with the Yoast SEO plugin v27.4 - https:\/\/yoast.com\/product\/yoast-seo-wordpress\/ -->\n<title>Acaudaladas campa\u00f1as - Los pol\u00edticos Veracruz<\/title>\n<meta name=\"robots\" content=\"index, follow, max-snippet:-1, max-image-preview:large, max-video-preview:-1\" \/>\n<link rel=\"canonical\" href=\"https:\/\/lospoliticosveracruz.com\/?p=41881\" \/>\n<meta property=\"og:locale\" content=\"es_ES\" \/>\n<meta property=\"og:type\" content=\"article\" \/>\n<meta property=\"og:title\" content=\"Acaudaladas campa\u00f1as - Los pol\u00edticos Veracruz\" \/>\n<meta property=\"og:description\" content=\"Naldy Rodr\u00edguez Transparencia 3.0 Hasta 600 milones de pesos podr\u00e1n gastar en esta campa\u00f1a entre los cuatro candidatos a gobernador. La cifra representa un 100 por ciento m\u00e1s de lo autorizado en 2016 para ocupar el mismo cargo por un periodo de dos a\u00f1os. Aunque el Tribunal Electoral local orden\u00f3 reducir los topes de gastos [&hellip;]\" \/>\n<meta property=\"og:url\" content=\"https:\/\/lospoliticosveracruz.com\/?p=41881\" \/>\n<meta property=\"og:site_name\" content=\"Los pol\u00edticos Veracruz\" \/>\n<meta property=\"article:publisher\" content=\"https:\/\/www.facebook.com\/people\/Notimemes-de-los-Polticos\/61565672886568\/\" \/>\n<meta property=\"article:published_time\" content=\"2018-05-04T16:57:39+00:00\" \/>\n<meta property=\"og:image\" content=\"https:\/\/lospoliticosveracruz.com\/wp-content\/uploads\/2016\/07\/Logo-Dor.jpg\" \/>\n\t<meta property=\"og:image:width\" content=\"200\" \/>\n\t<meta property=\"og:image:height\" content=\"200\" \/>\n\t<meta property=\"og:image:type\" content=\"image\/jpeg\" \/>\n<meta name=\"author\" content=\"Lo viste en Los Pol\u00edticos\" \/>\n<meta name=\"twitter:card\" content=\"summary_large_image\" \/>\n<meta name=\"twitter:creator\" content=\"@LosPoliticosVer\" \/>\n<meta name=\"twitter:site\" content=\"@LosPoliticosVer\" \/>\n<meta name=\"twitter:label1\" content=\"Escrito por\" \/>\n\t<meta name=\"twitter:data1\" content=\"Lo viste en Los Pol\u00edticos\" \/>\n\t<meta name=\"twitter:label2\" content=\"Tiempo de lectura\" \/>\n\t<meta name=\"twitter:data2\" content=\"3 minutos\" \/>\n<script type=\"application\/ld+json\" class=\"yoast-schema-graph\">{\"@context\":\"https:\\\/\\\/schema.org\",\"@graph\":[{\"@type\":\"Article\",\"@id\":\"https:\\\/\\\/lospoliticosveracruz.com\\\/?p=41881#article\",\"isPartOf\":{\"@id\":\"https:\\\/\\\/lospoliticosveracruz.com\\\/?p=41881\"},\"author\":{\"name\":\"Lo viste en Los Pol\u00edticos\",\"@id\":\"https:\\\/\\\/lospoliticosveracruz.com\\\/#\\\/schema\\\/person\\\/b8702bb0e538456e6efd07080bf2a4a2\"},\"headline\":\"Acaudaladas campa\u00f1as\",\"datePublished\":\"2018-05-04T16:57:39+00:00\",\"mainEntityOfPage\":{\"@id\":\"https:\\\/\\\/lospoliticosveracruz.com\\\/?p=41881\"},\"wordCount\":661,\"commentCount\":0,\"publisher\":{\"@id\":\"https:\\\/\\\/lospoliticosveracruz.com\\\/#organization\"},\"keywords\":[\"campa\u00f1as\",\"gubernatura\",\"OPLE\",\"TEV\"],\"articleSection\":[\"De Opini\u00f3n\"],\"inLanguage\":\"es\",\"potentialAction\":[{\"@type\":\"CommentAction\",\"name\":\"Comment\",\"target\":[\"https:\\\/\\\/lospoliticosveracruz.com\\\/?p=41881#respond\"]}]},{\"@type\":\"WebPage\",\"@id\":\"https:\\\/\\\/lospoliticosveracruz.com\\\/?p=41881\",\"url\":\"https:\\\/\\\/lospoliticosveracruz.com\\\/?p=41881\",\"name\":\"Acaudaladas campa\u00f1as - Los pol\u00edticos Veracruz\",\"isPartOf\":{\"@id\":\"https:\\\/\\\/lospoliticosveracruz.com\\\/#website\"},\"datePublished\":\"2018-05-04T16:57:39+00:00\",\"breadcrumb\":{\"@id\":\"https:\\\/\\\/lospoliticosveracruz.com\\\/?p=41881#breadcrumb\"},\"inLanguage\":\"es\",\"potentialAction\":[{\"@type\":\"ReadAction\",\"target\":[\"https:\\\/\\\/lospoliticosveracruz.com\\\/?p=41881\"]}]},{\"@type\":\"BreadcrumbList\",\"@id\":\"https:\\\/\\\/lospoliticosveracruz.com\\\/?p=41881#breadcrumb\",\"itemListElement\":[{\"@type\":\"ListItem\",\"position\":1,\"name\":\"Portada\",\"item\":\"https:\\\/\\\/lospoliticosveracruz.com\\\/\"},{\"@type\":\"ListItem\",\"position\":2,\"name\":\"Acaudaladas campa\u00f1as\"}]},{\"@type\":\"WebSite\",\"@id\":\"https:\\\/\\\/lospoliticosveracruz.com\\\/#website\",\"url\":\"https:\\\/\\\/lospoliticosveracruz.com\\\/\",\"name\":\"Los pol\u00edticos Veracruz\",\"description\":\"\",\"publisher\":{\"@id\":\"https:\\\/\\\/lospoliticosveracruz.com\\\/#organization\"},\"potentialAction\":[{\"@type\":\"SearchAction\",\"target\":{\"@type\":\"EntryPoint\",\"urlTemplate\":\"https:\\\/\\\/lospoliticosveracruz.com\\\/?s={search_term_string}\"},\"query-input\":{\"@type\":\"PropertyValueSpecification\",\"valueRequired\":true,\"valueName\":\"search_term_string\"}}],\"inLanguage\":\"es\"},{\"@type\":\"Organization\",\"@id\":\"https:\\\/\\\/lospoliticosveracruz.com\\\/#organization\",\"name\":\"Los pol\u00edticos Veracruz\",\"url\":\"https:\\\/\\\/lospoliticosveracruz.com\\\/\",\"logo\":{\"@type\":\"ImageObject\",\"inLanguage\":\"es\",\"@id\":\"https:\\\/\\\/lospoliticosveracruz.com\\\/#\\\/schema\\\/logo\\\/image\\\/\",\"url\":\"https:\\\/\\\/lospoliticosveracruz.com\\\/wp-content\\\/uploads\\\/2025\\\/12\\\/Logo-Nuevo-LOS-POLITICOS-1.jpg\",\"contentUrl\":\"https:\\\/\\\/lospoliticosveracruz.com\\\/wp-content\\\/uploads\\\/2025\\\/12\\\/Logo-Nuevo-LOS-POLITICOS-1.jpg\",\"width\":260,\"height\":70,\"caption\":\"Los pol\u00edticos Veracruz\"},\"image\":{\"@id\":\"https:\\\/\\\/lospoliticosveracruz.com\\\/#\\\/schema\\\/logo\\\/image\\\/\"},\"sameAs\":[\"https:\\\/\\\/www.facebook.com\\\/people\\\/Notimemes-de-los-Polticos\\\/61565672886568\\\/\",\"https:\\\/\\\/x.com\\\/LosPoliticosVer\"]},{\"@type\":\"Person\",\"@id\":\"https:\\\/\\\/lospoliticosveracruz.com\\\/#\\\/schema\\\/person\\\/b8702bb0e538456e6efd07080bf2a4a2\",\"name\":\"Lo viste en Los Pol\u00edticos\",\"image\":{\"@type\":\"ImageObject\",\"inLanguage\":\"es\",\"@id\":\"https:\\\/\\\/secure.gravatar.com\\\/avatar\\\/3a8de04a2656d44082be478bd6c086daa447c4651605818287b9532d3d0bd435?s=96&d=mm&r=g\",\"url\":\"https:\\\/\\\/secure.gravatar.com\\\/avatar\\\/3a8de04a2656d44082be478bd6c086daa447c4651605818287b9532d3d0bd435?s=96&d=mm&r=g\",\"contentUrl\":\"https:\\\/\\\/secure.gravatar.com\\\/avatar\\\/3a8de04a2656d44082be478bd6c086daa447c4651605818287b9532d3d0bd435?s=96&d=mm&r=g\",\"caption\":\"Lo viste en Los Pol\u00edticos\"},\"url\":\"https:\\\/\\\/lospoliticosveracruz.com\\\/?author=2\"}]}<\/script>\n<!-- \/ Yoast SEO plugin. -->","yoast_head_json":{"title":"Acaudaladas campa\u00f1as - Los pol\u00edticos Veracruz","robots":{"index":"index","follow":"follow","max-snippet":"max-snippet:-1","max-image-preview":"max-image-preview:large","max-video-preview":"max-video-preview:-1"},"canonical":"https:\/\/lospoliticosveracruz.com\/?p=41881","og_locale":"es_ES","og_type":"article","og_title":"Acaudaladas campa\u00f1as - Los pol\u00edticos Veracruz","og_description":"Naldy Rodr\u00edguez Transparencia 3.0 Hasta 600 milones de pesos podr\u00e1n gastar en esta campa\u00f1a entre los cuatro candidatos a gobernador. La cifra representa un 100 por ciento m\u00e1s de lo autorizado en 2016 para ocupar el mismo cargo por un periodo de dos a\u00f1os. Aunque el Tribunal Electoral local orden\u00f3 reducir los topes de gastos [&hellip;]","og_url":"https:\/\/lospoliticosveracruz.com\/?p=41881","og_site_name":"Los pol\u00edticos Veracruz","article_publisher":"https:\/\/www.facebook.com\/people\/Notimemes-de-los-Polticos\/61565672886568\/","article_published_time":"2018-05-04T16:57:39+00:00","og_image":[{"width":200,"height":200,"url":"https:\/\/lospoliticosveracruz.com\/wp-content\/uploads\/2016\/07\/Logo-Dor.jpg","type":"image\/jpeg"}],"author":"Lo viste en Los Pol\u00edticos","twitter_card":"summary_large_image","twitter_creator":"@LosPoliticosVer","twitter_site":"@LosPoliticosVer","twitter_misc":{"Escrito por":"Lo viste en Los Pol\u00edticos","Tiempo de lectura":"3 minutos"},"schema":{"@context":"https:\/\/schema.org","@graph":[{"@type":"Article","@id":"https:\/\/lospoliticosveracruz.com\/?p=41881#article","isPartOf":{"@id":"https:\/\/lospoliticosveracruz.com\/?p=41881"},"author":{"name":"Lo viste en Los Pol\u00edticos","@id":"https:\/\/lospoliticosveracruz.com\/#\/schema\/person\/b8702bb0e538456e6efd07080bf2a4a2"},"headline":"Acaudaladas campa\u00f1as","datePublished":"2018-05-04T16:57:39+00:00","mainEntityOfPage":{"@id":"https:\/\/lospoliticosveracruz.com\/?p=41881"},"wordCount":661,"commentCount":0,"publisher":{"@id":"https:\/\/lospoliticosveracruz.com\/#organization"},"keywords":["campa\u00f1as","gubernatura","OPLE","TEV"],"articleSection":["De Opini\u00f3n"],"inLanguage":"es","potentialAction":[{"@type":"CommentAction","name":"Comment","target":["https:\/\/lospoliticosveracruz.com\/?p=41881#respond"]}]},{"@type":"WebPage","@id":"https:\/\/lospoliticosveracruz.com\/?p=41881","url":"https:\/\/lospoliticosveracruz.com\/?p=41881","name":"Acaudaladas campa\u00f1as - Los pol\u00edticos Veracruz","isPartOf":{"@id":"https:\/\/lospoliticosveracruz.com\/#website"},"datePublished":"2018-05-04T16:57:39+00:00","breadcrumb":{"@id":"https:\/\/lospoliticosveracruz.com\/?p=41881#breadcrumb"},"inLanguage":"es","potentialAction":[{"@type":"ReadAction","target":["https:\/\/lospoliticosveracruz.com\/?p=41881"]}]},{"@type":"BreadcrumbList","@id":"https:\/\/lospoliticosveracruz.com\/?p=41881#breadcrumb","itemListElement":[{"@type":"ListItem","position":1,"name":"Portada","item":"https:\/\/lospoliticosveracruz.com\/"},{"@type":"ListItem","position":2,"name":"Acaudaladas campa\u00f1as"}]},{"@type":"WebSite","@id":"https:\/\/lospoliticosveracruz.com\/#website","url":"https:\/\/lospoliticosveracruz.com\/","name":"Los pol\u00edticos Veracruz","description":"","publisher":{"@id":"https:\/\/lospoliticosveracruz.com\/#organization"},"potentialAction":[{"@type":"SearchAction","target":{"@type":"EntryPoint","urlTemplate":"https:\/\/lospoliticosveracruz.com\/?s={search_term_string}"},"query-input":{"@type":"PropertyValueSpecification","valueRequired":true,"valueName":"search_term_string"}}],"inLanguage":"es"},{"@type":"Organization","@id":"https:\/\/lospoliticosveracruz.com\/#organization","name":"Los pol\u00edticos Veracruz","url":"https:\/\/lospoliticosveracruz.com\/","logo":{"@type":"ImageObject","inLanguage":"es","@id":"https:\/\/lospoliticosveracruz.com\/#\/schema\/logo\/image\/","url":"https:\/\/lospoliticosveracruz.com\/wp-content\/uploads\/2025\/12\/Logo-Nuevo-LOS-POLITICOS-1.jpg","contentUrl":"https:\/\/lospoliticosveracruz.com\/wp-content\/uploads\/2025\/12\/Logo-Nuevo-LOS-POLITICOS-1.jpg","width":260,"height":70,"caption":"Los pol\u00edticos Veracruz"},"image":{"@id":"https:\/\/lospoliticosveracruz.com\/#\/schema\/logo\/image\/"},"sameAs":["https:\/\/www.facebook.com\/people\/Notimemes-de-los-Polticos\/61565672886568\/","https:\/\/x.com\/LosPoliticosVer"]},{"@type":"Person","@id":"https:\/\/lospoliticosveracruz.com\/#\/schema\/person\/b8702bb0e538456e6efd07080bf2a4a2","name":"Lo viste en Los Pol\u00edticos","image":{"@type":"ImageObject","inLanguage":"es","@id":"https:\/\/secure.gravatar.com\/avatar\/3a8de04a2656d44082be478bd6c086daa447c4651605818287b9532d3d0bd435?s=96&d=mm&r=g","url":"https:\/\/secure.gravatar.com\/avatar\/3a8de04a2656d44082be478bd6c086daa447c4651605818287b9532d3d0bd435?s=96&d=mm&r=g","contentUrl":"https:\/\/secure.gravatar.com\/avatar\/3a8de04a2656d44082be478bd6c086daa447c4651605818287b9532d3d0bd435?s=96&d=mm&r=g","caption":"Lo viste en Los Pol\u00edticos"},"url":"https:\/\/lospoliticosveracruz.com\/?author=2"}]}},"_links":{"self":[{"href":"https:\/\/lospoliticosveracruz.com\/index.php?rest_route=\/wp\/v2\/posts\/41881","targetHints":{"allow":["GET"]}}],"collection":[{"href":"https:\/\/lospoliticosveracruz.com\/index.php?rest_route=\/wp\/v2\/posts"}],"about":[{"href":"https:\/\/lospoliticosveracruz.com\/index.php?rest_route=\/wp\/v2\/types\/post"}],"author":[{"embeddable":true,"href":"https:\/\/lospoliticosveracruz.com\/index.php?rest_route=\/wp\/v2\/users\/2"}],"replies":[{"embeddable":true,"href":"https:\/\/lospoliticosveracruz.com\/index.php?rest_route=%2Fwp%2Fv2%2Fcomments&post=41881"}],"version-history":[{"count":1,"href":"https:\/\/lospoliticosveracruz.com\/index.php?rest_route=\/wp\/v2\/posts\/41881\/revisions"}],"predecessor-version":[{"id":41882,"href":"https:\/\/lospoliticosveracruz.com\/index.php?rest_route=\/wp\/v2\/posts\/41881\/revisions\/41882"}],"wp:attachment":[{"href":"https:\/\/lospoliticosveracruz.com\/index.php?rest_route=%2Fwp%2Fv2%2Fmedia&parent=41881"}],"wp:term":[{"taxonomy":"category","embeddable":true,"href":"https:\/\/lospoliticosveracruz.com\/index.php?rest_route=%2Fwp%2Fv2%2Fcategories&post=41881"},{"taxonomy":"post_tag","embeddable":true,"href":"https:\/\/lospoliticosveracruz.com\/index.php?rest_route=%2Fwp%2Fv2%2Ftags&post=41881"}],"curies":[{"name":"wp","href":"https:\/\/api.w.org\/{rel}","templated":true}]}}