{"id":41883,"date":"2018-05-04T12:25:28","date_gmt":"2018-05-04T17:25:28","guid":{"rendered":"http:\/\/www.lospoliticosveracruz.com.mx\/?p=41883"},"modified":"2018-05-04T12:25:28","modified_gmt":"2018-05-04T17:25:28","slug":"gobierno-del-estado-ayuntamiento-relacion-tirante","status":"publish","type":"post","link":"https:\/\/lospoliticosveracruz.com\/?p=41883","title":{"rendered":"Gobierno del Estado-Ayuntamiento, relaci\u00f3n tirante"},"content":{"rendered":"<p class=\"m_-6736038052488434476MsoNoSpacing\"><b>Luis Alberto Romero<\/b><\/p>\n<p class=\"m_-6736038052488434476MsoNoSpacing\"><i>Hora Cero<\/i><\/p>\n<p class=\"m_-6736038052488434476MsoNoSpacing\">\n<p class=\"m_-6736038052488434476MsoNoSpacing\">\n<p class=\"m_-6736038052488434476MsoNoSpacing\">\n<p class=\"m_-6736038052488434476MsoNoSpacing\">Debido a las diferencias pol\u00edticas y los desencuentros entre las autoridades estatal y municipal, la relaci\u00f3n entre el gobernador Miguel \u00c1ngel Yunes Linares y el presidente municipal Hip\u00f3lito Rodr\u00edguez Herrero se ha vuelto tirante.<u><\/u><u><\/u><\/p>\n<p class=\"m_-6736038052488434476MsoNoSpacing\">En los \u00faltimos d\u00edas, ambos actores pol\u00edticos han evidenciado la mala relaci\u00f3n que prevalece y ello fue evidente durante la celebraci\u00f3n del desfile conmemorativo del D\u00eda del Trabajo, cuando el edil xalape\u00f1o opt\u00f3 por no presentarse al balc\u00f3n de Palacio de Gobierno y, en cambio, saludar a los trabajadores municipales desde la sede del Ayuntamiento.<u><\/u><u><\/u><\/p>\n<p class=\"m_-6736038052488434476MsoNoSpacing\">La decisi\u00f3n de Rodr\u00edguez Herrero, nos comentan, no fue gratuita; obedeci\u00f3 m\u00e1s que a las diferencias pol\u00edticas, a los actos de provocaci\u00f3n \u2013as\u00ed lo consideraron las autoridades surgidas del Movimiento de Regeneraci\u00f3n Nacional\u2013 que habr\u00edan sido orquestados o al menos aprobados de forma reciente desde el Palacio de Gobierno.<u><\/u><u><\/u><\/p>\n<p class=\"m_-6736038052488434476MsoNoSpacing\">Nos confirman que el gobernador veracruzano s\u00ed invit\u00f3 al presidente municipal al templete instalado en Palacio.<u><\/u><u><\/u><\/p>\n<p class=\"m_-6736038052488434476MsoNoSpacing\">El de Morena, sin embargo, estim\u00f3 que dicha invitaci\u00f3n era inaceptable, debido a que los ataques lanzados contra su administraci\u00f3n se han intensificado en fechas recientes.<u><\/u><u><\/u><\/p>\n<p class=\"m_-6736038052488434476MsoNoSpacing\">Dos d\u00edas antes del desfile conmemorativo del D\u00eda del Trabajo, por ejemplo, fueron colocados espectaculares contra el ayuntamiento encabezado por Rodr\u00edguez Herrero. La propaganda de la alianza PAN-PRD-MC dice \u201cXalapa no florece \u2013en alusi\u00f3n al eslogan del gobierno municipal\u2013, es hora de sembrar otra flor\u201d.<u><\/u><u><\/u><\/p>\n<p class=\"m_-6736038052488434476MsoNoSpacing\">Esa fue, nos dicen, la gota que derram\u00f3 el vaso.<u><\/u><u><\/u><\/p>\n<p class=\"m_-6736038052488434476MsoNoSpacing\">Antes de ello, el pasado <a dir=\"ltr\" href=\"x-apple-data-detectors:\/\/6\">domingo 29<\/a>, cuando arrancaban las campa\u00f1as de los candidatos a gobernador de Veracruz, al evento de Morena llegaron cuatro botargas con la figura del extinto presidente venezolano Hugo Ch\u00e1vez, lo que fue visto por dirigentes y simpatizantes de dicho partido como un intento de provocaci\u00f3n.<u><\/u><u><\/u><\/p>\n<p class=\"m_-6736038052488434476MsoNoSpacing\">En ese contexto se ubicar\u00edan tambi\u00e9n las protestas de los integrantes del sindicato de trabajadores de la Comisi\u00f3n Municipal de Agua Potable y Saneamiento, quienes durante el desfile amagaron con ir a la huelga, a pesar de que apenas dos meses antes hab\u00edan signado su contrato colectivo de trabajo.<u><\/u><u><\/u><\/p>\n<p class=\"m_-6736038052488434476MsoNoSpacing\">Lo mismo ocurre, nos dicen, con las protestas de un reducido grupo de tianguistas que se instala cada semana sobre la avenida Orizaba de Xalapa: se plantaron frente a Palacio Municipal pero unos d\u00edas antes hab\u00edan firmado una minuta sobre su reubicaci\u00f3n. El 18 de abril, los l\u00edderes de los comerciantes se reunieron con las autoridades de Xalapa y acordaron analizar alternativas para mejorar sus espacios de trabajo, respetando la movilidad urbana y las normas de higiene; pero luego una agrupaci\u00f3n denominada \u201cUni\u00f3n de Sindicatos y Organizaciones Populares\u201d se instal\u00f3 de forma permanente en la puerta principal de Palacio Municipal.<u><\/u><u><\/u><\/p>\n<p class=\"m_-6736038052488434476MsoNoSpacing\">Todo eso ha servido de abono para deteriorar la relaci\u00f3n entre el Gobierno del Estado y el Ayuntamiento de Xalapa, como qued\u00f3 demostrado el pasado primero de mayo.<u><\/u><u><\/u><\/p>\n<p class=\"m_-6736038052488434476MsoNoSpacing\">Por otro lado, sin importar quien gane en esa confrontaci\u00f3n entre las autoridades estatal y municipal, nada bueno se puede esperar de una relaci\u00f3n tan tirante. Al final, ojal\u00e1 exista espacio para la prudencia entre las partes; porque a fin de cuentas, las diferencias pol\u00edticas y partidistas no deben prevalecer por encima del respeto entre las instituciones.<u><\/u><u><\/u><\/p>\n<p class=\"m_-6736038052488434476MsoNoSpacing\"><u><\/u>\u00a0<u><\/u><\/p>\n<p class=\"m_-6736038052488434476MsoNoSpacing\"><u><\/u>\u00a0<u><\/u><\/p>\n<p class=\"m_-6736038052488434476MsoNoSpacing\"><b>Limpia p\u00fablica, bajo sospecha<u><\/u><u><\/u><\/b><\/p>\n<p class=\"m_-6736038052488434476MsoNoSpacing\">Hablando del Ayuntamiento de Xalapa, las autoridades municipales comienzan a ver con ojos de sospecha, recelo y desconfianza a los responsables del \u00e1rea de limpia p\u00fablica.<u><\/u><u><\/u><\/p>\n<p class=\"m_-6736038052488434476MsoNoSpacing\">Las fallas son tan recurrentes como las quejas ciudadanas y se ha detectado que los propios trabajadores podr\u00edan estar detr\u00e1s de una especie de sabotaje del servicio.<u><\/u><u><\/u><\/p>\n<p class=\"m_-6736038052488434476MsoNoSpacing\">A ello podr\u00eda atribuirse el problema, que en algunas colonias ha llegado al extremo de prolongarse durante dos semanas, por lo que el presidente municipal ya adelant\u00f3 que habr\u00e1 sanciones para los responsables\u2026 o para los irresponsables. @luisromero85<u><\/u><u><\/u><\/p>\n<p>&nbsp;<\/p>\n","protected":false},"excerpt":{"rendered":"<p>Luis Alberto Romero Hora Cero Debido a las diferencias pol\u00edticas y los desencuentros entre las autoridades estatal y municipal, la relaci\u00f3n entre el gobernador Miguel \u00c1ngel Yunes Linares y el presidente municipal Hip\u00f3lito Rodr\u00edguez Herrero se ha vuelto tirante. En los \u00faltimos d\u00edas, ambos actores pol\u00edticos han evidenciado la mala relaci\u00f3n que prevalece y ello [&hellip;]<\/p>\n","protected":false},"author":2,"featured_media":0,"comment_status":"open","ping_status":"open","sticky":false,"template":"","format":"standard","meta":{"tdm_status":"","tdm_grid_status":"","footnotes":""},"categories":[70],"tags":[2574,7620,11073],"class_list":{"0":"post-41883","1":"post","2":"type-post","3":"status-publish","4":"format-standard","6":"category-de-opinion","7":"tag-dia-del-trabajo","8":"tag-hipolito-rodriguez-herrero","9":"tag-miguel-angel-angel-yunes-linares"},"yoast_head":"<!-- This site is optimized with the Yoast SEO plugin v27.4 - https:\/\/yoast.com\/product\/yoast-seo-wordpress\/ -->\n<title>Gobierno del Estado-Ayuntamiento, relaci\u00f3n tirante - Los pol\u00edticos Veracruz<\/title>\n<meta name=\"robots\" content=\"index, follow, max-snippet:-1, max-image-preview:large, max-video-preview:-1\" \/>\n<link rel=\"canonical\" href=\"https:\/\/lospoliticosveracruz.com\/?p=41883\" \/>\n<meta property=\"og:locale\" content=\"es_ES\" \/>\n<meta property=\"og:type\" content=\"article\" \/>\n<meta property=\"og:title\" content=\"Gobierno del Estado-Ayuntamiento, relaci\u00f3n tirante - Los pol\u00edticos Veracruz\" \/>\n<meta property=\"og:description\" content=\"Luis Alberto Romero Hora Cero Debido a las diferencias pol\u00edticas y los desencuentros entre las autoridades estatal y municipal, la relaci\u00f3n entre el gobernador Miguel \u00c1ngel Yunes Linares y el presidente municipal Hip\u00f3lito Rodr\u00edguez Herrero se ha vuelto tirante. En los \u00faltimos d\u00edas, ambos actores pol\u00edticos han evidenciado la mala relaci\u00f3n que prevalece y ello [&hellip;]\" \/>\n<meta property=\"og:url\" content=\"https:\/\/lospoliticosveracruz.com\/?p=41883\" \/>\n<meta property=\"og:site_name\" content=\"Los pol\u00edticos Veracruz\" \/>\n<meta property=\"article:publisher\" content=\"https:\/\/www.facebook.com\/people\/Notimemes-de-los-Polticos\/61565672886568\/\" \/>\n<meta property=\"article:published_time\" content=\"2018-05-04T17:25:28+00:00\" \/>\n<meta property=\"og:image\" content=\"https:\/\/lospoliticosveracruz.com\/wp-content\/uploads\/2016\/07\/Logo-Dor.jpg\" \/>\n\t<meta property=\"og:image:width\" content=\"200\" \/>\n\t<meta property=\"og:image:height\" content=\"200\" \/>\n\t<meta property=\"og:image:type\" content=\"image\/jpeg\" \/>\n<meta name=\"author\" content=\"Lo viste en Los Pol\u00edticos\" \/>\n<meta name=\"twitter:card\" content=\"summary_large_image\" \/>\n<meta name=\"twitter:creator\" content=\"@LosPoliticosVer\" \/>\n<meta name=\"twitter:site\" content=\"@LosPoliticosVer\" \/>\n<meta name=\"twitter:label1\" content=\"Escrito por\" \/>\n\t<meta name=\"twitter:data1\" content=\"Lo viste en Los Pol\u00edticos\" \/>\n\t<meta name=\"twitter:label2\" content=\"Tiempo de lectura\" \/>\n\t<meta name=\"twitter:data2\" content=\"3 minutos\" \/>\n<script type=\"application\/ld+json\" class=\"yoast-schema-graph\">{\"@context\":\"https:\\\/\\\/schema.org\",\"@graph\":[{\"@type\":\"Article\",\"@id\":\"https:\\\/\\\/lospoliticosveracruz.com\\\/?p=41883#article\",\"isPartOf\":{\"@id\":\"https:\\\/\\\/lospoliticosveracruz.com\\\/?p=41883\"},\"author\":{\"name\":\"Lo viste en Los Pol\u00edticos\",\"@id\":\"https:\\\/\\\/lospoliticosveracruz.com\\\/#\\\/schema\\\/person\\\/b8702bb0e538456e6efd07080bf2a4a2\"},\"headline\":\"Gobierno del Estado-Ayuntamiento, relaci\u00f3n tirante\",\"datePublished\":\"2018-05-04T17:25:28+00:00\",\"mainEntityOfPage\":{\"@id\":\"https:\\\/\\\/lospoliticosveracruz.com\\\/?p=41883\"},\"wordCount\":670,\"commentCount\":0,\"publisher\":{\"@id\":\"https:\\\/\\\/lospoliticosveracruz.com\\\/#organization\"},\"keywords\":[\"D\u00eda del Trabajo\",\"Hip\u00f3lito Rodr\u00edguez Herrero\",\"Miguel \u00c1ngel \u00c1ngel Yunes Linares\"],\"articleSection\":[\"De Opini\u00f3n\"],\"inLanguage\":\"es\",\"potentialAction\":[{\"@type\":\"CommentAction\",\"name\":\"Comment\",\"target\":[\"https:\\\/\\\/lospoliticosveracruz.com\\\/?p=41883#respond\"]}]},{\"@type\":\"WebPage\",\"@id\":\"https:\\\/\\\/lospoliticosveracruz.com\\\/?p=41883\",\"url\":\"https:\\\/\\\/lospoliticosveracruz.com\\\/?p=41883\",\"name\":\"Gobierno del Estado-Ayuntamiento, relaci\u00f3n tirante - Los pol\u00edticos Veracruz\",\"isPartOf\":{\"@id\":\"https:\\\/\\\/lospoliticosveracruz.com\\\/#website\"},\"datePublished\":\"2018-05-04T17:25:28+00:00\",\"breadcrumb\":{\"@id\":\"https:\\\/\\\/lospoliticosveracruz.com\\\/?p=41883#breadcrumb\"},\"inLanguage\":\"es\",\"potentialAction\":[{\"@type\":\"ReadAction\",\"target\":[\"https:\\\/\\\/lospoliticosveracruz.com\\\/?p=41883\"]}]},{\"@type\":\"BreadcrumbList\",\"@id\":\"https:\\\/\\\/lospoliticosveracruz.com\\\/?p=41883#breadcrumb\",\"itemListElement\":[{\"@type\":\"ListItem\",\"position\":1,\"name\":\"Portada\",\"item\":\"https:\\\/\\\/lospoliticosveracruz.com\\\/\"},{\"@type\":\"ListItem\",\"position\":2,\"name\":\"Gobierno del Estado-Ayuntamiento, relaci\u00f3n tirante\"}]},{\"@type\":\"WebSite\",\"@id\":\"https:\\\/\\\/lospoliticosveracruz.com\\\/#website\",\"url\":\"https:\\\/\\\/lospoliticosveracruz.com\\\/\",\"name\":\"Los pol\u00edticos Veracruz\",\"description\":\"\",\"publisher\":{\"@id\":\"https:\\\/\\\/lospoliticosveracruz.com\\\/#organization\"},\"potentialAction\":[{\"@type\":\"SearchAction\",\"target\":{\"@type\":\"EntryPoint\",\"urlTemplate\":\"https:\\\/\\\/lospoliticosveracruz.com\\\/?s={search_term_string}\"},\"query-input\":{\"@type\":\"PropertyValueSpecification\",\"valueRequired\":true,\"valueName\":\"search_term_string\"}}],\"inLanguage\":\"es\"},{\"@type\":\"Organization\",\"@id\":\"https:\\\/\\\/lospoliticosveracruz.com\\\/#organization\",\"name\":\"Los pol\u00edticos Veracruz\",\"url\":\"https:\\\/\\\/lospoliticosveracruz.com\\\/\",\"logo\":{\"@type\":\"ImageObject\",\"inLanguage\":\"es\",\"@id\":\"https:\\\/\\\/lospoliticosveracruz.com\\\/#\\\/schema\\\/logo\\\/image\\\/\",\"url\":\"https:\\\/\\\/lospoliticosveracruz.com\\\/wp-content\\\/uploads\\\/2025\\\/12\\\/Logo-Nuevo-LOS-POLITICOS-1.jpg\",\"contentUrl\":\"https:\\\/\\\/lospoliticosveracruz.com\\\/wp-content\\\/uploads\\\/2025\\\/12\\\/Logo-Nuevo-LOS-POLITICOS-1.jpg\",\"width\":260,\"height\":70,\"caption\":\"Los pol\u00edticos Veracruz\"},\"image\":{\"@id\":\"https:\\\/\\\/lospoliticosveracruz.com\\\/#\\\/schema\\\/logo\\\/image\\\/\"},\"sameAs\":[\"https:\\\/\\\/www.facebook.com\\\/people\\\/Notimemes-de-los-Polticos\\\/61565672886568\\\/\",\"https:\\\/\\\/x.com\\\/LosPoliticosVer\"]},{\"@type\":\"Person\",\"@id\":\"https:\\\/\\\/lospoliticosveracruz.com\\\/#\\\/schema\\\/person\\\/b8702bb0e538456e6efd07080bf2a4a2\",\"name\":\"Lo viste en Los Pol\u00edticos\",\"image\":{\"@type\":\"ImageObject\",\"inLanguage\":\"es\",\"@id\":\"https:\\\/\\\/secure.gravatar.com\\\/avatar\\\/3a8de04a2656d44082be478bd6c086daa447c4651605818287b9532d3d0bd435?s=96&d=mm&r=g\",\"url\":\"https:\\\/\\\/secure.gravatar.com\\\/avatar\\\/3a8de04a2656d44082be478bd6c086daa447c4651605818287b9532d3d0bd435?s=96&d=mm&r=g\",\"contentUrl\":\"https:\\\/\\\/secure.gravatar.com\\\/avatar\\\/3a8de04a2656d44082be478bd6c086daa447c4651605818287b9532d3d0bd435?s=96&d=mm&r=g\",\"caption\":\"Lo viste en Los Pol\u00edticos\"},\"url\":\"https:\\\/\\\/lospoliticosveracruz.com\\\/?author=2\"}]}<\/script>\n<!-- \/ Yoast SEO plugin. -->","yoast_head_json":{"title":"Gobierno del Estado-Ayuntamiento, relaci\u00f3n tirante - Los pol\u00edticos Veracruz","robots":{"index":"index","follow":"follow","max-snippet":"max-snippet:-1","max-image-preview":"max-image-preview:large","max-video-preview":"max-video-preview:-1"},"canonical":"https:\/\/lospoliticosveracruz.com\/?p=41883","og_locale":"es_ES","og_type":"article","og_title":"Gobierno del Estado-Ayuntamiento, relaci\u00f3n tirante - Los pol\u00edticos Veracruz","og_description":"Luis Alberto Romero Hora Cero Debido a las diferencias pol\u00edticas y los desencuentros entre las autoridades estatal y municipal, la relaci\u00f3n entre el gobernador Miguel \u00c1ngel Yunes Linares y el presidente municipal Hip\u00f3lito Rodr\u00edguez Herrero se ha vuelto tirante. En los \u00faltimos d\u00edas, ambos actores pol\u00edticos han evidenciado la mala relaci\u00f3n que prevalece y ello [&hellip;]","og_url":"https:\/\/lospoliticosveracruz.com\/?p=41883","og_site_name":"Los pol\u00edticos Veracruz","article_publisher":"https:\/\/www.facebook.com\/people\/Notimemes-de-los-Polticos\/61565672886568\/","article_published_time":"2018-05-04T17:25:28+00:00","og_image":[{"width":200,"height":200,"url":"https:\/\/lospoliticosveracruz.com\/wp-content\/uploads\/2016\/07\/Logo-Dor.jpg","type":"image\/jpeg"}],"author":"Lo viste en Los Pol\u00edticos","twitter_card":"summary_large_image","twitter_creator":"@LosPoliticosVer","twitter_site":"@LosPoliticosVer","twitter_misc":{"Escrito por":"Lo viste en Los Pol\u00edticos","Tiempo de lectura":"3 minutos"},"schema":{"@context":"https:\/\/schema.org","@graph":[{"@type":"Article","@id":"https:\/\/lospoliticosveracruz.com\/?p=41883#article","isPartOf":{"@id":"https:\/\/lospoliticosveracruz.com\/?p=41883"},"author":{"name":"Lo viste en Los Pol\u00edticos","@id":"https:\/\/lospoliticosveracruz.com\/#\/schema\/person\/b8702bb0e538456e6efd07080bf2a4a2"},"headline":"Gobierno del Estado-Ayuntamiento, relaci\u00f3n tirante","datePublished":"2018-05-04T17:25:28+00:00","mainEntityOfPage":{"@id":"https:\/\/lospoliticosveracruz.com\/?p=41883"},"wordCount":670,"commentCount":0,"publisher":{"@id":"https:\/\/lospoliticosveracruz.com\/#organization"},"keywords":["D\u00eda del Trabajo","Hip\u00f3lito Rodr\u00edguez Herrero","Miguel \u00c1ngel \u00c1ngel Yunes Linares"],"articleSection":["De Opini\u00f3n"],"inLanguage":"es","potentialAction":[{"@type":"CommentAction","name":"Comment","target":["https:\/\/lospoliticosveracruz.com\/?p=41883#respond"]}]},{"@type":"WebPage","@id":"https:\/\/lospoliticosveracruz.com\/?p=41883","url":"https:\/\/lospoliticosveracruz.com\/?p=41883","name":"Gobierno del Estado-Ayuntamiento, relaci\u00f3n tirante - Los pol\u00edticos Veracruz","isPartOf":{"@id":"https:\/\/lospoliticosveracruz.com\/#website"},"datePublished":"2018-05-04T17:25:28+00:00","breadcrumb":{"@id":"https:\/\/lospoliticosveracruz.com\/?p=41883#breadcrumb"},"inLanguage":"es","potentialAction":[{"@type":"ReadAction","target":["https:\/\/lospoliticosveracruz.com\/?p=41883"]}]},{"@type":"BreadcrumbList","@id":"https:\/\/lospoliticosveracruz.com\/?p=41883#breadcrumb","itemListElement":[{"@type":"ListItem","position":1,"name":"Portada","item":"https:\/\/lospoliticosveracruz.com\/"},{"@type":"ListItem","position":2,"name":"Gobierno del Estado-Ayuntamiento, relaci\u00f3n tirante"}]},{"@type":"WebSite","@id":"https:\/\/lospoliticosveracruz.com\/#website","url":"https:\/\/lospoliticosveracruz.com\/","name":"Los pol\u00edticos Veracruz","description":"","publisher":{"@id":"https:\/\/lospoliticosveracruz.com\/#organization"},"potentialAction":[{"@type":"SearchAction","target":{"@type":"EntryPoint","urlTemplate":"https:\/\/lospoliticosveracruz.com\/?s={search_term_string}"},"query-input":{"@type":"PropertyValueSpecification","valueRequired":true,"valueName":"search_term_string"}}],"inLanguage":"es"},{"@type":"Organization","@id":"https:\/\/lospoliticosveracruz.com\/#organization","name":"Los pol\u00edticos Veracruz","url":"https:\/\/lospoliticosveracruz.com\/","logo":{"@type":"ImageObject","inLanguage":"es","@id":"https:\/\/lospoliticosveracruz.com\/#\/schema\/logo\/image\/","url":"https:\/\/lospoliticosveracruz.com\/wp-content\/uploads\/2025\/12\/Logo-Nuevo-LOS-POLITICOS-1.jpg","contentUrl":"https:\/\/lospoliticosveracruz.com\/wp-content\/uploads\/2025\/12\/Logo-Nuevo-LOS-POLITICOS-1.jpg","width":260,"height":70,"caption":"Los pol\u00edticos Veracruz"},"image":{"@id":"https:\/\/lospoliticosveracruz.com\/#\/schema\/logo\/image\/"},"sameAs":["https:\/\/www.facebook.com\/people\/Notimemes-de-los-Polticos\/61565672886568\/","https:\/\/x.com\/LosPoliticosVer"]},{"@type":"Person","@id":"https:\/\/lospoliticosveracruz.com\/#\/schema\/person\/b8702bb0e538456e6efd07080bf2a4a2","name":"Lo viste en Los Pol\u00edticos","image":{"@type":"ImageObject","inLanguage":"es","@id":"https:\/\/secure.gravatar.com\/avatar\/3a8de04a2656d44082be478bd6c086daa447c4651605818287b9532d3d0bd435?s=96&d=mm&r=g","url":"https:\/\/secure.gravatar.com\/avatar\/3a8de04a2656d44082be478bd6c086daa447c4651605818287b9532d3d0bd435?s=96&d=mm&r=g","contentUrl":"https:\/\/secure.gravatar.com\/avatar\/3a8de04a2656d44082be478bd6c086daa447c4651605818287b9532d3d0bd435?s=96&d=mm&r=g","caption":"Lo viste en Los Pol\u00edticos"},"url":"https:\/\/lospoliticosveracruz.com\/?author=2"}]}},"_links":{"self":[{"href":"https:\/\/lospoliticosveracruz.com\/index.php?rest_route=\/wp\/v2\/posts\/41883","targetHints":{"allow":["GET"]}}],"collection":[{"href":"https:\/\/lospoliticosveracruz.com\/index.php?rest_route=\/wp\/v2\/posts"}],"about":[{"href":"https:\/\/lospoliticosveracruz.com\/index.php?rest_route=\/wp\/v2\/types\/post"}],"author":[{"embeddable":true,"href":"https:\/\/lospoliticosveracruz.com\/index.php?rest_route=\/wp\/v2\/users\/2"}],"replies":[{"embeddable":true,"href":"https:\/\/lospoliticosveracruz.com\/index.php?rest_route=%2Fwp%2Fv2%2Fcomments&post=41883"}],"version-history":[{"count":1,"href":"https:\/\/lospoliticosveracruz.com\/index.php?rest_route=\/wp\/v2\/posts\/41883\/revisions"}],"predecessor-version":[{"id":41884,"href":"https:\/\/lospoliticosveracruz.com\/index.php?rest_route=\/wp\/v2\/posts\/41883\/revisions\/41884"}],"wp:attachment":[{"href":"https:\/\/lospoliticosveracruz.com\/index.php?rest_route=%2Fwp%2Fv2%2Fmedia&parent=41883"}],"wp:term":[{"taxonomy":"category","embeddable":true,"href":"https:\/\/lospoliticosveracruz.com\/index.php?rest_route=%2Fwp%2Fv2%2Fcategories&post=41883"},{"taxonomy":"post_tag","embeddable":true,"href":"https:\/\/lospoliticosveracruz.com\/index.php?rest_route=%2Fwp%2Fv2%2Ftags&post=41883"}],"curies":[{"name":"wp","href":"https:\/\/api.w.org\/{rel}","templated":true}]}}