{"id":41895,"date":"2018-05-04T17:30:47","date_gmt":"2018-05-04T22:30:47","guid":{"rendered":"http:\/\/www.lospoliticosveracruz.com.mx\/?p=41895"},"modified":"2018-05-04T17:33:03","modified_gmt":"2018-05-04T22:33:03","slug":"ruben-pabello-y-norma-trujillo-merito-2018-veloa","status":"publish","type":"post","link":"https:\/\/lospoliticosveracruz.com\/?p=41895","title":{"rendered":"Rub\u00e9n Pabello y Norma Trujillo, M\u00e9rito 2018: Veloa"},"content":{"rendered":"<p>La asociaci\u00f3n civil Veracruzanas L\u00edderes de Acci\u00f3n y Opini\u00f3n, VELOA, entreg\u00f3 al Dr. Rub\u00e9n Pabello Rojas la Medalla M\u00e9rito 2018 por su brillante trayectoria en la comunicaci\u00f3n y periodismo.<br \/>\nAdem\u00e1s la periodista Norma Trujillo B\u00e1ez, del colectivo de Voz Alterna se hizo merecedora del Reconocimiento y medalla M\u00e9rito 2018, por la promoci\u00f3n y defensa de los Derechos de las y los periodistas.<br \/>\nEn una jornada de reflexi\u00f3n y an\u00e1lisis con motivo del 25 aniversario del D\u00eda de la libertad de Prensa establecido por la UNESCO, se reconoci\u00f3 el aporte period\u00edstico, acad\u00e9mico y pol\u00edtico por una prensa libre de quienes se congregaron en fraternal convivio.<br \/>\nLa Presidenta de VELOA Antrop. Billie Parker M\u00e9ndez, exhort\u00f3 a los presentes a recuperar al periodismo veracruzano y retomar la fuerza y el \u00e1nimo del que fue uno de los grandes pilares de la informaci\u00f3n nacional.<br \/>\n\u201cEl periodismo veracruzano necesita de esa mirada introspectiva para acallar esas voces que hoy cuestionan y descalifican a las y los periodistas veracruzanos. Hoy nos toca iniciar jornadas de reflexi\u00f3n en cualquier trinchera que nos encontremos. Alzar nuestra voz y exigir trato digno\u201d, se\u00f1al\u00f3.<br \/>\nEn su intervenci\u00f3n el Director General de El Heraldo de Veracruz, Dr Rub\u00e9n Pabello Rojas, refiri\u00f3 que la situaci\u00f3n de violencia actual afecta, no solo a la libertad de prensa, sino a toda la sociedad al reconocer que hay circunstancias negativas que rodean al proceso period\u00edstico y exhort\u00f3 a realizar un an\u00e1lisis de la situaci\u00f3n que rodea la labor de informar.<\/p>\n<p><a href=\"http:\/\/www.lospoliticosveracruz.com.mx\/wp-content\/uploads\/2018\/05\/Rub\u00e9n-Pabello-Rojas-Veloa.jpeg\"><img loading=\"lazy\" decoding=\"async\" class=\"aligncenter size-full wp-image-41894\" src=\"http:\/\/www.lospoliticosveracruz.com.mx\/wp-content\/uploads\/2018\/05\/Rub\u00e9n-Pabello-Rojas-Veloa.jpeg\" alt=\"Rub\u00e9n Pabello Rojas Veloa\" width=\"800\" height=\"600\" \/><\/a><br \/>\n\u201cEstamos en circunstancias que nadie hubiera querido enfrentar, asistir, vivir y que forman parte de la evoluci\u00f3n general global de todo un estado de cosas que abarca a toda la comunidad social \u201c, refiri\u00f3 el destacado comunicador.<br \/>\nLa galardonada Periodista Norma Trujillo B\u00e1ez evoc\u00f3 a los periodistas que perdieron la vida en el ejercicio de su profesi\u00f3n, \u201cque aqu\u00ed en la entidad tenemos 23 compa\u00f1eros asesinados y 6 desaparecidos\u201d, todos en la impunidad y sin contemplar la libertad de expresi\u00f3n, en el 99 por ciento de los casos de asesinatos desde el 2012 a la fecha, porque no se ha investigado el trabajo period\u00edstico de los comunicadores privados de la vida\u201d.<br \/>\n\u201cEn el caso del amigo y compa\u00f1ero del Colectivo Voz Alterna, Rub\u00e9n Espinosa, se da una doble violaci\u00f3n a los derechos, por un lado su derecho a la vida y por el otro, una violaci\u00f3n al derecho humano a la libertad de expresi\u00f3n, fue un compa\u00f1ero que en el 2013 se uni\u00f3 a un peque\u00f1o grupo que desde el 2012 salimos a la calle para exigir justicia y freno a los asesinatos de los dem\u00e1s colegas Rub\u00e9n fue parte de ese grupo que irrumpimos, que nos opusimos y oponemos ante los cr\u00edmenes del gobierno duartista, nos enfrentamos a esa administraci\u00f3n plagada de corrupci\u00f3n, pero ese enfrentamiento le vali\u00f3 su vida\u201d.<br \/>\nEn su intervenci\u00f3n la Dra. Rebecca Arenas Expres\u00f3, a nombre de VELOA, solidaridad con los periodistas y medios que han sido v\u00edctimas de la violencia y reiter\u00f3 la demanda porque el Estado garantice la seguridad de los periodistas y trabajadores de los medios de comunicaci\u00f3n como un asunto urgente.<br \/>\n\u201cNo hay peor censura que la de eliminar la vida de quienes est\u00e1n cumpliendo con la tarea de informar. No es s\u00f3lo un ataque a la vida del comunicador, y cercenar con ello la libertad de expresi\u00f3n, sino que tambi\u00e9n se est\u00e1 atacando a toda la sociedad en su conjunto, impidiendo que reciba informaci\u00f3n, ya que genera un efecto inhibidor en el resto de los periodistas. Un flagelo que se agrava ante la impunidad imperante, el mayor incentivo para seguir delinquiendo\u201d.<br \/>\nDestacado periodistas, directores de medios, empresarios de la comunicaci\u00f3n, columnistas y funcionarios avalaron con c\u00e1lidos aplausos los homenajes a Don Rub\u00e9n Pabello Rojas y la periodista Norma Trujillo B\u00e1ez.<br \/>\nLa secretaria General de VELOA Evangelina Rizzo refiri\u00f3 que el reconocimiento al Dr. Rub\u00e9n Pabello Rojas, como un hombre aliado de las mujeres y su trayectoria en el periodismo fue motivado por ser un \u201chombre sabio, reconocido pol\u00edtico y periodista por herencia y convicci\u00f3n , principalmente amigo, funcionario, acad\u00e9mico, escritor y periodista\u201d.<\/p>\n<p>\u201cEl doctor Rub\u00e9n Pabello Rojas. En su amplia trayectoria Profesional y de Vida ha sido Funcionario, legislador, investigador y formador de generaciones, Rub\u00e9n Pabello Rojas, ha tenido diferentes facetas, pero la de periodista y directivo de medios de comunicaci\u00f3n lo trae de herencia. Desde su corta edad, aprendi\u00f3 todo el proceso del peri\u00f3dico impreso, al lado de su padre, Don Rub\u00e9n Pabello Acosta, fundador del Diario de Xalapa\u201d.<br \/>\nEn distintos \u00e1mbitos de Veracruz y M\u00e9xico, el estadista jurisconsulto y humanista, imprimi\u00f3 su sello personal en cada una de las tareas emprendidas con decisi\u00f3n pero sobre todo preocupad por heredar un legado constructivo.<br \/>\nAl anunciar el premio de Norma Trujillo B\u00e1ez, fundadora del colectivo Voz Alterna, ante los periodista reunidos con motivo del 25 aniversario de una fecha la dirigente de Veloa precis\u00f3 que no se premiaba una investigaci\u00f3n period\u00edstica, sino la trayectoria profesional de una valiente periodista mexicana por su trabajo en la defensa de los derechos humanos de las y los reporteros para beneficio de la libertad de expresi\u00f3n.<br \/>\nDe la periodista Norma Trujillo B\u00e1ez, La Mtra. Naldy Rodr\u00edguez, Comisionada de transparencia en la asociaci\u00f3n dio lectura a su semblanza y refiri\u00f3 que la acreditada reportera ha destacado en la defensa de los derechos humanos de las y los periodistas, contribuyendo con su voz a visibilizar y promover que los compa\u00f1eros ejerzan su labor informativa con menores riesgos.<br \/>\nPresentes Elsa de Le\u00f3n, Elena Fiorenzanno, Virginia Dur\u00e1n, Edith Berl\u00edn, Yolanda Lagunes Carolina Viveros, Amparo \u00c1lvarez Castilla, Olivia Calzada de Carvajal, Noem\u00ed Brito, Leticia Rosado, Ana Ana Laura P\u00e9rez Mendoza, Teresa Carvajal, Ana Ruth Ferrer, Marcela Pabello, M\u00f3nica Mendoza, Silvia Sig\u00fcenza, Patricia Rangel, Magdalena Baizabal Arcos, Odila Romero, Mary Carmen Delf\u00edn, Claudia Bautista, Carmen V\u00e1zquez, y otras mujeres periodistas y l\u00edderes de la regi\u00f3n centro de Veracruz.<br \/>\nDestacados periodistas y columnistas como Melit\u00f3n Morales, Jos\u00e9 Luis Santiago, Carlos Jes\u00fas Rodr\u00edguez, Edgar Hern\u00e1ndez, Jos\u00e9 Valencia, Ezequiel Casta\u00f1eda Quirino Moreno, Luis Ram\u00edrez Baqueiro, Fernando Batiza; Juan David Castilla Arcos, Rafael Aguilar, Fito Soler; Aurelio Contreras, David Cuevas, Tito Barqu\u00edn, Salvador Mu\u00f1oz, Andr\u00e9s Hondall, Sergio Gonz\u00e1lez, Arturo Reyes, Mario Lozano, Jos\u00e9 Luis Ortega, Ernesto Rizzo, Raciel Rold\u00e1n, Antonio Medina, Alberto Calder\u00f3n, Daniel Cortina, Rogelio Rojas, Gaspar Fuentes, Emanuel Palafox, Melesio Carrillo, entre otros.<\/p>\n","protected":false},"excerpt":{"rendered":"<p>La asociaci\u00f3n civil Veracruzanas L\u00edderes de Acci\u00f3n y Opini\u00f3n, VELOA, entreg\u00f3 al Dr. Rub\u00e9n Pabello Rojas la Medalla M\u00e9rito 2018 por su brillante trayectoria en la comunicaci\u00f3n y periodismo. Adem\u00e1s la periodista Norma Trujillo B\u00e1ez, del colectivo de Voz Alterna se hizo merecedora del Reconocimiento y medalla M\u00e9rito 2018, por la promoci\u00f3n y defensa de [&hellip;]<\/p>\n","protected":false},"author":2,"featured_media":0,"comment_status":"open","ping_status":"open","sticky":false,"template":"","format":"standard","meta":{"tdm_status":"","tdm_grid_status":"","footnotes":""},"categories":[1],"tags":[11604,856],"class_list":{"0":"post-41895","1":"post","2":"type-post","3":"status-publish","4":"format-standard","6":"category-sin-categoria","7":"tag-norma-trujullo-baez","8":"tag-ruben-pabello-rojas"},"yoast_head":"<!-- This site is optimized with the Yoast SEO plugin v27.4 - https:\/\/yoast.com\/product\/yoast-seo-wordpress\/ -->\n<title>Rub\u00e9n Pabello y Norma Trujillo, M\u00e9rito 2018: Veloa - Los pol\u00edticos Veracruz<\/title>\n<meta name=\"robots\" content=\"index, follow, max-snippet:-1, max-image-preview:large, max-video-preview:-1\" \/>\n<link rel=\"canonical\" href=\"https:\/\/lospoliticosveracruz.com\/?p=41895\" \/>\n<meta property=\"og:locale\" content=\"es_ES\" \/>\n<meta property=\"og:type\" content=\"article\" \/>\n<meta property=\"og:title\" content=\"Rub\u00e9n Pabello y Norma Trujillo, M\u00e9rito 2018: Veloa - Los pol\u00edticos Veracruz\" \/>\n<meta property=\"og:description\" content=\"La asociaci\u00f3n civil Veracruzanas L\u00edderes de Acci\u00f3n y Opini\u00f3n, VELOA, entreg\u00f3 al Dr. Rub\u00e9n Pabello Rojas la Medalla M\u00e9rito 2018 por su brillante trayectoria en la comunicaci\u00f3n y periodismo. Adem\u00e1s la periodista Norma Trujillo B\u00e1ez, del colectivo de Voz Alterna se hizo merecedora del Reconocimiento y medalla M\u00e9rito 2018, por la promoci\u00f3n y defensa de [&hellip;]\" \/>\n<meta property=\"og:url\" content=\"https:\/\/lospoliticosveracruz.com\/?p=41895\" \/>\n<meta property=\"og:site_name\" content=\"Los pol\u00edticos Veracruz\" \/>\n<meta property=\"article:publisher\" content=\"https:\/\/www.facebook.com\/people\/Notimemes-de-los-Polticos\/61565672886568\/\" \/>\n<meta property=\"article:published_time\" content=\"2018-05-04T22:30:47+00:00\" \/>\n<meta property=\"article:modified_time\" content=\"2018-05-04T22:33:03+00:00\" \/>\n<meta property=\"og:image\" content=\"https:\/\/lospoliticosveracruz.com\/wp-content\/uploads\/2016\/07\/Logo-Dor.jpg\" \/>\n\t<meta property=\"og:image:width\" content=\"200\" \/>\n\t<meta property=\"og:image:height\" content=\"200\" \/>\n\t<meta property=\"og:image:type\" content=\"image\/jpeg\" \/>\n<meta name=\"author\" content=\"Lo viste en Los Pol\u00edticos\" \/>\n<meta name=\"twitter:card\" content=\"summary_large_image\" \/>\n<meta name=\"twitter:creator\" content=\"@LosPoliticosVer\" \/>\n<meta name=\"twitter:site\" content=\"@LosPoliticosVer\" \/>\n<meta name=\"twitter:label1\" content=\"Escrito por\" \/>\n\t<meta name=\"twitter:data1\" content=\"Lo viste en Los Pol\u00edticos\" \/>\n\t<meta name=\"twitter:label2\" content=\"Tiempo de lectura\" \/>\n\t<meta name=\"twitter:data2\" content=\"6 minutos\" \/>\n<script type=\"application\/ld+json\" class=\"yoast-schema-graph\">{\"@context\":\"https:\\\/\\\/schema.org\",\"@graph\":[{\"@type\":\"Article\",\"@id\":\"https:\\\/\\\/lospoliticosveracruz.com\\\/?p=41895#article\",\"isPartOf\":{\"@id\":\"https:\\\/\\\/lospoliticosveracruz.com\\\/?p=41895\"},\"author\":{\"name\":\"Lo viste en Los Pol\u00edticos\",\"@id\":\"https:\\\/\\\/lospoliticosveracruz.com\\\/#\\\/schema\\\/person\\\/b8702bb0e538456e6efd07080bf2a4a2\"},\"headline\":\"Rub\u00e9n Pabello y Norma Trujillo, M\u00e9rito 2018: Veloa\",\"datePublished\":\"2018-05-04T22:30:47+00:00\",\"dateModified\":\"2018-05-04T22:33:03+00:00\",\"mainEntityOfPage\":{\"@id\":\"https:\\\/\\\/lospoliticosveracruz.com\\\/?p=41895\"},\"wordCount\":1141,\"commentCount\":0,\"publisher\":{\"@id\":\"https:\\\/\\\/lospoliticosveracruz.com\\\/#organization\"},\"keywords\":[\"Norma Trujullo B\u00e1ez\",\"Rub\u00e9n Pabello Rojas\"],\"inLanguage\":\"es\",\"potentialAction\":[{\"@type\":\"CommentAction\",\"name\":\"Comment\",\"target\":[\"https:\\\/\\\/lospoliticosveracruz.com\\\/?p=41895#respond\"]}]},{\"@type\":\"WebPage\",\"@id\":\"https:\\\/\\\/lospoliticosveracruz.com\\\/?p=41895\",\"url\":\"https:\\\/\\\/lospoliticosveracruz.com\\\/?p=41895\",\"name\":\"Rub\u00e9n Pabello y Norma Trujillo, M\u00e9rito 2018: Veloa - Los pol\u00edticos Veracruz\",\"isPartOf\":{\"@id\":\"https:\\\/\\\/lospoliticosveracruz.com\\\/#website\"},\"datePublished\":\"2018-05-04T22:30:47+00:00\",\"dateModified\":\"2018-05-04T22:33:03+00:00\",\"breadcrumb\":{\"@id\":\"https:\\\/\\\/lospoliticosveracruz.com\\\/?p=41895#breadcrumb\"},\"inLanguage\":\"es\",\"potentialAction\":[{\"@type\":\"ReadAction\",\"target\":[\"https:\\\/\\\/lospoliticosveracruz.com\\\/?p=41895\"]}]},{\"@type\":\"BreadcrumbList\",\"@id\":\"https:\\\/\\\/lospoliticosveracruz.com\\\/?p=41895#breadcrumb\",\"itemListElement\":[{\"@type\":\"ListItem\",\"position\":1,\"name\":\"Portada\",\"item\":\"https:\\\/\\\/lospoliticosveracruz.com\\\/\"},{\"@type\":\"ListItem\",\"position\":2,\"name\":\"Rub\u00e9n Pabello y Norma Trujillo, M\u00e9rito 2018: Veloa\"}]},{\"@type\":\"WebSite\",\"@id\":\"https:\\\/\\\/lospoliticosveracruz.com\\\/#website\",\"url\":\"https:\\\/\\\/lospoliticosveracruz.com\\\/\",\"name\":\"Los pol\u00edticos Veracruz\",\"description\":\"\",\"publisher\":{\"@id\":\"https:\\\/\\\/lospoliticosveracruz.com\\\/#organization\"},\"potentialAction\":[{\"@type\":\"SearchAction\",\"target\":{\"@type\":\"EntryPoint\",\"urlTemplate\":\"https:\\\/\\\/lospoliticosveracruz.com\\\/?s={search_term_string}\"},\"query-input\":{\"@type\":\"PropertyValueSpecification\",\"valueRequired\":true,\"valueName\":\"search_term_string\"}}],\"inLanguage\":\"es\"},{\"@type\":\"Organization\",\"@id\":\"https:\\\/\\\/lospoliticosveracruz.com\\\/#organization\",\"name\":\"Los pol\u00edticos Veracruz\",\"url\":\"https:\\\/\\\/lospoliticosveracruz.com\\\/\",\"logo\":{\"@type\":\"ImageObject\",\"inLanguage\":\"es\",\"@id\":\"https:\\\/\\\/lospoliticosveracruz.com\\\/#\\\/schema\\\/logo\\\/image\\\/\",\"url\":\"https:\\\/\\\/lospoliticosveracruz.com\\\/wp-content\\\/uploads\\\/2025\\\/12\\\/Logo-Nuevo-LOS-POLITICOS-1.jpg\",\"contentUrl\":\"https:\\\/\\\/lospoliticosveracruz.com\\\/wp-content\\\/uploads\\\/2025\\\/12\\\/Logo-Nuevo-LOS-POLITICOS-1.jpg\",\"width\":260,\"height\":70,\"caption\":\"Los pol\u00edticos Veracruz\"},\"image\":{\"@id\":\"https:\\\/\\\/lospoliticosveracruz.com\\\/#\\\/schema\\\/logo\\\/image\\\/\"},\"sameAs\":[\"https:\\\/\\\/www.facebook.com\\\/people\\\/Notimemes-de-los-Polticos\\\/61565672886568\\\/\",\"https:\\\/\\\/x.com\\\/LosPoliticosVer\"]},{\"@type\":\"Person\",\"@id\":\"https:\\\/\\\/lospoliticosveracruz.com\\\/#\\\/schema\\\/person\\\/b8702bb0e538456e6efd07080bf2a4a2\",\"name\":\"Lo viste en Los Pol\u00edticos\",\"image\":{\"@type\":\"ImageObject\",\"inLanguage\":\"es\",\"@id\":\"https:\\\/\\\/secure.gravatar.com\\\/avatar\\\/3a8de04a2656d44082be478bd6c086daa447c4651605818287b9532d3d0bd435?s=96&d=mm&r=g\",\"url\":\"https:\\\/\\\/secure.gravatar.com\\\/avatar\\\/3a8de04a2656d44082be478bd6c086daa447c4651605818287b9532d3d0bd435?s=96&d=mm&r=g\",\"contentUrl\":\"https:\\\/\\\/secure.gravatar.com\\\/avatar\\\/3a8de04a2656d44082be478bd6c086daa447c4651605818287b9532d3d0bd435?s=96&d=mm&r=g\",\"caption\":\"Lo viste en Los Pol\u00edticos\"},\"url\":\"https:\\\/\\\/lospoliticosveracruz.com\\\/?author=2\"}]}<\/script>\n<!-- \/ Yoast SEO plugin. -->","yoast_head_json":{"title":"Rub\u00e9n Pabello y Norma Trujillo, M\u00e9rito 2018: Veloa - Los pol\u00edticos Veracruz","robots":{"index":"index","follow":"follow","max-snippet":"max-snippet:-1","max-image-preview":"max-image-preview:large","max-video-preview":"max-video-preview:-1"},"canonical":"https:\/\/lospoliticosveracruz.com\/?p=41895","og_locale":"es_ES","og_type":"article","og_title":"Rub\u00e9n Pabello y Norma Trujillo, M\u00e9rito 2018: Veloa - Los pol\u00edticos Veracruz","og_description":"La asociaci\u00f3n civil Veracruzanas L\u00edderes de Acci\u00f3n y Opini\u00f3n, VELOA, entreg\u00f3 al Dr. Rub\u00e9n Pabello Rojas la Medalla M\u00e9rito 2018 por su brillante trayectoria en la comunicaci\u00f3n y periodismo. Adem\u00e1s la periodista Norma Trujillo B\u00e1ez, del colectivo de Voz Alterna se hizo merecedora del Reconocimiento y medalla M\u00e9rito 2018, por la promoci\u00f3n y defensa de [&hellip;]","og_url":"https:\/\/lospoliticosveracruz.com\/?p=41895","og_site_name":"Los pol\u00edticos Veracruz","article_publisher":"https:\/\/www.facebook.com\/people\/Notimemes-de-los-Polticos\/61565672886568\/","article_published_time":"2018-05-04T22:30:47+00:00","article_modified_time":"2018-05-04T22:33:03+00:00","og_image":[{"width":200,"height":200,"url":"https:\/\/lospoliticosveracruz.com\/wp-content\/uploads\/2016\/07\/Logo-Dor.jpg","type":"image\/jpeg"}],"author":"Lo viste en Los Pol\u00edticos","twitter_card":"summary_large_image","twitter_creator":"@LosPoliticosVer","twitter_site":"@LosPoliticosVer","twitter_misc":{"Escrito por":"Lo viste en Los Pol\u00edticos","Tiempo de lectura":"6 minutos"},"schema":{"@context":"https:\/\/schema.org","@graph":[{"@type":"Article","@id":"https:\/\/lospoliticosveracruz.com\/?p=41895#article","isPartOf":{"@id":"https:\/\/lospoliticosveracruz.com\/?p=41895"},"author":{"name":"Lo viste en Los Pol\u00edticos","@id":"https:\/\/lospoliticosveracruz.com\/#\/schema\/person\/b8702bb0e538456e6efd07080bf2a4a2"},"headline":"Rub\u00e9n Pabello y Norma Trujillo, M\u00e9rito 2018: Veloa","datePublished":"2018-05-04T22:30:47+00:00","dateModified":"2018-05-04T22:33:03+00:00","mainEntityOfPage":{"@id":"https:\/\/lospoliticosveracruz.com\/?p=41895"},"wordCount":1141,"commentCount":0,"publisher":{"@id":"https:\/\/lospoliticosveracruz.com\/#organization"},"keywords":["Norma Trujullo B\u00e1ez","Rub\u00e9n Pabello Rojas"],"inLanguage":"es","potentialAction":[{"@type":"CommentAction","name":"Comment","target":["https:\/\/lospoliticosveracruz.com\/?p=41895#respond"]}]},{"@type":"WebPage","@id":"https:\/\/lospoliticosveracruz.com\/?p=41895","url":"https:\/\/lospoliticosveracruz.com\/?p=41895","name":"Rub\u00e9n Pabello y Norma Trujillo, M\u00e9rito 2018: Veloa - Los pol\u00edticos Veracruz","isPartOf":{"@id":"https:\/\/lospoliticosveracruz.com\/#website"},"datePublished":"2018-05-04T22:30:47+00:00","dateModified":"2018-05-04T22:33:03+00:00","breadcrumb":{"@id":"https:\/\/lospoliticosveracruz.com\/?p=41895#breadcrumb"},"inLanguage":"es","potentialAction":[{"@type":"ReadAction","target":["https:\/\/lospoliticosveracruz.com\/?p=41895"]}]},{"@type":"BreadcrumbList","@id":"https:\/\/lospoliticosveracruz.com\/?p=41895#breadcrumb","itemListElement":[{"@type":"ListItem","position":1,"name":"Portada","item":"https:\/\/lospoliticosveracruz.com\/"},{"@type":"ListItem","position":2,"name":"Rub\u00e9n Pabello y Norma Trujillo, M\u00e9rito 2018: Veloa"}]},{"@type":"WebSite","@id":"https:\/\/lospoliticosveracruz.com\/#website","url":"https:\/\/lospoliticosveracruz.com\/","name":"Los pol\u00edticos Veracruz","description":"","publisher":{"@id":"https:\/\/lospoliticosveracruz.com\/#organization"},"potentialAction":[{"@type":"SearchAction","target":{"@type":"EntryPoint","urlTemplate":"https:\/\/lospoliticosveracruz.com\/?s={search_term_string}"},"query-input":{"@type":"PropertyValueSpecification","valueRequired":true,"valueName":"search_term_string"}}],"inLanguage":"es"},{"@type":"Organization","@id":"https:\/\/lospoliticosveracruz.com\/#organization","name":"Los pol\u00edticos Veracruz","url":"https:\/\/lospoliticosveracruz.com\/","logo":{"@type":"ImageObject","inLanguage":"es","@id":"https:\/\/lospoliticosveracruz.com\/#\/schema\/logo\/image\/","url":"https:\/\/lospoliticosveracruz.com\/wp-content\/uploads\/2025\/12\/Logo-Nuevo-LOS-POLITICOS-1.jpg","contentUrl":"https:\/\/lospoliticosveracruz.com\/wp-content\/uploads\/2025\/12\/Logo-Nuevo-LOS-POLITICOS-1.jpg","width":260,"height":70,"caption":"Los pol\u00edticos Veracruz"},"image":{"@id":"https:\/\/lospoliticosveracruz.com\/#\/schema\/logo\/image\/"},"sameAs":["https:\/\/www.facebook.com\/people\/Notimemes-de-los-Polticos\/61565672886568\/","https:\/\/x.com\/LosPoliticosVer"]},{"@type":"Person","@id":"https:\/\/lospoliticosveracruz.com\/#\/schema\/person\/b8702bb0e538456e6efd07080bf2a4a2","name":"Lo viste en Los Pol\u00edticos","image":{"@type":"ImageObject","inLanguage":"es","@id":"https:\/\/secure.gravatar.com\/avatar\/3a8de04a2656d44082be478bd6c086daa447c4651605818287b9532d3d0bd435?s=96&d=mm&r=g","url":"https:\/\/secure.gravatar.com\/avatar\/3a8de04a2656d44082be478bd6c086daa447c4651605818287b9532d3d0bd435?s=96&d=mm&r=g","contentUrl":"https:\/\/secure.gravatar.com\/avatar\/3a8de04a2656d44082be478bd6c086daa447c4651605818287b9532d3d0bd435?s=96&d=mm&r=g","caption":"Lo viste en Los Pol\u00edticos"},"url":"https:\/\/lospoliticosveracruz.com\/?author=2"}]}},"_links":{"self":[{"href":"https:\/\/lospoliticosveracruz.com\/index.php?rest_route=\/wp\/v2\/posts\/41895","targetHints":{"allow":["GET"]}}],"collection":[{"href":"https:\/\/lospoliticosveracruz.com\/index.php?rest_route=\/wp\/v2\/posts"}],"about":[{"href":"https:\/\/lospoliticosveracruz.com\/index.php?rest_route=\/wp\/v2\/types\/post"}],"author":[{"embeddable":true,"href":"https:\/\/lospoliticosveracruz.com\/index.php?rest_route=\/wp\/v2\/users\/2"}],"replies":[{"embeddable":true,"href":"https:\/\/lospoliticosveracruz.com\/index.php?rest_route=%2Fwp%2Fv2%2Fcomments&post=41895"}],"version-history":[{"count":2,"href":"https:\/\/lospoliticosveracruz.com\/index.php?rest_route=\/wp\/v2\/posts\/41895\/revisions"}],"predecessor-version":[{"id":41897,"href":"https:\/\/lospoliticosveracruz.com\/index.php?rest_route=\/wp\/v2\/posts\/41895\/revisions\/41897"}],"wp:attachment":[{"href":"https:\/\/lospoliticosveracruz.com\/index.php?rest_route=%2Fwp%2Fv2%2Fmedia&parent=41895"}],"wp:term":[{"taxonomy":"category","embeddable":true,"href":"https:\/\/lospoliticosveracruz.com\/index.php?rest_route=%2Fwp%2Fv2%2Fcategories&post=41895"},{"taxonomy":"post_tag","embeddable":true,"href":"https:\/\/lospoliticosveracruz.com\/index.php?rest_route=%2Fwp%2Fv2%2Ftags&post=41895"}],"curies":[{"name":"wp","href":"https:\/\/api.w.org\/{rel}","templated":true}]}}