{"id":42137,"date":"2018-05-21T22:48:36","date_gmt":"2018-05-22T03:48:36","guid":{"rendered":"http:\/\/www.lospoliticosveracruz.com.mx\/segundo-debate\/"},"modified":"2018-05-21T22:48:36","modified_gmt":"2018-05-22T03:48:36","slug":"segundo-debate","status":"publish","type":"post","link":"https:\/\/lospoliticosveracruz.com\/?p=42137","title":{"rendered":"Segundo debate"},"content":{"rendered":"<p><strong>Felipe de Jes\u00fas Fern\u00e1ndez Basilio<\/strong><br \/>\n<em>Desde a Janela<\/em><br \/>\nAcabamos de ver el segundo de los tres debates que el INE organiza para estas elecciones presidenciales y \u00e9ste fue diferente al primero tanto en la tem\u00e1tica como en la din\u00e1mica, ya que se centr\u00f3 en la pol\u00edtica exterior y en cuanto a la din\u00e1mica se permiti\u00f3 m\u00e1s movilidad a los candidatos y se llev\u00f3 a cabo con la presencia de una muestra de los electores y cuatro de ellos pudieron hacer en directo una pregunta a los candidatos.<br \/>\nEn lo que respecta al debate en general podemos decir que debido a su tem\u00e1tica fue m\u00e1s complejo y por lo mismo menos atractivo que el primero, sin embargo es de especial relevancia conocer no solo la opini\u00f3n sino tambi\u00e9n la preparaci\u00f3n de los aspirantes a la Presidencia respecto de los temas abordados, ya que conducir la pol\u00edtica exterior es una de las atribuciones m\u00e1s importantes que constitucionalmente le corresponden al titular del Poder Ejecutivo y si \u00e9ste carece de las m\u00ednimas nociones de pol\u00edtica exterior, sinceramente les digo que lo mejor es que se presente a la elecci\u00f3n para cualquier otro cargo de elecci\u00f3n popular, toda vez que como Presidente de la Rep\u00fablica tendr\u00e1 necesariamente que encabezar la diplomacia del pa\u00eds y \u00e9sta hoy en d\u00eda \u00e9sta es m\u00e1s importante que nunca, ya que de ella derivan un sin n\u00famero de acuerdos que son determinantes tanto en nuestro sistema jur\u00eddico como en la econom\u00eda.<br \/>\nAhora bien, en cuanto al desempe\u00f1o de los candidatos en este segundo debate podemos hacer el siguiente an\u00e1lisis:<br \/>\nRICARDO ANAYA: Esta vez se vio un poco m\u00e1s suelto en su desempe\u00f1o y tambi\u00e9n se vio conocedor del tema, resaltando la propuesta que hizo respecto a c\u00f3mo en caso de ganar va a conducir la relaci\u00f3n diplom\u00e1tica con los Estados Unidos de Mr. Trump, cosa que har\u00eda poniendo todos los temas de la relaci\u00f3n bilateral sobre la mesa y como es sabido que no solo nosotros necesitamos de Estados Unidos sino que tambi\u00e9n ellos necesitan de nosotros en muchas cosas, con ello se puede amagar para obtener mayores concesiones por parte de ellos en los temas que a nosotros nos interesan; sin embargo qued\u00f3 a deber en el sentido de que debi\u00f3 de centrar sus ataques a L\u00f3pez en la ignorancia que notablemente manifiesta en pol\u00edtica exterior y no limitarse a los ataques de siempre.<br \/>\nANDR\u00c9S M. L\u00d3PEZ: En este debate nos mostr\u00f3 su supina ignorancia respecto a la pol\u00edtica exterior, ya que las propuestas que formul\u00f3 fueron hasta fantasiosas, como aquella de que con su ejemplo moral iba a sentar educadamente a Trump para negociar, o sea que al no saber del tema se refugi\u00f3 en su mesianismo de siempre y de la misma manera mostr\u00f3 su tradicional soberbia resaltando cuando dijo que los consulados mexicanos en la actualidad no sirven para nada, ya que \u00e9stos son un retiro para pol\u00edticos, cuando la realidad es que s\u00ed trabajan y con muchos resultados para los connacionales y as\u00ed mismo en lugar de intercambiar puntos de vista prefiri\u00f3 insultar a sus adversarios y por supuesto seguir diciendo que ya gan\u00f3, o sea que para \u00e9l las elecciones ya ni siquiera deber\u00edan de celebrarse.<br \/>\nJOS\u00c9 A. MEADE: En este caso y a pesar de que ya fue Canciller no logr\u00f3 trasmitir nada interesante en su favor, ya que no se puede quitar ese aire de profesor dando c\u00e1tedra lo que hace que sus intervenciones se vean planas y a pesar de que conoce los temas que fueron tratados, no logra conectar con el electorado y ello aunado al deterioro que tiene su partido en la opini\u00f3n p\u00fablica hace que el tercer lugar final se le vea m\u00e1s cerca que nunca<br \/>\nJAIME R. \u201cEL BRONCO\u201d: Su participaci\u00f3n en el debate es de relleno y como en el debate anterior fue el que se dedic\u00f3 a contar chistes y a darle un poco de amenidad al asunto, ya que por un lado no tiene nada que perder y por el otro tampoco conoce de pol\u00edtica exterior.<br \/>\nAhora ya solo falta el \u00faltimo debate en M\u00e9rida y despu\u00e9s vendr\u00e1n los cierres de campa\u00f1a y en el \u00ednter veremos c\u00f3mo contin\u00faa el desarrollo de las campa\u00f1as, sin embargo, este debate fue muy importante, ya que como al inicio de esta columna mencion\u00e9, la pol\u00edtica exterior es fundamental en el ejercicio del Poder Ejecutivo y lo recomendable es que quien sea electo conozca bien el tema, ya que de no ser as\u00ed las consecuencias pueden ser desastrosas.<br \/>\nfelfebas@gmail.com<br \/>\nTwitter: @fefebas<\/p>\n","protected":false},"excerpt":{"rendered":"<p>Felipe de Jes\u00fas Fern\u00e1ndez Basilio Desde a Janela Acabamos de ver el segundo de los tres debates que el INE organiza para estas elecciones presidenciales y \u00e9ste fue diferente al primero tanto en la tem\u00e1tica como en la din\u00e1mica, ya que se centr\u00f3 en la pol\u00edtica exterior y en cuanto a la din\u00e1mica se permiti\u00f3 [&hellip;]<\/p>\n","protected":false},"author":2,"featured_media":0,"comment_status":"open","ping_status":"open","sticky":false,"template":"","format":"standard","meta":{"tdm_status":"","tdm_grid_status":"","footnotes":""},"categories":[70],"tags":[618,11493,2825,3433,2850],"class_list":{"0":"post-42137","1":"post","2":"type-post","3":"status-publish","4":"format-standard","6":"category-de-opinion","7":"tag-andres-manuel-lopez-obrador","8":"tag-debate-presidencial","9":"tag-el-bronco","10":"tag-jose-antonio-meade","11":"tag-ricardo-anaya"},"yoast_head":"<!-- This site is optimized with the Yoast SEO plugin v27.4 - https:\/\/yoast.com\/product\/yoast-seo-wordpress\/ -->\n<title>Segundo debate - Los pol\u00edticos Veracruz<\/title>\n<meta name=\"robots\" content=\"index, follow, max-snippet:-1, max-image-preview:large, max-video-preview:-1\" \/>\n<link rel=\"canonical\" href=\"https:\/\/lospoliticosveracruz.com\/?p=42137\" \/>\n<meta property=\"og:locale\" content=\"es_ES\" \/>\n<meta property=\"og:type\" content=\"article\" \/>\n<meta property=\"og:title\" content=\"Segundo debate - Los pol\u00edticos Veracruz\" \/>\n<meta property=\"og:description\" content=\"Felipe de Jes\u00fas Fern\u00e1ndez Basilio Desde a Janela Acabamos de ver el segundo de los tres debates que el INE organiza para estas elecciones presidenciales y \u00e9ste fue diferente al primero tanto en la tem\u00e1tica como en la din\u00e1mica, ya que se centr\u00f3 en la pol\u00edtica exterior y en cuanto a la din\u00e1mica se permiti\u00f3 [&hellip;]\" \/>\n<meta property=\"og:url\" content=\"https:\/\/lospoliticosveracruz.com\/?p=42137\" \/>\n<meta property=\"og:site_name\" content=\"Los pol\u00edticos Veracruz\" \/>\n<meta property=\"article:publisher\" content=\"https:\/\/www.facebook.com\/people\/Notimemes-de-los-Polticos\/61565672886568\/\" \/>\n<meta property=\"article:published_time\" content=\"2018-05-22T03:48:36+00:00\" \/>\n<meta property=\"og:image\" content=\"https:\/\/lospoliticosveracruz.com\/wp-content\/uploads\/2016\/07\/Logo-Dor.jpg\" \/>\n\t<meta property=\"og:image:width\" content=\"200\" \/>\n\t<meta property=\"og:image:height\" content=\"200\" \/>\n\t<meta property=\"og:image:type\" content=\"image\/jpeg\" \/>\n<meta name=\"author\" content=\"Lo viste en Los Pol\u00edticos\" \/>\n<meta name=\"twitter:card\" content=\"summary_large_image\" \/>\n<meta name=\"twitter:creator\" content=\"@LosPoliticosVer\" \/>\n<meta name=\"twitter:site\" content=\"@LosPoliticosVer\" \/>\n<meta name=\"twitter:label1\" content=\"Escrito por\" \/>\n\t<meta name=\"twitter:data1\" content=\"Lo viste en Los Pol\u00edticos\" \/>\n\t<meta name=\"twitter:label2\" content=\"Tiempo de lectura\" \/>\n\t<meta name=\"twitter:data2\" content=\"4 minutos\" \/>\n<script type=\"application\/ld+json\" class=\"yoast-schema-graph\">{\"@context\":\"https:\\\/\\\/schema.org\",\"@graph\":[{\"@type\":\"Article\",\"@id\":\"https:\\\/\\\/lospoliticosveracruz.com\\\/?p=42137#article\",\"isPartOf\":{\"@id\":\"https:\\\/\\\/lospoliticosveracruz.com\\\/?p=42137\"},\"author\":{\"name\":\"Lo viste en Los Pol\u00edticos\",\"@id\":\"https:\\\/\\\/lospoliticosveracruz.com\\\/#\\\/schema\\\/person\\\/b8702bb0e538456e6efd07080bf2a4a2\"},\"headline\":\"Segundo debate\",\"datePublished\":\"2018-05-22T03:48:36+00:00\",\"mainEntityOfPage\":{\"@id\":\"https:\\\/\\\/lospoliticosveracruz.com\\\/?p=42137\"},\"wordCount\":815,\"commentCount\":0,\"publisher\":{\"@id\":\"https:\\\/\\\/lospoliticosveracruz.com\\\/#organization\"},\"keywords\":[\"Andr\u00e9s Manuel L\u00f3pez Obrador\",\"Debate presidencial\",\"El Bronco\",\"Jos\u00e9 Antonio Meade\",\"Ricardo Anaya\"],\"articleSection\":[\"De Opini\u00f3n\"],\"inLanguage\":\"es\",\"potentialAction\":[{\"@type\":\"CommentAction\",\"name\":\"Comment\",\"target\":[\"https:\\\/\\\/lospoliticosveracruz.com\\\/?p=42137#respond\"]}]},{\"@type\":\"WebPage\",\"@id\":\"https:\\\/\\\/lospoliticosveracruz.com\\\/?p=42137\",\"url\":\"https:\\\/\\\/lospoliticosveracruz.com\\\/?p=42137\",\"name\":\"Segundo debate - Los pol\u00edticos Veracruz\",\"isPartOf\":{\"@id\":\"https:\\\/\\\/lospoliticosveracruz.com\\\/#website\"},\"datePublished\":\"2018-05-22T03:48:36+00:00\",\"breadcrumb\":{\"@id\":\"https:\\\/\\\/lospoliticosveracruz.com\\\/?p=42137#breadcrumb\"},\"inLanguage\":\"es\",\"potentialAction\":[{\"@type\":\"ReadAction\",\"target\":[\"https:\\\/\\\/lospoliticosveracruz.com\\\/?p=42137\"]}]},{\"@type\":\"BreadcrumbList\",\"@id\":\"https:\\\/\\\/lospoliticosveracruz.com\\\/?p=42137#breadcrumb\",\"itemListElement\":[{\"@type\":\"ListItem\",\"position\":1,\"name\":\"Portada\",\"item\":\"https:\\\/\\\/lospoliticosveracruz.com\\\/\"},{\"@type\":\"ListItem\",\"position\":2,\"name\":\"Segundo debate\"}]},{\"@type\":\"WebSite\",\"@id\":\"https:\\\/\\\/lospoliticosveracruz.com\\\/#website\",\"url\":\"https:\\\/\\\/lospoliticosveracruz.com\\\/\",\"name\":\"Los pol\u00edticos Veracruz\",\"description\":\"\",\"publisher\":{\"@id\":\"https:\\\/\\\/lospoliticosveracruz.com\\\/#organization\"},\"potentialAction\":[{\"@type\":\"SearchAction\",\"target\":{\"@type\":\"EntryPoint\",\"urlTemplate\":\"https:\\\/\\\/lospoliticosveracruz.com\\\/?s={search_term_string}\"},\"query-input\":{\"@type\":\"PropertyValueSpecification\",\"valueRequired\":true,\"valueName\":\"search_term_string\"}}],\"inLanguage\":\"es\"},{\"@type\":\"Organization\",\"@id\":\"https:\\\/\\\/lospoliticosveracruz.com\\\/#organization\",\"name\":\"Los pol\u00edticos Veracruz\",\"url\":\"https:\\\/\\\/lospoliticosveracruz.com\\\/\",\"logo\":{\"@type\":\"ImageObject\",\"inLanguage\":\"es\",\"@id\":\"https:\\\/\\\/lospoliticosveracruz.com\\\/#\\\/schema\\\/logo\\\/image\\\/\",\"url\":\"https:\\\/\\\/lospoliticosveracruz.com\\\/wp-content\\\/uploads\\\/2025\\\/12\\\/Logo-Nuevo-LOS-POLITICOS-1.jpg\",\"contentUrl\":\"https:\\\/\\\/lospoliticosveracruz.com\\\/wp-content\\\/uploads\\\/2025\\\/12\\\/Logo-Nuevo-LOS-POLITICOS-1.jpg\",\"width\":260,\"height\":70,\"caption\":\"Los pol\u00edticos Veracruz\"},\"image\":{\"@id\":\"https:\\\/\\\/lospoliticosveracruz.com\\\/#\\\/schema\\\/logo\\\/image\\\/\"},\"sameAs\":[\"https:\\\/\\\/www.facebook.com\\\/people\\\/Notimemes-de-los-Polticos\\\/61565672886568\\\/\",\"https:\\\/\\\/x.com\\\/LosPoliticosVer\"]},{\"@type\":\"Person\",\"@id\":\"https:\\\/\\\/lospoliticosveracruz.com\\\/#\\\/schema\\\/person\\\/b8702bb0e538456e6efd07080bf2a4a2\",\"name\":\"Lo viste en Los Pol\u00edticos\",\"image\":{\"@type\":\"ImageObject\",\"inLanguage\":\"es\",\"@id\":\"https:\\\/\\\/secure.gravatar.com\\\/avatar\\\/3a8de04a2656d44082be478bd6c086daa447c4651605818287b9532d3d0bd435?s=96&d=mm&r=g\",\"url\":\"https:\\\/\\\/secure.gravatar.com\\\/avatar\\\/3a8de04a2656d44082be478bd6c086daa447c4651605818287b9532d3d0bd435?s=96&d=mm&r=g\",\"contentUrl\":\"https:\\\/\\\/secure.gravatar.com\\\/avatar\\\/3a8de04a2656d44082be478bd6c086daa447c4651605818287b9532d3d0bd435?s=96&d=mm&r=g\",\"caption\":\"Lo viste en Los Pol\u00edticos\"},\"url\":\"https:\\\/\\\/lospoliticosveracruz.com\\\/?author=2\"}]}<\/script>\n<!-- \/ Yoast SEO plugin. -->","yoast_head_json":{"title":"Segundo debate - Los pol\u00edticos Veracruz","robots":{"index":"index","follow":"follow","max-snippet":"max-snippet:-1","max-image-preview":"max-image-preview:large","max-video-preview":"max-video-preview:-1"},"canonical":"https:\/\/lospoliticosveracruz.com\/?p=42137","og_locale":"es_ES","og_type":"article","og_title":"Segundo debate - Los pol\u00edticos Veracruz","og_description":"Felipe de Jes\u00fas Fern\u00e1ndez Basilio Desde a Janela Acabamos de ver el segundo de los tres debates que el INE organiza para estas elecciones presidenciales y \u00e9ste fue diferente al primero tanto en la tem\u00e1tica como en la din\u00e1mica, ya que se centr\u00f3 en la pol\u00edtica exterior y en cuanto a la din\u00e1mica se permiti\u00f3 [&hellip;]","og_url":"https:\/\/lospoliticosveracruz.com\/?p=42137","og_site_name":"Los pol\u00edticos Veracruz","article_publisher":"https:\/\/www.facebook.com\/people\/Notimemes-de-los-Polticos\/61565672886568\/","article_published_time":"2018-05-22T03:48:36+00:00","og_image":[{"width":200,"height":200,"url":"https:\/\/lospoliticosveracruz.com\/wp-content\/uploads\/2016\/07\/Logo-Dor.jpg","type":"image\/jpeg"}],"author":"Lo viste en Los Pol\u00edticos","twitter_card":"summary_large_image","twitter_creator":"@LosPoliticosVer","twitter_site":"@LosPoliticosVer","twitter_misc":{"Escrito por":"Lo viste en Los Pol\u00edticos","Tiempo de lectura":"4 minutos"},"schema":{"@context":"https:\/\/schema.org","@graph":[{"@type":"Article","@id":"https:\/\/lospoliticosveracruz.com\/?p=42137#article","isPartOf":{"@id":"https:\/\/lospoliticosveracruz.com\/?p=42137"},"author":{"name":"Lo viste en Los Pol\u00edticos","@id":"https:\/\/lospoliticosveracruz.com\/#\/schema\/person\/b8702bb0e538456e6efd07080bf2a4a2"},"headline":"Segundo debate","datePublished":"2018-05-22T03:48:36+00:00","mainEntityOfPage":{"@id":"https:\/\/lospoliticosveracruz.com\/?p=42137"},"wordCount":815,"commentCount":0,"publisher":{"@id":"https:\/\/lospoliticosveracruz.com\/#organization"},"keywords":["Andr\u00e9s Manuel L\u00f3pez Obrador","Debate presidencial","El Bronco","Jos\u00e9 Antonio Meade","Ricardo Anaya"],"articleSection":["De Opini\u00f3n"],"inLanguage":"es","potentialAction":[{"@type":"CommentAction","name":"Comment","target":["https:\/\/lospoliticosveracruz.com\/?p=42137#respond"]}]},{"@type":"WebPage","@id":"https:\/\/lospoliticosveracruz.com\/?p=42137","url":"https:\/\/lospoliticosveracruz.com\/?p=42137","name":"Segundo debate - Los pol\u00edticos Veracruz","isPartOf":{"@id":"https:\/\/lospoliticosveracruz.com\/#website"},"datePublished":"2018-05-22T03:48:36+00:00","breadcrumb":{"@id":"https:\/\/lospoliticosveracruz.com\/?p=42137#breadcrumb"},"inLanguage":"es","potentialAction":[{"@type":"ReadAction","target":["https:\/\/lospoliticosveracruz.com\/?p=42137"]}]},{"@type":"BreadcrumbList","@id":"https:\/\/lospoliticosveracruz.com\/?p=42137#breadcrumb","itemListElement":[{"@type":"ListItem","position":1,"name":"Portada","item":"https:\/\/lospoliticosveracruz.com\/"},{"@type":"ListItem","position":2,"name":"Segundo debate"}]},{"@type":"WebSite","@id":"https:\/\/lospoliticosveracruz.com\/#website","url":"https:\/\/lospoliticosveracruz.com\/","name":"Los pol\u00edticos Veracruz","description":"","publisher":{"@id":"https:\/\/lospoliticosveracruz.com\/#organization"},"potentialAction":[{"@type":"SearchAction","target":{"@type":"EntryPoint","urlTemplate":"https:\/\/lospoliticosveracruz.com\/?s={search_term_string}"},"query-input":{"@type":"PropertyValueSpecification","valueRequired":true,"valueName":"search_term_string"}}],"inLanguage":"es"},{"@type":"Organization","@id":"https:\/\/lospoliticosveracruz.com\/#organization","name":"Los pol\u00edticos Veracruz","url":"https:\/\/lospoliticosveracruz.com\/","logo":{"@type":"ImageObject","inLanguage":"es","@id":"https:\/\/lospoliticosveracruz.com\/#\/schema\/logo\/image\/","url":"https:\/\/lospoliticosveracruz.com\/wp-content\/uploads\/2025\/12\/Logo-Nuevo-LOS-POLITICOS-1.jpg","contentUrl":"https:\/\/lospoliticosveracruz.com\/wp-content\/uploads\/2025\/12\/Logo-Nuevo-LOS-POLITICOS-1.jpg","width":260,"height":70,"caption":"Los pol\u00edticos Veracruz"},"image":{"@id":"https:\/\/lospoliticosveracruz.com\/#\/schema\/logo\/image\/"},"sameAs":["https:\/\/www.facebook.com\/people\/Notimemes-de-los-Polticos\/61565672886568\/","https:\/\/x.com\/LosPoliticosVer"]},{"@type":"Person","@id":"https:\/\/lospoliticosveracruz.com\/#\/schema\/person\/b8702bb0e538456e6efd07080bf2a4a2","name":"Lo viste en Los Pol\u00edticos","image":{"@type":"ImageObject","inLanguage":"es","@id":"https:\/\/secure.gravatar.com\/avatar\/3a8de04a2656d44082be478bd6c086daa447c4651605818287b9532d3d0bd435?s=96&d=mm&r=g","url":"https:\/\/secure.gravatar.com\/avatar\/3a8de04a2656d44082be478bd6c086daa447c4651605818287b9532d3d0bd435?s=96&d=mm&r=g","contentUrl":"https:\/\/secure.gravatar.com\/avatar\/3a8de04a2656d44082be478bd6c086daa447c4651605818287b9532d3d0bd435?s=96&d=mm&r=g","caption":"Lo viste en Los Pol\u00edticos"},"url":"https:\/\/lospoliticosveracruz.com\/?author=2"}]}},"_links":{"self":[{"href":"https:\/\/lospoliticosveracruz.com\/index.php?rest_route=\/wp\/v2\/posts\/42137","targetHints":{"allow":["GET"]}}],"collection":[{"href":"https:\/\/lospoliticosveracruz.com\/index.php?rest_route=\/wp\/v2\/posts"}],"about":[{"href":"https:\/\/lospoliticosveracruz.com\/index.php?rest_route=\/wp\/v2\/types\/post"}],"author":[{"embeddable":true,"href":"https:\/\/lospoliticosveracruz.com\/index.php?rest_route=\/wp\/v2\/users\/2"}],"replies":[{"embeddable":true,"href":"https:\/\/lospoliticosveracruz.com\/index.php?rest_route=%2Fwp%2Fv2%2Fcomments&post=42137"}],"version-history":[{"count":2,"href":"https:\/\/lospoliticosveracruz.com\/index.php?rest_route=\/wp\/v2\/posts\/42137\/revisions"}],"predecessor-version":[{"id":42276,"href":"https:\/\/lospoliticosveracruz.com\/index.php?rest_route=\/wp\/v2\/posts\/42137\/revisions\/42276"}],"wp:attachment":[{"href":"https:\/\/lospoliticosveracruz.com\/index.php?rest_route=%2Fwp%2Fv2%2Fmedia&parent=42137"}],"wp:term":[{"taxonomy":"category","embeddable":true,"href":"https:\/\/lospoliticosveracruz.com\/index.php?rest_route=%2Fwp%2Fv2%2Fcategories&post=42137"},{"taxonomy":"post_tag","embeddable":true,"href":"https:\/\/lospoliticosveracruz.com\/index.php?rest_route=%2Fwp%2Fv2%2Ftags&post=42137"}],"curies":[{"name":"wp","href":"https:\/\/api.w.org\/{rel}","templated":true}]}}