{"id":42275,"date":"2018-05-27T22:38:06","date_gmt":"2018-05-28T03:38:06","guid":{"rendered":"http:\/\/www.lospoliticosveracruz.com.mx\/?p=42275"},"modified":"2018-05-27T22:38:06","modified_gmt":"2018-05-28T03:38:06","slug":"karime-y-angelica","status":"publish","type":"post","link":"https:\/\/lospoliticosveracruz.com\/?p=42275","title":{"rendered":"Karime y Ang\u00e9lica"},"content":{"rendered":"<p><strong>Salvador Mu\u00f1oz<\/strong><\/p>\n<p><em>Los Pol\u00edticos<\/em><\/p>\n<p>&nbsp;<br \/>\nPasado el primero de julio hasta que se llegue la toma de protesta al Gobernador, haciendo una escala antes por el Congreso local, podr\u00edamos estar hablando que a partir de diciembre de este a\u00f1o, estar\u00edamos descansando de tres largos a\u00f1os de procesos electorales para tener un receso por lo menos del mismo lapso sin saber de comicios. Es decir, en el 2016, tuvimos elecci\u00f3n de Gobernador, por citar la m\u00e1s fuerte; en el 2017, de presidentes municipales, y este a\u00f1o, 2018, nuevamente, de mandatario estatal, adem\u00e1s Presidente de la Rep\u00fablica, renovaci\u00f3n en la C\u00e1mara alta como baja, y agregue usted, el Congreso local de Veracruz&#8230;<br \/>\n\u00bfQu\u00e9 quiero decir con esto? Que usted estar\u00e1 en su justo derecho de decir que cualquier acci\u00f3n del Gobierno federal, estatal o municipal, o hasta de organismos aut\u00f3nomos, o esta misma reflexi\u00f3n, \u00a1hasta los errores de Loris Karius, portero de Liverpool!, tienen tintes electorales \u00a1porque estamos en pleno proceso electoral! y si usted hubiera plasmado esta misma tesis en el 2016 y 2017, igual ser\u00eda v\u00e1lida&#8230; en el 2019 habr\u00e1 que buscarle a las acciones de las autoridades otros tintes porque ya no tendr\u00e1n elecciones para cuando realicen un anuncio como el que dieron con Karime Mac\u00edas Tubilla.<br \/>\nPara los partidos contrarios al asentado en el poder, el anuncio de que hay orden de aprehensi\u00f3n contra Karime Mac\u00edas Tubilla no es m\u00e1s que electorero. Por ejemplo, en Huatusco, Pepe Yunes Zorrilla exigi\u00f3 \u201cque se deje de politizar la procuraci\u00f3n de justicia en el estado (&#8230;) si no les dan los n\u00fameros, si sienten la derrota, asuman su situaci\u00f3n y no utilicen ni las instituciones ni la indignaci\u00f3n leg\u00edtima del pueblo para seguir tratando de obtener raja electoral\u201d.<br \/>\nLas palabras de Pepe Yunes tienen cabida en la siguiente oraci\u00f3n: \u201cNestora Salgado va ser senadora plurinominal por Morena. Una secuestradora que est\u00e1 libre por una falla en la polic\u00eda. Esto, Andr\u00e9s Manuel, queda en tu conciencia\u201d.<br \/>\nEs decir, su tocayo Pepe Meade \u201cpolitiza\u201d el caso de otra mujer y pretende utilizar la indignaci\u00f3n de la sociedad y de quienes fueron v\u00edctimas de quien acusan de secuestro. En pocas palabras, Meade, con un discurso, pretende sacar raja electoral de una candidata de Morena.<br \/>\nPor su parte, para Andr\u00e9s Manuel L\u00f3pez Obrador, la orden de aprehensi\u00f3n que se gira en contra de la esposa de Javier Duarte de Ochoa, es un acto de propaganda del Gobernador Miguel \u00c1ngel Yunes Linares. Alguna vez dijo del ex gobernador Duarte que era \u201cun chivo expiatorio\u201d. \u00bfS\u00ed saben a qu\u00e9 se refiere esa expresi\u00f3n?<br \/>\n\u00bfRecuerdan que Yeidckol Polevnsky Gurwitz, la dirigente de Morena, asegur\u00f3 que los c\u00f3mplices de C\u00e9sar Duarte, detenidos en Chihuahua \u201cson presos pol\u00edticos\u201d? \u00bfRecuerdan que la misma Karime Mac\u00edas alguna vez cit\u00f3 ser v\u00edctima de una persecuci\u00f3n pol\u00edtica, argumento que utiliz\u00f3 para pedir asilo en Londres? En fin&#8230;<br \/>\nKarime, es cierto, no deja de ser la villana favorita de los veracruzanos, t\u00edtulo ganado a pulso por las historias ya conocidas por todos alrededor de ella&#8230; \u00a1Y ojo! en una de \u00e9sas, si se descuida, le tumba el puesto a Ang\u00e9lica Rivera, quien con su Casita Blanca ocupa el trono. \u00a1Ah!, pero dicen que no hay que politizar ni la justicia ni la indignaci\u00f3n&#8230; que Karime es propaganda&#8230; quiz\u00e1s entonces habr\u00eda que esperar a que pasaran las elecciones, all\u00e1 por 2019 para actuar contra Karime; o mejor a\u00fan, omitirla en la memoria del pri\u00edsmo (total, Javier Duarte ya est\u00e1 en la c\u00e1rcel), o de plano \u00a1darle amnist\u00eda!<br \/>\nsmcainito@gmail.com<\/p>\n","protected":false},"excerpt":{"rendered":"<p>Salvador Mu\u00f1oz Los Pol\u00edticos &nbsp; Pasado el primero de julio hasta que se llegue la toma de protesta al Gobernador, haciendo una escala antes por el Congreso local, podr\u00edamos estar hablando que a partir de diciembre de este a\u00f1o, estar\u00edamos descansando de tres largos a\u00f1os de procesos electorales para tener un receso por lo menos [&hellip;]<\/p>\n","protected":false},"author":2,"featured_media":0,"comment_status":"open","ping_status":"open","sticky":false,"template":"","format":"standard","meta":{"tdm_status":"","tdm_grid_status":"","footnotes":""},"categories":[70],"tags":[212,5811,789,11752],"class_list":{"0":"post-42275","1":"post","2":"type-post","3":"status-publish","4":"format-standard","6":"category-de-opinion","7":"tag-angelica-rivera","8":"tag-cesar-duarte","9":"tag-karime-macias","10":"tag-pepe-meade"},"yoast_head":"<!-- This site is optimized with the Yoast SEO plugin v27.4 - https:\/\/yoast.com\/product\/yoast-seo-wordpress\/ -->\n<title>Karime y Ang\u00e9lica - Los pol\u00edticos Veracruz<\/title>\n<meta name=\"robots\" content=\"index, follow, max-snippet:-1, max-image-preview:large, max-video-preview:-1\" \/>\n<link rel=\"canonical\" href=\"https:\/\/lospoliticosveracruz.com\/?p=42275\" \/>\n<meta property=\"og:locale\" content=\"es_ES\" \/>\n<meta property=\"og:type\" content=\"article\" \/>\n<meta property=\"og:title\" content=\"Karime y Ang\u00e9lica - Los pol\u00edticos Veracruz\" \/>\n<meta property=\"og:description\" content=\"Salvador Mu\u00f1oz Los Pol\u00edticos &nbsp; Pasado el primero de julio hasta que se llegue la toma de protesta al Gobernador, haciendo una escala antes por el Congreso local, podr\u00edamos estar hablando que a partir de diciembre de este a\u00f1o, estar\u00edamos descansando de tres largos a\u00f1os de procesos electorales para tener un receso por lo menos [&hellip;]\" \/>\n<meta property=\"og:url\" content=\"https:\/\/lospoliticosveracruz.com\/?p=42275\" \/>\n<meta property=\"og:site_name\" content=\"Los pol\u00edticos Veracruz\" \/>\n<meta property=\"article:publisher\" content=\"https:\/\/www.facebook.com\/people\/Notimemes-de-los-Polticos\/61565672886568\/\" \/>\n<meta property=\"article:published_time\" content=\"2018-05-28T03:38:06+00:00\" \/>\n<meta property=\"og:image\" content=\"https:\/\/lospoliticosveracruz.com\/wp-content\/uploads\/2016\/07\/Logo-Dor.jpg\" \/>\n\t<meta property=\"og:image:width\" content=\"200\" \/>\n\t<meta property=\"og:image:height\" content=\"200\" \/>\n\t<meta property=\"og:image:type\" content=\"image\/jpeg\" \/>\n<meta name=\"author\" content=\"Lo viste en Los Pol\u00edticos\" \/>\n<meta name=\"twitter:card\" content=\"summary_large_image\" \/>\n<meta name=\"twitter:creator\" content=\"@LosPoliticosVer\" \/>\n<meta name=\"twitter:site\" content=\"@LosPoliticosVer\" \/>\n<meta name=\"twitter:label1\" content=\"Escrito por\" \/>\n\t<meta name=\"twitter:data1\" content=\"Lo viste en Los Pol\u00edticos\" \/>\n\t<meta name=\"twitter:label2\" content=\"Tiempo de lectura\" \/>\n\t<meta name=\"twitter:data2\" content=\"3 minutos\" \/>\n<script type=\"application\/ld+json\" class=\"yoast-schema-graph\">{\"@context\":\"https:\\\/\\\/schema.org\",\"@graph\":[{\"@type\":\"Article\",\"@id\":\"https:\\\/\\\/lospoliticosveracruz.com\\\/?p=42275#article\",\"isPartOf\":{\"@id\":\"https:\\\/\\\/lospoliticosveracruz.com\\\/?p=42275\"},\"author\":{\"name\":\"Lo viste en Los Pol\u00edticos\",\"@id\":\"https:\\\/\\\/lospoliticosveracruz.com\\\/#\\\/schema\\\/person\\\/b8702bb0e538456e6efd07080bf2a4a2\"},\"headline\":\"Karime y Ang\u00e9lica\",\"datePublished\":\"2018-05-28T03:38:06+00:00\",\"mainEntityOfPage\":{\"@id\":\"https:\\\/\\\/lospoliticosveracruz.com\\\/?p=42275\"},\"wordCount\":633,\"commentCount\":0,\"publisher\":{\"@id\":\"https:\\\/\\\/lospoliticosveracruz.com\\\/#organization\"},\"keywords\":[\"Ang\u00e9lica Rivera\",\"C\u00e9sar Duarte\",\"Karime Mac\u00edas\",\"Pepe Meade\"],\"articleSection\":[\"De Opini\u00f3n\"],\"inLanguage\":\"es\",\"potentialAction\":[{\"@type\":\"CommentAction\",\"name\":\"Comment\",\"target\":[\"https:\\\/\\\/lospoliticosveracruz.com\\\/?p=42275#respond\"]}]},{\"@type\":\"WebPage\",\"@id\":\"https:\\\/\\\/lospoliticosveracruz.com\\\/?p=42275\",\"url\":\"https:\\\/\\\/lospoliticosveracruz.com\\\/?p=42275\",\"name\":\"Karime y Ang\u00e9lica - Los pol\u00edticos Veracruz\",\"isPartOf\":{\"@id\":\"https:\\\/\\\/lospoliticosveracruz.com\\\/#website\"},\"datePublished\":\"2018-05-28T03:38:06+00:00\",\"breadcrumb\":{\"@id\":\"https:\\\/\\\/lospoliticosveracruz.com\\\/?p=42275#breadcrumb\"},\"inLanguage\":\"es\",\"potentialAction\":[{\"@type\":\"ReadAction\",\"target\":[\"https:\\\/\\\/lospoliticosveracruz.com\\\/?p=42275\"]}]},{\"@type\":\"BreadcrumbList\",\"@id\":\"https:\\\/\\\/lospoliticosveracruz.com\\\/?p=42275#breadcrumb\",\"itemListElement\":[{\"@type\":\"ListItem\",\"position\":1,\"name\":\"Portada\",\"item\":\"https:\\\/\\\/lospoliticosveracruz.com\\\/\"},{\"@type\":\"ListItem\",\"position\":2,\"name\":\"Karime y Ang\u00e9lica\"}]},{\"@type\":\"WebSite\",\"@id\":\"https:\\\/\\\/lospoliticosveracruz.com\\\/#website\",\"url\":\"https:\\\/\\\/lospoliticosveracruz.com\\\/\",\"name\":\"Los pol\u00edticos Veracruz\",\"description\":\"\",\"publisher\":{\"@id\":\"https:\\\/\\\/lospoliticosveracruz.com\\\/#organization\"},\"potentialAction\":[{\"@type\":\"SearchAction\",\"target\":{\"@type\":\"EntryPoint\",\"urlTemplate\":\"https:\\\/\\\/lospoliticosveracruz.com\\\/?s={search_term_string}\"},\"query-input\":{\"@type\":\"PropertyValueSpecification\",\"valueRequired\":true,\"valueName\":\"search_term_string\"}}],\"inLanguage\":\"es\"},{\"@type\":\"Organization\",\"@id\":\"https:\\\/\\\/lospoliticosveracruz.com\\\/#organization\",\"name\":\"Los pol\u00edticos Veracruz\",\"url\":\"https:\\\/\\\/lospoliticosveracruz.com\\\/\",\"logo\":{\"@type\":\"ImageObject\",\"inLanguage\":\"es\",\"@id\":\"https:\\\/\\\/lospoliticosveracruz.com\\\/#\\\/schema\\\/logo\\\/image\\\/\",\"url\":\"https:\\\/\\\/lospoliticosveracruz.com\\\/wp-content\\\/uploads\\\/2025\\\/12\\\/Logo-Nuevo-LOS-POLITICOS-1.jpg\",\"contentUrl\":\"https:\\\/\\\/lospoliticosveracruz.com\\\/wp-content\\\/uploads\\\/2025\\\/12\\\/Logo-Nuevo-LOS-POLITICOS-1.jpg\",\"width\":260,\"height\":70,\"caption\":\"Los pol\u00edticos Veracruz\"},\"image\":{\"@id\":\"https:\\\/\\\/lospoliticosveracruz.com\\\/#\\\/schema\\\/logo\\\/image\\\/\"},\"sameAs\":[\"https:\\\/\\\/www.facebook.com\\\/people\\\/Notimemes-de-los-Polticos\\\/61565672886568\\\/\",\"https:\\\/\\\/x.com\\\/LosPoliticosVer\"]},{\"@type\":\"Person\",\"@id\":\"https:\\\/\\\/lospoliticosveracruz.com\\\/#\\\/schema\\\/person\\\/b8702bb0e538456e6efd07080bf2a4a2\",\"name\":\"Lo viste en Los Pol\u00edticos\",\"image\":{\"@type\":\"ImageObject\",\"inLanguage\":\"es\",\"@id\":\"https:\\\/\\\/secure.gravatar.com\\\/avatar\\\/3a8de04a2656d44082be478bd6c086daa447c4651605818287b9532d3d0bd435?s=96&d=mm&r=g\",\"url\":\"https:\\\/\\\/secure.gravatar.com\\\/avatar\\\/3a8de04a2656d44082be478bd6c086daa447c4651605818287b9532d3d0bd435?s=96&d=mm&r=g\",\"contentUrl\":\"https:\\\/\\\/secure.gravatar.com\\\/avatar\\\/3a8de04a2656d44082be478bd6c086daa447c4651605818287b9532d3d0bd435?s=96&d=mm&r=g\",\"caption\":\"Lo viste en Los Pol\u00edticos\"},\"url\":\"https:\\\/\\\/lospoliticosveracruz.com\\\/?author=2\"}]}<\/script>\n<!-- \/ Yoast SEO plugin. -->","yoast_head_json":{"title":"Karime y Ang\u00e9lica - Los pol\u00edticos Veracruz","robots":{"index":"index","follow":"follow","max-snippet":"max-snippet:-1","max-image-preview":"max-image-preview:large","max-video-preview":"max-video-preview:-1"},"canonical":"https:\/\/lospoliticosveracruz.com\/?p=42275","og_locale":"es_ES","og_type":"article","og_title":"Karime y Ang\u00e9lica - Los pol\u00edticos Veracruz","og_description":"Salvador Mu\u00f1oz Los Pol\u00edticos &nbsp; Pasado el primero de julio hasta que se llegue la toma de protesta al Gobernador, haciendo una escala antes por el Congreso local, podr\u00edamos estar hablando que a partir de diciembre de este a\u00f1o, estar\u00edamos descansando de tres largos a\u00f1os de procesos electorales para tener un receso por lo menos [&hellip;]","og_url":"https:\/\/lospoliticosveracruz.com\/?p=42275","og_site_name":"Los pol\u00edticos Veracruz","article_publisher":"https:\/\/www.facebook.com\/people\/Notimemes-de-los-Polticos\/61565672886568\/","article_published_time":"2018-05-28T03:38:06+00:00","og_image":[{"width":200,"height":200,"url":"https:\/\/lospoliticosveracruz.com\/wp-content\/uploads\/2016\/07\/Logo-Dor.jpg","type":"image\/jpeg"}],"author":"Lo viste en Los Pol\u00edticos","twitter_card":"summary_large_image","twitter_creator":"@LosPoliticosVer","twitter_site":"@LosPoliticosVer","twitter_misc":{"Escrito por":"Lo viste en Los Pol\u00edticos","Tiempo de lectura":"3 minutos"},"schema":{"@context":"https:\/\/schema.org","@graph":[{"@type":"Article","@id":"https:\/\/lospoliticosveracruz.com\/?p=42275#article","isPartOf":{"@id":"https:\/\/lospoliticosveracruz.com\/?p=42275"},"author":{"name":"Lo viste en Los Pol\u00edticos","@id":"https:\/\/lospoliticosveracruz.com\/#\/schema\/person\/b8702bb0e538456e6efd07080bf2a4a2"},"headline":"Karime y Ang\u00e9lica","datePublished":"2018-05-28T03:38:06+00:00","mainEntityOfPage":{"@id":"https:\/\/lospoliticosveracruz.com\/?p=42275"},"wordCount":633,"commentCount":0,"publisher":{"@id":"https:\/\/lospoliticosveracruz.com\/#organization"},"keywords":["Ang\u00e9lica Rivera","C\u00e9sar Duarte","Karime Mac\u00edas","Pepe Meade"],"articleSection":["De Opini\u00f3n"],"inLanguage":"es","potentialAction":[{"@type":"CommentAction","name":"Comment","target":["https:\/\/lospoliticosveracruz.com\/?p=42275#respond"]}]},{"@type":"WebPage","@id":"https:\/\/lospoliticosveracruz.com\/?p=42275","url":"https:\/\/lospoliticosveracruz.com\/?p=42275","name":"Karime y Ang\u00e9lica - Los pol\u00edticos Veracruz","isPartOf":{"@id":"https:\/\/lospoliticosveracruz.com\/#website"},"datePublished":"2018-05-28T03:38:06+00:00","breadcrumb":{"@id":"https:\/\/lospoliticosveracruz.com\/?p=42275#breadcrumb"},"inLanguage":"es","potentialAction":[{"@type":"ReadAction","target":["https:\/\/lospoliticosveracruz.com\/?p=42275"]}]},{"@type":"BreadcrumbList","@id":"https:\/\/lospoliticosveracruz.com\/?p=42275#breadcrumb","itemListElement":[{"@type":"ListItem","position":1,"name":"Portada","item":"https:\/\/lospoliticosveracruz.com\/"},{"@type":"ListItem","position":2,"name":"Karime y Ang\u00e9lica"}]},{"@type":"WebSite","@id":"https:\/\/lospoliticosveracruz.com\/#website","url":"https:\/\/lospoliticosveracruz.com\/","name":"Los pol\u00edticos Veracruz","description":"","publisher":{"@id":"https:\/\/lospoliticosveracruz.com\/#organization"},"potentialAction":[{"@type":"SearchAction","target":{"@type":"EntryPoint","urlTemplate":"https:\/\/lospoliticosveracruz.com\/?s={search_term_string}"},"query-input":{"@type":"PropertyValueSpecification","valueRequired":true,"valueName":"search_term_string"}}],"inLanguage":"es"},{"@type":"Organization","@id":"https:\/\/lospoliticosveracruz.com\/#organization","name":"Los pol\u00edticos Veracruz","url":"https:\/\/lospoliticosveracruz.com\/","logo":{"@type":"ImageObject","inLanguage":"es","@id":"https:\/\/lospoliticosveracruz.com\/#\/schema\/logo\/image\/","url":"https:\/\/lospoliticosveracruz.com\/wp-content\/uploads\/2025\/12\/Logo-Nuevo-LOS-POLITICOS-1.jpg","contentUrl":"https:\/\/lospoliticosveracruz.com\/wp-content\/uploads\/2025\/12\/Logo-Nuevo-LOS-POLITICOS-1.jpg","width":260,"height":70,"caption":"Los pol\u00edticos Veracruz"},"image":{"@id":"https:\/\/lospoliticosveracruz.com\/#\/schema\/logo\/image\/"},"sameAs":["https:\/\/www.facebook.com\/people\/Notimemes-de-los-Polticos\/61565672886568\/","https:\/\/x.com\/LosPoliticosVer"]},{"@type":"Person","@id":"https:\/\/lospoliticosveracruz.com\/#\/schema\/person\/b8702bb0e538456e6efd07080bf2a4a2","name":"Lo viste en Los Pol\u00edticos","image":{"@type":"ImageObject","inLanguage":"es","@id":"https:\/\/secure.gravatar.com\/avatar\/3a8de04a2656d44082be478bd6c086daa447c4651605818287b9532d3d0bd435?s=96&d=mm&r=g","url":"https:\/\/secure.gravatar.com\/avatar\/3a8de04a2656d44082be478bd6c086daa447c4651605818287b9532d3d0bd435?s=96&d=mm&r=g","contentUrl":"https:\/\/secure.gravatar.com\/avatar\/3a8de04a2656d44082be478bd6c086daa447c4651605818287b9532d3d0bd435?s=96&d=mm&r=g","caption":"Lo viste en Los Pol\u00edticos"},"url":"https:\/\/lospoliticosveracruz.com\/?author=2"}]}},"_links":{"self":[{"href":"https:\/\/lospoliticosveracruz.com\/index.php?rest_route=\/wp\/v2\/posts\/42275","targetHints":{"allow":["GET"]}}],"collection":[{"href":"https:\/\/lospoliticosveracruz.com\/index.php?rest_route=\/wp\/v2\/posts"}],"about":[{"href":"https:\/\/lospoliticosveracruz.com\/index.php?rest_route=\/wp\/v2\/types\/post"}],"author":[{"embeddable":true,"href":"https:\/\/lospoliticosveracruz.com\/index.php?rest_route=\/wp\/v2\/users\/2"}],"replies":[{"embeddable":true,"href":"https:\/\/lospoliticosveracruz.com\/index.php?rest_route=%2Fwp%2Fv2%2Fcomments&post=42275"}],"version-history":[{"count":2,"href":"https:\/\/lospoliticosveracruz.com\/index.php?rest_route=\/wp\/v2\/posts\/42275\/revisions"}],"predecessor-version":[{"id":42448,"href":"https:\/\/lospoliticosveracruz.com\/index.php?rest_route=\/wp\/v2\/posts\/42275\/revisions\/42448"}],"wp:attachment":[{"href":"https:\/\/lospoliticosveracruz.com\/index.php?rest_route=%2Fwp%2Fv2%2Fmedia&parent=42275"}],"wp:term":[{"taxonomy":"category","embeddable":true,"href":"https:\/\/lospoliticosveracruz.com\/index.php?rest_route=%2Fwp%2Fv2%2Fcategories&post=42275"},{"taxonomy":"post_tag","embeddable":true,"href":"https:\/\/lospoliticosveracruz.com\/index.php?rest_route=%2Fwp%2Fv2%2Ftags&post=42275"}],"curies":[{"name":"wp","href":"https:\/\/api.w.org\/{rel}","templated":true}]}}