{"id":42343,"date":"2018-05-22T22:42:44","date_gmt":"2018-05-23T03:42:44","guid":{"rendered":"http:\/\/www.lospoliticosveracruz.com.mx\/?p=42343"},"modified":"2018-05-22T22:42:44","modified_gmt":"2018-05-23T03:42:44","slug":"maestros-y-maltrato-infantil","status":"publish","type":"post","link":"https:\/\/lospoliticosveracruz.com\/?p=42343","title":{"rendered":"Maestros y maltrato infantil"},"content":{"rendered":"<p><strong>Salvador Mu\u00f1oz<\/strong><\/p>\n<p><em>Los Pol\u00edticos<\/em><\/p>\n<p>&nbsp;<\/p>\n<p>&nbsp;<\/p>\n<p>Para cuando sub\u00ed al ni\u00f1o a la patrulla, su carita era una mezcla de tierra, mocos y l\u00e1grimas. Trataba de calmarlo pero \u00e9l clamaba por su madre. Fue llevado al DIF municipal y ah\u00ed, cuando lo revisaron, su espalda y brazos delataban marcas. Cuando le preguntaron qui\u00e9n le hab\u00eda hecho eso, \u00e9l dec\u00eda que hab\u00eda sido su madre&#8230;<\/p>\n<p>\u2013\u00bfPor qu\u00e9 te hizo eso\u2013<\/p>\n<p>\u2013Porque me port\u00e9 mal&#8230;\u2013 respondi\u00f3.<\/p>\n<p>Si bien, para ese momento, ya no lloraba, ped\u00eda ver a su madre, quer\u00eda verla. El ni\u00f1o ten\u00eda como cuatro a\u00f1os. Era v\u00edctima de maltrato infantil. Un vecino hab\u00eda reportado el incidente. De ello, tiene muchos a\u00f1os, pudiera decir que 30\u2026<\/p>\n<p>II<\/p>\n<p>El G\u00fcero abri\u00f3 la puerta de su casa. No recuerdo a qu\u00e9 pas\u00e1bamos, pero lo primero que vi en la mesa del comedor, fue una \u201cpata de elefante\u201d. Su tama\u00f1o y el hecho de que fuera lo \u00fanico que hab\u00eda en esa mesa, tampoco pas\u00f3 desapercibido para El G\u00fcero, quien en ese momento se quebr\u00f3, se le llenaron los ojos de l\u00e1grimas y entre llanto, me dec\u00eda:<\/p>\n<p>\u2013\u00a1Ves, Abuelo, ves! \u00a1Ves porqu\u00e9 tomo!<\/p>\n<p>Se me perdi\u00f3 unos momentos en el interior de su casa y regres\u00f3. Salimos en silencio y ya no comentamos nada. Estudi\u00e1bamos en la misma Prepa, pero el caso del G\u00fcero no era el \u00fanico. Problemas de alcoholismo se mezclaban con el de drogas y vandalismo.<\/p>\n<p>III<\/p>\n<p>Les cuento esto porque le\u00eda ayer una iniciativa que propone el diputado Tito Delf\u00edn Cano de que los maestros formen parte activa en la detecci\u00f3n de maltrato infantil en algo tan simple como puede ser las faltas a clases, por lo que autoridades educativas, directores de planteles, o maestros, tendr\u00edan que notificarlo o reportarlo ante la Procuradur\u00eda Estatal de Protecci\u00f3n o a la Procuradur\u00eda Municipal de Protecci\u00f3n correspondiente, con la finalidad de descartar o detectar posibles situaciones de maltrato.<\/p>\n<p>Por supuesto, esto no se queda en ausencia de clases\u2026 maestros me han contado que algunos de sus alumnos llegan con el est\u00f3mago vac\u00edo o bien, con signos claros de maltrato psicol\u00f3gico.<\/p>\n<p>La propuesta de Tito Delf\u00edn es parad\u00f3jica porque por un lado, debemos considerarla como buena, pero por el otro, hay que lamentar que se tenga que buscar que haya disposici\u00f3n legal para que se act\u00fae con algo que moralmente deber\u00eda de importarnos.<\/p>\n<p>IV<\/p>\n<p>Si hubiera que ponerle nombre a esta iniciativa que propone reformar la Ley de los Derechos de las Ni\u00f1as, Ni\u00f1os y Adolescentes y la Ley de Educaci\u00f3n ambas del Estado de Veracruz, le pondr\u00eda \u201cLa Ley Maestro Antonio Romero\u201d. En mi infancia no conoc\u00ed a maestro m\u00e1s estricto que \u00e9l, pero a la vez, el m\u00e1s preocupado por sus alumnos, al grado de ir a visitar hasta su propia casa, a los padres de familia para conocer las condiciones en que viv\u00edan sus alumnos\u2026 Quiz\u00e1s muchos j\u00f3venes no recuerden a este maestro, que en alguna ocasi\u00f3n presumi\u00f3 tener familia en C\u00f3rdoba, Veracruz, pero para los viejos como yo, Antonio Romero era el profesor de Mem\u00edn Ping\u00fc\u00edn.<\/p>\n<p>Como sea, celebro esta preocupaci\u00f3n por parte de Tito Delf\u00edn Cano y estoy seguro que muchos maestros y maestras han de recibirla con gusto, y m\u00e1s seguro estoy, que muchos de ellos no requieren de reformas a la Ley para preocuparse no s\u00f3lo por la educaci\u00f3n de sus alumnos, sino por el bienestar f\u00edsico y mental de ellos.<\/p>\n<p>smcainito@gmail.com<\/p>\n","protected":false},"excerpt":{"rendered":"<p>Salvador Mu\u00f1oz Los Pol\u00edticos &nbsp; &nbsp; Para cuando sub\u00ed al ni\u00f1o a la patrulla, su carita era una mezcla de tierra, mocos y l\u00e1grimas. Trataba de calmarlo pero \u00e9l clamaba por su madre. Fue llevado al DIF municipal y ah\u00ed, cuando lo revisaron, su espalda y brazos delataban marcas. Cuando le preguntaron qui\u00e9n le hab\u00eda [&hellip;]<\/p>\n","protected":false},"author":2,"featured_media":0,"comment_status":"open","ping_status":"open","sticky":false,"template":"","format":"standard","meta":{"tdm_status":"","tdm_grid_status":"","footnotes":""},"categories":[70],"tags":[11727,3718,9003,7518],"class_list":{"0":"post-42343","1":"post","2":"type-post","3":"status-publish","4":"format-standard","6":"category-de-opinion","7":"tag-faltas","8":"tag-maestros","9":"tag-maltrato","10":"tag-tito-delfin-cano"},"yoast_head":"<!-- This site is optimized with the Yoast SEO plugin v27.4 - https:\/\/yoast.com\/product\/yoast-seo-wordpress\/ -->\n<title>Maestros y maltrato infantil - Los pol\u00edticos Veracruz<\/title>\n<meta name=\"robots\" content=\"index, follow, max-snippet:-1, max-image-preview:large, max-video-preview:-1\" \/>\n<link rel=\"canonical\" href=\"https:\/\/lospoliticosveracruz.com\/?p=42343\" \/>\n<meta property=\"og:locale\" content=\"es_ES\" \/>\n<meta property=\"og:type\" content=\"article\" \/>\n<meta property=\"og:title\" content=\"Maestros y maltrato infantil - Los pol\u00edticos Veracruz\" \/>\n<meta property=\"og:description\" content=\"Salvador Mu\u00f1oz Los Pol\u00edticos &nbsp; &nbsp; Para cuando sub\u00ed al ni\u00f1o a la patrulla, su carita era una mezcla de tierra, mocos y l\u00e1grimas. Trataba de calmarlo pero \u00e9l clamaba por su madre. Fue llevado al DIF municipal y ah\u00ed, cuando lo revisaron, su espalda y brazos delataban marcas. Cuando le preguntaron qui\u00e9n le hab\u00eda [&hellip;]\" \/>\n<meta property=\"og:url\" content=\"https:\/\/lospoliticosveracruz.com\/?p=42343\" \/>\n<meta property=\"og:site_name\" content=\"Los pol\u00edticos Veracruz\" \/>\n<meta property=\"article:publisher\" content=\"https:\/\/www.facebook.com\/people\/Notimemes-de-los-Polticos\/61565672886568\/\" \/>\n<meta property=\"article:published_time\" content=\"2018-05-23T03:42:44+00:00\" \/>\n<meta property=\"og:image\" content=\"https:\/\/lospoliticosveracruz.com\/wp-content\/uploads\/2016\/07\/Logo-Dor.jpg\" \/>\n\t<meta property=\"og:image:width\" content=\"200\" \/>\n\t<meta property=\"og:image:height\" content=\"200\" \/>\n\t<meta property=\"og:image:type\" content=\"image\/jpeg\" \/>\n<meta name=\"author\" content=\"Lo viste en Los Pol\u00edticos\" \/>\n<meta name=\"twitter:card\" content=\"summary_large_image\" \/>\n<meta name=\"twitter:creator\" content=\"@LosPoliticosVer\" \/>\n<meta name=\"twitter:site\" content=\"@LosPoliticosVer\" \/>\n<meta name=\"twitter:label1\" content=\"Escrito por\" \/>\n\t<meta name=\"twitter:data1\" content=\"Lo viste en Los Pol\u00edticos\" \/>\n\t<meta name=\"twitter:label2\" content=\"Tiempo de lectura\" \/>\n\t<meta name=\"twitter:data2\" content=\"3 minutos\" \/>\n<script type=\"application\/ld+json\" class=\"yoast-schema-graph\">{\"@context\":\"https:\\\/\\\/schema.org\",\"@graph\":[{\"@type\":\"Article\",\"@id\":\"https:\\\/\\\/lospoliticosveracruz.com\\\/?p=42343#article\",\"isPartOf\":{\"@id\":\"https:\\\/\\\/lospoliticosveracruz.com\\\/?p=42343\"},\"author\":{\"name\":\"Lo viste en Los Pol\u00edticos\",\"@id\":\"https:\\\/\\\/lospoliticosveracruz.com\\\/#\\\/schema\\\/person\\\/b8702bb0e538456e6efd07080bf2a4a2\"},\"headline\":\"Maestros y maltrato infantil\",\"datePublished\":\"2018-05-23T03:42:44+00:00\",\"mainEntityOfPage\":{\"@id\":\"https:\\\/\\\/lospoliticosveracruz.com\\\/?p=42343\"},\"wordCount\":630,\"commentCount\":0,\"publisher\":{\"@id\":\"https:\\\/\\\/lospoliticosveracruz.com\\\/#organization\"},\"keywords\":[\"faltas\",\"maestros\",\"Maltrato\",\"Tito Delf\u00edn Cano\"],\"articleSection\":[\"De Opini\u00f3n\"],\"inLanguage\":\"es\",\"potentialAction\":[{\"@type\":\"CommentAction\",\"name\":\"Comment\",\"target\":[\"https:\\\/\\\/lospoliticosveracruz.com\\\/?p=42343#respond\"]}]},{\"@type\":\"WebPage\",\"@id\":\"https:\\\/\\\/lospoliticosveracruz.com\\\/?p=42343\",\"url\":\"https:\\\/\\\/lospoliticosveracruz.com\\\/?p=42343\",\"name\":\"Maestros y maltrato infantil - Los pol\u00edticos Veracruz\",\"isPartOf\":{\"@id\":\"https:\\\/\\\/lospoliticosveracruz.com\\\/#website\"},\"datePublished\":\"2018-05-23T03:42:44+00:00\",\"breadcrumb\":{\"@id\":\"https:\\\/\\\/lospoliticosveracruz.com\\\/?p=42343#breadcrumb\"},\"inLanguage\":\"es\",\"potentialAction\":[{\"@type\":\"ReadAction\",\"target\":[\"https:\\\/\\\/lospoliticosveracruz.com\\\/?p=42343\"]}]},{\"@type\":\"BreadcrumbList\",\"@id\":\"https:\\\/\\\/lospoliticosveracruz.com\\\/?p=42343#breadcrumb\",\"itemListElement\":[{\"@type\":\"ListItem\",\"position\":1,\"name\":\"Portada\",\"item\":\"https:\\\/\\\/lospoliticosveracruz.com\\\/\"},{\"@type\":\"ListItem\",\"position\":2,\"name\":\"Maestros y maltrato infantil\"}]},{\"@type\":\"WebSite\",\"@id\":\"https:\\\/\\\/lospoliticosveracruz.com\\\/#website\",\"url\":\"https:\\\/\\\/lospoliticosveracruz.com\\\/\",\"name\":\"Los pol\u00edticos Veracruz\",\"description\":\"\",\"publisher\":{\"@id\":\"https:\\\/\\\/lospoliticosveracruz.com\\\/#organization\"},\"potentialAction\":[{\"@type\":\"SearchAction\",\"target\":{\"@type\":\"EntryPoint\",\"urlTemplate\":\"https:\\\/\\\/lospoliticosveracruz.com\\\/?s={search_term_string}\"},\"query-input\":{\"@type\":\"PropertyValueSpecification\",\"valueRequired\":true,\"valueName\":\"search_term_string\"}}],\"inLanguage\":\"es\"},{\"@type\":\"Organization\",\"@id\":\"https:\\\/\\\/lospoliticosveracruz.com\\\/#organization\",\"name\":\"Los pol\u00edticos Veracruz\",\"url\":\"https:\\\/\\\/lospoliticosveracruz.com\\\/\",\"logo\":{\"@type\":\"ImageObject\",\"inLanguage\":\"es\",\"@id\":\"https:\\\/\\\/lospoliticosveracruz.com\\\/#\\\/schema\\\/logo\\\/image\\\/\",\"url\":\"https:\\\/\\\/lospoliticosveracruz.com\\\/wp-content\\\/uploads\\\/2025\\\/12\\\/Logo-Nuevo-LOS-POLITICOS-1.jpg\",\"contentUrl\":\"https:\\\/\\\/lospoliticosveracruz.com\\\/wp-content\\\/uploads\\\/2025\\\/12\\\/Logo-Nuevo-LOS-POLITICOS-1.jpg\",\"width\":260,\"height\":70,\"caption\":\"Los pol\u00edticos Veracruz\"},\"image\":{\"@id\":\"https:\\\/\\\/lospoliticosveracruz.com\\\/#\\\/schema\\\/logo\\\/image\\\/\"},\"sameAs\":[\"https:\\\/\\\/www.facebook.com\\\/people\\\/Notimemes-de-los-Polticos\\\/61565672886568\\\/\",\"https:\\\/\\\/x.com\\\/LosPoliticosVer\"]},{\"@type\":\"Person\",\"@id\":\"https:\\\/\\\/lospoliticosveracruz.com\\\/#\\\/schema\\\/person\\\/b8702bb0e538456e6efd07080bf2a4a2\",\"name\":\"Lo viste en Los Pol\u00edticos\",\"image\":{\"@type\":\"ImageObject\",\"inLanguage\":\"es\",\"@id\":\"https:\\\/\\\/secure.gravatar.com\\\/avatar\\\/3a8de04a2656d44082be478bd6c086daa447c4651605818287b9532d3d0bd435?s=96&d=mm&r=g\",\"url\":\"https:\\\/\\\/secure.gravatar.com\\\/avatar\\\/3a8de04a2656d44082be478bd6c086daa447c4651605818287b9532d3d0bd435?s=96&d=mm&r=g\",\"contentUrl\":\"https:\\\/\\\/secure.gravatar.com\\\/avatar\\\/3a8de04a2656d44082be478bd6c086daa447c4651605818287b9532d3d0bd435?s=96&d=mm&r=g\",\"caption\":\"Lo viste en Los Pol\u00edticos\"},\"url\":\"https:\\\/\\\/lospoliticosveracruz.com\\\/?author=2\"}]}<\/script>\n<!-- \/ Yoast SEO plugin. -->","yoast_head_json":{"title":"Maestros y maltrato infantil - Los pol\u00edticos Veracruz","robots":{"index":"index","follow":"follow","max-snippet":"max-snippet:-1","max-image-preview":"max-image-preview:large","max-video-preview":"max-video-preview:-1"},"canonical":"https:\/\/lospoliticosveracruz.com\/?p=42343","og_locale":"es_ES","og_type":"article","og_title":"Maestros y maltrato infantil - Los pol\u00edticos Veracruz","og_description":"Salvador Mu\u00f1oz Los Pol\u00edticos &nbsp; &nbsp; Para cuando sub\u00ed al ni\u00f1o a la patrulla, su carita era una mezcla de tierra, mocos y l\u00e1grimas. Trataba de calmarlo pero \u00e9l clamaba por su madre. Fue llevado al DIF municipal y ah\u00ed, cuando lo revisaron, su espalda y brazos delataban marcas. Cuando le preguntaron qui\u00e9n le hab\u00eda [&hellip;]","og_url":"https:\/\/lospoliticosveracruz.com\/?p=42343","og_site_name":"Los pol\u00edticos Veracruz","article_publisher":"https:\/\/www.facebook.com\/people\/Notimemes-de-los-Polticos\/61565672886568\/","article_published_time":"2018-05-23T03:42:44+00:00","og_image":[{"width":200,"height":200,"url":"https:\/\/lospoliticosveracruz.com\/wp-content\/uploads\/2016\/07\/Logo-Dor.jpg","type":"image\/jpeg"}],"author":"Lo viste en Los Pol\u00edticos","twitter_card":"summary_large_image","twitter_creator":"@LosPoliticosVer","twitter_site":"@LosPoliticosVer","twitter_misc":{"Escrito por":"Lo viste en Los Pol\u00edticos","Tiempo de lectura":"3 minutos"},"schema":{"@context":"https:\/\/schema.org","@graph":[{"@type":"Article","@id":"https:\/\/lospoliticosveracruz.com\/?p=42343#article","isPartOf":{"@id":"https:\/\/lospoliticosveracruz.com\/?p=42343"},"author":{"name":"Lo viste en Los Pol\u00edticos","@id":"https:\/\/lospoliticosveracruz.com\/#\/schema\/person\/b8702bb0e538456e6efd07080bf2a4a2"},"headline":"Maestros y maltrato infantil","datePublished":"2018-05-23T03:42:44+00:00","mainEntityOfPage":{"@id":"https:\/\/lospoliticosveracruz.com\/?p=42343"},"wordCount":630,"commentCount":0,"publisher":{"@id":"https:\/\/lospoliticosveracruz.com\/#organization"},"keywords":["faltas","maestros","Maltrato","Tito Delf\u00edn Cano"],"articleSection":["De Opini\u00f3n"],"inLanguage":"es","potentialAction":[{"@type":"CommentAction","name":"Comment","target":["https:\/\/lospoliticosveracruz.com\/?p=42343#respond"]}]},{"@type":"WebPage","@id":"https:\/\/lospoliticosveracruz.com\/?p=42343","url":"https:\/\/lospoliticosveracruz.com\/?p=42343","name":"Maestros y maltrato infantil - Los pol\u00edticos Veracruz","isPartOf":{"@id":"https:\/\/lospoliticosveracruz.com\/#website"},"datePublished":"2018-05-23T03:42:44+00:00","breadcrumb":{"@id":"https:\/\/lospoliticosveracruz.com\/?p=42343#breadcrumb"},"inLanguage":"es","potentialAction":[{"@type":"ReadAction","target":["https:\/\/lospoliticosveracruz.com\/?p=42343"]}]},{"@type":"BreadcrumbList","@id":"https:\/\/lospoliticosveracruz.com\/?p=42343#breadcrumb","itemListElement":[{"@type":"ListItem","position":1,"name":"Portada","item":"https:\/\/lospoliticosveracruz.com\/"},{"@type":"ListItem","position":2,"name":"Maestros y maltrato infantil"}]},{"@type":"WebSite","@id":"https:\/\/lospoliticosveracruz.com\/#website","url":"https:\/\/lospoliticosveracruz.com\/","name":"Los pol\u00edticos Veracruz","description":"","publisher":{"@id":"https:\/\/lospoliticosveracruz.com\/#organization"},"potentialAction":[{"@type":"SearchAction","target":{"@type":"EntryPoint","urlTemplate":"https:\/\/lospoliticosveracruz.com\/?s={search_term_string}"},"query-input":{"@type":"PropertyValueSpecification","valueRequired":true,"valueName":"search_term_string"}}],"inLanguage":"es"},{"@type":"Organization","@id":"https:\/\/lospoliticosveracruz.com\/#organization","name":"Los pol\u00edticos Veracruz","url":"https:\/\/lospoliticosveracruz.com\/","logo":{"@type":"ImageObject","inLanguage":"es","@id":"https:\/\/lospoliticosveracruz.com\/#\/schema\/logo\/image\/","url":"https:\/\/lospoliticosveracruz.com\/wp-content\/uploads\/2025\/12\/Logo-Nuevo-LOS-POLITICOS-1.jpg","contentUrl":"https:\/\/lospoliticosveracruz.com\/wp-content\/uploads\/2025\/12\/Logo-Nuevo-LOS-POLITICOS-1.jpg","width":260,"height":70,"caption":"Los pol\u00edticos Veracruz"},"image":{"@id":"https:\/\/lospoliticosveracruz.com\/#\/schema\/logo\/image\/"},"sameAs":["https:\/\/www.facebook.com\/people\/Notimemes-de-los-Polticos\/61565672886568\/","https:\/\/x.com\/LosPoliticosVer"]},{"@type":"Person","@id":"https:\/\/lospoliticosveracruz.com\/#\/schema\/person\/b8702bb0e538456e6efd07080bf2a4a2","name":"Lo viste en Los Pol\u00edticos","image":{"@type":"ImageObject","inLanguage":"es","@id":"https:\/\/secure.gravatar.com\/avatar\/3a8de04a2656d44082be478bd6c086daa447c4651605818287b9532d3d0bd435?s=96&d=mm&r=g","url":"https:\/\/secure.gravatar.com\/avatar\/3a8de04a2656d44082be478bd6c086daa447c4651605818287b9532d3d0bd435?s=96&d=mm&r=g","contentUrl":"https:\/\/secure.gravatar.com\/avatar\/3a8de04a2656d44082be478bd6c086daa447c4651605818287b9532d3d0bd435?s=96&d=mm&r=g","caption":"Lo viste en Los Pol\u00edticos"},"url":"https:\/\/lospoliticosveracruz.com\/?author=2"}]}},"_links":{"self":[{"href":"https:\/\/lospoliticosveracruz.com\/index.php?rest_route=\/wp\/v2\/posts\/42343","targetHints":{"allow":["GET"]}}],"collection":[{"href":"https:\/\/lospoliticosveracruz.com\/index.php?rest_route=\/wp\/v2\/posts"}],"about":[{"href":"https:\/\/lospoliticosveracruz.com\/index.php?rest_route=\/wp\/v2\/types\/post"}],"author":[{"embeddable":true,"href":"https:\/\/lospoliticosveracruz.com\/index.php?rest_route=\/wp\/v2\/users\/2"}],"replies":[{"embeddable":true,"href":"https:\/\/lospoliticosveracruz.com\/index.php?rest_route=%2Fwp%2Fv2%2Fcomments&post=42343"}],"version-history":[{"count":1,"href":"https:\/\/lospoliticosveracruz.com\/index.php?rest_route=\/wp\/v2\/posts\/42343\/revisions"}],"predecessor-version":[{"id":42344,"href":"https:\/\/lospoliticosveracruz.com\/index.php?rest_route=\/wp\/v2\/posts\/42343\/revisions\/42344"}],"wp:attachment":[{"href":"https:\/\/lospoliticosveracruz.com\/index.php?rest_route=%2Fwp%2Fv2%2Fmedia&parent=42343"}],"wp:term":[{"taxonomy":"category","embeddable":true,"href":"https:\/\/lospoliticosveracruz.com\/index.php?rest_route=%2Fwp%2Fv2%2Fcategories&post=42343"},{"taxonomy":"post_tag","embeddable":true,"href":"https:\/\/lospoliticosveracruz.com\/index.php?rest_route=%2Fwp%2Fv2%2Ftags&post=42343"}],"curies":[{"name":"wp","href":"https:\/\/api.w.org\/{rel}","templated":true}]}}