{"id":42399,"date":"2018-05-20T22:22:02","date_gmt":"2018-05-21T03:22:02","guid":{"rendered":""},"modified":"2018-05-20T22:22:02","modified_gmt":"2018-05-21T03:22:02","slug":"42399","status":"publish","type":"post","link":"https:\/\/lospoliticosveracruz.com\/?p=42399","title":{"rendered":""},"content":{"rendered":"<p><strong>Brenda Caballero<\/strong><\/p>\n<p><em>N\u00fameros Rojos<\/em><\/p>\n<p>&nbsp;<\/p>\n<p style=\"text-align: right;\"><em>\u00a1Qu\u00e9 l\u00e1stima, Margarita! \u00a1Te extra\u00f1\u00e9 en el debate!<\/em><\/p>\n<p>Si Hillary Clinton hubiera ganado la Presidencia de los Estados Unidos de Norte Am\u00e9rica, la suerte hubiera sido diferente para Margarita Zavala. El power femenino en la pol\u00edtica de nuestro vecino pa\u00eds le hubiera alcanzado para ser una seria contendiente a la Presidencia de la Rep\u00fablica.<\/p>\n<p>Pero el \u201chubiera\u201d no existe, mucho menos en pol\u00edtica y Margarita Zavala ya est\u00e1 fuera de la contienda electoral despu\u00e9s de que renunciara a su candidatura independiente.<\/p>\n<p>Ayer que fue el segundo debate presidencial, realmente la extra\u00f1\u00e9. Extra\u00f1\u00e9 esa presencia de mi g\u00e9nero que se parara y hablara por las mujeres mexicanas, porque seamos realistas, no es lo mismo tener propuestas para las mujeres siendo var\u00f3n, que las propuestas de una mujer nacidas de las propias entra\u00f1as, como nos lo hizo sentir Margarita. incluso hace algunos meses con la novela de La Candidata o en la serie estadounidense House of Cards, con Claire Underwood, quien siendo la mujer m\u00e1s poderosa del planeta, nos hizo pensar en tener a una Presidenta en M\u00e9xico.<\/p>\n<p>En Veracruz, el viernes tuvimos el primer debate a la gubernatura y all\u00ed vimos tambi\u00e9n a otra mujer, Miriam Judith Gonz\u00e1lez Sheridan, candidata del partido Nueva Alianza. En realidad con July solamente recuerdo la propuesta para cr\u00e9ditos a madres solteras; para m\u00e1s, el candidato Miguel \u00c1ngel Yunes M\u00e1rquez de la Coalici\u00f3n Veracruz al Frente trae m\u00e1s propuestas para la agenda de mujeres.<\/p>\n<p>Aunque he de reconocerle a July que no se vio sumisa como muchos pensar\u00edan por el hecho de ser mujer, al contrario se mostr\u00f3 combativa y hasta con toques de sentido del humor.<\/p>\n<p>Sin embargo, durante el transcurso del debate en redes sociales fue atacada con groser\u00edas, descalificaciones y palabras obscenas, por hombres y mujeres, cosa que no sucedi\u00f3 con los otros candidatos. \u00bfAcaso es necesario agredir a los dem\u00e1s candidatos sino estamos de acuerdo con sus propuestas?<\/p>\n<p>La pasada elecci\u00f3n a la gubernatura tambi\u00e9n tuvimos a otra mujer en el debate, ella fue Alba Leonila M\u00e9ndez Herrera, quien tambi\u00e9n se enfoc\u00f3 en propuestas para madres solteras.<\/p>\n<p>El formato del debate de ayer fue diferente, pues por primera vez en la historia de los debates mexicanos, se cont\u00f3 con p\u00fablico en vivo, de los cuales se escogieron ciudadanos al azar para que preguntaran a los candidatos sobre diferentes temas. Realmente me hubiera gustado ver a Margarita participar en esta forma de debate.<\/p>\n<p>Ahora bien, mucho se habla de los ganadores de los debates pero \u00bfen realidad hay un ganador? Desde luego que ganar\u00e1 el que construya mejor sus reflexiones a partir de propuestas viables y lo capitalice en incrementar su preferencia. Porque he de decirle que los debates principalmente se enfocan en convencer a los indecisos y en propiciar golpes a sus contrincantes como estrategia para que pierdan adeptos.<\/p>\n<p>Entonces \u00bflos debates funcionan o son puro show medi\u00e1tico?<\/p>\n<p>Los debates tienen diferentes sentidos, pues mientras que a los candidatos les sirve para mostrarse mejor que sus contrincantes, a los ciudadanos nos sirven para conocer las propuestas que ser\u00e1n clave para su Proyecto de Gobierno, as\u00ed como las soluciones que tienen a los problemas que nos preocupan a los veracruzanos y mexicanos.<\/p>\n<p>La importancia de los debates radica en que es el \u00fanico momento en que est\u00e1n concentrados todos los candidatos para dialogar y confrontar sus propuestas, no s\u00f3lo para escucharlos discutir y echarse tierra. El debate sirve hasta para ver su capacidad de reacci\u00f3n ante una pregunta inesperada o para defenderse y aclarar.<\/p>\n<p>En la actualidad, es importante que todos tengamos la informaci\u00f3n m\u00ednima y necesaria para poder votar de manera informada, pues el tiempo de solo tachar la boleta ya pas\u00f3.<\/p>\n<p>El segundo debate es definitivo, pues marcar\u00e1 una tendencia que ser\u00e1 definitiva en la elecci\u00f3n final. Por lo pronto vale la pena preguntarse: \u00bfestuvo mejor la final del futbol mexicano, la serie de Luis Miguel o el debate Presidencial?<\/p>\n<p>caballero_brenda@hotmail.com<\/p>\n<p>@NumerosRojos_BC<\/p>\n","protected":false},"excerpt":{"rendered":"<p>Brenda Caballero N\u00fameros Rojos &nbsp; \u00a1Qu\u00e9 l\u00e1stima, Margarita! \u00a1Te extra\u00f1\u00e9 en el debate! Si Hillary Clinton hubiera ganado la Presidencia de los Estados Unidos de Norte Am\u00e9rica, la suerte hubiera sido diferente para Margarita Zavala. El power femenino en la pol\u00edtica de nuestro vecino pa\u00eds le hubiera alcanzado para ser una seria contendiente a la [&hellip;]<\/p>\n","protected":false},"author":2,"featured_media":0,"comment_status":"closed","ping_status":"closed","sticky":false,"template":"","format":"standard","meta":{"tdm_status":"","tdm_grid_status":"","footnotes":""},"categories":[70],"tags":[5189,10566,7240,1441],"class_list":{"0":"post-42399","1":"post","2":"type-post","3":"status-publish","4":"format-standard","6":"category-de-opinion","7":"tag-claire-underwood","8":"tag-july-sheridan","9":"tag-la-candidata","10":"tag-margarita-zavala"},"yoast_head":"<!-- This site is optimized with the Yoast SEO plugin v27.4 - https:\/\/yoast.com\/product\/yoast-seo-wordpress\/ -->\n<title>- Los pol\u00edticos Veracruz<\/title>\n<meta name=\"robots\" content=\"index, follow, max-snippet:-1, max-image-preview:large, max-video-preview:-1\" \/>\n<link rel=\"canonical\" href=\"https:\/\/lospoliticosveracruz.com\/?p=42399\" \/>\n<meta property=\"og:locale\" content=\"es_ES\" \/>\n<meta property=\"og:type\" content=\"article\" \/>\n<meta property=\"og:title\" content=\"- Los pol\u00edticos Veracruz\" \/>\n<meta property=\"og:description\" content=\"Brenda Caballero N\u00fameros Rojos &nbsp; \u00a1Qu\u00e9 l\u00e1stima, Margarita! \u00a1Te extra\u00f1\u00e9 en el debate! Si Hillary Clinton hubiera ganado la Presidencia de los Estados Unidos de Norte Am\u00e9rica, la suerte hubiera sido diferente para Margarita Zavala. El power femenino en la pol\u00edtica de nuestro vecino pa\u00eds le hubiera alcanzado para ser una seria contendiente a la [&hellip;]\" \/>\n<meta property=\"og:url\" content=\"https:\/\/lospoliticosveracruz.com\/?p=42399\" \/>\n<meta property=\"og:site_name\" content=\"Los pol\u00edticos Veracruz\" \/>\n<meta property=\"article:publisher\" content=\"https:\/\/www.facebook.com\/people\/Notimemes-de-los-Polticos\/61565672886568\/\" \/>\n<meta property=\"article:published_time\" content=\"2018-05-21T03:22:02+00:00\" \/>\n<meta property=\"og:image\" content=\"https:\/\/lospoliticosveracruz.com\/wp-content\/uploads\/2016\/07\/Logo-Dor.jpg\" \/>\n\t<meta property=\"og:image:width\" content=\"200\" \/>\n\t<meta property=\"og:image:height\" content=\"200\" \/>\n\t<meta property=\"og:image:type\" content=\"image\/jpeg\" \/>\n<meta name=\"author\" content=\"Lo viste en Los Pol\u00edticos\" \/>\n<meta name=\"twitter:card\" content=\"summary_large_image\" \/>\n<meta name=\"twitter:creator\" content=\"@LosPoliticosVer\" \/>\n<meta name=\"twitter:site\" content=\"@LosPoliticosVer\" \/>\n<meta name=\"twitter:label1\" content=\"Escrito por\" \/>\n\t<meta name=\"twitter:data1\" content=\"Lo viste en Los Pol\u00edticos\" \/>\n\t<meta name=\"twitter:label2\" content=\"Tiempo de lectura\" \/>\n\t<meta name=\"twitter:data2\" content=\"3 minutos\" \/>\n<script type=\"application\/ld+json\" class=\"yoast-schema-graph\">{\"@context\":\"https:\\\/\\\/schema.org\",\"@graph\":[{\"@type\":\"Article\",\"@id\":\"https:\\\/\\\/lospoliticosveracruz.com\\\/?p=42399#article\",\"isPartOf\":{\"@id\":\"https:\\\/\\\/lospoliticosveracruz.com\\\/?p=42399\"},\"author\":{\"name\":\"Lo viste en Los Pol\u00edticos\",\"@id\":\"https:\\\/\\\/lospoliticosveracruz.com\\\/#\\\/schema\\\/person\\\/b8702bb0e538456e6efd07080bf2a4a2\"},\"headline\":\"Sin t\u00edtulo\",\"datePublished\":\"2018-05-21T03:22:02+00:00\",\"mainEntityOfPage\":{\"@id\":\"https:\\\/\\\/lospoliticosveracruz.com\\\/?p=42399\"},\"wordCount\":696,\"publisher\":{\"@id\":\"https:\\\/\\\/lospoliticosveracruz.com\\\/#organization\"},\"keywords\":[\"Claire Underwood\",\"July Sheridan\",\"La Candidata\",\"Margarita Zavala\"],\"articleSection\":[\"De Opini\u00f3n\"],\"inLanguage\":\"es\"},{\"@type\":\"WebPage\",\"@id\":\"https:\\\/\\\/lospoliticosveracruz.com\\\/?p=42399\",\"url\":\"https:\\\/\\\/lospoliticosveracruz.com\\\/?p=42399\",\"name\":\"- Los pol\u00edticos Veracruz\",\"isPartOf\":{\"@id\":\"https:\\\/\\\/lospoliticosveracruz.com\\\/#website\"},\"datePublished\":\"2018-05-21T03:22:02+00:00\",\"inLanguage\":\"es\",\"potentialAction\":[{\"@type\":\"ReadAction\",\"target\":[\"https:\\\/\\\/lospoliticosveracruz.com\\\/?p=42399\"]}]},{\"@type\":\"WebSite\",\"@id\":\"https:\\\/\\\/lospoliticosveracruz.com\\\/#website\",\"url\":\"https:\\\/\\\/lospoliticosveracruz.com\\\/\",\"name\":\"Los pol\u00edticos Veracruz\",\"description\":\"\",\"publisher\":{\"@id\":\"https:\\\/\\\/lospoliticosveracruz.com\\\/#organization\"},\"potentialAction\":[{\"@type\":\"SearchAction\",\"target\":{\"@type\":\"EntryPoint\",\"urlTemplate\":\"https:\\\/\\\/lospoliticosveracruz.com\\\/?s={search_term_string}\"},\"query-input\":{\"@type\":\"PropertyValueSpecification\",\"valueRequired\":true,\"valueName\":\"search_term_string\"}}],\"inLanguage\":\"es\"},{\"@type\":\"Organization\",\"@id\":\"https:\\\/\\\/lospoliticosveracruz.com\\\/#organization\",\"name\":\"Los pol\u00edticos Veracruz\",\"url\":\"https:\\\/\\\/lospoliticosveracruz.com\\\/\",\"logo\":{\"@type\":\"ImageObject\",\"inLanguage\":\"es\",\"@id\":\"https:\\\/\\\/lospoliticosveracruz.com\\\/#\\\/schema\\\/logo\\\/image\\\/\",\"url\":\"https:\\\/\\\/lospoliticosveracruz.com\\\/wp-content\\\/uploads\\\/2025\\\/12\\\/Logo-Nuevo-LOS-POLITICOS-1.jpg\",\"contentUrl\":\"https:\\\/\\\/lospoliticosveracruz.com\\\/wp-content\\\/uploads\\\/2025\\\/12\\\/Logo-Nuevo-LOS-POLITICOS-1.jpg\",\"width\":260,\"height\":70,\"caption\":\"Los pol\u00edticos Veracruz\"},\"image\":{\"@id\":\"https:\\\/\\\/lospoliticosveracruz.com\\\/#\\\/schema\\\/logo\\\/image\\\/\"},\"sameAs\":[\"https:\\\/\\\/www.facebook.com\\\/people\\\/Notimemes-de-los-Polticos\\\/61565672886568\\\/\",\"https:\\\/\\\/x.com\\\/LosPoliticosVer\"]},{\"@type\":\"Person\",\"@id\":\"https:\\\/\\\/lospoliticosveracruz.com\\\/#\\\/schema\\\/person\\\/b8702bb0e538456e6efd07080bf2a4a2\",\"name\":\"Lo viste en Los Pol\u00edticos\",\"image\":{\"@type\":\"ImageObject\",\"inLanguage\":\"es\",\"@id\":\"https:\\\/\\\/secure.gravatar.com\\\/avatar\\\/3a8de04a2656d44082be478bd6c086daa447c4651605818287b9532d3d0bd435?s=96&d=mm&r=g\",\"url\":\"https:\\\/\\\/secure.gravatar.com\\\/avatar\\\/3a8de04a2656d44082be478bd6c086daa447c4651605818287b9532d3d0bd435?s=96&d=mm&r=g\",\"contentUrl\":\"https:\\\/\\\/secure.gravatar.com\\\/avatar\\\/3a8de04a2656d44082be478bd6c086daa447c4651605818287b9532d3d0bd435?s=96&d=mm&r=g\",\"caption\":\"Lo viste en Los Pol\u00edticos\"},\"url\":\"https:\\\/\\\/lospoliticosveracruz.com\\\/?author=2\"}]}<\/script>\n<!-- \/ Yoast SEO plugin. -->","yoast_head_json":{"title":"- Los pol\u00edticos Veracruz","robots":{"index":"index","follow":"follow","max-snippet":"max-snippet:-1","max-image-preview":"max-image-preview:large","max-video-preview":"max-video-preview:-1"},"canonical":"https:\/\/lospoliticosveracruz.com\/?p=42399","og_locale":"es_ES","og_type":"article","og_title":"- Los pol\u00edticos Veracruz","og_description":"Brenda Caballero N\u00fameros Rojos &nbsp; \u00a1Qu\u00e9 l\u00e1stima, Margarita! \u00a1Te extra\u00f1\u00e9 en el debate! Si Hillary Clinton hubiera ganado la Presidencia de los Estados Unidos de Norte Am\u00e9rica, la suerte hubiera sido diferente para Margarita Zavala. El power femenino en la pol\u00edtica de nuestro vecino pa\u00eds le hubiera alcanzado para ser una seria contendiente a la [&hellip;]","og_url":"https:\/\/lospoliticosveracruz.com\/?p=42399","og_site_name":"Los pol\u00edticos Veracruz","article_publisher":"https:\/\/www.facebook.com\/people\/Notimemes-de-los-Polticos\/61565672886568\/","article_published_time":"2018-05-21T03:22:02+00:00","og_image":[{"width":200,"height":200,"url":"https:\/\/lospoliticosveracruz.com\/wp-content\/uploads\/2016\/07\/Logo-Dor.jpg","type":"image\/jpeg"}],"author":"Lo viste en Los Pol\u00edticos","twitter_card":"summary_large_image","twitter_creator":"@LosPoliticosVer","twitter_site":"@LosPoliticosVer","twitter_misc":{"Escrito por":"Lo viste en Los Pol\u00edticos","Tiempo de lectura":"3 minutos"},"schema":{"@context":"https:\/\/schema.org","@graph":[{"@type":"Article","@id":"https:\/\/lospoliticosveracruz.com\/?p=42399#article","isPartOf":{"@id":"https:\/\/lospoliticosveracruz.com\/?p=42399"},"author":{"name":"Lo viste en Los Pol\u00edticos","@id":"https:\/\/lospoliticosveracruz.com\/#\/schema\/person\/b8702bb0e538456e6efd07080bf2a4a2"},"headline":"Sin t\u00edtulo","datePublished":"2018-05-21T03:22:02+00:00","mainEntityOfPage":{"@id":"https:\/\/lospoliticosveracruz.com\/?p=42399"},"wordCount":696,"publisher":{"@id":"https:\/\/lospoliticosveracruz.com\/#organization"},"keywords":["Claire Underwood","July Sheridan","La Candidata","Margarita Zavala"],"articleSection":["De Opini\u00f3n"],"inLanguage":"es"},{"@type":"WebPage","@id":"https:\/\/lospoliticosveracruz.com\/?p=42399","url":"https:\/\/lospoliticosveracruz.com\/?p=42399","name":"- Los pol\u00edticos Veracruz","isPartOf":{"@id":"https:\/\/lospoliticosveracruz.com\/#website"},"datePublished":"2018-05-21T03:22:02+00:00","inLanguage":"es","potentialAction":[{"@type":"ReadAction","target":["https:\/\/lospoliticosveracruz.com\/?p=42399"]}]},{"@type":"WebSite","@id":"https:\/\/lospoliticosveracruz.com\/#website","url":"https:\/\/lospoliticosveracruz.com\/","name":"Los pol\u00edticos Veracruz","description":"","publisher":{"@id":"https:\/\/lospoliticosveracruz.com\/#organization"},"potentialAction":[{"@type":"SearchAction","target":{"@type":"EntryPoint","urlTemplate":"https:\/\/lospoliticosveracruz.com\/?s={search_term_string}"},"query-input":{"@type":"PropertyValueSpecification","valueRequired":true,"valueName":"search_term_string"}}],"inLanguage":"es"},{"@type":"Organization","@id":"https:\/\/lospoliticosveracruz.com\/#organization","name":"Los pol\u00edticos Veracruz","url":"https:\/\/lospoliticosveracruz.com\/","logo":{"@type":"ImageObject","inLanguage":"es","@id":"https:\/\/lospoliticosveracruz.com\/#\/schema\/logo\/image\/","url":"https:\/\/lospoliticosveracruz.com\/wp-content\/uploads\/2025\/12\/Logo-Nuevo-LOS-POLITICOS-1.jpg","contentUrl":"https:\/\/lospoliticosveracruz.com\/wp-content\/uploads\/2025\/12\/Logo-Nuevo-LOS-POLITICOS-1.jpg","width":260,"height":70,"caption":"Los pol\u00edticos Veracruz"},"image":{"@id":"https:\/\/lospoliticosveracruz.com\/#\/schema\/logo\/image\/"},"sameAs":["https:\/\/www.facebook.com\/people\/Notimemes-de-los-Polticos\/61565672886568\/","https:\/\/x.com\/LosPoliticosVer"]},{"@type":"Person","@id":"https:\/\/lospoliticosveracruz.com\/#\/schema\/person\/b8702bb0e538456e6efd07080bf2a4a2","name":"Lo viste en Los Pol\u00edticos","image":{"@type":"ImageObject","inLanguage":"es","@id":"https:\/\/secure.gravatar.com\/avatar\/3a8de04a2656d44082be478bd6c086daa447c4651605818287b9532d3d0bd435?s=96&d=mm&r=g","url":"https:\/\/secure.gravatar.com\/avatar\/3a8de04a2656d44082be478bd6c086daa447c4651605818287b9532d3d0bd435?s=96&d=mm&r=g","contentUrl":"https:\/\/secure.gravatar.com\/avatar\/3a8de04a2656d44082be478bd6c086daa447c4651605818287b9532d3d0bd435?s=96&d=mm&r=g","caption":"Lo viste en Los Pol\u00edticos"},"url":"https:\/\/lospoliticosveracruz.com\/?author=2"}]}},"_links":{"self":[{"href":"https:\/\/lospoliticosveracruz.com\/index.php?rest_route=\/wp\/v2\/posts\/42399","targetHints":{"allow":["GET"]}}],"collection":[{"href":"https:\/\/lospoliticosveracruz.com\/index.php?rest_route=\/wp\/v2\/posts"}],"about":[{"href":"https:\/\/lospoliticosveracruz.com\/index.php?rest_route=\/wp\/v2\/types\/post"}],"author":[{"embeddable":true,"href":"https:\/\/lospoliticosveracruz.com\/index.php?rest_route=\/wp\/v2\/users\/2"}],"replies":[{"embeddable":true,"href":"https:\/\/lospoliticosveracruz.com\/index.php?rest_route=%2Fwp%2Fv2%2Fcomments&post=42399"}],"version-history":[{"count":0,"href":"https:\/\/lospoliticosveracruz.com\/index.php?rest_route=\/wp\/v2\/posts\/42399\/revisions"}],"wp:attachment":[{"href":"https:\/\/lospoliticosveracruz.com\/index.php?rest_route=%2Fwp%2Fv2%2Fmedia&parent=42399"}],"wp:term":[{"taxonomy":"category","embeddable":true,"href":"https:\/\/lospoliticosveracruz.com\/index.php?rest_route=%2Fwp%2Fv2%2Fcategories&post=42399"},{"taxonomy":"post_tag","embeddable":true,"href":"https:\/\/lospoliticosveracruz.com\/index.php?rest_route=%2Fwp%2Fv2%2Ftags&post=42399"}],"curies":[{"name":"wp","href":"https:\/\/api.w.org\/{rel}","templated":true}]}}