{"id":42847,"date":"2018-06-06T22:39:22","date_gmt":"2018-06-07T03:39:22","guid":{"rendered":"http:\/\/www.lospoliticosveracruz.com.mx\/?p=42847"},"modified":"2018-06-06T22:39:22","modified_gmt":"2018-06-07T03:39:22","slug":"los-otros-priistas","status":"publish","type":"post","link":"https:\/\/lospoliticosveracruz.com\/?p=42847","title":{"rendered":"Los otros \u201cpri\u00edstas\u201d"},"content":{"rendered":"<p><strong>Salvador Mu\u00f1oz<\/strong><\/p>\n<p><em>Los Pol\u00edticos<\/em><\/p>\n<p>&nbsp;<\/p>\n<p>&nbsp;<\/p>\n<p>Trabajamos duro para recuperar tu confianza. Al lado de esas letras, el logo del PRI. As\u00ed reza el estampado de una pared en una calle, all\u00e1 en la colonia Revoluci\u00f3n, de la capital veracruzana. No s\u00e9 si esta misma pinta se repita en otros murales de distintas ciudades del estado. Tampoco s\u00e9 qu\u00e9 tanto tengan que trabajar los pri\u00edstas para recuperar algo que cuando se pierde, est\u00e1 cabr\u00f3n recuperar\u2026 \u00a1vamos! parafraseando a los azules: es m\u00e1s f\u00e1cil el perd\u00f3n que el olvido.<\/p>\n<p>En pasada columna hablaba de lo que signific\u00f3 hace m\u00e1s de un a\u00f1o Javier Duarte tanto para los veracruzanos como para el resto del pa\u00eds: citar Veracruz era nombrar a Duarte, que, cual caja de Pandora, obligaba al interlocutor soltar todos los males que puedan caber en nuestro l\u00e9xico pero que si los concentramos, caben en \u201ccorrupci\u00f3n\u201d. Para desgracia del PRI, por una especie de antonomasia, Javier impregn\u00f3 al partido que lo llev\u00f3 al poder, de su mala fama\u2026 por eso fue expulsado fast track del tricolor aunque el da\u00f1o ya estaba hecho.<\/p>\n<p>Esa barda pintada refleja algo de culpa por parte del pri\u00edsmo\u2026<\/p>\n<p>II<\/p>\n<p>Platico con pri\u00edstas. En algunos escucho pesimismo, sin embargo, no dejan de sentir amor por sus colores, por su instituci\u00f3n, pero tambi\u00e9n encono. Odian al Sistema en el poder pero son incapaces de reflexionar el porqu\u00e9 ya no est\u00e1n ellos en el poder.<\/p>\n<p>Tambi\u00e9n escucho optimismo en otros pri\u00edstas; est\u00e1n convencidos de que su trabajo, su imagen o sus propuestas, har\u00e1n que den la cara por el partido.<\/p>\n<p>Tanto el pesimista como el optimista me agradan. Algunos se enojan cuando les digo que tanto Miguel \u00c1ngel Yunes M\u00e1rquez como Andr\u00e9s Manuel L\u00f3pez Obrador le dejaron vara alta a Pepe Yunes Zorrilla en la Plaza Lerdo, de Xalapa, pero es cierto\u2026 al menos que el candidato del PRI de plano tenga otros planes donde no est\u00e9 contemplada la famosa Plaza Lerdo\u2026 aunque estamos de acuerdo que de ser as\u00ed, deber\u00e1 contemplar un escenario que supere las 30 mil almas que dicen meti\u00f3 el candidato del PAN a Gobernador en su mitin, y un tanto similar que dicen meti\u00f3 el candidato de Morena a Presidente.<\/p>\n<p>III<\/p>\n<p>Sin embargo, todo el optimismo y el cari\u00f1o que el pri\u00edsta tiene a su partido, en esta ocasi\u00f3n parece que no es compartido por un grupo que si bien, se cobij\u00f3 en el PRI, tienen otros \u201cismos\u201d a los cuales pertenecen y a los cuales obedecen.<\/p>\n<p>Desde la pasada elecci\u00f3n se habl\u00f3 de ellos. Cuenta la leyenda que algunos maniobraron, articularon y hasta financiaron al candidato de Morena, Cuitl\u00e1huac Garc\u00eda Jim\u00e9nez, para mantener esa m\u00e1xima que acreditan al jefe de esos \u201cismos\u201d: Mientras yo viva, ning\u00fan Yunes ser\u00e1 gobernador. Si no mal recuerdo, hasta se dio a conocer unos audios donde Gabriel Deantes Ramos hablaba de esa nueva relaci\u00f3n entre el Duartismo con Morena.<\/p>\n<p>Ahora, hubo una se\u00f1al rara en el twitter que hizo recordar esa extra\u00f1a relaci\u00f3n que algunos llaman err\u00f3neamente PRI-Mor: \u201cPlaza Lerdo a la espera de AMLO\u201d. Me sorprendi\u00f3 que Alberto Silva Ramos hiciera eso. Creo que \u00e9l tambi\u00e9n se sorprendi\u00f3 de su ex abrupto morenista porque m\u00e1s tarde, cuando busqu\u00e9 de nuevo ese \u201ctuit\u201d, ya lo hab\u00eda borrado.<\/p>\n<p>IV<\/p>\n<p>Parece que en el PRI, hay dos tipos de pri\u00edstas. Los que se est\u00e1n partiendo la madre con Pepe Yunes Zorrilla, y los que de plano, desde las sombras, apuestan a que triunfe Morena previa amnist\u00eda pactada (eso yo lo imagino, no me consta). Los pri\u00edstas critican al Huevo Arteaga Aponte; critican a mi paisano Mart\u00edn Cabrera Zavaleta; critican a todo aquel ex<\/p>\n<p>pri\u00edsta que dio el gran salto al PAN o a Morena, que de cierto modo, tuvieron el valor de salir, dar la cara, y decir \u201cme voy\u201d; pero el encono de esos pri\u00edstas que crucifican a quienes llaman \u201ctraidores\u201d, no les permite ver que muchos que a\u00fan est\u00e1n con la camisa del PRI, al lado de Pepe Yunes Zorrilla, tiene rato que trabajan todav\u00eda con esa idea del Jefe de esos \u201cismos\u201d: Mientras yo viva, ning\u00fan Yunes volver\u00e1 a ser gobernador\u2026 a\u00fan por encima del mismo PRI.<\/p>\n<p>smcainito@gmail.com<\/p>\n","protected":false},"excerpt":{"rendered":"<p>Salvador Mu\u00f1oz Los Pol\u00edticos &nbsp; &nbsp; Trabajamos duro para recuperar tu confianza. Al lado de esas letras, el logo del PRI. As\u00ed reza el estampado de una pared en una calle, all\u00e1 en la colonia Revoluci\u00f3n, de la capital veracruzana. No s\u00e9 si esta misma pinta se repita en otros murales de distintas ciudades del [&hellip;]<\/p>\n","protected":false},"author":2,"featured_media":0,"comment_status":"open","ping_status":"open","sticky":false,"template":"","format":"standard","meta":{"tdm_status":"","tdm_grid_status":"","footnotes":""},"categories":[70],"tags":[570,251,4653],"class_list":{"0":"post-42847","1":"post","2":"type-post","3":"status-publish","4":"format-standard","6":"category-de-opinion","7":"tag-pepe-yunes","8":"tag-pri","9":"tag-priistas"},"yoast_head":"<!-- This site is optimized with the Yoast SEO plugin v27.4 - https:\/\/yoast.com\/product\/yoast-seo-wordpress\/ -->\n<title>Los otros \u201cpri\u00edstas\u201d - Los pol\u00edticos Veracruz<\/title>\n<meta name=\"robots\" content=\"index, follow, max-snippet:-1, max-image-preview:large, max-video-preview:-1\" \/>\n<link rel=\"canonical\" href=\"https:\/\/lospoliticosveracruz.com\/?p=42847\" \/>\n<meta property=\"og:locale\" content=\"es_ES\" \/>\n<meta property=\"og:type\" content=\"article\" \/>\n<meta property=\"og:title\" content=\"Los otros \u201cpri\u00edstas\u201d - Los pol\u00edticos Veracruz\" \/>\n<meta property=\"og:description\" content=\"Salvador Mu\u00f1oz Los Pol\u00edticos &nbsp; &nbsp; Trabajamos duro para recuperar tu confianza. Al lado de esas letras, el logo del PRI. As\u00ed reza el estampado de una pared en una calle, all\u00e1 en la colonia Revoluci\u00f3n, de la capital veracruzana. No s\u00e9 si esta misma pinta se repita en otros murales de distintas ciudades del [&hellip;]\" \/>\n<meta property=\"og:url\" content=\"https:\/\/lospoliticosveracruz.com\/?p=42847\" \/>\n<meta property=\"og:site_name\" content=\"Los pol\u00edticos Veracruz\" \/>\n<meta property=\"article:publisher\" content=\"https:\/\/www.facebook.com\/people\/Notimemes-de-los-Polticos\/61565672886568\/\" \/>\n<meta property=\"article:published_time\" content=\"2018-06-07T03:39:22+00:00\" \/>\n<meta property=\"og:image\" content=\"https:\/\/lospoliticosveracruz.com\/wp-content\/uploads\/2016\/07\/Logo-Dor.jpg\" \/>\n\t<meta property=\"og:image:width\" content=\"200\" \/>\n\t<meta property=\"og:image:height\" content=\"200\" \/>\n\t<meta property=\"og:image:type\" content=\"image\/jpeg\" \/>\n<meta name=\"author\" content=\"Lo viste en Los Pol\u00edticos\" \/>\n<meta name=\"twitter:card\" content=\"summary_large_image\" \/>\n<meta name=\"twitter:creator\" content=\"@LosPoliticosVer\" \/>\n<meta name=\"twitter:site\" content=\"@LosPoliticosVer\" \/>\n<meta name=\"twitter:label1\" content=\"Escrito por\" \/>\n\t<meta name=\"twitter:data1\" content=\"Lo viste en Los Pol\u00edticos\" \/>\n\t<meta name=\"twitter:label2\" content=\"Tiempo de lectura\" \/>\n\t<meta name=\"twitter:data2\" content=\"4 minutos\" \/>\n<script type=\"application\/ld+json\" class=\"yoast-schema-graph\">{\"@context\":\"https:\\\/\\\/schema.org\",\"@graph\":[{\"@type\":\"Article\",\"@id\":\"https:\\\/\\\/lospoliticosveracruz.com\\\/?p=42847#article\",\"isPartOf\":{\"@id\":\"https:\\\/\\\/lospoliticosveracruz.com\\\/?p=42847\"},\"author\":{\"name\":\"Lo viste en Los Pol\u00edticos\",\"@id\":\"https:\\\/\\\/lospoliticosveracruz.com\\\/#\\\/schema\\\/person\\\/b8702bb0e538456e6efd07080bf2a4a2\"},\"headline\":\"Los otros \u201cpri\u00edstas\u201d\",\"datePublished\":\"2018-06-07T03:39:22+00:00\",\"mainEntityOfPage\":{\"@id\":\"https:\\\/\\\/lospoliticosveracruz.com\\\/?p=42847\"},\"wordCount\":751,\"commentCount\":0,\"publisher\":{\"@id\":\"https:\\\/\\\/lospoliticosveracruz.com\\\/#organization\"},\"keywords\":[\"Pepe Yunes\",\"PRI\",\"priistas\"],\"articleSection\":[\"De Opini\u00f3n\"],\"inLanguage\":\"es\",\"potentialAction\":[{\"@type\":\"CommentAction\",\"name\":\"Comment\",\"target\":[\"https:\\\/\\\/lospoliticosveracruz.com\\\/?p=42847#respond\"]}]},{\"@type\":\"WebPage\",\"@id\":\"https:\\\/\\\/lospoliticosveracruz.com\\\/?p=42847\",\"url\":\"https:\\\/\\\/lospoliticosveracruz.com\\\/?p=42847\",\"name\":\"Los otros \u201cpri\u00edstas\u201d - Los pol\u00edticos Veracruz\",\"isPartOf\":{\"@id\":\"https:\\\/\\\/lospoliticosveracruz.com\\\/#website\"},\"datePublished\":\"2018-06-07T03:39:22+00:00\",\"breadcrumb\":{\"@id\":\"https:\\\/\\\/lospoliticosveracruz.com\\\/?p=42847#breadcrumb\"},\"inLanguage\":\"es\",\"potentialAction\":[{\"@type\":\"ReadAction\",\"target\":[\"https:\\\/\\\/lospoliticosveracruz.com\\\/?p=42847\"]}]},{\"@type\":\"BreadcrumbList\",\"@id\":\"https:\\\/\\\/lospoliticosveracruz.com\\\/?p=42847#breadcrumb\",\"itemListElement\":[{\"@type\":\"ListItem\",\"position\":1,\"name\":\"Portada\",\"item\":\"https:\\\/\\\/lospoliticosveracruz.com\\\/\"},{\"@type\":\"ListItem\",\"position\":2,\"name\":\"Los otros \u201cpri\u00edstas\u201d\"}]},{\"@type\":\"WebSite\",\"@id\":\"https:\\\/\\\/lospoliticosveracruz.com\\\/#website\",\"url\":\"https:\\\/\\\/lospoliticosveracruz.com\\\/\",\"name\":\"Los pol\u00edticos Veracruz\",\"description\":\"\",\"publisher\":{\"@id\":\"https:\\\/\\\/lospoliticosveracruz.com\\\/#organization\"},\"potentialAction\":[{\"@type\":\"SearchAction\",\"target\":{\"@type\":\"EntryPoint\",\"urlTemplate\":\"https:\\\/\\\/lospoliticosveracruz.com\\\/?s={search_term_string}\"},\"query-input\":{\"@type\":\"PropertyValueSpecification\",\"valueRequired\":true,\"valueName\":\"search_term_string\"}}],\"inLanguage\":\"es\"},{\"@type\":\"Organization\",\"@id\":\"https:\\\/\\\/lospoliticosveracruz.com\\\/#organization\",\"name\":\"Los pol\u00edticos Veracruz\",\"url\":\"https:\\\/\\\/lospoliticosveracruz.com\\\/\",\"logo\":{\"@type\":\"ImageObject\",\"inLanguage\":\"es\",\"@id\":\"https:\\\/\\\/lospoliticosveracruz.com\\\/#\\\/schema\\\/logo\\\/image\\\/\",\"url\":\"https:\\\/\\\/lospoliticosveracruz.com\\\/wp-content\\\/uploads\\\/2025\\\/12\\\/Logo-Nuevo-LOS-POLITICOS-1.jpg\",\"contentUrl\":\"https:\\\/\\\/lospoliticosveracruz.com\\\/wp-content\\\/uploads\\\/2025\\\/12\\\/Logo-Nuevo-LOS-POLITICOS-1.jpg\",\"width\":260,\"height\":70,\"caption\":\"Los pol\u00edticos Veracruz\"},\"image\":{\"@id\":\"https:\\\/\\\/lospoliticosveracruz.com\\\/#\\\/schema\\\/logo\\\/image\\\/\"},\"sameAs\":[\"https:\\\/\\\/www.facebook.com\\\/people\\\/Notimemes-de-los-Polticos\\\/61565672886568\\\/\",\"https:\\\/\\\/x.com\\\/LosPoliticosVer\"]},{\"@type\":\"Person\",\"@id\":\"https:\\\/\\\/lospoliticosveracruz.com\\\/#\\\/schema\\\/person\\\/b8702bb0e538456e6efd07080bf2a4a2\",\"name\":\"Lo viste en Los Pol\u00edticos\",\"image\":{\"@type\":\"ImageObject\",\"inLanguage\":\"es\",\"@id\":\"https:\\\/\\\/secure.gravatar.com\\\/avatar\\\/3a8de04a2656d44082be478bd6c086daa447c4651605818287b9532d3d0bd435?s=96&d=mm&r=g\",\"url\":\"https:\\\/\\\/secure.gravatar.com\\\/avatar\\\/3a8de04a2656d44082be478bd6c086daa447c4651605818287b9532d3d0bd435?s=96&d=mm&r=g\",\"contentUrl\":\"https:\\\/\\\/secure.gravatar.com\\\/avatar\\\/3a8de04a2656d44082be478bd6c086daa447c4651605818287b9532d3d0bd435?s=96&d=mm&r=g\",\"caption\":\"Lo viste en Los Pol\u00edticos\"},\"url\":\"https:\\\/\\\/lospoliticosveracruz.com\\\/?author=2\"}]}<\/script>\n<!-- \/ Yoast SEO plugin. -->","yoast_head_json":{"title":"Los otros \u201cpri\u00edstas\u201d - Los pol\u00edticos Veracruz","robots":{"index":"index","follow":"follow","max-snippet":"max-snippet:-1","max-image-preview":"max-image-preview:large","max-video-preview":"max-video-preview:-1"},"canonical":"https:\/\/lospoliticosveracruz.com\/?p=42847","og_locale":"es_ES","og_type":"article","og_title":"Los otros \u201cpri\u00edstas\u201d - Los pol\u00edticos Veracruz","og_description":"Salvador Mu\u00f1oz Los Pol\u00edticos &nbsp; &nbsp; Trabajamos duro para recuperar tu confianza. Al lado de esas letras, el logo del PRI. As\u00ed reza el estampado de una pared en una calle, all\u00e1 en la colonia Revoluci\u00f3n, de la capital veracruzana. No s\u00e9 si esta misma pinta se repita en otros murales de distintas ciudades del [&hellip;]","og_url":"https:\/\/lospoliticosveracruz.com\/?p=42847","og_site_name":"Los pol\u00edticos Veracruz","article_publisher":"https:\/\/www.facebook.com\/people\/Notimemes-de-los-Polticos\/61565672886568\/","article_published_time":"2018-06-07T03:39:22+00:00","og_image":[{"width":200,"height":200,"url":"https:\/\/lospoliticosveracruz.com\/wp-content\/uploads\/2016\/07\/Logo-Dor.jpg","type":"image\/jpeg"}],"author":"Lo viste en Los Pol\u00edticos","twitter_card":"summary_large_image","twitter_creator":"@LosPoliticosVer","twitter_site":"@LosPoliticosVer","twitter_misc":{"Escrito por":"Lo viste en Los Pol\u00edticos","Tiempo de lectura":"4 minutos"},"schema":{"@context":"https:\/\/schema.org","@graph":[{"@type":"Article","@id":"https:\/\/lospoliticosveracruz.com\/?p=42847#article","isPartOf":{"@id":"https:\/\/lospoliticosveracruz.com\/?p=42847"},"author":{"name":"Lo viste en Los Pol\u00edticos","@id":"https:\/\/lospoliticosveracruz.com\/#\/schema\/person\/b8702bb0e538456e6efd07080bf2a4a2"},"headline":"Los otros \u201cpri\u00edstas\u201d","datePublished":"2018-06-07T03:39:22+00:00","mainEntityOfPage":{"@id":"https:\/\/lospoliticosveracruz.com\/?p=42847"},"wordCount":751,"commentCount":0,"publisher":{"@id":"https:\/\/lospoliticosveracruz.com\/#organization"},"keywords":["Pepe Yunes","PRI","priistas"],"articleSection":["De Opini\u00f3n"],"inLanguage":"es","potentialAction":[{"@type":"CommentAction","name":"Comment","target":["https:\/\/lospoliticosveracruz.com\/?p=42847#respond"]}]},{"@type":"WebPage","@id":"https:\/\/lospoliticosveracruz.com\/?p=42847","url":"https:\/\/lospoliticosveracruz.com\/?p=42847","name":"Los otros \u201cpri\u00edstas\u201d - Los pol\u00edticos Veracruz","isPartOf":{"@id":"https:\/\/lospoliticosveracruz.com\/#website"},"datePublished":"2018-06-07T03:39:22+00:00","breadcrumb":{"@id":"https:\/\/lospoliticosveracruz.com\/?p=42847#breadcrumb"},"inLanguage":"es","potentialAction":[{"@type":"ReadAction","target":["https:\/\/lospoliticosveracruz.com\/?p=42847"]}]},{"@type":"BreadcrumbList","@id":"https:\/\/lospoliticosveracruz.com\/?p=42847#breadcrumb","itemListElement":[{"@type":"ListItem","position":1,"name":"Portada","item":"https:\/\/lospoliticosveracruz.com\/"},{"@type":"ListItem","position":2,"name":"Los otros \u201cpri\u00edstas\u201d"}]},{"@type":"WebSite","@id":"https:\/\/lospoliticosveracruz.com\/#website","url":"https:\/\/lospoliticosveracruz.com\/","name":"Los pol\u00edticos Veracruz","description":"","publisher":{"@id":"https:\/\/lospoliticosveracruz.com\/#organization"},"potentialAction":[{"@type":"SearchAction","target":{"@type":"EntryPoint","urlTemplate":"https:\/\/lospoliticosveracruz.com\/?s={search_term_string}"},"query-input":{"@type":"PropertyValueSpecification","valueRequired":true,"valueName":"search_term_string"}}],"inLanguage":"es"},{"@type":"Organization","@id":"https:\/\/lospoliticosveracruz.com\/#organization","name":"Los pol\u00edticos Veracruz","url":"https:\/\/lospoliticosveracruz.com\/","logo":{"@type":"ImageObject","inLanguage":"es","@id":"https:\/\/lospoliticosveracruz.com\/#\/schema\/logo\/image\/","url":"https:\/\/lospoliticosveracruz.com\/wp-content\/uploads\/2025\/12\/Logo-Nuevo-LOS-POLITICOS-1.jpg","contentUrl":"https:\/\/lospoliticosveracruz.com\/wp-content\/uploads\/2025\/12\/Logo-Nuevo-LOS-POLITICOS-1.jpg","width":260,"height":70,"caption":"Los pol\u00edticos Veracruz"},"image":{"@id":"https:\/\/lospoliticosveracruz.com\/#\/schema\/logo\/image\/"},"sameAs":["https:\/\/www.facebook.com\/people\/Notimemes-de-los-Polticos\/61565672886568\/","https:\/\/x.com\/LosPoliticosVer"]},{"@type":"Person","@id":"https:\/\/lospoliticosveracruz.com\/#\/schema\/person\/b8702bb0e538456e6efd07080bf2a4a2","name":"Lo viste en Los Pol\u00edticos","image":{"@type":"ImageObject","inLanguage":"es","@id":"https:\/\/secure.gravatar.com\/avatar\/3a8de04a2656d44082be478bd6c086daa447c4651605818287b9532d3d0bd435?s=96&d=mm&r=g","url":"https:\/\/secure.gravatar.com\/avatar\/3a8de04a2656d44082be478bd6c086daa447c4651605818287b9532d3d0bd435?s=96&d=mm&r=g","contentUrl":"https:\/\/secure.gravatar.com\/avatar\/3a8de04a2656d44082be478bd6c086daa447c4651605818287b9532d3d0bd435?s=96&d=mm&r=g","caption":"Lo viste en Los Pol\u00edticos"},"url":"https:\/\/lospoliticosveracruz.com\/?author=2"}]}},"_links":{"self":[{"href":"https:\/\/lospoliticosveracruz.com\/index.php?rest_route=\/wp\/v2\/posts\/42847","targetHints":{"allow":["GET"]}}],"collection":[{"href":"https:\/\/lospoliticosveracruz.com\/index.php?rest_route=\/wp\/v2\/posts"}],"about":[{"href":"https:\/\/lospoliticosveracruz.com\/index.php?rest_route=\/wp\/v2\/types\/post"}],"author":[{"embeddable":true,"href":"https:\/\/lospoliticosveracruz.com\/index.php?rest_route=\/wp\/v2\/users\/2"}],"replies":[{"embeddable":true,"href":"https:\/\/lospoliticosveracruz.com\/index.php?rest_route=%2Fwp%2Fv2%2Fcomments&post=42847"}],"version-history":[{"count":1,"href":"https:\/\/lospoliticosveracruz.com\/index.php?rest_route=\/wp\/v2\/posts\/42847\/revisions"}],"predecessor-version":[{"id":42848,"href":"https:\/\/lospoliticosveracruz.com\/index.php?rest_route=\/wp\/v2\/posts\/42847\/revisions\/42848"}],"wp:attachment":[{"href":"https:\/\/lospoliticosveracruz.com\/index.php?rest_route=%2Fwp%2Fv2%2Fmedia&parent=42847"}],"wp:term":[{"taxonomy":"category","embeddable":true,"href":"https:\/\/lospoliticosveracruz.com\/index.php?rest_route=%2Fwp%2Fv2%2Fcategories&post=42847"},{"taxonomy":"post_tag","embeddable":true,"href":"https:\/\/lospoliticosveracruz.com\/index.php?rest_route=%2Fwp%2Fv2%2Ftags&post=42847"}],"curies":[{"name":"wp","href":"https:\/\/api.w.org\/{rel}","templated":true}]}}