{"id":42871,"date":"2018-06-07T22:35:16","date_gmt":"2018-06-08T03:35:16","guid":{"rendered":"http:\/\/www.lospoliticosveracruz.com.mx\/?p=42871"},"modified":"2018-06-07T22:35:16","modified_gmt":"2018-06-08T03:35:16","slug":"la-apuesta-de-morgado","status":"publish","type":"post","link":"https:\/\/lospoliticosveracruz.com\/?p=42871","title":{"rendered":"La apuesta de Morgado"},"content":{"rendered":"<p><strong>Salvador Mu\u00f1oz<\/strong><\/p>\n<p><em>Los Pol\u00edticos<\/em><\/p>\n<p>&nbsp;<\/p>\n<p>La apuesta la pone Gonzalo Morgado Huesca en la mesa: 20 mil pesos a que gana Pepe Yunes la gubernatura; 10 mil a que gana Pepe Meade la presidencia. Le pregunto si me permite publicarlo en la columna. Afirmativo.<\/p>\n<p>En una comida con algunos columnistas, volvemos a reencontrarnos con Gonzalo Morgado Huesca.<\/p>\n<p>Las an\u00e9cdotas est\u00e1n a flor de piel y es inevitable recordar dos apodos con los que Gonzalo Morgado Huesca es conocido: El Capit\u00e1n Chanclas y el P\u00e1jaro Pu\u00f1al\u00edn.<\/p>\n<p>No tiene empacho en citar que el primero es porque a veces, en esas largas giras que comprend\u00eda recorrer el estado, a veces tra\u00eda un par de chanclas para que descansaran los pies del entonces gobernador Dante Delgado Rannauro.<\/p>\n<p>Tambi\u00e9n recuerda cuando la oposici\u00f3n ped\u00eda la cabeza del secretario de Hacienda de Ernesto Zedillo, Jos\u00e9 \u00c1ngel Gurr\u00eda, por la miscel\u00e1nea planteada all\u00e1 por 1997-98 y \u00e9l, como secretario de la Mesa Directiva del Congreso de la Uni\u00f3n, sali\u00f3 a la defensa, de una manera poco ortodoxa, a criticar la posici\u00f3n de los contras: \u201cen mi pueblo hay unos p\u00e1jaros que se llaman p\u00e1jaros pu\u00f1alines, \u00e9stos se caracterizan porque cantan en un lado y ponen los huevos en otro. As\u00ed son los diputados del PRD\u201d.<\/p>\n<p>Dice que en esa ocasi\u00f3n, se le acerc\u00f3 una diputada, que era lideresa de los pepenadores, y en corto le dijo que se daban un \u201centre\u201d entre ella y \u00e9l, ellos solos nom\u00e1s\u2026 en eso, una mano lo jal\u00f3 por el hombro y le dijo: \u201cesa diputada trae un arma en la media\u2026 dicen que se ha echado como a dos\u2026 ni le busques\u201d, y mejor le dio la media vuelta.<\/p>\n<p>Al d\u00eda siguiente, cuando iba en su carro, o\u00eda por la radio a Joaqu\u00edn L\u00f3pez D\u00f3riga que entrevistaba al entonces senador Eduardo Andrade S\u00e1nchez, quien al ser cuestionado por el periodista sobre el diputado pri\u00edsta y los p\u00e1jaros pu\u00f1alines, critic\u00f3 el bajo nivel del de la c\u00e1mara baja.<\/p>\n<p>Gonzalo entonces llam\u00f3 a la radiodifusora y cuando le preguntaron qui\u00e9n era, dijo que era el diputado de los p\u00e1jaros\u2026 de inmediato atendieron su llamada y le comentaron de la posici\u00f3n que guardaba el senador de su partido, Eduardo Andrade S\u00e1nchez, a lo que \u00e9l respondi\u00f3 que si bien hab\u00eda dicho que los perredistas eran \u201cp\u00e1jaros pu\u00f1alines\u201d, Eduardo Andrade era \u201c\u00a1P\u00e1jaro nalg\u00f3n!\u201d<\/p>\n<p>No le entra a las mollejas porque tiene el colesterol muy alto\u2026 yo tambi\u00e9n, pero tengo la firme convicci\u00f3n ahora de que si he de morirme, no ha de ser de hambre y mucho menos de antojo\u2026 yo s\u00ed le entro a las mollejas.<\/p>\n<p>Recibo una llamada por el celular. Es Am\u00e9rico Z\u00fa\u00f1iga. Una breve pl\u00e1tica. Como siempre, atento, amable y cordial. Otro caballero de la pol\u00edtica como es Pepe Yunes Zorrilla. Igual me pasan una llamada de Pepe Yunes\u2026 creo que est\u00e1 por Boca del R\u00edo, pero la comunicaci\u00f3n se corta.<\/p>\n<p>Volvemos al colesterol. Cuenta Gonzalo que hace poco lleg\u00f3 muy mal al m\u00e9dico, que tuvieron que enviarlo al Hospital\u2026 tras un lapso de espera que se hizo interminable por su situaci\u00f3n an\u00edmica, revent\u00f3 y pidi\u00f3 la atenci\u00f3n inmediata del m\u00e9dico que lo envi\u00f3. Por supuesto, lo recibi\u00f3 un internista y le hizo algunas preguntas como\u2026 \u201ca qu\u00e9 se dedica\u201d&#8230;<\/p>\n<p>\u2013\u00a1Soy pol\u00edtico!<\/p>\n<p>\u2013\u00bfDe qu\u00e9 partido?<\/p>\n<p>\u2013\u00a1Del PRI!<\/p>\n<p>Una cara de angustia se reflej\u00f3 en el galeno\u2026 ten\u00eda toda la informaci\u00f3n necesaria para dar el diagn\u00f3stico de su salud\u2026 nada m\u00e1s le falt\u00f3 que le recetara que no checara las encuestas que se publicaban.<\/p>\n<p>La verdad, fue una comida llena de an\u00e9cdotas\u2026 pero eso s\u00ed, con la seriedad de mantenerse firme en esa apuesta: 20 mil pesos a que gana Pepe Yunes la gubernatura; 10 mil a que gana Pepe Meade la presidencia. A\u00fan mejor: Si el gobernador Miguel \u00c1ngel Yunes Linares recoge la apuesta, junto con el doctor Hilario Ruiz Zurita, Gonzalo la duplica, es decir, 40 para Pepe Yunes y 20 para Meade\u2026 \u00bfcomo Jos\u00e9-Jos\u00e9? \u00a1Ah\u00ed est\u00e1 el mensaje subliminal! \u00a1Pepe-Pepe! La pregunta es: \u00bfrecoger\u00e1 el gober la apuesta?<\/p>\n<p>smcainito@gmail.com<\/p>\n","protected":false},"excerpt":{"rendered":"<p>Salvador Mu\u00f1oz Los Pol\u00edticos &nbsp; La apuesta la pone Gonzalo Morgado Huesca en la mesa: 20 mil pesos a que gana Pepe Yunes la gubernatura; 10 mil a que gana Pepe Meade la presidencia. Le pregunto si me permite publicarlo en la columna. Afirmativo. En una comida con algunos columnistas, volvemos a reencontrarnos con Gonzalo [&hellip;]<\/p>\n","protected":false},"author":2,"featured_media":0,"comment_status":"open","ping_status":"open","sticky":false,"template":"","format":"standard","meta":{"tdm_status":"","tdm_grid_status":"","footnotes":""},"categories":[70],"tags":[1006,1233,434,11752,570],"class_list":{"0":"post-42871","1":"post","2":"type-post","3":"status-publish","4":"format-standard","6":"category-de-opinion","7":"tag-dante-delgado-rannauro","8":"tag-gonzalo-morgado-huesca","9":"tag-pajaro-punalin","10":"tag-pepe-meade","11":"tag-pepe-yunes"},"yoast_head":"<!-- This site is optimized with the Yoast SEO plugin v27.4 - https:\/\/yoast.com\/product\/yoast-seo-wordpress\/ -->\n<title>La apuesta de Morgado - Los pol\u00edticos Veracruz<\/title>\n<meta name=\"robots\" content=\"index, follow, max-snippet:-1, max-image-preview:large, max-video-preview:-1\" \/>\n<link rel=\"canonical\" href=\"https:\/\/lospoliticosveracruz.com\/?p=42871\" \/>\n<meta property=\"og:locale\" content=\"es_ES\" \/>\n<meta property=\"og:type\" content=\"article\" \/>\n<meta property=\"og:title\" content=\"La apuesta de Morgado - Los pol\u00edticos Veracruz\" \/>\n<meta property=\"og:description\" content=\"Salvador Mu\u00f1oz Los Pol\u00edticos &nbsp; La apuesta la pone Gonzalo Morgado Huesca en la mesa: 20 mil pesos a que gana Pepe Yunes la gubernatura; 10 mil a que gana Pepe Meade la presidencia. Le pregunto si me permite publicarlo en la columna. Afirmativo. En una comida con algunos columnistas, volvemos a reencontrarnos con Gonzalo [&hellip;]\" \/>\n<meta property=\"og:url\" content=\"https:\/\/lospoliticosveracruz.com\/?p=42871\" \/>\n<meta property=\"og:site_name\" content=\"Los pol\u00edticos Veracruz\" \/>\n<meta property=\"article:publisher\" content=\"https:\/\/www.facebook.com\/people\/Notimemes-de-los-Polticos\/61565672886568\/\" \/>\n<meta property=\"article:published_time\" content=\"2018-06-08T03:35:16+00:00\" \/>\n<meta property=\"og:image\" content=\"https:\/\/lospoliticosveracruz.com\/wp-content\/uploads\/2016\/07\/Logo-Dor.jpg\" \/>\n\t<meta property=\"og:image:width\" content=\"200\" \/>\n\t<meta property=\"og:image:height\" content=\"200\" \/>\n\t<meta property=\"og:image:type\" content=\"image\/jpeg\" \/>\n<meta name=\"author\" content=\"Lo viste en Los Pol\u00edticos\" \/>\n<meta name=\"twitter:card\" content=\"summary_large_image\" \/>\n<meta name=\"twitter:creator\" content=\"@LosPoliticosVer\" \/>\n<meta name=\"twitter:site\" content=\"@LosPoliticosVer\" \/>\n<meta name=\"twitter:label1\" content=\"Escrito por\" \/>\n\t<meta name=\"twitter:data1\" content=\"Lo viste en Los Pol\u00edticos\" \/>\n\t<meta name=\"twitter:label2\" content=\"Tiempo de lectura\" \/>\n\t<meta name=\"twitter:data2\" content=\"4 minutos\" \/>\n<script type=\"application\/ld+json\" class=\"yoast-schema-graph\">{\"@context\":\"https:\\\/\\\/schema.org\",\"@graph\":[{\"@type\":\"Article\",\"@id\":\"https:\\\/\\\/lospoliticosveracruz.com\\\/?p=42871#article\",\"isPartOf\":{\"@id\":\"https:\\\/\\\/lospoliticosveracruz.com\\\/?p=42871\"},\"author\":{\"name\":\"Lo viste en Los Pol\u00edticos\",\"@id\":\"https:\\\/\\\/lospoliticosveracruz.com\\\/#\\\/schema\\\/person\\\/b8702bb0e538456e6efd07080bf2a4a2\"},\"headline\":\"La apuesta de Morgado\",\"datePublished\":\"2018-06-08T03:35:16+00:00\",\"mainEntityOfPage\":{\"@id\":\"https:\\\/\\\/lospoliticosveracruz.com\\\/?p=42871\"},\"wordCount\":734,\"commentCount\":0,\"publisher\":{\"@id\":\"https:\\\/\\\/lospoliticosveracruz.com\\\/#organization\"},\"keywords\":[\"Dante Delgado Rannauro\",\"Gonzalo Morgado Huesca\",\"P\u00e1jaro Pu\u00f1al\u00edn\",\"Pepe Meade\",\"Pepe Yunes\"],\"articleSection\":[\"De Opini\u00f3n\"],\"inLanguage\":\"es\",\"potentialAction\":[{\"@type\":\"CommentAction\",\"name\":\"Comment\",\"target\":[\"https:\\\/\\\/lospoliticosveracruz.com\\\/?p=42871#respond\"]}]},{\"@type\":\"WebPage\",\"@id\":\"https:\\\/\\\/lospoliticosveracruz.com\\\/?p=42871\",\"url\":\"https:\\\/\\\/lospoliticosveracruz.com\\\/?p=42871\",\"name\":\"La apuesta de Morgado - Los pol\u00edticos Veracruz\",\"isPartOf\":{\"@id\":\"https:\\\/\\\/lospoliticosveracruz.com\\\/#website\"},\"datePublished\":\"2018-06-08T03:35:16+00:00\",\"breadcrumb\":{\"@id\":\"https:\\\/\\\/lospoliticosveracruz.com\\\/?p=42871#breadcrumb\"},\"inLanguage\":\"es\",\"potentialAction\":[{\"@type\":\"ReadAction\",\"target\":[\"https:\\\/\\\/lospoliticosveracruz.com\\\/?p=42871\"]}]},{\"@type\":\"BreadcrumbList\",\"@id\":\"https:\\\/\\\/lospoliticosveracruz.com\\\/?p=42871#breadcrumb\",\"itemListElement\":[{\"@type\":\"ListItem\",\"position\":1,\"name\":\"Portada\",\"item\":\"https:\\\/\\\/lospoliticosveracruz.com\\\/\"},{\"@type\":\"ListItem\",\"position\":2,\"name\":\"La apuesta de Morgado\"}]},{\"@type\":\"WebSite\",\"@id\":\"https:\\\/\\\/lospoliticosveracruz.com\\\/#website\",\"url\":\"https:\\\/\\\/lospoliticosveracruz.com\\\/\",\"name\":\"Los pol\u00edticos Veracruz\",\"description\":\"\",\"publisher\":{\"@id\":\"https:\\\/\\\/lospoliticosveracruz.com\\\/#organization\"},\"potentialAction\":[{\"@type\":\"SearchAction\",\"target\":{\"@type\":\"EntryPoint\",\"urlTemplate\":\"https:\\\/\\\/lospoliticosveracruz.com\\\/?s={search_term_string}\"},\"query-input\":{\"@type\":\"PropertyValueSpecification\",\"valueRequired\":true,\"valueName\":\"search_term_string\"}}],\"inLanguage\":\"es\"},{\"@type\":\"Organization\",\"@id\":\"https:\\\/\\\/lospoliticosveracruz.com\\\/#organization\",\"name\":\"Los pol\u00edticos Veracruz\",\"url\":\"https:\\\/\\\/lospoliticosveracruz.com\\\/\",\"logo\":{\"@type\":\"ImageObject\",\"inLanguage\":\"es\",\"@id\":\"https:\\\/\\\/lospoliticosveracruz.com\\\/#\\\/schema\\\/logo\\\/image\\\/\",\"url\":\"https:\\\/\\\/lospoliticosveracruz.com\\\/wp-content\\\/uploads\\\/2025\\\/12\\\/Logo-Nuevo-LOS-POLITICOS-1.jpg\",\"contentUrl\":\"https:\\\/\\\/lospoliticosveracruz.com\\\/wp-content\\\/uploads\\\/2025\\\/12\\\/Logo-Nuevo-LOS-POLITICOS-1.jpg\",\"width\":260,\"height\":70,\"caption\":\"Los pol\u00edticos Veracruz\"},\"image\":{\"@id\":\"https:\\\/\\\/lospoliticosveracruz.com\\\/#\\\/schema\\\/logo\\\/image\\\/\"},\"sameAs\":[\"https:\\\/\\\/www.facebook.com\\\/people\\\/Notimemes-de-los-Polticos\\\/61565672886568\\\/\",\"https:\\\/\\\/x.com\\\/LosPoliticosVer\"]},{\"@type\":\"Person\",\"@id\":\"https:\\\/\\\/lospoliticosveracruz.com\\\/#\\\/schema\\\/person\\\/b8702bb0e538456e6efd07080bf2a4a2\",\"name\":\"Lo viste en Los Pol\u00edticos\",\"image\":{\"@type\":\"ImageObject\",\"inLanguage\":\"es\",\"@id\":\"https:\\\/\\\/secure.gravatar.com\\\/avatar\\\/3a8de04a2656d44082be478bd6c086daa447c4651605818287b9532d3d0bd435?s=96&d=mm&r=g\",\"url\":\"https:\\\/\\\/secure.gravatar.com\\\/avatar\\\/3a8de04a2656d44082be478bd6c086daa447c4651605818287b9532d3d0bd435?s=96&d=mm&r=g\",\"contentUrl\":\"https:\\\/\\\/secure.gravatar.com\\\/avatar\\\/3a8de04a2656d44082be478bd6c086daa447c4651605818287b9532d3d0bd435?s=96&d=mm&r=g\",\"caption\":\"Lo viste en Los Pol\u00edticos\"},\"url\":\"https:\\\/\\\/lospoliticosveracruz.com\\\/?author=2\"}]}<\/script>\n<!-- \/ Yoast SEO plugin. -->","yoast_head_json":{"title":"La apuesta de Morgado - Los pol\u00edticos Veracruz","robots":{"index":"index","follow":"follow","max-snippet":"max-snippet:-1","max-image-preview":"max-image-preview:large","max-video-preview":"max-video-preview:-1"},"canonical":"https:\/\/lospoliticosveracruz.com\/?p=42871","og_locale":"es_ES","og_type":"article","og_title":"La apuesta de Morgado - Los pol\u00edticos Veracruz","og_description":"Salvador Mu\u00f1oz Los Pol\u00edticos &nbsp; La apuesta la pone Gonzalo Morgado Huesca en la mesa: 20 mil pesos a que gana Pepe Yunes la gubernatura; 10 mil a que gana Pepe Meade la presidencia. Le pregunto si me permite publicarlo en la columna. Afirmativo. En una comida con algunos columnistas, volvemos a reencontrarnos con Gonzalo [&hellip;]","og_url":"https:\/\/lospoliticosveracruz.com\/?p=42871","og_site_name":"Los pol\u00edticos Veracruz","article_publisher":"https:\/\/www.facebook.com\/people\/Notimemes-de-los-Polticos\/61565672886568\/","article_published_time":"2018-06-08T03:35:16+00:00","og_image":[{"width":200,"height":200,"url":"https:\/\/lospoliticosveracruz.com\/wp-content\/uploads\/2016\/07\/Logo-Dor.jpg","type":"image\/jpeg"}],"author":"Lo viste en Los Pol\u00edticos","twitter_card":"summary_large_image","twitter_creator":"@LosPoliticosVer","twitter_site":"@LosPoliticosVer","twitter_misc":{"Escrito por":"Lo viste en Los Pol\u00edticos","Tiempo de lectura":"4 minutos"},"schema":{"@context":"https:\/\/schema.org","@graph":[{"@type":"Article","@id":"https:\/\/lospoliticosveracruz.com\/?p=42871#article","isPartOf":{"@id":"https:\/\/lospoliticosveracruz.com\/?p=42871"},"author":{"name":"Lo viste en Los Pol\u00edticos","@id":"https:\/\/lospoliticosveracruz.com\/#\/schema\/person\/b8702bb0e538456e6efd07080bf2a4a2"},"headline":"La apuesta de Morgado","datePublished":"2018-06-08T03:35:16+00:00","mainEntityOfPage":{"@id":"https:\/\/lospoliticosveracruz.com\/?p=42871"},"wordCount":734,"commentCount":0,"publisher":{"@id":"https:\/\/lospoliticosveracruz.com\/#organization"},"keywords":["Dante Delgado Rannauro","Gonzalo Morgado Huesca","P\u00e1jaro Pu\u00f1al\u00edn","Pepe Meade","Pepe Yunes"],"articleSection":["De Opini\u00f3n"],"inLanguage":"es","potentialAction":[{"@type":"CommentAction","name":"Comment","target":["https:\/\/lospoliticosveracruz.com\/?p=42871#respond"]}]},{"@type":"WebPage","@id":"https:\/\/lospoliticosveracruz.com\/?p=42871","url":"https:\/\/lospoliticosveracruz.com\/?p=42871","name":"La apuesta de Morgado - Los pol\u00edticos Veracruz","isPartOf":{"@id":"https:\/\/lospoliticosveracruz.com\/#website"},"datePublished":"2018-06-08T03:35:16+00:00","breadcrumb":{"@id":"https:\/\/lospoliticosveracruz.com\/?p=42871#breadcrumb"},"inLanguage":"es","potentialAction":[{"@type":"ReadAction","target":["https:\/\/lospoliticosveracruz.com\/?p=42871"]}]},{"@type":"BreadcrumbList","@id":"https:\/\/lospoliticosveracruz.com\/?p=42871#breadcrumb","itemListElement":[{"@type":"ListItem","position":1,"name":"Portada","item":"https:\/\/lospoliticosveracruz.com\/"},{"@type":"ListItem","position":2,"name":"La apuesta de Morgado"}]},{"@type":"WebSite","@id":"https:\/\/lospoliticosveracruz.com\/#website","url":"https:\/\/lospoliticosveracruz.com\/","name":"Los pol\u00edticos Veracruz","description":"","publisher":{"@id":"https:\/\/lospoliticosveracruz.com\/#organization"},"potentialAction":[{"@type":"SearchAction","target":{"@type":"EntryPoint","urlTemplate":"https:\/\/lospoliticosveracruz.com\/?s={search_term_string}"},"query-input":{"@type":"PropertyValueSpecification","valueRequired":true,"valueName":"search_term_string"}}],"inLanguage":"es"},{"@type":"Organization","@id":"https:\/\/lospoliticosveracruz.com\/#organization","name":"Los pol\u00edticos Veracruz","url":"https:\/\/lospoliticosveracruz.com\/","logo":{"@type":"ImageObject","inLanguage":"es","@id":"https:\/\/lospoliticosveracruz.com\/#\/schema\/logo\/image\/","url":"https:\/\/lospoliticosveracruz.com\/wp-content\/uploads\/2025\/12\/Logo-Nuevo-LOS-POLITICOS-1.jpg","contentUrl":"https:\/\/lospoliticosveracruz.com\/wp-content\/uploads\/2025\/12\/Logo-Nuevo-LOS-POLITICOS-1.jpg","width":260,"height":70,"caption":"Los pol\u00edticos Veracruz"},"image":{"@id":"https:\/\/lospoliticosveracruz.com\/#\/schema\/logo\/image\/"},"sameAs":["https:\/\/www.facebook.com\/people\/Notimemes-de-los-Polticos\/61565672886568\/","https:\/\/x.com\/LosPoliticosVer"]},{"@type":"Person","@id":"https:\/\/lospoliticosveracruz.com\/#\/schema\/person\/b8702bb0e538456e6efd07080bf2a4a2","name":"Lo viste en Los Pol\u00edticos","image":{"@type":"ImageObject","inLanguage":"es","@id":"https:\/\/secure.gravatar.com\/avatar\/3a8de04a2656d44082be478bd6c086daa447c4651605818287b9532d3d0bd435?s=96&d=mm&r=g","url":"https:\/\/secure.gravatar.com\/avatar\/3a8de04a2656d44082be478bd6c086daa447c4651605818287b9532d3d0bd435?s=96&d=mm&r=g","contentUrl":"https:\/\/secure.gravatar.com\/avatar\/3a8de04a2656d44082be478bd6c086daa447c4651605818287b9532d3d0bd435?s=96&d=mm&r=g","caption":"Lo viste en Los Pol\u00edticos"},"url":"https:\/\/lospoliticosveracruz.com\/?author=2"}]}},"_links":{"self":[{"href":"https:\/\/lospoliticosveracruz.com\/index.php?rest_route=\/wp\/v2\/posts\/42871","targetHints":{"allow":["GET"]}}],"collection":[{"href":"https:\/\/lospoliticosveracruz.com\/index.php?rest_route=\/wp\/v2\/posts"}],"about":[{"href":"https:\/\/lospoliticosveracruz.com\/index.php?rest_route=\/wp\/v2\/types\/post"}],"author":[{"embeddable":true,"href":"https:\/\/lospoliticosveracruz.com\/index.php?rest_route=\/wp\/v2\/users\/2"}],"replies":[{"embeddable":true,"href":"https:\/\/lospoliticosveracruz.com\/index.php?rest_route=%2Fwp%2Fv2%2Fcomments&post=42871"}],"version-history":[{"count":1,"href":"https:\/\/lospoliticosveracruz.com\/index.php?rest_route=\/wp\/v2\/posts\/42871\/revisions"}],"predecessor-version":[{"id":42872,"href":"https:\/\/lospoliticosveracruz.com\/index.php?rest_route=\/wp\/v2\/posts\/42871\/revisions\/42872"}],"wp:attachment":[{"href":"https:\/\/lospoliticosveracruz.com\/index.php?rest_route=%2Fwp%2Fv2%2Fmedia&parent=42871"}],"wp:term":[{"taxonomy":"category","embeddable":true,"href":"https:\/\/lospoliticosveracruz.com\/index.php?rest_route=%2Fwp%2Fv2%2Fcategories&post=42871"},{"taxonomy":"post_tag","embeddable":true,"href":"https:\/\/lospoliticosveracruz.com\/index.php?rest_route=%2Fwp%2Fv2%2Ftags&post=42871"}],"curies":[{"name":"wp","href":"https:\/\/api.w.org\/{rel}","templated":true}]}}