{"id":42879,"date":"2018-06-08T09:24:20","date_gmt":"2018-06-08T14:24:20","guid":{"rendered":"http:\/\/www.lospoliticosveracruz.com.mx\/?p=42879"},"modified":"2018-06-08T09:24:20","modified_gmt":"2018-06-08T14:24:20","slug":"ejercito-de-teclados","status":"publish","type":"post","link":"https:\/\/lospoliticosveracruz.com\/?p=42879","title":{"rendered":"Ej\u00e9rcito de teclados"},"content":{"rendered":"<p><strong>Naldy Rodr\u00edguez<\/strong><\/p>\n<p><em>Transparencia 3.0<\/em><\/p>\n<p>Tras el \u00faltimo \u201cdebate\u201d entre candidatos a la gubernatura de Veracruz, se activaron en redes sociales los bots pol\u00edticos, cuentas creadas y manejadas autom\u00e1ticamente para diferentes fines: en la mayor\u00eda de los casos para atacar a otros usuarios o \u201cinflar\u201d a los abanderados partidistas.<br \/>\nEste \u201cej\u00e9rcito\u201d se apodera de los espacios virtuales y se combina con usuarios reales e \u201cinfluencers\u201d que tratan de desvirtuar o manipular la informaci\u00f3n a favor de uno o de otro candidato, no s\u00f3lo los bots.<br \/>\nEs lamentable, pero ya hay estudios sobre la manipulaci\u00f3n en redes sociales y sus efectos en los procesos electorales, que se\u00f1alan que s\u00ed inciden en la libre decisi\u00f3n de los usuarios mayores de edad.<br \/>\n\u201cLas t\u00e1cticas de manipulaci\u00f3n y desinformaci\u00f3n en l\u00ednea desempe\u00f1aron un papel importante en las elecciones (de 2016) en al menos 18 pa\u00edses, incluido Estados Unidos, lo que da\u00f1\u00f3 la capacidad de los ciudadanos de elegir sus l\u00edderes sobre la base de noticias objetivas y debates aut\u00e9nticos\u201d, revel\u00f3 la \u00faltima edici\u00f3n de la evaluaci\u00f3n denominada Freedom on the Net 2017.<br \/>\nLas herramientas utilizadas en el mundo para influir o incidir en las plataformas digitales son: \u201ccomentaristas pagados,\u00a0trolls,\u00a0bots, sitios de noticias falsas y medios de propaganda\u201d, dice el estudio. Las mismas practicas que vemos en estas campa\u00f1as, me atrever\u00eda a decir que utilizadas por casi todos los partidos y candidatos de Veracruz, algunos en mayor medida.<br \/>\nLas t\u00e9cnicas no solo se utilizan para inflar el apoyo popular hacia alg\u00fan candidato, tambi\u00e9n sirven para atacar o visibilizar las debilidades del contrincante, lo que lleva a generar una \u201cpercepci\u00f3n\u201d en la comunidad virtual. \u201cLos gobiernos de un total de 30 pa\u00edses desplegaron alguna forma de manipulaci\u00f3n para distorsionar la informaci\u00f3n en l\u00ednea\u201d, como apunta la evaluaci\u00f3n internacional.<br \/>\nOtro fen\u00f3meno detectado es que ese ej\u00e9rcito sirve para agredir a usuarios, no s\u00f3lo a los candidatos. Muchas ataques son dirigidos a periodistas en l\u00ednea por compartir informaci\u00f3n que se public\u00f3 en sus medios o por escribir sus posturas o ideolog\u00edas en las redes sociales. De inmediato, son blanco de agresiones verbales, acusaciones, descalificaciones hasta llegar a amenazas.<br \/>\nEl total de cuentas de Twitter en M\u00e9xico asciende a 4 millones 100 mil aproximadamente, pero solo el 60 por ciento est\u00e1n activas, mientras que los usuarios de Facebook alcanza la escalofriante cifra de 83 millones de usuarios mexicanos, se\u00f1ala el estudio \u201cTecnolog\u00eda digital en M\u00e9xico 2018\u201d de Hootsuite.<br \/>\nAlgunos abogados y expertos han hablado de la posibilidad de restringir un derecho, yo prefiero la libertad y pensar que podemos \u201cauto-regularnos\u201d, para que desde lo individual hagamos un uso responsable de los espacios virtuales, fomentemos la tolerancia, el respeto y la buena convivencia.<\/p>\n<p><strong>Resistencia<\/strong><\/p>\n<p>Como si se tratara de una carrera de campo traviesa, los periodistas veracruzanos resisten; sufren los embates de la violencia del narcotr\u00e1fico y el poder. Sus historias, tristezas y miedos se ven reflejados en el documental \u201cNo se mata la Verdad\u201d de T\u00e9moris Grecko, dirigido por el cineasta mexicano Coizta Grecko.<br \/>\nOjos de Perro present\u00f3 el documental en la capital del estado, donde se grabaron varias entrevistas. Son historias de periodistas asesinados, momentos de la vida que dejaron por ejercer en el pa\u00eds m\u00e1s inseguro para esta actividad profesional.<\/p>\n<p>\u201cNos seguimos aferrando a esto\u201d, coincidieron en sus testimonios periodistas veracruzanos.<br \/>\nTwitter @ydlan<br \/>\nTransparencia3.0@hotmail.com<\/p>\n","protected":false},"excerpt":{"rendered":"<p>Naldy Rodr\u00edguez Transparencia 3.0 Tras el \u00faltimo \u201cdebate\u201d entre candidatos a la gubernatura de Veracruz, se activaron en redes sociales los bots pol\u00edticos, cuentas creadas y manejadas autom\u00e1ticamente para diferentes fines: en la mayor\u00eda de los casos para atacar a otros usuarios o \u201cinflar\u201d a los abanderados partidistas. Este \u201cej\u00e9rcito\u201d se apodera de los espacios [&hellip;]<\/p>\n","protected":false},"author":2,"featured_media":0,"comment_status":"open","ping_status":"open","sticky":false,"template":"","format":"standard","meta":{"tdm_status":"","tdm_grid_status":"","footnotes":""},"categories":[70],"tags":[11862,450,195],"class_list":{"0":"post-42879","1":"post","2":"type-post","3":"status-publish","4":"format-standard","6":"category-de-opinion","7":"tag-bots","8":"tag-candidato","9":"tag-veracruz"},"yoast_head":"<!-- This site is optimized with the Yoast SEO plugin v27.4 - https:\/\/yoast.com\/product\/yoast-seo-wordpress\/ -->\n<title>Ej\u00e9rcito de teclados - Los pol\u00edticos Veracruz<\/title>\n<meta name=\"robots\" content=\"index, follow, max-snippet:-1, max-image-preview:large, max-video-preview:-1\" \/>\n<link rel=\"canonical\" href=\"https:\/\/lospoliticosveracruz.com\/?p=42879\" \/>\n<meta property=\"og:locale\" content=\"es_ES\" \/>\n<meta property=\"og:type\" content=\"article\" \/>\n<meta property=\"og:title\" content=\"Ej\u00e9rcito de teclados - Los pol\u00edticos Veracruz\" \/>\n<meta property=\"og:description\" content=\"Naldy Rodr\u00edguez Transparencia 3.0 Tras el \u00faltimo \u201cdebate\u201d entre candidatos a la gubernatura de Veracruz, se activaron en redes sociales los bots pol\u00edticos, cuentas creadas y manejadas autom\u00e1ticamente para diferentes fines: en la mayor\u00eda de los casos para atacar a otros usuarios o \u201cinflar\u201d a los abanderados partidistas. Este \u201cej\u00e9rcito\u201d se apodera de los espacios [&hellip;]\" \/>\n<meta property=\"og:url\" content=\"https:\/\/lospoliticosveracruz.com\/?p=42879\" \/>\n<meta property=\"og:site_name\" content=\"Los pol\u00edticos Veracruz\" \/>\n<meta property=\"article:publisher\" content=\"https:\/\/www.facebook.com\/people\/Notimemes-de-los-Polticos\/61565672886568\/\" \/>\n<meta property=\"article:published_time\" content=\"2018-06-08T14:24:20+00:00\" \/>\n<meta property=\"og:image\" content=\"https:\/\/lospoliticosveracruz.com\/wp-content\/uploads\/2016\/07\/Logo-Dor.jpg\" \/>\n\t<meta property=\"og:image:width\" content=\"200\" \/>\n\t<meta property=\"og:image:height\" content=\"200\" \/>\n\t<meta property=\"og:image:type\" content=\"image\/jpeg\" \/>\n<meta name=\"author\" content=\"Lo viste en Los Pol\u00edticos\" \/>\n<meta name=\"twitter:card\" content=\"summary_large_image\" \/>\n<meta name=\"twitter:creator\" content=\"@LosPoliticosVer\" \/>\n<meta name=\"twitter:site\" content=\"@LosPoliticosVer\" \/>\n<meta name=\"twitter:label1\" content=\"Escrito por\" \/>\n\t<meta name=\"twitter:data1\" content=\"Lo viste en Los Pol\u00edticos\" \/>\n\t<meta name=\"twitter:label2\" content=\"Tiempo de lectura\" \/>\n\t<meta name=\"twitter:data2\" content=\"3 minutos\" \/>\n<script type=\"application\/ld+json\" class=\"yoast-schema-graph\">{\"@context\":\"https:\\\/\\\/schema.org\",\"@graph\":[{\"@type\":\"Article\",\"@id\":\"https:\\\/\\\/lospoliticosveracruz.com\\\/?p=42879#article\",\"isPartOf\":{\"@id\":\"https:\\\/\\\/lospoliticosveracruz.com\\\/?p=42879\"},\"author\":{\"name\":\"Lo viste en Los Pol\u00edticos\",\"@id\":\"https:\\\/\\\/lospoliticosveracruz.com\\\/#\\\/schema\\\/person\\\/b8702bb0e538456e6efd07080bf2a4a2\"},\"headline\":\"Ej\u00e9rcito de teclados\",\"datePublished\":\"2018-06-08T14:24:20+00:00\",\"mainEntityOfPage\":{\"@id\":\"https:\\\/\\\/lospoliticosveracruz.com\\\/?p=42879\"},\"wordCount\":590,\"commentCount\":0,\"publisher\":{\"@id\":\"https:\\\/\\\/lospoliticosveracruz.com\\\/#organization\"},\"keywords\":[\"bots\",\"candidato\",\"Veracruz\"],\"articleSection\":[\"De Opini\u00f3n\"],\"inLanguage\":\"es\",\"potentialAction\":[{\"@type\":\"CommentAction\",\"name\":\"Comment\",\"target\":[\"https:\\\/\\\/lospoliticosveracruz.com\\\/?p=42879#respond\"]}]},{\"@type\":\"WebPage\",\"@id\":\"https:\\\/\\\/lospoliticosveracruz.com\\\/?p=42879\",\"url\":\"https:\\\/\\\/lospoliticosveracruz.com\\\/?p=42879\",\"name\":\"Ej\u00e9rcito de teclados - Los pol\u00edticos Veracruz\",\"isPartOf\":{\"@id\":\"https:\\\/\\\/lospoliticosveracruz.com\\\/#website\"},\"datePublished\":\"2018-06-08T14:24:20+00:00\",\"breadcrumb\":{\"@id\":\"https:\\\/\\\/lospoliticosveracruz.com\\\/?p=42879#breadcrumb\"},\"inLanguage\":\"es\",\"potentialAction\":[{\"@type\":\"ReadAction\",\"target\":[\"https:\\\/\\\/lospoliticosveracruz.com\\\/?p=42879\"]}]},{\"@type\":\"BreadcrumbList\",\"@id\":\"https:\\\/\\\/lospoliticosveracruz.com\\\/?p=42879#breadcrumb\",\"itemListElement\":[{\"@type\":\"ListItem\",\"position\":1,\"name\":\"Portada\",\"item\":\"https:\\\/\\\/lospoliticosveracruz.com\\\/\"},{\"@type\":\"ListItem\",\"position\":2,\"name\":\"Ej\u00e9rcito de teclados\"}]},{\"@type\":\"WebSite\",\"@id\":\"https:\\\/\\\/lospoliticosveracruz.com\\\/#website\",\"url\":\"https:\\\/\\\/lospoliticosveracruz.com\\\/\",\"name\":\"Los pol\u00edticos Veracruz\",\"description\":\"\",\"publisher\":{\"@id\":\"https:\\\/\\\/lospoliticosveracruz.com\\\/#organization\"},\"potentialAction\":[{\"@type\":\"SearchAction\",\"target\":{\"@type\":\"EntryPoint\",\"urlTemplate\":\"https:\\\/\\\/lospoliticosveracruz.com\\\/?s={search_term_string}\"},\"query-input\":{\"@type\":\"PropertyValueSpecification\",\"valueRequired\":true,\"valueName\":\"search_term_string\"}}],\"inLanguage\":\"es\"},{\"@type\":\"Organization\",\"@id\":\"https:\\\/\\\/lospoliticosveracruz.com\\\/#organization\",\"name\":\"Los pol\u00edticos Veracruz\",\"url\":\"https:\\\/\\\/lospoliticosveracruz.com\\\/\",\"logo\":{\"@type\":\"ImageObject\",\"inLanguage\":\"es\",\"@id\":\"https:\\\/\\\/lospoliticosveracruz.com\\\/#\\\/schema\\\/logo\\\/image\\\/\",\"url\":\"https:\\\/\\\/lospoliticosveracruz.com\\\/wp-content\\\/uploads\\\/2025\\\/12\\\/Logo-Nuevo-LOS-POLITICOS-1.jpg\",\"contentUrl\":\"https:\\\/\\\/lospoliticosveracruz.com\\\/wp-content\\\/uploads\\\/2025\\\/12\\\/Logo-Nuevo-LOS-POLITICOS-1.jpg\",\"width\":260,\"height\":70,\"caption\":\"Los pol\u00edticos Veracruz\"},\"image\":{\"@id\":\"https:\\\/\\\/lospoliticosveracruz.com\\\/#\\\/schema\\\/logo\\\/image\\\/\"},\"sameAs\":[\"https:\\\/\\\/www.facebook.com\\\/people\\\/Notimemes-de-los-Polticos\\\/61565672886568\\\/\",\"https:\\\/\\\/x.com\\\/LosPoliticosVer\"]},{\"@type\":\"Person\",\"@id\":\"https:\\\/\\\/lospoliticosveracruz.com\\\/#\\\/schema\\\/person\\\/b8702bb0e538456e6efd07080bf2a4a2\",\"name\":\"Lo viste en Los Pol\u00edticos\",\"image\":{\"@type\":\"ImageObject\",\"inLanguage\":\"es\",\"@id\":\"https:\\\/\\\/secure.gravatar.com\\\/avatar\\\/3a8de04a2656d44082be478bd6c086daa447c4651605818287b9532d3d0bd435?s=96&d=mm&r=g\",\"url\":\"https:\\\/\\\/secure.gravatar.com\\\/avatar\\\/3a8de04a2656d44082be478bd6c086daa447c4651605818287b9532d3d0bd435?s=96&d=mm&r=g\",\"contentUrl\":\"https:\\\/\\\/secure.gravatar.com\\\/avatar\\\/3a8de04a2656d44082be478bd6c086daa447c4651605818287b9532d3d0bd435?s=96&d=mm&r=g\",\"caption\":\"Lo viste en Los Pol\u00edticos\"},\"url\":\"https:\\\/\\\/lospoliticosveracruz.com\\\/?author=2\"}]}<\/script>\n<!-- \/ Yoast SEO plugin. -->","yoast_head_json":{"title":"Ej\u00e9rcito de teclados - Los pol\u00edticos Veracruz","robots":{"index":"index","follow":"follow","max-snippet":"max-snippet:-1","max-image-preview":"max-image-preview:large","max-video-preview":"max-video-preview:-1"},"canonical":"https:\/\/lospoliticosveracruz.com\/?p=42879","og_locale":"es_ES","og_type":"article","og_title":"Ej\u00e9rcito de teclados - Los pol\u00edticos Veracruz","og_description":"Naldy Rodr\u00edguez Transparencia 3.0 Tras el \u00faltimo \u201cdebate\u201d entre candidatos a la gubernatura de Veracruz, se activaron en redes sociales los bots pol\u00edticos, cuentas creadas y manejadas autom\u00e1ticamente para diferentes fines: en la mayor\u00eda de los casos para atacar a otros usuarios o \u201cinflar\u201d a los abanderados partidistas. Este \u201cej\u00e9rcito\u201d se apodera de los espacios [&hellip;]","og_url":"https:\/\/lospoliticosveracruz.com\/?p=42879","og_site_name":"Los pol\u00edticos Veracruz","article_publisher":"https:\/\/www.facebook.com\/people\/Notimemes-de-los-Polticos\/61565672886568\/","article_published_time":"2018-06-08T14:24:20+00:00","og_image":[{"width":200,"height":200,"url":"https:\/\/lospoliticosveracruz.com\/wp-content\/uploads\/2016\/07\/Logo-Dor.jpg","type":"image\/jpeg"}],"author":"Lo viste en Los Pol\u00edticos","twitter_card":"summary_large_image","twitter_creator":"@LosPoliticosVer","twitter_site":"@LosPoliticosVer","twitter_misc":{"Escrito por":"Lo viste en Los Pol\u00edticos","Tiempo de lectura":"3 minutos"},"schema":{"@context":"https:\/\/schema.org","@graph":[{"@type":"Article","@id":"https:\/\/lospoliticosveracruz.com\/?p=42879#article","isPartOf":{"@id":"https:\/\/lospoliticosveracruz.com\/?p=42879"},"author":{"name":"Lo viste en Los Pol\u00edticos","@id":"https:\/\/lospoliticosveracruz.com\/#\/schema\/person\/b8702bb0e538456e6efd07080bf2a4a2"},"headline":"Ej\u00e9rcito de teclados","datePublished":"2018-06-08T14:24:20+00:00","mainEntityOfPage":{"@id":"https:\/\/lospoliticosveracruz.com\/?p=42879"},"wordCount":590,"commentCount":0,"publisher":{"@id":"https:\/\/lospoliticosveracruz.com\/#organization"},"keywords":["bots","candidato","Veracruz"],"articleSection":["De Opini\u00f3n"],"inLanguage":"es","potentialAction":[{"@type":"CommentAction","name":"Comment","target":["https:\/\/lospoliticosveracruz.com\/?p=42879#respond"]}]},{"@type":"WebPage","@id":"https:\/\/lospoliticosveracruz.com\/?p=42879","url":"https:\/\/lospoliticosveracruz.com\/?p=42879","name":"Ej\u00e9rcito de teclados - Los pol\u00edticos Veracruz","isPartOf":{"@id":"https:\/\/lospoliticosveracruz.com\/#website"},"datePublished":"2018-06-08T14:24:20+00:00","breadcrumb":{"@id":"https:\/\/lospoliticosveracruz.com\/?p=42879#breadcrumb"},"inLanguage":"es","potentialAction":[{"@type":"ReadAction","target":["https:\/\/lospoliticosveracruz.com\/?p=42879"]}]},{"@type":"BreadcrumbList","@id":"https:\/\/lospoliticosveracruz.com\/?p=42879#breadcrumb","itemListElement":[{"@type":"ListItem","position":1,"name":"Portada","item":"https:\/\/lospoliticosveracruz.com\/"},{"@type":"ListItem","position":2,"name":"Ej\u00e9rcito de teclados"}]},{"@type":"WebSite","@id":"https:\/\/lospoliticosveracruz.com\/#website","url":"https:\/\/lospoliticosveracruz.com\/","name":"Los pol\u00edticos Veracruz","description":"","publisher":{"@id":"https:\/\/lospoliticosveracruz.com\/#organization"},"potentialAction":[{"@type":"SearchAction","target":{"@type":"EntryPoint","urlTemplate":"https:\/\/lospoliticosveracruz.com\/?s={search_term_string}"},"query-input":{"@type":"PropertyValueSpecification","valueRequired":true,"valueName":"search_term_string"}}],"inLanguage":"es"},{"@type":"Organization","@id":"https:\/\/lospoliticosveracruz.com\/#organization","name":"Los pol\u00edticos Veracruz","url":"https:\/\/lospoliticosveracruz.com\/","logo":{"@type":"ImageObject","inLanguage":"es","@id":"https:\/\/lospoliticosveracruz.com\/#\/schema\/logo\/image\/","url":"https:\/\/lospoliticosveracruz.com\/wp-content\/uploads\/2025\/12\/Logo-Nuevo-LOS-POLITICOS-1.jpg","contentUrl":"https:\/\/lospoliticosveracruz.com\/wp-content\/uploads\/2025\/12\/Logo-Nuevo-LOS-POLITICOS-1.jpg","width":260,"height":70,"caption":"Los pol\u00edticos Veracruz"},"image":{"@id":"https:\/\/lospoliticosveracruz.com\/#\/schema\/logo\/image\/"},"sameAs":["https:\/\/www.facebook.com\/people\/Notimemes-de-los-Polticos\/61565672886568\/","https:\/\/x.com\/LosPoliticosVer"]},{"@type":"Person","@id":"https:\/\/lospoliticosveracruz.com\/#\/schema\/person\/b8702bb0e538456e6efd07080bf2a4a2","name":"Lo viste en Los Pol\u00edticos","image":{"@type":"ImageObject","inLanguage":"es","@id":"https:\/\/secure.gravatar.com\/avatar\/3a8de04a2656d44082be478bd6c086daa447c4651605818287b9532d3d0bd435?s=96&d=mm&r=g","url":"https:\/\/secure.gravatar.com\/avatar\/3a8de04a2656d44082be478bd6c086daa447c4651605818287b9532d3d0bd435?s=96&d=mm&r=g","contentUrl":"https:\/\/secure.gravatar.com\/avatar\/3a8de04a2656d44082be478bd6c086daa447c4651605818287b9532d3d0bd435?s=96&d=mm&r=g","caption":"Lo viste en Los Pol\u00edticos"},"url":"https:\/\/lospoliticosveracruz.com\/?author=2"}]}},"_links":{"self":[{"href":"https:\/\/lospoliticosveracruz.com\/index.php?rest_route=\/wp\/v2\/posts\/42879","targetHints":{"allow":["GET"]}}],"collection":[{"href":"https:\/\/lospoliticosveracruz.com\/index.php?rest_route=\/wp\/v2\/posts"}],"about":[{"href":"https:\/\/lospoliticosveracruz.com\/index.php?rest_route=\/wp\/v2\/types\/post"}],"author":[{"embeddable":true,"href":"https:\/\/lospoliticosveracruz.com\/index.php?rest_route=\/wp\/v2\/users\/2"}],"replies":[{"embeddable":true,"href":"https:\/\/lospoliticosveracruz.com\/index.php?rest_route=%2Fwp%2Fv2%2Fcomments&post=42879"}],"version-history":[{"count":1,"href":"https:\/\/lospoliticosveracruz.com\/index.php?rest_route=\/wp\/v2\/posts\/42879\/revisions"}],"predecessor-version":[{"id":42881,"href":"https:\/\/lospoliticosveracruz.com\/index.php?rest_route=\/wp\/v2\/posts\/42879\/revisions\/42881"}],"wp:attachment":[{"href":"https:\/\/lospoliticosveracruz.com\/index.php?rest_route=%2Fwp%2Fv2%2Fmedia&parent=42879"}],"wp:term":[{"taxonomy":"category","embeddable":true,"href":"https:\/\/lospoliticosveracruz.com\/index.php?rest_route=%2Fwp%2Fv2%2Fcategories&post=42879"},{"taxonomy":"post_tag","embeddable":true,"href":"https:\/\/lospoliticosveracruz.com\/index.php?rest_route=%2Fwp%2Fv2%2Ftags&post=42879"}],"curies":[{"name":"wp","href":"https:\/\/api.w.org\/{rel}","templated":true}]}}