{"id":42941,"date":"2018-06-10T22:58:10","date_gmt":"2018-06-11T03:58:10","guid":{"rendered":"http:\/\/www.lospoliticosveracruz.com.mx\/?p=42941"},"modified":"2018-06-10T20:58:38","modified_gmt":"2018-06-11T01:58:38","slug":"candidata-de-10","status":"publish","type":"post","link":"https:\/\/lospoliticosveracruz.com\/?p=42941","title":{"rendered":"Candidata de 10"},"content":{"rendered":"<p><strong>Brenda Caballero<\/strong><\/p>\n<p><em>N\u00fameros Rojos<\/em><\/p>\n<p>&nbsp;<\/p>\n<p>&nbsp;<\/p>\n<p>\u00bfComo candidata le interesa el deporte? Era un mensaje que recibi\u00f3 por Facebook la maestra Maricarmen Rizo Ruiz, candidata del partido Nueva Alianza por el Distrito 10 Federal, Xalapa. Era del se\u00f1or Alejandro Bravo que tiene un equipo de futbol en la colonia Revoluci\u00f3n que integra 17 chicos entre los 9 y 17 a\u00f1os. Don Alejandro es padre de uno de ellos y a trav\u00e9s del futbol los ha orientado a practicar el deporte. Acto seguido en el mensaje invitaba a Maricarmen a visitar al equipo llamado Colrev para orientarlos y apoyarlos.<\/p>\n<p>Maricarmen cuenta que acudi\u00f3 a saludarlos a la cancha de la colonia Fredepo, la cual es de tierra y est\u00e1 cerca de la v\u00eda del tren&#8230; all\u00ed practican futbol tres d\u00edas a la semana por dos horas. Tambi\u00e9n encontr\u00f3 a dos ni\u00f1as de 12 \u00f3 13 a\u00f1os que juegan en el equipo, pero que tienen que trasladarse de otra colonia, pues carecen de instalaciones en la suya. Todos los ni\u00f1os y j\u00f3venes tienen grandes aspiraciones y su deseo es practicar por m\u00e1s tiempo y tener los instrumentos y el equipo adecuado. Ante ello, Maricarmen, ya tiene pensado que de llegar al Congreso federal gestionar\u00e1 recursos para apoyar a los j\u00f3venes y evitar que caigan en las drogas, el alcohol o la delincuencia.<\/p>\n<p>Don Alejandro cuenta que le escribi\u00f3 a todos los candidatos para que acudieran a ver las condiciones en las que practica f\u00fatbol su equipo, sin embargo, \u00fanicamente Maricarmen acudi\u00f3 a su llamado.<\/p>\n<p><strong>SU PADRE LE CAMBIA EL ESQUEMA TRADICIONAL E INICIA CON EL TRABAJO POR LAS MUJERES<\/strong><\/p>\n<p>La candidata recuerda que su pap\u00e1, Esteban Rizo, fundador de las estudiantinas, siempre estuvo al pendiente de ella, pero que adem\u00e1s, el maestro Rizo se evoca a hacer un cambio de esquemas mentales en aquella \u00e9poca. \u00c9l la impulsa a irse a Francia a los 19 a\u00f1os como Fille au Pair (nana) para que viajara y conociera otra cultura, contrario al esquema de muchos padres mexicanos que hace 40 a\u00f1os educaban a sus hijas para que fueran amas de casa. Posteriormente su padre la apoya para estudiar m\u00fasica, piano, guitarra, flauta. Recuerda que el Secretario General, el maestro L\u00e1zaro Medina Barrag\u00e1n, dirigente del SNTE 32, le dio la oportunidad de trabajar hasta de chofer, no hab\u00eda estereotipos all\u00ed, incluso en el sindicato nunca le han faltado al respeto por ser mujer.<\/p>\n<p>&nbsp;<\/p>\n<p><strong>DESV\u00cdO DE RECURSOS DE LOS CENDI, UN TEMA QUE TIENE PENDIENTE<\/strong><\/p>\n<p>Al irse al SNTE nacional, hab\u00eda una comisi\u00f3n especial que cre\u00f3 las unidades de g\u00e9nero a trav\u00e9s de la Secretar\u00eda de Educaci\u00f3n P\u00fablica. Ella, como parte de la comisi\u00f3n, empieza a ver una pol\u00edtica dirigida para empezar a fomentar la construcci\u00f3n de la igualdad. All\u00ed impulsaron el servicio de los Cendi, que fueron creados para que las maestras lleven a sus hijos mientras trabajan. Maricarmen hace un par\u00e9ntesis y afirma que trae un tema pendiente que necesita defender, ya que el partido del Trabajo les quit\u00f3 el recurso a los Cendi e hicieron negocio con 100 millones de pesos, pues fueron a dar a cuentas personales. Ella como trabajadora de un Cendi afirma nunca les ha llegado el recurso a los 5 que est\u00e1n ubicados en el estado: Xalapa, Tuxpan, Veracruz, Orizaba y Coatzacoalcos, solamente el de Xalapa lactantes, maternales y preescolar, los otros no han despegado porque no hay presupuesto para alimentaci\u00f3n, incluso los planteles se est\u00e1n cayendo.<\/p>\n<p><strong>FEMINICIDIOS, ABORTO Y PERSPECTIVA DE G\u00c9NERO<\/strong><\/p>\n<p>De los feminicidios es necesario revisar los protocolos desde la tipificaci\u00f3n que se est\u00e1 implementando, as\u00ed como hacer un estudio de lo que est\u00e1 pasando con la sociedad veracruzana. Indica que se deben conjuntar esfuerzos con todos los grupos y las feministas para revisar los procedimientos en conjunto.<\/p>\n<p>Sobre el tema del aborto opina que como sociedad no estamos preparados ni para uno, ni para lo otro, pues antes de ser aprobado se necesita que las mujeres tomen estrategias preventivas. Desde la secundaria se debe hablar de la sexualidad. Antes hab\u00eda un programa preventivo de capacitaci\u00f3n a los maestros; hoy lo han desaparecido.<\/p>\n<p>Afirma que ninguna ley tienen perspectiva de g\u00e9nero, \u201chasta ahorita ninguna se ha creado en ese sentido\u201d. Es necesario que desde la C\u00e1mara de diputados se aplique el lenguaje incluyente. Necesitamos tambi\u00e9n plantear que las jornadas laborales sean congruentes a los salarios, tanto para hombres como para mujeres, lo cual es necesario para construir la igualdad de g\u00e9nero.<\/p>\n<p><strong>INSEGURIDAD, PRINCIPAL PROBLEM\u00c1TICA DE LOS XALAPE\u00d1OS<\/strong><\/p>\n<p>\u201cHe ido al centro, a las colonias, negocios, y el pesar mayor de las familias es la inseguridad\u201d. La candidata afirma que la inseguridad parte de que no hay econom\u00eda interna, pues muchas familias muchas veces no tienen para comer y la necesidad las lleva a estas pr\u00e1cticas. Ante ello, propone fomentar el empleo a trav\u00e9s de las microempresas principalmente para las mujeres, ya que muchas son jefas de familia y mantienen a sus hijos, para ello se deber\u00e1 crear un programa de inversi\u00f3n para que las mujeres sean emprendedoras de sus propios negocios.<\/p>\n<p><strong>LA EDUCACI\u00d3N, EL PUNTO DE PARTIDA<\/strong><\/p>\n<p>\u201cEs necesario llevar a las colonias salud, deporte, cultura\u201d, pues siempre ha cre\u00eddo que a partir de la educaci\u00f3n se deben fomentar los h\u00e1bitos, la disciplina y que los chicos tengan una actividad que les genere una expectativa de vida a futuro. Para ello, afirma es necesario generar espacios para que las personas que quieren aportar un beneficio extra a la sociedad se vean capacitadas, tengan materiales y el espacio adecuado. Estas acciones est\u00e1n enfocadas a beneficiar a nuestra poblaci\u00f3n juvenil que muchas veces no se puede trasladar principalmente al centro por motivos econ\u00f3micos.<\/p>\n<p><strong>\u201cT\u00da NO SABES HACER CAMPA\u00d1A\u201d<\/strong><\/p>\n<p>Cuenta que Fernanda, su hija de 5 a\u00f1os, ha estado en campa\u00f1a desde su vientre. Actualmente le gusta acompa\u00f1arla, pero no siempre, pues tiene sus tareas, pero cuando lo hace se divierte y lo disfruta. \u201cMi hija sabe c\u00f3mo votar\u201d. Recuerda que el a\u00f1o pasado se puso triste porque no le pusieron tinta en su dedo. \u201cMi hija me rega\u00f1a, una vez me dijo: T\u00fa no sabes hacer campa\u00f1a\u201d, pues cuenta que llevaba una bandera en el coche y ella le dijo que ten\u00eda que sacarla. Fernanda es muy atenta a lo que la gente demanda, se preocupa y est\u00e1 en el inter\u00e9s de ayudar a las personas. Indica que es necesario fomentarles desde su formaci\u00f3n tambi\u00e9n los valores c\u00edvicos. \u201cMi hija me abre las puertas, se adelanta y les dice: Ah\u00ed viene mi mam\u00e1\u201d.<\/p>\n<p><strong>\u00bfPOR QU\u00c9 VOTAR POR MARICAMEN?<\/strong><\/p>\n<p>Confiesa que dentro de sus virtudes es positiva, emprendedora, constante, altruista, puntual y que sus defectos son ser aprensiva, nerviosa, inquieta y hasta muy confiada, pero ante la invitaci\u00f3n que hace a los xalape\u00f1os de votar por ella, le pregunto el porqu\u00e9 hacerlo. Sin pensarlo contesta: \u201cPorque estoy preparada, soy comprometida, tengo mi plan de acci\u00f3n, tengo planificaci\u00f3n, evaluaci\u00f3n y sobre todo compromiso\u201d. Y al final, se califica como candidata de diez.<\/p>\n<p>caballero_brenda@hotmail.com<\/p>\n","protected":false},"excerpt":{"rendered":"<p>Brenda Caballero N\u00fameros Rojos &nbsp; &nbsp; \u00bfComo candidata le interesa el deporte? Era un mensaje que recibi\u00f3 por Facebook la maestra Maricarmen Rizo Ruiz, candidata del partido Nueva Alianza por el Distrito 10 Federal, Xalapa. Era del se\u00f1or Alejandro Bravo que tiene un equipo de futbol en la colonia Revoluci\u00f3n que integra 17 chicos entre [&hellip;]<\/p>\n","protected":false},"author":2,"featured_media":0,"comment_status":"open","ping_status":"open","sticky":false,"template":"","format":"standard","meta":{"tdm_status":"","tdm_grid_status":"","footnotes":""},"categories":[70],"tags":[2859,11886,5393,1257,11325,2421,11885],"class_list":{"0":"post-42941","1":"post","2":"type-post","3":"status-publish","4":"format-standard","6":"category-de-opinion","7":"tag-aborto","8":"tag-cendi","9":"tag-deporte","10":"tag-feminicidio","11":"tag-maricarmen-rizo-ruiz","12":"tag-perspectiva-de-genero","13":"tag-snte-32"},"yoast_head":"<!-- This site is optimized with the Yoast SEO plugin v27.4 - https:\/\/yoast.com\/product\/yoast-seo-wordpress\/ -->\n<title>Candidata de 10 - Los pol\u00edticos Veracruz<\/title>\n<meta name=\"robots\" content=\"index, follow, max-snippet:-1, max-image-preview:large, max-video-preview:-1\" \/>\n<link rel=\"canonical\" href=\"https:\/\/lospoliticosveracruz.com\/?p=42941\" \/>\n<meta property=\"og:locale\" content=\"es_ES\" \/>\n<meta property=\"og:type\" content=\"article\" \/>\n<meta property=\"og:title\" content=\"Candidata de 10 - Los pol\u00edticos Veracruz\" \/>\n<meta property=\"og:description\" content=\"Brenda Caballero N\u00fameros Rojos &nbsp; &nbsp; \u00bfComo candidata le interesa el deporte? Era un mensaje que recibi\u00f3 por Facebook la maestra Maricarmen Rizo Ruiz, candidata del partido Nueva Alianza por el Distrito 10 Federal, Xalapa. Era del se\u00f1or Alejandro Bravo que tiene un equipo de futbol en la colonia Revoluci\u00f3n que integra 17 chicos entre [&hellip;]\" \/>\n<meta property=\"og:url\" content=\"https:\/\/lospoliticosveracruz.com\/?p=42941\" \/>\n<meta property=\"og:site_name\" content=\"Los pol\u00edticos Veracruz\" \/>\n<meta property=\"article:publisher\" content=\"https:\/\/www.facebook.com\/people\/Notimemes-de-los-Polticos\/61565672886568\/\" \/>\n<meta property=\"article:published_time\" content=\"2018-06-11T03:58:10+00:00\" \/>\n<meta property=\"og:image\" content=\"https:\/\/lospoliticosveracruz.com\/wp-content\/uploads\/2016\/07\/Logo-Dor.jpg\" \/>\n\t<meta property=\"og:image:width\" content=\"200\" \/>\n\t<meta property=\"og:image:height\" content=\"200\" \/>\n\t<meta property=\"og:image:type\" content=\"image\/jpeg\" \/>\n<meta name=\"author\" content=\"Lo viste en Los Pol\u00edticos\" \/>\n<meta name=\"twitter:card\" content=\"summary_large_image\" \/>\n<meta name=\"twitter:creator\" content=\"@LosPoliticosVer\" \/>\n<meta name=\"twitter:site\" content=\"@LosPoliticosVer\" \/>\n<meta name=\"twitter:label1\" content=\"Escrito por\" \/>\n\t<meta name=\"twitter:data1\" content=\"Lo viste en Los Pol\u00edticos\" \/>\n\t<meta name=\"twitter:label2\" content=\"Tiempo de lectura\" \/>\n\t<meta name=\"twitter:data2\" content=\"6 minutos\" \/>\n<script type=\"application\/ld+json\" class=\"yoast-schema-graph\">{\"@context\":\"https:\\\/\\\/schema.org\",\"@graph\":[{\"@type\":\"Article\",\"@id\":\"https:\\\/\\\/lospoliticosveracruz.com\\\/?p=42941#article\",\"isPartOf\":{\"@id\":\"https:\\\/\\\/lospoliticosveracruz.com\\\/?p=42941\"},\"author\":{\"name\":\"Lo viste en Los Pol\u00edticos\",\"@id\":\"https:\\\/\\\/lospoliticosveracruz.com\\\/#\\\/schema\\\/person\\\/b8702bb0e538456e6efd07080bf2a4a2\"},\"headline\":\"Candidata de 10\",\"datePublished\":\"2018-06-11T03:58:10+00:00\",\"mainEntityOfPage\":{\"@id\":\"https:\\\/\\\/lospoliticosveracruz.com\\\/?p=42941\"},\"wordCount\":1222,\"commentCount\":0,\"publisher\":{\"@id\":\"https:\\\/\\\/lospoliticosveracruz.com\\\/#organization\"},\"keywords\":[\"Aborto\",\"CENDI\",\"deporte\",\"feminicidio\",\"Maricarmen Rizo Ruiz\",\"perspectiva de g\u00e9nero\",\"SNTE 32\"],\"articleSection\":[\"De Opini\u00f3n\"],\"inLanguage\":\"es\",\"potentialAction\":[{\"@type\":\"CommentAction\",\"name\":\"Comment\",\"target\":[\"https:\\\/\\\/lospoliticosveracruz.com\\\/?p=42941#respond\"]}]},{\"@type\":\"WebPage\",\"@id\":\"https:\\\/\\\/lospoliticosveracruz.com\\\/?p=42941\",\"url\":\"https:\\\/\\\/lospoliticosveracruz.com\\\/?p=42941\",\"name\":\"Candidata de 10 - Los pol\u00edticos Veracruz\",\"isPartOf\":{\"@id\":\"https:\\\/\\\/lospoliticosveracruz.com\\\/#website\"},\"datePublished\":\"2018-06-11T03:58:10+00:00\",\"breadcrumb\":{\"@id\":\"https:\\\/\\\/lospoliticosveracruz.com\\\/?p=42941#breadcrumb\"},\"inLanguage\":\"es\",\"potentialAction\":[{\"@type\":\"ReadAction\",\"target\":[\"https:\\\/\\\/lospoliticosveracruz.com\\\/?p=42941\"]}]},{\"@type\":\"BreadcrumbList\",\"@id\":\"https:\\\/\\\/lospoliticosveracruz.com\\\/?p=42941#breadcrumb\",\"itemListElement\":[{\"@type\":\"ListItem\",\"position\":1,\"name\":\"Portada\",\"item\":\"https:\\\/\\\/lospoliticosveracruz.com\\\/\"},{\"@type\":\"ListItem\",\"position\":2,\"name\":\"Candidata de 10\"}]},{\"@type\":\"WebSite\",\"@id\":\"https:\\\/\\\/lospoliticosveracruz.com\\\/#website\",\"url\":\"https:\\\/\\\/lospoliticosveracruz.com\\\/\",\"name\":\"Los pol\u00edticos Veracruz\",\"description\":\"\",\"publisher\":{\"@id\":\"https:\\\/\\\/lospoliticosveracruz.com\\\/#organization\"},\"potentialAction\":[{\"@type\":\"SearchAction\",\"target\":{\"@type\":\"EntryPoint\",\"urlTemplate\":\"https:\\\/\\\/lospoliticosveracruz.com\\\/?s={search_term_string}\"},\"query-input\":{\"@type\":\"PropertyValueSpecification\",\"valueRequired\":true,\"valueName\":\"search_term_string\"}}],\"inLanguage\":\"es\"},{\"@type\":\"Organization\",\"@id\":\"https:\\\/\\\/lospoliticosveracruz.com\\\/#organization\",\"name\":\"Los pol\u00edticos Veracruz\",\"url\":\"https:\\\/\\\/lospoliticosveracruz.com\\\/\",\"logo\":{\"@type\":\"ImageObject\",\"inLanguage\":\"es\",\"@id\":\"https:\\\/\\\/lospoliticosveracruz.com\\\/#\\\/schema\\\/logo\\\/image\\\/\",\"url\":\"https:\\\/\\\/lospoliticosveracruz.com\\\/wp-content\\\/uploads\\\/2025\\\/12\\\/Logo-Nuevo-LOS-POLITICOS-1.jpg\",\"contentUrl\":\"https:\\\/\\\/lospoliticosveracruz.com\\\/wp-content\\\/uploads\\\/2025\\\/12\\\/Logo-Nuevo-LOS-POLITICOS-1.jpg\",\"width\":260,\"height\":70,\"caption\":\"Los pol\u00edticos Veracruz\"},\"image\":{\"@id\":\"https:\\\/\\\/lospoliticosveracruz.com\\\/#\\\/schema\\\/logo\\\/image\\\/\"},\"sameAs\":[\"https:\\\/\\\/www.facebook.com\\\/people\\\/Notimemes-de-los-Polticos\\\/61565672886568\\\/\",\"https:\\\/\\\/x.com\\\/LosPoliticosVer\"]},{\"@type\":\"Person\",\"@id\":\"https:\\\/\\\/lospoliticosveracruz.com\\\/#\\\/schema\\\/person\\\/b8702bb0e538456e6efd07080bf2a4a2\",\"name\":\"Lo viste en Los Pol\u00edticos\",\"image\":{\"@type\":\"ImageObject\",\"inLanguage\":\"es\",\"@id\":\"https:\\\/\\\/secure.gravatar.com\\\/avatar\\\/3a8de04a2656d44082be478bd6c086daa447c4651605818287b9532d3d0bd435?s=96&d=mm&r=g\",\"url\":\"https:\\\/\\\/secure.gravatar.com\\\/avatar\\\/3a8de04a2656d44082be478bd6c086daa447c4651605818287b9532d3d0bd435?s=96&d=mm&r=g\",\"contentUrl\":\"https:\\\/\\\/secure.gravatar.com\\\/avatar\\\/3a8de04a2656d44082be478bd6c086daa447c4651605818287b9532d3d0bd435?s=96&d=mm&r=g\",\"caption\":\"Lo viste en Los Pol\u00edticos\"},\"url\":\"https:\\\/\\\/lospoliticosveracruz.com\\\/?author=2\"}]}<\/script>\n<!-- \/ Yoast SEO plugin. -->","yoast_head_json":{"title":"Candidata de 10 - Los pol\u00edticos Veracruz","robots":{"index":"index","follow":"follow","max-snippet":"max-snippet:-1","max-image-preview":"max-image-preview:large","max-video-preview":"max-video-preview:-1"},"canonical":"https:\/\/lospoliticosveracruz.com\/?p=42941","og_locale":"es_ES","og_type":"article","og_title":"Candidata de 10 - Los pol\u00edticos Veracruz","og_description":"Brenda Caballero N\u00fameros Rojos &nbsp; &nbsp; \u00bfComo candidata le interesa el deporte? Era un mensaje que recibi\u00f3 por Facebook la maestra Maricarmen Rizo Ruiz, candidata del partido Nueva Alianza por el Distrito 10 Federal, Xalapa. Era del se\u00f1or Alejandro Bravo que tiene un equipo de futbol en la colonia Revoluci\u00f3n que integra 17 chicos entre [&hellip;]","og_url":"https:\/\/lospoliticosveracruz.com\/?p=42941","og_site_name":"Los pol\u00edticos Veracruz","article_publisher":"https:\/\/www.facebook.com\/people\/Notimemes-de-los-Polticos\/61565672886568\/","article_published_time":"2018-06-11T03:58:10+00:00","og_image":[{"width":200,"height":200,"url":"https:\/\/lospoliticosveracruz.com\/wp-content\/uploads\/2016\/07\/Logo-Dor.jpg","type":"image\/jpeg"}],"author":"Lo viste en Los Pol\u00edticos","twitter_card":"summary_large_image","twitter_creator":"@LosPoliticosVer","twitter_site":"@LosPoliticosVer","twitter_misc":{"Escrito por":"Lo viste en Los Pol\u00edticos","Tiempo de lectura":"6 minutos"},"schema":{"@context":"https:\/\/schema.org","@graph":[{"@type":"Article","@id":"https:\/\/lospoliticosveracruz.com\/?p=42941#article","isPartOf":{"@id":"https:\/\/lospoliticosveracruz.com\/?p=42941"},"author":{"name":"Lo viste en Los Pol\u00edticos","@id":"https:\/\/lospoliticosveracruz.com\/#\/schema\/person\/b8702bb0e538456e6efd07080bf2a4a2"},"headline":"Candidata de 10","datePublished":"2018-06-11T03:58:10+00:00","mainEntityOfPage":{"@id":"https:\/\/lospoliticosveracruz.com\/?p=42941"},"wordCount":1222,"commentCount":0,"publisher":{"@id":"https:\/\/lospoliticosveracruz.com\/#organization"},"keywords":["Aborto","CENDI","deporte","feminicidio","Maricarmen Rizo Ruiz","perspectiva de g\u00e9nero","SNTE 32"],"articleSection":["De Opini\u00f3n"],"inLanguage":"es","potentialAction":[{"@type":"CommentAction","name":"Comment","target":["https:\/\/lospoliticosveracruz.com\/?p=42941#respond"]}]},{"@type":"WebPage","@id":"https:\/\/lospoliticosveracruz.com\/?p=42941","url":"https:\/\/lospoliticosveracruz.com\/?p=42941","name":"Candidata de 10 - Los pol\u00edticos Veracruz","isPartOf":{"@id":"https:\/\/lospoliticosveracruz.com\/#website"},"datePublished":"2018-06-11T03:58:10+00:00","breadcrumb":{"@id":"https:\/\/lospoliticosveracruz.com\/?p=42941#breadcrumb"},"inLanguage":"es","potentialAction":[{"@type":"ReadAction","target":["https:\/\/lospoliticosveracruz.com\/?p=42941"]}]},{"@type":"BreadcrumbList","@id":"https:\/\/lospoliticosveracruz.com\/?p=42941#breadcrumb","itemListElement":[{"@type":"ListItem","position":1,"name":"Portada","item":"https:\/\/lospoliticosveracruz.com\/"},{"@type":"ListItem","position":2,"name":"Candidata de 10"}]},{"@type":"WebSite","@id":"https:\/\/lospoliticosveracruz.com\/#website","url":"https:\/\/lospoliticosveracruz.com\/","name":"Los pol\u00edticos Veracruz","description":"","publisher":{"@id":"https:\/\/lospoliticosveracruz.com\/#organization"},"potentialAction":[{"@type":"SearchAction","target":{"@type":"EntryPoint","urlTemplate":"https:\/\/lospoliticosveracruz.com\/?s={search_term_string}"},"query-input":{"@type":"PropertyValueSpecification","valueRequired":true,"valueName":"search_term_string"}}],"inLanguage":"es"},{"@type":"Organization","@id":"https:\/\/lospoliticosveracruz.com\/#organization","name":"Los pol\u00edticos Veracruz","url":"https:\/\/lospoliticosveracruz.com\/","logo":{"@type":"ImageObject","inLanguage":"es","@id":"https:\/\/lospoliticosveracruz.com\/#\/schema\/logo\/image\/","url":"https:\/\/lospoliticosveracruz.com\/wp-content\/uploads\/2025\/12\/Logo-Nuevo-LOS-POLITICOS-1.jpg","contentUrl":"https:\/\/lospoliticosveracruz.com\/wp-content\/uploads\/2025\/12\/Logo-Nuevo-LOS-POLITICOS-1.jpg","width":260,"height":70,"caption":"Los pol\u00edticos Veracruz"},"image":{"@id":"https:\/\/lospoliticosveracruz.com\/#\/schema\/logo\/image\/"},"sameAs":["https:\/\/www.facebook.com\/people\/Notimemes-de-los-Polticos\/61565672886568\/","https:\/\/x.com\/LosPoliticosVer"]},{"@type":"Person","@id":"https:\/\/lospoliticosveracruz.com\/#\/schema\/person\/b8702bb0e538456e6efd07080bf2a4a2","name":"Lo viste en Los Pol\u00edticos","image":{"@type":"ImageObject","inLanguage":"es","@id":"https:\/\/secure.gravatar.com\/avatar\/3a8de04a2656d44082be478bd6c086daa447c4651605818287b9532d3d0bd435?s=96&d=mm&r=g","url":"https:\/\/secure.gravatar.com\/avatar\/3a8de04a2656d44082be478bd6c086daa447c4651605818287b9532d3d0bd435?s=96&d=mm&r=g","contentUrl":"https:\/\/secure.gravatar.com\/avatar\/3a8de04a2656d44082be478bd6c086daa447c4651605818287b9532d3d0bd435?s=96&d=mm&r=g","caption":"Lo viste en Los Pol\u00edticos"},"url":"https:\/\/lospoliticosveracruz.com\/?author=2"}]}},"_links":{"self":[{"href":"https:\/\/lospoliticosveracruz.com\/index.php?rest_route=\/wp\/v2\/posts\/42941","targetHints":{"allow":["GET"]}}],"collection":[{"href":"https:\/\/lospoliticosveracruz.com\/index.php?rest_route=\/wp\/v2\/posts"}],"about":[{"href":"https:\/\/lospoliticosveracruz.com\/index.php?rest_route=\/wp\/v2\/types\/post"}],"author":[{"embeddable":true,"href":"https:\/\/lospoliticosveracruz.com\/index.php?rest_route=\/wp\/v2\/users\/2"}],"replies":[{"embeddable":true,"href":"https:\/\/lospoliticosveracruz.com\/index.php?rest_route=%2Fwp%2Fv2%2Fcomments&post=42941"}],"version-history":[{"count":1,"href":"https:\/\/lospoliticosveracruz.com\/index.php?rest_route=\/wp\/v2\/posts\/42941\/revisions"}],"predecessor-version":[{"id":42951,"href":"https:\/\/lospoliticosveracruz.com\/index.php?rest_route=\/wp\/v2\/posts\/42941\/revisions\/42951"}],"wp:attachment":[{"href":"https:\/\/lospoliticosveracruz.com\/index.php?rest_route=%2Fwp%2Fv2%2Fmedia&parent=42941"}],"wp:term":[{"taxonomy":"category","embeddable":true,"href":"https:\/\/lospoliticosveracruz.com\/index.php?rest_route=%2Fwp%2Fv2%2Fcategories&post=42941"},{"taxonomy":"post_tag","embeddable":true,"href":"https:\/\/lospoliticosveracruz.com\/index.php?rest_route=%2Fwp%2Fv2%2Ftags&post=42941"}],"curies":[{"name":"wp","href":"https:\/\/api.w.org\/{rel}","templated":true}]}}