{"id":43188,"date":"2018-06-19T09:19:04","date_gmt":"2018-06-19T14:19:04","guid":{"rendered":"http:\/\/www.lospoliticosveracruz.com.mx\/?p=43188"},"modified":"2018-06-19T09:19:04","modified_gmt":"2018-06-19T14:19:04","slug":"tercer-debate-y-recta-final-de-la-campana-presidencial","status":"publish","type":"post","link":"https:\/\/lospoliticosveracruz.com\/?p=43188","title":{"rendered":"Tercer debate y recta final de la campa\u00f1a presidencial"},"content":{"rendered":"<p style=\"text-align: justify;\" align=\"CENTER\"><strong><span style=\"font-size: medium;\">Felipe de Jes\u00fas Fern\u00e1ndez Basilio<\/span><\/strong><\/p>\n<p style=\"text-align: justify;\" align=\"CENTER\"><em>Desde a Janela<\/em><\/p>\n<p style=\"text-align: justify;\"><span style=\"font-size: medium;\">Finalmente se llevaron a cabo los tres debates que el INE organiz\u00f3 para esta campa\u00f1a presidencial y el \u00faltimo de los mismos hace una semana se llev\u00f3 a cabo en la ciudad de M\u00e9rida, Yucat\u00e1n y fue diferente a los dos anteriores ya que nuevamente se cambi\u00f3 el formato al ser ahora de mesa redonda y los temas que se abordaron fueron los de desarrollo econ\u00f3mico, energ\u00edas renovables, salud y educaci\u00f3n; siendo \u00e9stos los temas que m\u00e1s interesan a la poblaci\u00f3n debido a su cotidianidad.<\/span><\/p>\n<p style=\"text-align: justify;\"><span style=\"font-size: medium;\">En lo que respecta al debate en general podemos decir que debido a su tem\u00e1tica fue el m\u00e1s interesante de los tres, ya que permiti\u00f3 tener una idea de lo que cada candidato piensa hacer en relaci\u00f3n a las actividades estatales que mayor impacto tienen entre la poblaci\u00f3n debido que hablar de energ\u00e9ticos, salud y educaci\u00f3n resulta sumamente interesante para el electorado, ya que son cuestiones que inciden en la vida diaria y por lo mismo resulta de capital importancia saber si los aspirantes a la titularidad del ejecutivo federal conocen esos temas y escuchar las propuestas que tienen al respecto.<\/span><\/p>\n<p style=\"text-align: justify;\"><span style=\"font-size: medium;\">Ahora bien, en cuanto al desempe\u00f1o de los candidatos en ese \u00faltimo debate podemos hacer el siguiente an\u00e1lisis:<\/span><\/p>\n<p style=\"text-align: justify;\"><span style=\"font-size: medium;\"><i>RICARDO ANAYA:<\/i><\/span><span style=\"font-size: medium;\">Fue el que mejor desempe\u00f1o tuvo en el debate, ya que tra\u00eda consigo las mejores propuestas en tanto en educaci\u00f3n al pretender adecuar la reforma educativa como en salud al querer aprovechar la tecnolog\u00eda para facilitar el acceso a los servicios m\u00e9dicos como tambi\u00e9n en ciencia y tecnolog\u00eda en donde propone tambi\u00e9n utilizar los avances de la tecnolog\u00eda para diversos fines productivos y pensando que al final del pr\u00f3ximo sexenio la cuesti\u00f3n energ\u00e9tica puede ser totalmente distinta a como la vemos ahora, es decir que los tiempos de la gasolina puedan estar por quedar en la historia. <\/span><\/p>\n<p style=\"text-align: justify;\"><span style=\"font-size: medium;\">Por otra parte, se vio contundente al demostrar que AMLO ha tenido pr\u00e1cticas corruptas al otorgar asignaciones directas cuando fue Jefe de Gobierno con el mismo contratista que ahora quiere hacer el aeropuerto en una base militar y sin permitir a \u00e9ste salir con sus chistecitos, ya que pr\u00e1cticamente lo arrincon\u00f3 y de la misma manera se vio contundente frente al pri\u00edsta al cual le dijo si ganaba las elecciones iba a llevarlo ante la justicia al igual que a su jefe el Presidente Pe\u00f1a<\/span><\/p>\n<p style=\"text-align: justify;\"><span style=\"font-size: medium;\"><i>ANDR\u00c9S M. L\u00d3PEZ<\/i><\/span><span style=\"font-size: medium;\">: Sin duda alguna \u00e9ste fue su peor debate, ya que m\u00e1s all\u00e1 de los se\u00f1alamientos que recibi\u00f3 y con los cuales lo sacaron de sus casillas demostrando con ello que es una persona autoritaria y cerrada al di\u00e1logo, se vio absolutamente ignorante en los temas tratados, poniendo de manifiesto que no sabe nada de modernidad ni que tiene alguna visi\u00f3n de futuro: ya que en energ\u00eda nunca pas\u00f3 de las dos refiner\u00edas que pretende construir y de bajar, sin saber c\u00f3mo va a absorber el costo, los precios de la gasolina sin por supuesto pensar en las energ\u00edas renovables, ya que ni si quiera tiene idea de lo que son; por otra parte en salud tambi\u00e9n demostr\u00f3 que desconoce lo que es un sistema de salud que proteja a toda la poblaci\u00f3n ya que al pretender cancelar el Seguro Popular dejar\u00eda sin seguridad social a muchas personas y de esa manera cancelar\u00eda uno de los mayores avances del pa\u00eds en salubridad volviendo con ello a sus queridos a\u00f1os setentas y en materia educativa demostr\u00f3 que prefiere a los gremios y no a los ni\u00f1os, ya que no le interesan los contenidos educativos pero s\u00ed el restaurar el poder sindical.<\/span><\/p>\n<p style=\"text-align: justify;\"><span style=\"font-size: medium;\"><i>JOS\u00c9 A. MEADE<\/i><\/span><span style=\"font-size: medium;\">: Tuvo algunos destellos mas resulta reiterado decir que no ofrece nada nuevo y que lo que dice carece de credibilidad, porque representa la continuidad de un gobierno insostenible debido a su corrupci\u00f3n y lo \u00fanico que hizo fue tratar de desacreditar al panista por temor a que se investiguen los grandes pendientes que tenemos en materia de corrupci\u00f3n.<\/span><\/p>\n<p style=\"text-align: justify;\"><a name=\"_GoBack\"><\/a><span style=\"font-size: medium;\"><i>JAIME R.<\/i><\/span><span style=\"font-size: medium;\">\u201cEL BRONCO\u201d: Su participaci\u00f3n en este debate result\u00f3 ser una grata sorpresa, ya que a pesar de que su participaci\u00f3n en la contienda es marginal, esta vez a parte de sus habituales chistes, hizo algunas reflexiones dignas de ser tomadas en cuenta por quien sea el pr\u00f3ximo Presidente como por ejemplo tomar dinero del asistencialismo para financiar m\u00e1s a la educaci\u00f3n o a la salud, ya que el primero fomenta la flojera, la improductividad y la corrupci\u00f3n mientras que las otras generan las condiciones para tener un pa\u00eds en mejores condiciones econ\u00f3micas y sociales y a diferencia de L\u00f3pez Obrador dijo de d\u00f3nde van a salir los miles de millones de pesos que se requieren para financiar mejores sistemas de educaci\u00f3n y de salud.<\/span><\/p>\n<p style=\"text-align: justify;\"><span style=\"font-size: medium;\">Con el fin del \u00faltimo debate, entramos en la recta final del periodo de campa\u00f1as electorales y de la misma manera empieza la reflexi\u00f3n sobre la manera en que se va a ejercer el voto y estos tres debates sirvieron para conocer un poco m\u00e1s a cada candidato y si los debates fueron vistos con sana cr\u00edtica resultaron \u00fatiles para meditar bien el voto, ya que los mismos demostraron que no todo lo que brilla es oro.<\/span><\/p>\n<p style=\"text-align: justify;\" align=\"CENTER\"><a><span style=\"font-size: medium;\">felfebas@gmail.com<\/span><\/a><\/p>\n<p style=\"text-align: justify;\" align=\"CENTER\"><span style=\"font-size: medium;\">Twitter: @FelipeFBasilio<\/span><\/p>\n<p style=\"text-align: justify;\">\n","protected":false},"excerpt":{"rendered":"<p>Felipe de Jes\u00fas Fern\u00e1ndez Basilio Desde a Janela Finalmente se llevaron a cabo los tres debates que el INE organiz\u00f3 para esta campa\u00f1a presidencial y el \u00faltimo de los mismos hace una semana se llev\u00f3 a cabo en la ciudad de M\u00e9rida, Yucat\u00e1n y fue diferente a los dos anteriores ya que nuevamente se cambi\u00f3 [&hellip;]<\/p>\n","protected":false},"author":2,"featured_media":0,"comment_status":"open","ping_status":"open","sticky":false,"template":"","format":"standard","meta":{"tdm_status":"","tdm_grid_status":"","footnotes":""},"categories":[70],"tags":[618,10866,2825,554,3433,11955,2850,5360],"class_list":{"0":"post-43188","1":"post","2":"type-post","3":"status-publish","4":"format-standard","6":"category-de-opinion","7":"tag-andres-manuel-lopez-obrador","8":"tag-debates","9":"tag-el-bronco","10":"tag-ine","11":"tag-jose-antonio-meade","12":"tag-merida","13":"tag-ricardo-anaya","14":"tag-yucatan"},"yoast_head":"<!-- This site is optimized with the Yoast SEO plugin v27.4 - https:\/\/yoast.com\/product\/yoast-seo-wordpress\/ -->\n<title>Tercer debate y recta final de la campa\u00f1a presidencial - Los pol\u00edticos Veracruz<\/title>\n<meta name=\"robots\" content=\"index, follow, max-snippet:-1, max-image-preview:large, max-video-preview:-1\" \/>\n<link rel=\"canonical\" href=\"https:\/\/lospoliticosveracruz.com\/?p=43188\" \/>\n<meta property=\"og:locale\" content=\"es_ES\" \/>\n<meta property=\"og:type\" content=\"article\" \/>\n<meta property=\"og:title\" content=\"Tercer debate y recta final de la campa\u00f1a presidencial - Los pol\u00edticos Veracruz\" \/>\n<meta property=\"og:description\" content=\"Felipe de Jes\u00fas Fern\u00e1ndez Basilio Desde a Janela Finalmente se llevaron a cabo los tres debates que el INE organiz\u00f3 para esta campa\u00f1a presidencial y el \u00faltimo de los mismos hace una semana se llev\u00f3 a cabo en la ciudad de M\u00e9rida, Yucat\u00e1n y fue diferente a los dos anteriores ya que nuevamente se cambi\u00f3 [&hellip;]\" \/>\n<meta property=\"og:url\" content=\"https:\/\/lospoliticosveracruz.com\/?p=43188\" \/>\n<meta property=\"og:site_name\" content=\"Los pol\u00edticos Veracruz\" \/>\n<meta property=\"article:publisher\" content=\"https:\/\/www.facebook.com\/people\/Notimemes-de-los-Polticos\/61565672886568\/\" \/>\n<meta property=\"article:published_time\" content=\"2018-06-19T14:19:04+00:00\" \/>\n<meta property=\"og:image\" content=\"https:\/\/lospoliticosveracruz.com\/wp-content\/uploads\/2016\/07\/Logo-Dor.jpg\" \/>\n\t<meta property=\"og:image:width\" content=\"200\" \/>\n\t<meta property=\"og:image:height\" content=\"200\" \/>\n\t<meta property=\"og:image:type\" content=\"image\/jpeg\" \/>\n<meta name=\"author\" content=\"Lo viste en Los Pol\u00edticos\" \/>\n<meta name=\"twitter:card\" content=\"summary_large_image\" \/>\n<meta name=\"twitter:creator\" content=\"@LosPoliticosVer\" \/>\n<meta name=\"twitter:site\" content=\"@LosPoliticosVer\" \/>\n<meta name=\"twitter:label1\" content=\"Escrito por\" \/>\n\t<meta name=\"twitter:data1\" content=\"Lo viste en Los Pol\u00edticos\" \/>\n\t<meta name=\"twitter:label2\" content=\"Tiempo de lectura\" \/>\n\t<meta name=\"twitter:data2\" content=\"5 minutos\" \/>\n<script type=\"application\/ld+json\" class=\"yoast-schema-graph\">{\"@context\":\"https:\\\/\\\/schema.org\",\"@graph\":[{\"@type\":\"Article\",\"@id\":\"https:\\\/\\\/lospoliticosveracruz.com\\\/?p=43188#article\",\"isPartOf\":{\"@id\":\"https:\\\/\\\/lospoliticosveracruz.com\\\/?p=43188\"},\"author\":{\"name\":\"Lo viste en Los Pol\u00edticos\",\"@id\":\"https:\\\/\\\/lospoliticosveracruz.com\\\/#\\\/schema\\\/person\\\/b8702bb0e538456e6efd07080bf2a4a2\"},\"headline\":\"Tercer debate y recta final de la campa\u00f1a presidencial\",\"datePublished\":\"2018-06-19T14:19:04+00:00\",\"mainEntityOfPage\":{\"@id\":\"https:\\\/\\\/lospoliticosveracruz.com\\\/?p=43188\"},\"wordCount\":945,\"commentCount\":0,\"publisher\":{\"@id\":\"https:\\\/\\\/lospoliticosveracruz.com\\\/#organization\"},\"keywords\":[\"Andr\u00e9s Manuel L\u00f3pez Obrador\",\"Debates\",\"El Bronco\",\"INE\",\"Jos\u00e9 Antonio Meade\",\"M\u00e9rida\",\"Ricardo Anaya\",\"Yucat\u00e1n\"],\"articleSection\":[\"De Opini\u00f3n\"],\"inLanguage\":\"es\",\"potentialAction\":[{\"@type\":\"CommentAction\",\"name\":\"Comment\",\"target\":[\"https:\\\/\\\/lospoliticosveracruz.com\\\/?p=43188#respond\"]}]},{\"@type\":\"WebPage\",\"@id\":\"https:\\\/\\\/lospoliticosveracruz.com\\\/?p=43188\",\"url\":\"https:\\\/\\\/lospoliticosveracruz.com\\\/?p=43188\",\"name\":\"Tercer debate y recta final de la campa\u00f1a presidencial - Los pol\u00edticos Veracruz\",\"isPartOf\":{\"@id\":\"https:\\\/\\\/lospoliticosveracruz.com\\\/#website\"},\"datePublished\":\"2018-06-19T14:19:04+00:00\",\"breadcrumb\":{\"@id\":\"https:\\\/\\\/lospoliticosveracruz.com\\\/?p=43188#breadcrumb\"},\"inLanguage\":\"es\",\"potentialAction\":[{\"@type\":\"ReadAction\",\"target\":[\"https:\\\/\\\/lospoliticosveracruz.com\\\/?p=43188\"]}]},{\"@type\":\"BreadcrumbList\",\"@id\":\"https:\\\/\\\/lospoliticosveracruz.com\\\/?p=43188#breadcrumb\",\"itemListElement\":[{\"@type\":\"ListItem\",\"position\":1,\"name\":\"Portada\",\"item\":\"https:\\\/\\\/lospoliticosveracruz.com\\\/\"},{\"@type\":\"ListItem\",\"position\":2,\"name\":\"Tercer debate y recta final de la campa\u00f1a presidencial\"}]},{\"@type\":\"WebSite\",\"@id\":\"https:\\\/\\\/lospoliticosveracruz.com\\\/#website\",\"url\":\"https:\\\/\\\/lospoliticosveracruz.com\\\/\",\"name\":\"Los pol\u00edticos Veracruz\",\"description\":\"\",\"publisher\":{\"@id\":\"https:\\\/\\\/lospoliticosveracruz.com\\\/#organization\"},\"potentialAction\":[{\"@type\":\"SearchAction\",\"target\":{\"@type\":\"EntryPoint\",\"urlTemplate\":\"https:\\\/\\\/lospoliticosveracruz.com\\\/?s={search_term_string}\"},\"query-input\":{\"@type\":\"PropertyValueSpecification\",\"valueRequired\":true,\"valueName\":\"search_term_string\"}}],\"inLanguage\":\"es\"},{\"@type\":\"Organization\",\"@id\":\"https:\\\/\\\/lospoliticosveracruz.com\\\/#organization\",\"name\":\"Los pol\u00edticos Veracruz\",\"url\":\"https:\\\/\\\/lospoliticosveracruz.com\\\/\",\"logo\":{\"@type\":\"ImageObject\",\"inLanguage\":\"es\",\"@id\":\"https:\\\/\\\/lospoliticosveracruz.com\\\/#\\\/schema\\\/logo\\\/image\\\/\",\"url\":\"https:\\\/\\\/lospoliticosveracruz.com\\\/wp-content\\\/uploads\\\/2025\\\/12\\\/Logo-Nuevo-LOS-POLITICOS-1.jpg\",\"contentUrl\":\"https:\\\/\\\/lospoliticosveracruz.com\\\/wp-content\\\/uploads\\\/2025\\\/12\\\/Logo-Nuevo-LOS-POLITICOS-1.jpg\",\"width\":260,\"height\":70,\"caption\":\"Los pol\u00edticos Veracruz\"},\"image\":{\"@id\":\"https:\\\/\\\/lospoliticosveracruz.com\\\/#\\\/schema\\\/logo\\\/image\\\/\"},\"sameAs\":[\"https:\\\/\\\/www.facebook.com\\\/people\\\/Notimemes-de-los-Polticos\\\/61565672886568\\\/\",\"https:\\\/\\\/x.com\\\/LosPoliticosVer\"]},{\"@type\":\"Person\",\"@id\":\"https:\\\/\\\/lospoliticosveracruz.com\\\/#\\\/schema\\\/person\\\/b8702bb0e538456e6efd07080bf2a4a2\",\"name\":\"Lo viste en Los Pol\u00edticos\",\"image\":{\"@type\":\"ImageObject\",\"inLanguage\":\"es\",\"@id\":\"https:\\\/\\\/secure.gravatar.com\\\/avatar\\\/3a8de04a2656d44082be478bd6c086daa447c4651605818287b9532d3d0bd435?s=96&d=mm&r=g\",\"url\":\"https:\\\/\\\/secure.gravatar.com\\\/avatar\\\/3a8de04a2656d44082be478bd6c086daa447c4651605818287b9532d3d0bd435?s=96&d=mm&r=g\",\"contentUrl\":\"https:\\\/\\\/secure.gravatar.com\\\/avatar\\\/3a8de04a2656d44082be478bd6c086daa447c4651605818287b9532d3d0bd435?s=96&d=mm&r=g\",\"caption\":\"Lo viste en Los Pol\u00edticos\"},\"url\":\"https:\\\/\\\/lospoliticosveracruz.com\\\/?author=2\"}]}<\/script>\n<!-- \/ Yoast SEO plugin. -->","yoast_head_json":{"title":"Tercer debate y recta final de la campa\u00f1a presidencial - Los pol\u00edticos Veracruz","robots":{"index":"index","follow":"follow","max-snippet":"max-snippet:-1","max-image-preview":"max-image-preview:large","max-video-preview":"max-video-preview:-1"},"canonical":"https:\/\/lospoliticosveracruz.com\/?p=43188","og_locale":"es_ES","og_type":"article","og_title":"Tercer debate y recta final de la campa\u00f1a presidencial - Los pol\u00edticos Veracruz","og_description":"Felipe de Jes\u00fas Fern\u00e1ndez Basilio Desde a Janela Finalmente se llevaron a cabo los tres debates que el INE organiz\u00f3 para esta campa\u00f1a presidencial y el \u00faltimo de los mismos hace una semana se llev\u00f3 a cabo en la ciudad de M\u00e9rida, Yucat\u00e1n y fue diferente a los dos anteriores ya que nuevamente se cambi\u00f3 [&hellip;]","og_url":"https:\/\/lospoliticosveracruz.com\/?p=43188","og_site_name":"Los pol\u00edticos Veracruz","article_publisher":"https:\/\/www.facebook.com\/people\/Notimemes-de-los-Polticos\/61565672886568\/","article_published_time":"2018-06-19T14:19:04+00:00","og_image":[{"width":200,"height":200,"url":"https:\/\/lospoliticosveracruz.com\/wp-content\/uploads\/2016\/07\/Logo-Dor.jpg","type":"image\/jpeg"}],"author":"Lo viste en Los Pol\u00edticos","twitter_card":"summary_large_image","twitter_creator":"@LosPoliticosVer","twitter_site":"@LosPoliticosVer","twitter_misc":{"Escrito por":"Lo viste en Los Pol\u00edticos","Tiempo de lectura":"5 minutos"},"schema":{"@context":"https:\/\/schema.org","@graph":[{"@type":"Article","@id":"https:\/\/lospoliticosveracruz.com\/?p=43188#article","isPartOf":{"@id":"https:\/\/lospoliticosveracruz.com\/?p=43188"},"author":{"name":"Lo viste en Los Pol\u00edticos","@id":"https:\/\/lospoliticosveracruz.com\/#\/schema\/person\/b8702bb0e538456e6efd07080bf2a4a2"},"headline":"Tercer debate y recta final de la campa\u00f1a presidencial","datePublished":"2018-06-19T14:19:04+00:00","mainEntityOfPage":{"@id":"https:\/\/lospoliticosveracruz.com\/?p=43188"},"wordCount":945,"commentCount":0,"publisher":{"@id":"https:\/\/lospoliticosveracruz.com\/#organization"},"keywords":["Andr\u00e9s Manuel L\u00f3pez Obrador","Debates","El Bronco","INE","Jos\u00e9 Antonio Meade","M\u00e9rida","Ricardo Anaya","Yucat\u00e1n"],"articleSection":["De Opini\u00f3n"],"inLanguage":"es","potentialAction":[{"@type":"CommentAction","name":"Comment","target":["https:\/\/lospoliticosveracruz.com\/?p=43188#respond"]}]},{"@type":"WebPage","@id":"https:\/\/lospoliticosveracruz.com\/?p=43188","url":"https:\/\/lospoliticosveracruz.com\/?p=43188","name":"Tercer debate y recta final de la campa\u00f1a presidencial - Los pol\u00edticos Veracruz","isPartOf":{"@id":"https:\/\/lospoliticosveracruz.com\/#website"},"datePublished":"2018-06-19T14:19:04+00:00","breadcrumb":{"@id":"https:\/\/lospoliticosveracruz.com\/?p=43188#breadcrumb"},"inLanguage":"es","potentialAction":[{"@type":"ReadAction","target":["https:\/\/lospoliticosveracruz.com\/?p=43188"]}]},{"@type":"BreadcrumbList","@id":"https:\/\/lospoliticosveracruz.com\/?p=43188#breadcrumb","itemListElement":[{"@type":"ListItem","position":1,"name":"Portada","item":"https:\/\/lospoliticosveracruz.com\/"},{"@type":"ListItem","position":2,"name":"Tercer debate y recta final de la campa\u00f1a presidencial"}]},{"@type":"WebSite","@id":"https:\/\/lospoliticosveracruz.com\/#website","url":"https:\/\/lospoliticosveracruz.com\/","name":"Los pol\u00edticos Veracruz","description":"","publisher":{"@id":"https:\/\/lospoliticosveracruz.com\/#organization"},"potentialAction":[{"@type":"SearchAction","target":{"@type":"EntryPoint","urlTemplate":"https:\/\/lospoliticosveracruz.com\/?s={search_term_string}"},"query-input":{"@type":"PropertyValueSpecification","valueRequired":true,"valueName":"search_term_string"}}],"inLanguage":"es"},{"@type":"Organization","@id":"https:\/\/lospoliticosveracruz.com\/#organization","name":"Los pol\u00edticos Veracruz","url":"https:\/\/lospoliticosveracruz.com\/","logo":{"@type":"ImageObject","inLanguage":"es","@id":"https:\/\/lospoliticosveracruz.com\/#\/schema\/logo\/image\/","url":"https:\/\/lospoliticosveracruz.com\/wp-content\/uploads\/2025\/12\/Logo-Nuevo-LOS-POLITICOS-1.jpg","contentUrl":"https:\/\/lospoliticosveracruz.com\/wp-content\/uploads\/2025\/12\/Logo-Nuevo-LOS-POLITICOS-1.jpg","width":260,"height":70,"caption":"Los pol\u00edticos Veracruz"},"image":{"@id":"https:\/\/lospoliticosveracruz.com\/#\/schema\/logo\/image\/"},"sameAs":["https:\/\/www.facebook.com\/people\/Notimemes-de-los-Polticos\/61565672886568\/","https:\/\/x.com\/LosPoliticosVer"]},{"@type":"Person","@id":"https:\/\/lospoliticosveracruz.com\/#\/schema\/person\/b8702bb0e538456e6efd07080bf2a4a2","name":"Lo viste en Los Pol\u00edticos","image":{"@type":"ImageObject","inLanguage":"es","@id":"https:\/\/secure.gravatar.com\/avatar\/3a8de04a2656d44082be478bd6c086daa447c4651605818287b9532d3d0bd435?s=96&d=mm&r=g","url":"https:\/\/secure.gravatar.com\/avatar\/3a8de04a2656d44082be478bd6c086daa447c4651605818287b9532d3d0bd435?s=96&d=mm&r=g","contentUrl":"https:\/\/secure.gravatar.com\/avatar\/3a8de04a2656d44082be478bd6c086daa447c4651605818287b9532d3d0bd435?s=96&d=mm&r=g","caption":"Lo viste en Los Pol\u00edticos"},"url":"https:\/\/lospoliticosveracruz.com\/?author=2"}]}},"_links":{"self":[{"href":"https:\/\/lospoliticosveracruz.com\/index.php?rest_route=\/wp\/v2\/posts\/43188","targetHints":{"allow":["GET"]}}],"collection":[{"href":"https:\/\/lospoliticosveracruz.com\/index.php?rest_route=\/wp\/v2\/posts"}],"about":[{"href":"https:\/\/lospoliticosveracruz.com\/index.php?rest_route=\/wp\/v2\/types\/post"}],"author":[{"embeddable":true,"href":"https:\/\/lospoliticosveracruz.com\/index.php?rest_route=\/wp\/v2\/users\/2"}],"replies":[{"embeddable":true,"href":"https:\/\/lospoliticosveracruz.com\/index.php?rest_route=%2Fwp%2Fv2%2Fcomments&post=43188"}],"version-history":[{"count":1,"href":"https:\/\/lospoliticosveracruz.com\/index.php?rest_route=\/wp\/v2\/posts\/43188\/revisions"}],"predecessor-version":[{"id":43189,"href":"https:\/\/lospoliticosveracruz.com\/index.php?rest_route=\/wp\/v2\/posts\/43188\/revisions\/43189"}],"wp:attachment":[{"href":"https:\/\/lospoliticosveracruz.com\/index.php?rest_route=%2Fwp%2Fv2%2Fmedia&parent=43188"}],"wp:term":[{"taxonomy":"category","embeddable":true,"href":"https:\/\/lospoliticosveracruz.com\/index.php?rest_route=%2Fwp%2Fv2%2Fcategories&post=43188"},{"taxonomy":"post_tag","embeddable":true,"href":"https:\/\/lospoliticosveracruz.com\/index.php?rest_route=%2Fwp%2Fv2%2Ftags&post=43188"}],"curies":[{"name":"wp","href":"https:\/\/api.w.org\/{rel}","templated":true}]}}