{"id":43240,"date":"2018-06-19T16:48:35","date_gmt":"2018-06-19T21:48:35","guid":{"rendered":"http:\/\/www.lospoliticosveracruz.com.mx\/?p=43240"},"modified":"2018-06-19T16:48:35","modified_gmt":"2018-06-19T21:48:35","slug":"esa-loca-pasion-por-el-futbol","status":"publish","type":"post","link":"https:\/\/lospoliticosveracruz.com\/?p=43240","title":{"rendered":"Esa loca pasi\u00f3n por el f\u00fatbol"},"content":{"rendered":"<p class=\"x_m_-139286159147506163MsoNoSpacing\"><b><\/b><b>Emilio C\u00e1rdenas Escobosa<u><\/u><u><\/u><\/b><\/p>\n<p class=\"x_m_-139286159147506163MsoNoSpacing\"><em>De Inter\u00e9s P\u00fablico<\/em><\/p>\n<p class=\"x_m_-139286159147506163MsoNoSpacing\">\u00a0<u><\/u>\u00a0<u><\/u><\/p>\n<p class=\"x_m_-139286159147506163MsoNoSpacing\">Vivimos ya la fiebre mundialista. Estamos inmersos en el torrente de emociones que cada cuatro a\u00f1os nos trae esta justa internacional, la m\u00e1s popular del planeta, el acontecimiento deportivo por excelencia y el espect\u00e1culo de masas m\u00e1s importante desde hace muchas d\u00e9cadas.<\/p>\n<p class=\"x_m_-139286159147506163MsoNoSpacing\">Y m\u00e1s cuando la selecci\u00f3n nacional nos regal\u00f3 el mejor presente del D\u00eda del Padre: un contundente triunfo contra Alemania, el campe\u00f3n del mundo. Un resultado incuestionable, impensable y que hizo estallar el j\u00fabilo de la fanaticada y de un pa\u00eds entero \u00e1vido de buenas noticias, de triunfos, de alegr\u00edas en medio de nuestra cotidianeidad marcada por el des\u00e1nimo, el hartazgo ante la corrupci\u00f3n y la simulaci\u00f3n de los gobiernos, el enojo social por nuestras lacras del d\u00eda a d\u00eda, potenciadas hoy por la guerra sin cuartel que libran los candidatos que buscan el voto ciudadano en unas campa\u00f1as que nos tienen ya aburridos por lo reiterativas y carentes de imaginaci\u00f3n. Esperamos ya que sea 1 de julio para que esto acabe mientras nos interesa m\u00e1s el bal\u00f3n que rueda en las canchas de Rusia.<\/p>\n<p class=\"x_m_-139286159147506163MsoNoSpacing\">La victoria de M\u00e9xico por 1-0 frente a los teutones no se ha escapado al intento de utilizarse pol\u00edticamente. No solo en su vertiente de catarsis social sino en lo que cada bando quiere interpretar: que si no siempre gana el favorito en las encuestas o que este triunfo nos demuestra que es posible cambiar, con determinaci\u00f3n y coraje, nuestro eterno presente de derrotas.<\/p>\n<p class=\"x_m_-139286159147506163MsoNoSpacing\">Lo que es un hecho es que el f\u00fatbol es tan relevante que desde que se populariz\u00f3 ha sido objeto de utilizaci\u00f3n pol\u00edtica, ya sea por su funci\u00f3n de instrumento de liberaci\u00f3n de las frustraciones colectivas, de sustituto contempor\u00e1neo de la religi\u00f3n, de amplificador de las pasiones nacionales o locales, de veh\u00edculo para exaltar lo que se pretenden virtudes de la colectividad como solidaridad, compa\u00f1erismo, esp\u00edritu de sacrificio, sentido del deber, sentido del territorio, anticipaci\u00f3n al adversario u olfato goleador, personificadas en los jugadores.<\/p>\n<p class=\"x_m_-139286159147506163MsoNoSpacing\">Por eso como cada cuatro a\u00f1os el sue\u00f1o mundialista se colectiviza y los once jugadores que saltan a la cancha llevan en sus botines y en sus playeras la carga del honor patrio, de traer a M\u00e9xico los mejores resultados, de jugar el quinto partido, de ilusionar a los ilusos, de honrar la bandera que el presidente puso en sus manos. Son nuestro h\u00e9roes de un ratito, la oncena que concentra las aspiraciones de un futuro de grandeza, s\u00edmbolo temporal de la naci\u00f3n, y, desde luego, el distractor m\u00e1s a la mano de los agobios cotidianos, de la frustrante tarea de tratar de entender los temas dif\u00edciles, el mejor espect\u00e1culo para no aburrirnos con discusiones y peroratas sobre el rumbo del pa\u00eds, para obviar las insufribles campa\u00f1as.<\/p>\n<p class=\"x_m_-139286159147506163MsoNoSpacing\">El f\u00fatbol y la pol\u00edtica tienen m\u00e1s en com\u00fan de lo que nos imaginamos: los dos implican procesos organizativos y colectivos que se vinculan con el prop\u00f3sito de vencer o convencer al otro. La pol\u00edtica como el f\u00fatbol tiene como fin \u00faltimo dominar al rival, ganarle al equipo de enfrente a como d\u00e9 lugar. Ambos son pasionales, viscerales y despiertan torrentes de amores y odios. F\u00fatbol y pol\u00edtica son juegos colectivos, requieren de gente que participe en estos procesos y lo haga de manera tal que resulte gozoso, o al menos divertido, hacer o ver como se hacen gambetas, goles o jugadas de fantas\u00eda, sean \u00e9stas futbol\u00edsticas o pol\u00edticas.<\/p>\n<p class=\"x_m_-139286159147506163MsoNoSpacing\">El f\u00fatbol es un espejo de nuestras sociedades. Favorece el despliegue de las energ\u00edas y las pulsiones colectivas, las proyecciones imaginarias y los fanatismos patri\u00f3ticos. Por ello ha sido usado para el mantenimiento de nuestro nacionalismo y la cohesi\u00f3n en torno a proyectos pol\u00edticos o reg\u00edmenes gubernamentales, sin que muchas veces pueda evitarse el dar p\u00e1bulo a arrebatos, explosi\u00f3n de frustraciones o violencia en los estadios ante situaciones l\u00edmite que enfrentan los equipos en su transitar por la liga o en ocasi\u00f3n de encuentros internacionales o del Mundial de f\u00fatbol, que es cuando este deporte adquiere la apariencia de una guerra ritual, provista de una parafernalia tal que en su paroxismo es reveladora, en muchos sentidos, de los vicios y virtudes de un pa\u00eds o de una comunidad. Por eso es regla general que los l\u00edderes pol\u00edticos asistan a los partidos de mayor atracci\u00f3n para mostrar su empat\u00eda con la pasi\u00f3n del f\u00fatbol o reciban a los jugadores que ganan campeonatos.<u><\/u>\u00a0<u><\/u><\/p>\n<p class=\"x_m_-139286159147506163MsoNoSpacing\">En el f\u00fatbol siempre queremos ganar, pero \u00bfganamos algo? Al t\u00e9rmino del encuentro, se haya conquistado o no la copa, calificado o no nuestro equipo, m\u00e1s all\u00e1 de los arrebatos o la euforia, emerge la triste realidad que nos regresa al estatus de simples espectadores y consumidores del futbol o de la pol\u00edtica. Ya vendr\u00e1n, como siempre, los discursos y el aprovechamiento pol\u00edtico por la victoria o, seg\u00fan el caso, las justificaciones de lo que pudo haber sido y no fue o de que lo mejor est\u00e1 por llegar en el pr\u00f3ximo Mundial.<\/p>\n<p class=\"x_m_-139286159147506163MsoNoSpacing\">Quiz\u00e1 lo m\u00e1s importante y rescatable de la loca pasi\u00f3n por este inabarcable fen\u00f3meno de masas es que al sufrido ciudadano el f\u00fatbol le ofrece la esperanza e identidad que, las m\u00e1s de las veces, no reconocen en la pol\u00edtica y menos en los pol\u00edticos.<\/p>\n<p class=\"x_m_-139286159147506163MsoNoSpacing\">Por eso, mejor nos ponemos la camiseta y disfrutamos a tope el Mundial de F\u00fatbol en Rusia.<\/p>\n<p class=\"x_m_-139286159147506163MsoNoSpacing\">Ya lo dem\u00e1s, nuestra compleja, frustrante y desalentadora cotidianeidad, es, durante un mes de torneo, lo de menos.<\/p>\n<p class=\"x_m_-139286159147506163MsoNoSpacing\">Ya el 1 de julio, como debe ser, les sacaremos la tarjeta roja a los pol\u00edticos de siempre.<u><\/u><u><\/u><\/p>\n<p><span style=\"color: #008000;\"><a style=\"color: #008000;\" href=\"mailto:jecesco@hotmail.com\" target=\"_blank\" rel=\"noopener noreferrer\">jecesco@hotmail.com<\/a><\/span><\/p>\n<p class=\"x_m_-139286159147506163MsoNoSpacing\">\n<p class=\"x_m_-139286159147506163MsoNoSpacing\"><span style=\"color: #008000;\"><a style=\"color: #008000;\" href=\"http:\/\/www.deinterespublico.com\/\" target=\"_blank\" rel=\"noopener noreferrer\">www.deinterespublico.com<\/a><u><\/u><u><\/u><\/span><\/p>\n<p>&nbsp;<\/p>\n","protected":false},"excerpt":{"rendered":"<p>Emilio C\u00e1rdenas Escobosa De Inter\u00e9s P\u00fablico \u00a0\u00a0 Vivimos ya la fiebre mundialista. Estamos inmersos en el torrente de emociones que cada cuatro a\u00f1os nos trae esta justa internacional, la m\u00e1s popular del planeta, el acontecimiento deportivo por excelencia y el espect\u00e1culo de masas m\u00e1s importante desde hace muchas d\u00e9cadas. Y m\u00e1s cuando la selecci\u00f3n nacional [&hellip;]<\/p>\n","protected":false},"author":2,"featured_media":0,"comment_status":"open","ping_status":"open","sticky":false,"template":"","format":"standard","meta":{"tdm_status":"","tdm_grid_status":"","footnotes":""},"categories":[70],"tags":[8355,2135,11967],"class_list":{"0":"post-43240","1":"post","2":"type-post","3":"status-publish","4":"format-standard","6":"category-de-opinion","7":"tag-dia-del-padre","8":"tag-futbol","9":"tag-seleccion-nacional"},"yoast_head":"<!-- This site is optimized with the Yoast SEO plugin v27.4 - https:\/\/yoast.com\/product\/yoast-seo-wordpress\/ -->\n<title>Esa loca pasi\u00f3n por el f\u00fatbol - Los pol\u00edticos Veracruz<\/title>\n<meta name=\"robots\" content=\"index, follow, max-snippet:-1, max-image-preview:large, max-video-preview:-1\" \/>\n<link rel=\"canonical\" href=\"https:\/\/lospoliticosveracruz.com\/?p=43240\" \/>\n<meta property=\"og:locale\" content=\"es_ES\" \/>\n<meta property=\"og:type\" content=\"article\" \/>\n<meta property=\"og:title\" content=\"Esa loca pasi\u00f3n por el f\u00fatbol - Los pol\u00edticos Veracruz\" \/>\n<meta property=\"og:description\" content=\"Emilio C\u00e1rdenas Escobosa De Inter\u00e9s P\u00fablico \u00a0\u00a0 Vivimos ya la fiebre mundialista. Estamos inmersos en el torrente de emociones que cada cuatro a\u00f1os nos trae esta justa internacional, la m\u00e1s popular del planeta, el acontecimiento deportivo por excelencia y el espect\u00e1culo de masas m\u00e1s importante desde hace muchas d\u00e9cadas. Y m\u00e1s cuando la selecci\u00f3n nacional [&hellip;]\" \/>\n<meta property=\"og:url\" content=\"https:\/\/lospoliticosveracruz.com\/?p=43240\" \/>\n<meta property=\"og:site_name\" content=\"Los pol\u00edticos Veracruz\" \/>\n<meta property=\"article:publisher\" content=\"https:\/\/www.facebook.com\/people\/Notimemes-de-los-Polticos\/61565672886568\/\" \/>\n<meta property=\"article:published_time\" content=\"2018-06-19T21:48:35+00:00\" \/>\n<meta property=\"og:image\" content=\"https:\/\/lospoliticosveracruz.com\/wp-content\/uploads\/2016\/07\/Logo-Dor.jpg\" \/>\n\t<meta property=\"og:image:width\" content=\"200\" \/>\n\t<meta property=\"og:image:height\" content=\"200\" \/>\n\t<meta property=\"og:image:type\" content=\"image\/jpeg\" \/>\n<meta name=\"author\" content=\"Lo viste en Los Pol\u00edticos\" \/>\n<meta name=\"twitter:card\" content=\"summary_large_image\" \/>\n<meta name=\"twitter:creator\" content=\"@LosPoliticosVer\" \/>\n<meta name=\"twitter:site\" content=\"@LosPoliticosVer\" \/>\n<meta name=\"twitter:label1\" content=\"Escrito por\" \/>\n\t<meta name=\"twitter:data1\" content=\"Lo viste en Los Pol\u00edticos\" \/>\n\t<meta name=\"twitter:label2\" content=\"Tiempo de lectura\" \/>\n\t<meta name=\"twitter:data2\" content=\"5 minutos\" \/>\n<script type=\"application\/ld+json\" class=\"yoast-schema-graph\">{\"@context\":\"https:\\\/\\\/schema.org\",\"@graph\":[{\"@type\":\"Article\",\"@id\":\"https:\\\/\\\/lospoliticosveracruz.com\\\/?p=43240#article\",\"isPartOf\":{\"@id\":\"https:\\\/\\\/lospoliticosveracruz.com\\\/?p=43240\"},\"author\":{\"name\":\"Lo viste en Los Pol\u00edticos\",\"@id\":\"https:\\\/\\\/lospoliticosveracruz.com\\\/#\\\/schema\\\/person\\\/b8702bb0e538456e6efd07080bf2a4a2\"},\"headline\":\"Esa loca pasi\u00f3n por el f\u00fatbol\",\"datePublished\":\"2018-06-19T21:48:35+00:00\",\"mainEntityOfPage\":{\"@id\":\"https:\\\/\\\/lospoliticosveracruz.com\\\/?p=43240\"},\"wordCount\":1029,\"commentCount\":0,\"publisher\":{\"@id\":\"https:\\\/\\\/lospoliticosveracruz.com\\\/#organization\"},\"keywords\":[\"D\u00eda del Padre\",\"Futbol\",\"Selecci\u00f3n Nacional\"],\"articleSection\":[\"De Opini\u00f3n\"],\"inLanguage\":\"es\",\"potentialAction\":[{\"@type\":\"CommentAction\",\"name\":\"Comment\",\"target\":[\"https:\\\/\\\/lospoliticosveracruz.com\\\/?p=43240#respond\"]}]},{\"@type\":\"WebPage\",\"@id\":\"https:\\\/\\\/lospoliticosveracruz.com\\\/?p=43240\",\"url\":\"https:\\\/\\\/lospoliticosveracruz.com\\\/?p=43240\",\"name\":\"Esa loca pasi\u00f3n por el f\u00fatbol - Los pol\u00edticos Veracruz\",\"isPartOf\":{\"@id\":\"https:\\\/\\\/lospoliticosveracruz.com\\\/#website\"},\"datePublished\":\"2018-06-19T21:48:35+00:00\",\"breadcrumb\":{\"@id\":\"https:\\\/\\\/lospoliticosveracruz.com\\\/?p=43240#breadcrumb\"},\"inLanguage\":\"es\",\"potentialAction\":[{\"@type\":\"ReadAction\",\"target\":[\"https:\\\/\\\/lospoliticosveracruz.com\\\/?p=43240\"]}]},{\"@type\":\"BreadcrumbList\",\"@id\":\"https:\\\/\\\/lospoliticosveracruz.com\\\/?p=43240#breadcrumb\",\"itemListElement\":[{\"@type\":\"ListItem\",\"position\":1,\"name\":\"Portada\",\"item\":\"https:\\\/\\\/lospoliticosveracruz.com\\\/\"},{\"@type\":\"ListItem\",\"position\":2,\"name\":\"Esa loca pasi\u00f3n por el f\u00fatbol\"}]},{\"@type\":\"WebSite\",\"@id\":\"https:\\\/\\\/lospoliticosveracruz.com\\\/#website\",\"url\":\"https:\\\/\\\/lospoliticosveracruz.com\\\/\",\"name\":\"Los pol\u00edticos Veracruz\",\"description\":\"\",\"publisher\":{\"@id\":\"https:\\\/\\\/lospoliticosveracruz.com\\\/#organization\"},\"potentialAction\":[{\"@type\":\"SearchAction\",\"target\":{\"@type\":\"EntryPoint\",\"urlTemplate\":\"https:\\\/\\\/lospoliticosveracruz.com\\\/?s={search_term_string}\"},\"query-input\":{\"@type\":\"PropertyValueSpecification\",\"valueRequired\":true,\"valueName\":\"search_term_string\"}}],\"inLanguage\":\"es\"},{\"@type\":\"Organization\",\"@id\":\"https:\\\/\\\/lospoliticosveracruz.com\\\/#organization\",\"name\":\"Los pol\u00edticos Veracruz\",\"url\":\"https:\\\/\\\/lospoliticosveracruz.com\\\/\",\"logo\":{\"@type\":\"ImageObject\",\"inLanguage\":\"es\",\"@id\":\"https:\\\/\\\/lospoliticosveracruz.com\\\/#\\\/schema\\\/logo\\\/image\\\/\",\"url\":\"https:\\\/\\\/lospoliticosveracruz.com\\\/wp-content\\\/uploads\\\/2025\\\/12\\\/Logo-Nuevo-LOS-POLITICOS-1.jpg\",\"contentUrl\":\"https:\\\/\\\/lospoliticosveracruz.com\\\/wp-content\\\/uploads\\\/2025\\\/12\\\/Logo-Nuevo-LOS-POLITICOS-1.jpg\",\"width\":260,\"height\":70,\"caption\":\"Los pol\u00edticos Veracruz\"},\"image\":{\"@id\":\"https:\\\/\\\/lospoliticosveracruz.com\\\/#\\\/schema\\\/logo\\\/image\\\/\"},\"sameAs\":[\"https:\\\/\\\/www.facebook.com\\\/people\\\/Notimemes-de-los-Polticos\\\/61565672886568\\\/\",\"https:\\\/\\\/x.com\\\/LosPoliticosVer\"]},{\"@type\":\"Person\",\"@id\":\"https:\\\/\\\/lospoliticosveracruz.com\\\/#\\\/schema\\\/person\\\/b8702bb0e538456e6efd07080bf2a4a2\",\"name\":\"Lo viste en Los Pol\u00edticos\",\"image\":{\"@type\":\"ImageObject\",\"inLanguage\":\"es\",\"@id\":\"https:\\\/\\\/secure.gravatar.com\\\/avatar\\\/3a8de04a2656d44082be478bd6c086daa447c4651605818287b9532d3d0bd435?s=96&d=mm&r=g\",\"url\":\"https:\\\/\\\/secure.gravatar.com\\\/avatar\\\/3a8de04a2656d44082be478bd6c086daa447c4651605818287b9532d3d0bd435?s=96&d=mm&r=g\",\"contentUrl\":\"https:\\\/\\\/secure.gravatar.com\\\/avatar\\\/3a8de04a2656d44082be478bd6c086daa447c4651605818287b9532d3d0bd435?s=96&d=mm&r=g\",\"caption\":\"Lo viste en Los Pol\u00edticos\"},\"url\":\"https:\\\/\\\/lospoliticosveracruz.com\\\/?author=2\"}]}<\/script>\n<!-- \/ Yoast SEO plugin. -->","yoast_head_json":{"title":"Esa loca pasi\u00f3n por el f\u00fatbol - Los pol\u00edticos Veracruz","robots":{"index":"index","follow":"follow","max-snippet":"max-snippet:-1","max-image-preview":"max-image-preview:large","max-video-preview":"max-video-preview:-1"},"canonical":"https:\/\/lospoliticosveracruz.com\/?p=43240","og_locale":"es_ES","og_type":"article","og_title":"Esa loca pasi\u00f3n por el f\u00fatbol - Los pol\u00edticos Veracruz","og_description":"Emilio C\u00e1rdenas Escobosa De Inter\u00e9s P\u00fablico \u00a0\u00a0 Vivimos ya la fiebre mundialista. Estamos inmersos en el torrente de emociones que cada cuatro a\u00f1os nos trae esta justa internacional, la m\u00e1s popular del planeta, el acontecimiento deportivo por excelencia y el espect\u00e1culo de masas m\u00e1s importante desde hace muchas d\u00e9cadas. Y m\u00e1s cuando la selecci\u00f3n nacional [&hellip;]","og_url":"https:\/\/lospoliticosveracruz.com\/?p=43240","og_site_name":"Los pol\u00edticos Veracruz","article_publisher":"https:\/\/www.facebook.com\/people\/Notimemes-de-los-Polticos\/61565672886568\/","article_published_time":"2018-06-19T21:48:35+00:00","og_image":[{"width":200,"height":200,"url":"https:\/\/lospoliticosveracruz.com\/wp-content\/uploads\/2016\/07\/Logo-Dor.jpg","type":"image\/jpeg"}],"author":"Lo viste en Los Pol\u00edticos","twitter_card":"summary_large_image","twitter_creator":"@LosPoliticosVer","twitter_site":"@LosPoliticosVer","twitter_misc":{"Escrito por":"Lo viste en Los Pol\u00edticos","Tiempo de lectura":"5 minutos"},"schema":{"@context":"https:\/\/schema.org","@graph":[{"@type":"Article","@id":"https:\/\/lospoliticosveracruz.com\/?p=43240#article","isPartOf":{"@id":"https:\/\/lospoliticosveracruz.com\/?p=43240"},"author":{"name":"Lo viste en Los Pol\u00edticos","@id":"https:\/\/lospoliticosveracruz.com\/#\/schema\/person\/b8702bb0e538456e6efd07080bf2a4a2"},"headline":"Esa loca pasi\u00f3n por el f\u00fatbol","datePublished":"2018-06-19T21:48:35+00:00","mainEntityOfPage":{"@id":"https:\/\/lospoliticosveracruz.com\/?p=43240"},"wordCount":1029,"commentCount":0,"publisher":{"@id":"https:\/\/lospoliticosveracruz.com\/#organization"},"keywords":["D\u00eda del Padre","Futbol","Selecci\u00f3n Nacional"],"articleSection":["De Opini\u00f3n"],"inLanguage":"es","potentialAction":[{"@type":"CommentAction","name":"Comment","target":["https:\/\/lospoliticosveracruz.com\/?p=43240#respond"]}]},{"@type":"WebPage","@id":"https:\/\/lospoliticosveracruz.com\/?p=43240","url":"https:\/\/lospoliticosveracruz.com\/?p=43240","name":"Esa loca pasi\u00f3n por el f\u00fatbol - Los pol\u00edticos Veracruz","isPartOf":{"@id":"https:\/\/lospoliticosveracruz.com\/#website"},"datePublished":"2018-06-19T21:48:35+00:00","breadcrumb":{"@id":"https:\/\/lospoliticosveracruz.com\/?p=43240#breadcrumb"},"inLanguage":"es","potentialAction":[{"@type":"ReadAction","target":["https:\/\/lospoliticosveracruz.com\/?p=43240"]}]},{"@type":"BreadcrumbList","@id":"https:\/\/lospoliticosveracruz.com\/?p=43240#breadcrumb","itemListElement":[{"@type":"ListItem","position":1,"name":"Portada","item":"https:\/\/lospoliticosveracruz.com\/"},{"@type":"ListItem","position":2,"name":"Esa loca pasi\u00f3n por el f\u00fatbol"}]},{"@type":"WebSite","@id":"https:\/\/lospoliticosveracruz.com\/#website","url":"https:\/\/lospoliticosveracruz.com\/","name":"Los pol\u00edticos Veracruz","description":"","publisher":{"@id":"https:\/\/lospoliticosveracruz.com\/#organization"},"potentialAction":[{"@type":"SearchAction","target":{"@type":"EntryPoint","urlTemplate":"https:\/\/lospoliticosveracruz.com\/?s={search_term_string}"},"query-input":{"@type":"PropertyValueSpecification","valueRequired":true,"valueName":"search_term_string"}}],"inLanguage":"es"},{"@type":"Organization","@id":"https:\/\/lospoliticosveracruz.com\/#organization","name":"Los pol\u00edticos Veracruz","url":"https:\/\/lospoliticosveracruz.com\/","logo":{"@type":"ImageObject","inLanguage":"es","@id":"https:\/\/lospoliticosveracruz.com\/#\/schema\/logo\/image\/","url":"https:\/\/lospoliticosveracruz.com\/wp-content\/uploads\/2025\/12\/Logo-Nuevo-LOS-POLITICOS-1.jpg","contentUrl":"https:\/\/lospoliticosveracruz.com\/wp-content\/uploads\/2025\/12\/Logo-Nuevo-LOS-POLITICOS-1.jpg","width":260,"height":70,"caption":"Los pol\u00edticos Veracruz"},"image":{"@id":"https:\/\/lospoliticosveracruz.com\/#\/schema\/logo\/image\/"},"sameAs":["https:\/\/www.facebook.com\/people\/Notimemes-de-los-Polticos\/61565672886568\/","https:\/\/x.com\/LosPoliticosVer"]},{"@type":"Person","@id":"https:\/\/lospoliticosveracruz.com\/#\/schema\/person\/b8702bb0e538456e6efd07080bf2a4a2","name":"Lo viste en Los Pol\u00edticos","image":{"@type":"ImageObject","inLanguage":"es","@id":"https:\/\/secure.gravatar.com\/avatar\/3a8de04a2656d44082be478bd6c086daa447c4651605818287b9532d3d0bd435?s=96&d=mm&r=g","url":"https:\/\/secure.gravatar.com\/avatar\/3a8de04a2656d44082be478bd6c086daa447c4651605818287b9532d3d0bd435?s=96&d=mm&r=g","contentUrl":"https:\/\/secure.gravatar.com\/avatar\/3a8de04a2656d44082be478bd6c086daa447c4651605818287b9532d3d0bd435?s=96&d=mm&r=g","caption":"Lo viste en Los Pol\u00edticos"},"url":"https:\/\/lospoliticosveracruz.com\/?author=2"}]}},"_links":{"self":[{"href":"https:\/\/lospoliticosveracruz.com\/index.php?rest_route=\/wp\/v2\/posts\/43240","targetHints":{"allow":["GET"]}}],"collection":[{"href":"https:\/\/lospoliticosveracruz.com\/index.php?rest_route=\/wp\/v2\/posts"}],"about":[{"href":"https:\/\/lospoliticosveracruz.com\/index.php?rest_route=\/wp\/v2\/types\/post"}],"author":[{"embeddable":true,"href":"https:\/\/lospoliticosveracruz.com\/index.php?rest_route=\/wp\/v2\/users\/2"}],"replies":[{"embeddable":true,"href":"https:\/\/lospoliticosveracruz.com\/index.php?rest_route=%2Fwp%2Fv2%2Fcomments&post=43240"}],"version-history":[{"count":2,"href":"https:\/\/lospoliticosveracruz.com\/index.php?rest_route=\/wp\/v2\/posts\/43240\/revisions"}],"predecessor-version":[{"id":43243,"href":"https:\/\/lospoliticosveracruz.com\/index.php?rest_route=\/wp\/v2\/posts\/43240\/revisions\/43243"}],"wp:attachment":[{"href":"https:\/\/lospoliticosveracruz.com\/index.php?rest_route=%2Fwp%2Fv2%2Fmedia&parent=43240"}],"wp:term":[{"taxonomy":"category","embeddable":true,"href":"https:\/\/lospoliticosveracruz.com\/index.php?rest_route=%2Fwp%2Fv2%2Fcategories&post=43240"},{"taxonomy":"post_tag","embeddable":true,"href":"https:\/\/lospoliticosveracruz.com\/index.php?rest_route=%2Fwp%2Fv2%2Ftags&post=43240"}],"curies":[{"name":"wp","href":"https:\/\/api.w.org\/{rel}","templated":true}]}}