{"id":43253,"date":"2018-06-19T22:26:49","date_gmt":"2018-06-20T03:26:49","guid":{"rendered":"http:\/\/www.lospoliticosveracruz.com.mx\/?p=43253"},"modified":"2018-06-19T22:26:49","modified_gmt":"2018-06-20T03:26:49","slug":"glosario-politico-de-futbol","status":"publish","type":"post","link":"https:\/\/lospoliticosveracruz.com\/?p=43253","title":{"rendered":"Glosario pol\u00edtico de Futbol"},"content":{"rendered":"<p><strong>Salvador Mu\u00f1oz<\/strong><\/p>\n<p><em>Los Pol\u00edticos<\/em><\/p>\n<p>&nbsp;<\/p>\n<p>&nbsp;<\/p>\n<p>Antes, la moda era criticar tu afici\u00f3n por un partido o candidato; lo de hoy es criticar tu pasi\u00f3n por el fut\u2026 y la pol\u00edtica. Quien no entiende esta combinaci\u00f3n, es porque de seguro jam\u00e1s haya tenido la fortuna de anotar un gol, detener un ca\u00f1onazo o participado en una campa\u00f1a y por lo tanto, no entienda a un peje-chairo, pri-chairo o pan-chairo, cuando habla de fut y pol\u00edtica a la vez\u2026 as\u00ed que en aras de ayudarle a entender a estos curiosos personajes atrapados en dos mundos, la campa\u00f1a y el mundial, le damos un glosario biling\u00fce:<\/p>\n<p>AUTOGOL: Cuando H\u00e9ctor Yunes Landa considera una cortina de humo la detenci\u00f3n de Luis \u00c1ngel Bravo mientras Arturo Berm\u00fadez Zurita empina al Fiscul\u00edn.<\/p>\n<p>SAQUE DE BANDA: Lo que los abogados de Berm\u00fadez, Fiscul\u00edn, Nemi, Gina, Audirac y dem\u00e1s, quisieran hacer: Sacar a la banda de Pacho.<\/p>\n<p>BAL\u00d3N PARADO: Sergio Gil Rull\u00e1n de pie; Juan de Dios S\u00e1nchez Abreu, sin moverse.<\/p>\n<p>BAL\u00d3N DETENIDO: Javier Duarte en el reclusorio Norte.<\/p>\n<p>CABECEAR: Echarse un coyote en plena sesi\u00f3n legislativa\u2026 expertas en la materia: Adela Escamilla y Luisa Angela Soto Maldonado.<\/p>\n<p>CALAMBRE: Lo que la mayor\u00eda de los duartistas sienten nom\u00e1s de pensar en que Chiquiyunes gane la gubernatura\u2026<\/p>\n<p>CALCIO: No confundir con el vocablo italiano que se pronuncia \u201cCalchio\u201d. Nos referimos al \u201cHueso\u201d con el que tanto sue\u00f1an los pol\u00edticos.<\/p>\n<p>CALENTAR: Reacci\u00f3n de cualquier partidista al ver una encuesta donde su candidato va abajo.<\/p>\n<p>CAMISETA: Prenda que actualmente los pri\u00edstas cambian con facilidad.<\/p>\n<p>ESPINILLERA: Problemas de acn\u00e9 en algunos pol\u00edticos\u2026 Abel Cuevas Melo o Claudia Ram\u00f3n Perea podr\u00edan hablar al respecto.<\/p>\n<p>CANTERA: Lo que ha perdido en estos \u00faltimos d\u00edas el PRI con la salida de Sandro G\u00f3mez y Gabriela Gonz\u00e1lez Pita as\u00ed como chavos que los acompa\u00f1an.<\/p>\n<p>CA\u00d1O: Por donde se han de ir muchos candidatos ahora que pasen las elecciones.<\/p>\n<p>CA\u00d1ONAZO: Disparos con gran potencia que dicen hacer al que escribe, pero nom\u00e1s son \u00a1\u201ctiritititos\u201d!<\/p>\n<p>CAPIT\u00c1N: Cargos que el PRI puede darse el lujo de contar con tres en esta \u00e9poca: El Capit\u00e1n Am\u00e9rico, el Capit\u00e1n Chanclas y el Capit\u00e1n Montano.<\/p>\n<p>CESAR: Adem\u00e1s de \u201cDestituci\u00f3n\u201d, como la que pretenden los hectoristas sobre Am\u00e9rico, es el nombre del pap\u00e1 del vocero del PRI, Marco Antonio del \u00c1ngel.<\/p>\n<p>SOMBRERITO: T\u00e1ctica que muchos pol\u00edticos utilizan para adornarse con obras que no son suyas\u2026<\/p>\n<p>CUERO: Sof\u00eda Yunes Gamboa o Andrea Yunes Yunes\u2026<\/p>\n<p>CUERPO T\u00c9CNICO: Sof\u00eda Yunes Gamboa o Andrea Yunes Yunes\u2026<\/p>\n<p>DEFENSA: H\u00e9ctor Yunes calificando como cortina de humo el caso Karime Mac\u00edas\u2026<\/p>\n<p>DESPEJAR: Lo que pretende el PAN en Veracruz y lo que algunos pri\u00edstas-duartistas no quieren.<\/p>\n<p>EMPATE: Condici\u00f3n de muchas encuestas en Veracruz donde s\u00f3lo coinciden en un punto: el PRI es el \u00fanico que pierde con Pepe.<\/p>\n<p>ENCARAR: Cuando Fiscul\u00edn tenga que ver a los chivos expiatorios que mand\u00f3 a Pacho \u00a1en Pacho!<\/p>\n<p>EXPULSAR: Acci\u00f3n de sacar lo m\u00e1s pronto del partido a Javier Duarte antes de que queme al\u2026 \u00a1demasiado tarde!<\/p>\n<p>Y por \u00faltimo\u2026<\/p>\n<p>FAIR PLAY: Algo que no habr\u00e1 en \u00e9sta o alguna otra elecci\u00f3n\u2026 juego limpio.<\/p>\n<p>smcainito@gmail.com<\/p>\n","protected":false},"excerpt":{"rendered":"<p>Salvador Mu\u00f1oz Los Pol\u00edticos &nbsp; &nbsp; Antes, la moda era criticar tu afici\u00f3n por un partido o candidato; lo de hoy es criticar tu pasi\u00f3n por el fut\u2026 y la pol\u00edtica. Quien no entiende esta combinaci\u00f3n, es porque de seguro jam\u00e1s haya tenido la fortuna de anotar un gol, detener un ca\u00f1onazo o participado en [&hellip;]<\/p>\n","protected":false},"author":2,"featured_media":0,"comment_status":"open","ping_status":"open","sticky":false,"template":"","format":"standard","meta":{"tdm_status":"","tdm_grid_status":"","footnotes":""},"categories":[70],"tags":[2135,348,496,536,1290],"class_list":{"0":"post-43253","1":"post","2":"type-post","3":"status-publish","4":"format-standard","6":"category-de-opinion","7":"tag-futbol","8":"tag-hector-yunes-landa","9":"tag-luis-angel-bravo-contreras","10":"tag-miguel-angel-yunes-marquez","11":"tag-politica"},"yoast_head":"<!-- This site is optimized with the Yoast SEO plugin v27.4 - https:\/\/yoast.com\/product\/yoast-seo-wordpress\/ -->\n<title>Glosario pol\u00edtico de Futbol - Los pol\u00edticos Veracruz<\/title>\n<meta name=\"robots\" content=\"index, follow, max-snippet:-1, max-image-preview:large, max-video-preview:-1\" \/>\n<link rel=\"canonical\" href=\"https:\/\/lospoliticosveracruz.com\/?p=43253\" \/>\n<meta property=\"og:locale\" content=\"es_ES\" \/>\n<meta property=\"og:type\" content=\"article\" \/>\n<meta property=\"og:title\" content=\"Glosario pol\u00edtico de Futbol - Los pol\u00edticos Veracruz\" \/>\n<meta property=\"og:description\" content=\"Salvador Mu\u00f1oz Los Pol\u00edticos &nbsp; &nbsp; Antes, la moda era criticar tu afici\u00f3n por un partido o candidato; lo de hoy es criticar tu pasi\u00f3n por el fut\u2026 y la pol\u00edtica. Quien no entiende esta combinaci\u00f3n, es porque de seguro jam\u00e1s haya tenido la fortuna de anotar un gol, detener un ca\u00f1onazo o participado en [&hellip;]\" \/>\n<meta property=\"og:url\" content=\"https:\/\/lospoliticosveracruz.com\/?p=43253\" \/>\n<meta property=\"og:site_name\" content=\"Los pol\u00edticos Veracruz\" \/>\n<meta property=\"article:publisher\" content=\"https:\/\/www.facebook.com\/people\/Notimemes-de-los-Polticos\/61565672886568\/\" \/>\n<meta property=\"article:published_time\" content=\"2018-06-20T03:26:49+00:00\" \/>\n<meta property=\"og:image\" content=\"https:\/\/lospoliticosveracruz.com\/wp-content\/uploads\/2016\/07\/Logo-Dor.jpg\" \/>\n\t<meta property=\"og:image:width\" content=\"200\" \/>\n\t<meta property=\"og:image:height\" content=\"200\" \/>\n\t<meta property=\"og:image:type\" content=\"image\/jpeg\" \/>\n<meta name=\"author\" content=\"Lo viste en Los Pol\u00edticos\" \/>\n<meta name=\"twitter:card\" content=\"summary_large_image\" \/>\n<meta name=\"twitter:creator\" content=\"@LosPoliticosVer\" \/>\n<meta name=\"twitter:site\" content=\"@LosPoliticosVer\" \/>\n<meta name=\"twitter:label1\" content=\"Escrito por\" \/>\n\t<meta name=\"twitter:data1\" content=\"Lo viste en Los Pol\u00edticos\" \/>\n\t<meta name=\"twitter:label2\" content=\"Tiempo de lectura\" \/>\n\t<meta name=\"twitter:data2\" content=\"3 minutos\" \/>\n<script type=\"application\/ld+json\" class=\"yoast-schema-graph\">{\"@context\":\"https:\\\/\\\/schema.org\",\"@graph\":[{\"@type\":\"Article\",\"@id\":\"https:\\\/\\\/lospoliticosveracruz.com\\\/?p=43253#article\",\"isPartOf\":{\"@id\":\"https:\\\/\\\/lospoliticosveracruz.com\\\/?p=43253\"},\"author\":{\"name\":\"Lo viste en Los Pol\u00edticos\",\"@id\":\"https:\\\/\\\/lospoliticosveracruz.com\\\/#\\\/schema\\\/person\\\/b8702bb0e538456e6efd07080bf2a4a2\"},\"headline\":\"Glosario pol\u00edtico de Futbol\",\"datePublished\":\"2018-06-20T03:26:49+00:00\",\"mainEntityOfPage\":{\"@id\":\"https:\\\/\\\/lospoliticosveracruz.com\\\/?p=43253\"},\"wordCount\":581,\"commentCount\":0,\"publisher\":{\"@id\":\"https:\\\/\\\/lospoliticosveracruz.com\\\/#organization\"},\"keywords\":[\"Futbol\",\"H\u00e9ctor Yunes Landa\",\"Luis Angel Bravo Contreras\",\"Miguel \u00c1ngel Yunes M\u00e1rquez\",\"pol\u00edtica\"],\"articleSection\":[\"De Opini\u00f3n\"],\"inLanguage\":\"es\",\"potentialAction\":[{\"@type\":\"CommentAction\",\"name\":\"Comment\",\"target\":[\"https:\\\/\\\/lospoliticosveracruz.com\\\/?p=43253#respond\"]}]},{\"@type\":\"WebPage\",\"@id\":\"https:\\\/\\\/lospoliticosveracruz.com\\\/?p=43253\",\"url\":\"https:\\\/\\\/lospoliticosveracruz.com\\\/?p=43253\",\"name\":\"Glosario pol\u00edtico de Futbol - Los pol\u00edticos Veracruz\",\"isPartOf\":{\"@id\":\"https:\\\/\\\/lospoliticosveracruz.com\\\/#website\"},\"datePublished\":\"2018-06-20T03:26:49+00:00\",\"breadcrumb\":{\"@id\":\"https:\\\/\\\/lospoliticosveracruz.com\\\/?p=43253#breadcrumb\"},\"inLanguage\":\"es\",\"potentialAction\":[{\"@type\":\"ReadAction\",\"target\":[\"https:\\\/\\\/lospoliticosveracruz.com\\\/?p=43253\"]}]},{\"@type\":\"BreadcrumbList\",\"@id\":\"https:\\\/\\\/lospoliticosveracruz.com\\\/?p=43253#breadcrumb\",\"itemListElement\":[{\"@type\":\"ListItem\",\"position\":1,\"name\":\"Portada\",\"item\":\"https:\\\/\\\/lospoliticosveracruz.com\\\/\"},{\"@type\":\"ListItem\",\"position\":2,\"name\":\"Glosario pol\u00edtico de Futbol\"}]},{\"@type\":\"WebSite\",\"@id\":\"https:\\\/\\\/lospoliticosveracruz.com\\\/#website\",\"url\":\"https:\\\/\\\/lospoliticosveracruz.com\\\/\",\"name\":\"Los pol\u00edticos Veracruz\",\"description\":\"\",\"publisher\":{\"@id\":\"https:\\\/\\\/lospoliticosveracruz.com\\\/#organization\"},\"potentialAction\":[{\"@type\":\"SearchAction\",\"target\":{\"@type\":\"EntryPoint\",\"urlTemplate\":\"https:\\\/\\\/lospoliticosveracruz.com\\\/?s={search_term_string}\"},\"query-input\":{\"@type\":\"PropertyValueSpecification\",\"valueRequired\":true,\"valueName\":\"search_term_string\"}}],\"inLanguage\":\"es\"},{\"@type\":\"Organization\",\"@id\":\"https:\\\/\\\/lospoliticosveracruz.com\\\/#organization\",\"name\":\"Los pol\u00edticos Veracruz\",\"url\":\"https:\\\/\\\/lospoliticosveracruz.com\\\/\",\"logo\":{\"@type\":\"ImageObject\",\"inLanguage\":\"es\",\"@id\":\"https:\\\/\\\/lospoliticosveracruz.com\\\/#\\\/schema\\\/logo\\\/image\\\/\",\"url\":\"https:\\\/\\\/lospoliticosveracruz.com\\\/wp-content\\\/uploads\\\/2025\\\/12\\\/Logo-Nuevo-LOS-POLITICOS-1.jpg\",\"contentUrl\":\"https:\\\/\\\/lospoliticosveracruz.com\\\/wp-content\\\/uploads\\\/2025\\\/12\\\/Logo-Nuevo-LOS-POLITICOS-1.jpg\",\"width\":260,\"height\":70,\"caption\":\"Los pol\u00edticos Veracruz\"},\"image\":{\"@id\":\"https:\\\/\\\/lospoliticosveracruz.com\\\/#\\\/schema\\\/logo\\\/image\\\/\"},\"sameAs\":[\"https:\\\/\\\/www.facebook.com\\\/people\\\/Notimemes-de-los-Polticos\\\/61565672886568\\\/\",\"https:\\\/\\\/x.com\\\/LosPoliticosVer\"]},{\"@type\":\"Person\",\"@id\":\"https:\\\/\\\/lospoliticosveracruz.com\\\/#\\\/schema\\\/person\\\/b8702bb0e538456e6efd07080bf2a4a2\",\"name\":\"Lo viste en Los Pol\u00edticos\",\"image\":{\"@type\":\"ImageObject\",\"inLanguage\":\"es\",\"@id\":\"https:\\\/\\\/secure.gravatar.com\\\/avatar\\\/3a8de04a2656d44082be478bd6c086daa447c4651605818287b9532d3d0bd435?s=96&d=mm&r=g\",\"url\":\"https:\\\/\\\/secure.gravatar.com\\\/avatar\\\/3a8de04a2656d44082be478bd6c086daa447c4651605818287b9532d3d0bd435?s=96&d=mm&r=g\",\"contentUrl\":\"https:\\\/\\\/secure.gravatar.com\\\/avatar\\\/3a8de04a2656d44082be478bd6c086daa447c4651605818287b9532d3d0bd435?s=96&d=mm&r=g\",\"caption\":\"Lo viste en Los Pol\u00edticos\"},\"url\":\"https:\\\/\\\/lospoliticosveracruz.com\\\/?author=2\"}]}<\/script>\n<!-- \/ Yoast SEO plugin. -->","yoast_head_json":{"title":"Glosario pol\u00edtico de Futbol - Los pol\u00edticos Veracruz","robots":{"index":"index","follow":"follow","max-snippet":"max-snippet:-1","max-image-preview":"max-image-preview:large","max-video-preview":"max-video-preview:-1"},"canonical":"https:\/\/lospoliticosveracruz.com\/?p=43253","og_locale":"es_ES","og_type":"article","og_title":"Glosario pol\u00edtico de Futbol - Los pol\u00edticos Veracruz","og_description":"Salvador Mu\u00f1oz Los Pol\u00edticos &nbsp; &nbsp; Antes, la moda era criticar tu afici\u00f3n por un partido o candidato; lo de hoy es criticar tu pasi\u00f3n por el fut\u2026 y la pol\u00edtica. Quien no entiende esta combinaci\u00f3n, es porque de seguro jam\u00e1s haya tenido la fortuna de anotar un gol, detener un ca\u00f1onazo o participado en [&hellip;]","og_url":"https:\/\/lospoliticosveracruz.com\/?p=43253","og_site_name":"Los pol\u00edticos Veracruz","article_publisher":"https:\/\/www.facebook.com\/people\/Notimemes-de-los-Polticos\/61565672886568\/","article_published_time":"2018-06-20T03:26:49+00:00","og_image":[{"width":200,"height":200,"url":"https:\/\/lospoliticosveracruz.com\/wp-content\/uploads\/2016\/07\/Logo-Dor.jpg","type":"image\/jpeg"}],"author":"Lo viste en Los Pol\u00edticos","twitter_card":"summary_large_image","twitter_creator":"@LosPoliticosVer","twitter_site":"@LosPoliticosVer","twitter_misc":{"Escrito por":"Lo viste en Los Pol\u00edticos","Tiempo de lectura":"3 minutos"},"schema":{"@context":"https:\/\/schema.org","@graph":[{"@type":"Article","@id":"https:\/\/lospoliticosveracruz.com\/?p=43253#article","isPartOf":{"@id":"https:\/\/lospoliticosveracruz.com\/?p=43253"},"author":{"name":"Lo viste en Los Pol\u00edticos","@id":"https:\/\/lospoliticosveracruz.com\/#\/schema\/person\/b8702bb0e538456e6efd07080bf2a4a2"},"headline":"Glosario pol\u00edtico de Futbol","datePublished":"2018-06-20T03:26:49+00:00","mainEntityOfPage":{"@id":"https:\/\/lospoliticosveracruz.com\/?p=43253"},"wordCount":581,"commentCount":0,"publisher":{"@id":"https:\/\/lospoliticosveracruz.com\/#organization"},"keywords":["Futbol","H\u00e9ctor Yunes Landa","Luis Angel Bravo Contreras","Miguel \u00c1ngel Yunes M\u00e1rquez","pol\u00edtica"],"articleSection":["De Opini\u00f3n"],"inLanguage":"es","potentialAction":[{"@type":"CommentAction","name":"Comment","target":["https:\/\/lospoliticosveracruz.com\/?p=43253#respond"]}]},{"@type":"WebPage","@id":"https:\/\/lospoliticosveracruz.com\/?p=43253","url":"https:\/\/lospoliticosveracruz.com\/?p=43253","name":"Glosario pol\u00edtico de Futbol - Los pol\u00edticos Veracruz","isPartOf":{"@id":"https:\/\/lospoliticosveracruz.com\/#website"},"datePublished":"2018-06-20T03:26:49+00:00","breadcrumb":{"@id":"https:\/\/lospoliticosveracruz.com\/?p=43253#breadcrumb"},"inLanguage":"es","potentialAction":[{"@type":"ReadAction","target":["https:\/\/lospoliticosveracruz.com\/?p=43253"]}]},{"@type":"BreadcrumbList","@id":"https:\/\/lospoliticosveracruz.com\/?p=43253#breadcrumb","itemListElement":[{"@type":"ListItem","position":1,"name":"Portada","item":"https:\/\/lospoliticosveracruz.com\/"},{"@type":"ListItem","position":2,"name":"Glosario pol\u00edtico de Futbol"}]},{"@type":"WebSite","@id":"https:\/\/lospoliticosveracruz.com\/#website","url":"https:\/\/lospoliticosveracruz.com\/","name":"Los pol\u00edticos Veracruz","description":"","publisher":{"@id":"https:\/\/lospoliticosveracruz.com\/#organization"},"potentialAction":[{"@type":"SearchAction","target":{"@type":"EntryPoint","urlTemplate":"https:\/\/lospoliticosveracruz.com\/?s={search_term_string}"},"query-input":{"@type":"PropertyValueSpecification","valueRequired":true,"valueName":"search_term_string"}}],"inLanguage":"es"},{"@type":"Organization","@id":"https:\/\/lospoliticosveracruz.com\/#organization","name":"Los pol\u00edticos Veracruz","url":"https:\/\/lospoliticosveracruz.com\/","logo":{"@type":"ImageObject","inLanguage":"es","@id":"https:\/\/lospoliticosveracruz.com\/#\/schema\/logo\/image\/","url":"https:\/\/lospoliticosveracruz.com\/wp-content\/uploads\/2025\/12\/Logo-Nuevo-LOS-POLITICOS-1.jpg","contentUrl":"https:\/\/lospoliticosveracruz.com\/wp-content\/uploads\/2025\/12\/Logo-Nuevo-LOS-POLITICOS-1.jpg","width":260,"height":70,"caption":"Los pol\u00edticos Veracruz"},"image":{"@id":"https:\/\/lospoliticosveracruz.com\/#\/schema\/logo\/image\/"},"sameAs":["https:\/\/www.facebook.com\/people\/Notimemes-de-los-Polticos\/61565672886568\/","https:\/\/x.com\/LosPoliticosVer"]},{"@type":"Person","@id":"https:\/\/lospoliticosveracruz.com\/#\/schema\/person\/b8702bb0e538456e6efd07080bf2a4a2","name":"Lo viste en Los Pol\u00edticos","image":{"@type":"ImageObject","inLanguage":"es","@id":"https:\/\/secure.gravatar.com\/avatar\/3a8de04a2656d44082be478bd6c086daa447c4651605818287b9532d3d0bd435?s=96&d=mm&r=g","url":"https:\/\/secure.gravatar.com\/avatar\/3a8de04a2656d44082be478bd6c086daa447c4651605818287b9532d3d0bd435?s=96&d=mm&r=g","contentUrl":"https:\/\/secure.gravatar.com\/avatar\/3a8de04a2656d44082be478bd6c086daa447c4651605818287b9532d3d0bd435?s=96&d=mm&r=g","caption":"Lo viste en Los Pol\u00edticos"},"url":"https:\/\/lospoliticosveracruz.com\/?author=2"}]}},"_links":{"self":[{"href":"https:\/\/lospoliticosveracruz.com\/index.php?rest_route=\/wp\/v2\/posts\/43253","targetHints":{"allow":["GET"]}}],"collection":[{"href":"https:\/\/lospoliticosveracruz.com\/index.php?rest_route=\/wp\/v2\/posts"}],"about":[{"href":"https:\/\/lospoliticosveracruz.com\/index.php?rest_route=\/wp\/v2\/types\/post"}],"author":[{"embeddable":true,"href":"https:\/\/lospoliticosveracruz.com\/index.php?rest_route=\/wp\/v2\/users\/2"}],"replies":[{"embeddable":true,"href":"https:\/\/lospoliticosveracruz.com\/index.php?rest_route=%2Fwp%2Fv2%2Fcomments&post=43253"}],"version-history":[{"count":1,"href":"https:\/\/lospoliticosveracruz.com\/index.php?rest_route=\/wp\/v2\/posts\/43253\/revisions"}],"predecessor-version":[{"id":43254,"href":"https:\/\/lospoliticosveracruz.com\/index.php?rest_route=\/wp\/v2\/posts\/43253\/revisions\/43254"}],"wp:attachment":[{"href":"https:\/\/lospoliticosveracruz.com\/index.php?rest_route=%2Fwp%2Fv2%2Fmedia&parent=43253"}],"wp:term":[{"taxonomy":"category","embeddable":true,"href":"https:\/\/lospoliticosveracruz.com\/index.php?rest_route=%2Fwp%2Fv2%2Fcategories&post=43253"},{"taxonomy":"post_tag","embeddable":true,"href":"https:\/\/lospoliticosveracruz.com\/index.php?rest_route=%2Fwp%2Fv2%2Ftags&post=43253"}],"curies":[{"name":"wp","href":"https:\/\/api.w.org\/{rel}","templated":true}]}}