{"id":43319,"date":"2018-06-22T11:26:58","date_gmt":"2018-06-22T16:26:58","guid":{"rendered":"http:\/\/www.lospoliticosveracruz.com.mx\/?p=43319"},"modified":"2018-06-22T11:26:58","modified_gmt":"2018-06-22T16:26:58","slug":"a-rio-revuelto-ganancia-de-mentirosos","status":"publish","type":"post","link":"https:\/\/lospoliticosveracruz.com\/?p=43319","title":{"rendered":"A r\u00edo revuelto, ganancia de mentirosos"},"content":{"rendered":"<p align=\"CENTER\"><strong>Miguel Angel Rodr\u00edguez Todd<\/strong><\/p>\n<p align=\"JUSTIFY\">A principios de esta semana recib\u00ed en mi tel\u00e9fono m\u00f3vil, a trav\u00e9s de la aplicaci\u00f3n WhatsApp, un mensaje que mucho me alarm\u00f3 por lo falso y tendencioso del contenido; mensaje plagado de alta dosis de amarillismo que denota claramente obedecer intereses particulares. El mensaje de referencia alude a una supuesta privatizaci\u00f3n del agua de la Naci\u00f3n. E iba m\u00e1s all\u00e1, sosten\u00eda que mientras se efectuaba el juego de M\u00e9xico contra Alemania, el Presidente firmaba ese decreto de privatizaci\u00f3n. Desafortunadamente, despu\u00e9s supe que mensajes similares fueron enviados a millones de compatriotas.<\/p>\n<p align=\"JUSTIFY\">La Conagua, oficialmente, emiti\u00f3 un comunicado al respecto y por principio se\u00f1ala\u201cson decretos de reserva de agua que no privatizan el agua\u201dy puntualiza, para mayor claridad\u201c\u2026los diez Decretos de Reserva de agua publicados el pasado 6 de junio en el Diario Oficial de la Federaci\u00f3n de ninguna forma otorgan beneficios para ning\u00fan particular, por el contrario, permitir\u00e1n preservar el medio ambiente y garantizar el agua para el consumo humano de 18 millones de habitantes que a\u00fan no nacen, en una proyecci\u00f3n a 50 a\u00f1os\u2026\u201d. En el comunicado se establece que la formulaci\u00f3n de los decretos fue un proceso consensuado entre varios entes t\u00e9cnicos especializados y actores sociales, por lo que a\u00f1ade\u201dpara decretar la reserva, se realiz\u00f3 un largo proceso donde participaron diferentes actores sociales, representados en los Consejos de Cuenca para poder hacer uso de la disponibilidad de agua ya existente en las cuencas involucradas y destinarla exclusivamente para la poblaci\u00f3n y preservaci\u00f3n del medio ambiente, \u2026este tipo de medidas de cuidado del agua, son recomendaciones que se hacen a los pa\u00edses por parte de organismos internacionales como la International Water Resources Association y el World Resources Institute, para buscar preservar el vital l\u00edquido.\u201dContundentemente finaliza el comunicado diciendo \u201cEn conclusi\u00f3n, las reservas de agua decretadas buscan que el agua disponible en las cuencas se guarde para las futuras generaciones y para el cuidado del medio ambiente&#8230;\u201d<\/p>\n<p align=\"JUSTIFY\">Estos decretos protegen de la sobrexplotaci\u00f3n a 10 cuencas de r\u00edos muy importantes, entre ellas la del Papaloapan, P\u00e1nuco y Actopan-Antigua. Esta decisi\u00f3n sin precedentes protege la mitad del agua superficial del pa\u00eds y beneficiar\u00e1 a 45 millones de personas, 82 \u00c1reas Naturales Protegidas y 64 humedales. Estos decretos fueron firmados por el Presidente de la Rep\u00fablica el reciente 5 de Junio, en el marco del D\u00eda Mundial del Medio Ambiente. Los diez decretos, sumados a otros tres que ya exist\u00edan, permiten ahora que 295 cuencas de las 756 del pa\u00eds queden cubiertas con esta protecci\u00f3n. Cabe resaltar que las reservas de agua de los diez decretos fueron determinados por equipos multidisciplinarios, coordinados por la WWF (Fondo Mundial para la Naturaleza o World Wildlife Fund) y la CONAGUA. Estos estudios, verdaderamente concienzudos, fueron resultado de m\u00e1s de diez a\u00f1os de trabajo y contaron con el invaluable apoyo de la Fundaci\u00f3n Gonzalo R\u00edo Arronte, el Banco Interamericano de Desarrollo y otros destacados donantes. Las reservas de agua definen la cantidad de agua que requieren la flora y la fauna y el crecimiento de la poblaci\u00f3n en los pr\u00f3ximos 50 a\u00f1os.<\/p>\n<p align=\"JUSTIFY\">Con toda esta informaci\u00f3n bien puedo enlistar algunas consideraciones escritas en forma enunciativa, m\u00e1s no limitativa:<\/p>\n<ol>\n<li>\n<p align=\"JUSTIFY\">El agua en M\u00e9xico es y seguir\u00e1 siendo propiedad de la Naci\u00f3n, tal y como lo establece el Art. 27 de la Constituci\u00f3n Pol\u00edtica.<\/p>\n<\/li>\n<li>\n<p align=\"JUSTIFY\">Los decretos se firmaron el 5 de junio y se publicaron en el DOF al d\u00eda siguiente y no el 17 de Junio durante el partido de M\u00e9xico contra Alemania, como dolosamente dicen los mensajes.<\/p>\n<\/li>\n<li>\n<p align=\"JUSTIFY\">Los mensajes con informaci\u00f3n falsa y tendenciosa no muestran fuentes oficiales ni confiables.<\/p>\n<\/li>\n<li>\n<p align=\"JUSTIFY\">Los Decretos no hablan de privatizaci\u00f3n, sino de concesiones (pr\u00e1ctica que se ha hecho desde hace varios a\u00f1os). Es decir, se otorgan permisos y obligaciones a empresas privadas para tomar el agua en ciertas zonas (como lo hace Ciel, Bonafont, M\u00e9xico en Estados Unidos para dar agua a Baja California).<\/p>\n<\/li>\n<li>\n<p align=\"JUSTIFY\">Las reservas de agua y cuencas que el gobierno abri\u00f3, no podr\u00e1n ser privatizadas, ni podr\u00e1n ser utilizadas o negociadas por empresas privadas.<\/p>\n<\/li>\n<li>\n<p align=\"JUSTIFY\">No existe ninguna reforma constitucional, ni Ley de Privatizaci\u00f3n, ni Decreto, ni Reglamento, ni acto expedido que contemple la privatizaci\u00f3n. De existir algo tendr\u00eda que ser publicado en el DOF.<\/p>\n<\/li>\n<\/ol>\n<p align=\"JUSTIFY\">Hablar de reservas de agua, entre otras cosas significa, en palabras llanas y simples, que se levanta la veda para el uso p\u00fablico urbano (consumo humano) en cuencas como la del Actopan-La Antigua. Es decir, Coatepec ahora podr\u00e1 solicitar incrementos en sus vol\u00famenes de agua concesionados para enfrentar la demanda de agua que requiera en un futuro. En ese tenor, no concebir\u00eda que el H. Ayuntamiento de Xalapa desaproveche la oportunidad de solicitar m\u00e1s agua para atender los miles de reclamos ciudadanos por el servicio escaso y tandeado que se les brinda.<\/p>\n<p align=\"JUSTIFY\">Estamos en tiempos electorales y entiendo que este tipo de mensajes son usados para causar confusi\u00f3n con mentiras. Todos, al menos por sentido com\u00fan, sabemos que toda noticia necesita una fuente real y confiable y no un \u201clo dijeron por ah\u00ed\u201d. No permitamos que nos dividan sembrando el odio y el encono. Todos somos mexicanos y, ante los terribles problemas que padecemos en la actualidad, debemos estar unidos para superarlos. Vayamos libremente a las urnas y expresemos nuestra voluntad votando, pero no nos dejemos enga\u00f1ar por intereses particulares que recurren a la perversidad.<\/p>\n<p align=\"JUSTIFY\">S\u00e9 que a muchos les molestan las celebraciones de los aficionados porque ven en ellas una distracci\u00f3n, pero, al final del d\u00eda, yo festejo una celebraci\u00f3n por un triunfo nacional en una justa deportiva, porque el j\u00fabilo, la alegr\u00eda y el orgullo de millones de mexicanos, me permite gozar de la uni\u00f3n de un pueblo sufrido, que como yo, ve un futuro mejor. \u00a1Viva M\u00e9xico unido!<\/p>\n<p align=\"RIGHT\"><strong>Datos del Autor:<\/strong><\/p>\n<p align=\"RIGHT\"><strong>Ingeniero Civil, orgullosamente coatepecano.<\/strong><\/p>\n<p align=\"RIGHT\"><strong>Experiencia laboral de 30 a\u00f1os en el subsector de agua potable.<\/strong><\/p>\n<p align=\"RIGHT\"><strong>Vice-Presidente de la Asociaci\u00f3n Mexicana de Hidra\u00falica, Secci\u00f3n Veracruz.<\/strong><\/p>\n<p>&nbsp;<\/p>\n","protected":false},"excerpt":{"rendered":"<p>Miguel Angel Rodr\u00edguez Todd A principios de esta semana recib\u00ed en mi tel\u00e9fono m\u00f3vil, a trav\u00e9s de la aplicaci\u00f3n WhatsApp, un mensaje que mucho me alarm\u00f3 por lo falso y tendencioso del contenido; mensaje plagado de alta dosis de amarillismo que denota claramente obedecer intereses particulares. El mensaje de referencia alude a una supuesta privatizaci\u00f3n [&hellip;]<\/p>\n","protected":false},"author":2,"featured_media":0,"comment_status":"open","ping_status":"open","sticky":false,"template":"","format":"standard","meta":{"tdm_status":"","tdm_grid_status":"","footnotes":""},"categories":[72],"tags":[6725,205,797,9294],"class_list":{"0":"post-43319","1":"post","2":"type-post","3":"status-publish","4":"format-standard","6":"category-palomazos","7":"tag-agua","8":"tag-conagua","9":"tag-presidente","10":"tag-privatizacion"},"yoast_head":"<!-- This site is optimized with the Yoast SEO plugin v27.4 - https:\/\/yoast.com\/product\/yoast-seo-wordpress\/ -->\n<title>A r\u00edo revuelto, ganancia de mentirosos - Los pol\u00edticos Veracruz<\/title>\n<meta name=\"robots\" content=\"index, follow, max-snippet:-1, max-image-preview:large, max-video-preview:-1\" \/>\n<link rel=\"canonical\" href=\"https:\/\/lospoliticosveracruz.com\/?p=43319\" \/>\n<meta property=\"og:locale\" content=\"es_ES\" \/>\n<meta property=\"og:type\" content=\"article\" \/>\n<meta property=\"og:title\" content=\"A r\u00edo revuelto, ganancia de mentirosos - Los pol\u00edticos Veracruz\" \/>\n<meta property=\"og:description\" content=\"Miguel Angel Rodr\u00edguez Todd A principios de esta semana recib\u00ed en mi tel\u00e9fono m\u00f3vil, a trav\u00e9s de la aplicaci\u00f3n WhatsApp, un mensaje que mucho me alarm\u00f3 por lo falso y tendencioso del contenido; mensaje plagado de alta dosis de amarillismo que denota claramente obedecer intereses particulares. El mensaje de referencia alude a una supuesta privatizaci\u00f3n [&hellip;]\" \/>\n<meta property=\"og:url\" content=\"https:\/\/lospoliticosveracruz.com\/?p=43319\" \/>\n<meta property=\"og:site_name\" content=\"Los pol\u00edticos Veracruz\" \/>\n<meta property=\"article:publisher\" content=\"https:\/\/www.facebook.com\/people\/Notimemes-de-los-Polticos\/61565672886568\/\" \/>\n<meta property=\"article:published_time\" content=\"2018-06-22T16:26:58+00:00\" \/>\n<meta property=\"og:image\" content=\"https:\/\/lospoliticosveracruz.com\/wp-content\/uploads\/2016\/07\/Logo-Dor.jpg\" \/>\n\t<meta property=\"og:image:width\" content=\"200\" \/>\n\t<meta property=\"og:image:height\" content=\"200\" \/>\n\t<meta property=\"og:image:type\" content=\"image\/jpeg\" \/>\n<meta name=\"author\" content=\"Lo viste en Los Pol\u00edticos\" \/>\n<meta name=\"twitter:card\" content=\"summary_large_image\" \/>\n<meta name=\"twitter:creator\" content=\"@LosPoliticosVer\" \/>\n<meta name=\"twitter:site\" content=\"@LosPoliticosVer\" \/>\n<meta name=\"twitter:label1\" content=\"Escrito por\" \/>\n\t<meta name=\"twitter:data1\" content=\"Lo viste en Los Pol\u00edticos\" \/>\n\t<meta name=\"twitter:label2\" content=\"Tiempo de lectura\" \/>\n\t<meta name=\"twitter:data2\" content=\"5 minutos\" \/>\n<script type=\"application\/ld+json\" class=\"yoast-schema-graph\">{\"@context\":\"https:\\\/\\\/schema.org\",\"@graph\":[{\"@type\":\"Article\",\"@id\":\"https:\\\/\\\/lospoliticosveracruz.com\\\/?p=43319#article\",\"isPartOf\":{\"@id\":\"https:\\\/\\\/lospoliticosveracruz.com\\\/?p=43319\"},\"author\":{\"name\":\"Lo viste en Los Pol\u00edticos\",\"@id\":\"https:\\\/\\\/lospoliticosveracruz.com\\\/#\\\/schema\\\/person\\\/b8702bb0e538456e6efd07080bf2a4a2\"},\"headline\":\"A r\u00edo revuelto, ganancia de mentirosos\",\"datePublished\":\"2018-06-22T16:26:58+00:00\",\"mainEntityOfPage\":{\"@id\":\"https:\\\/\\\/lospoliticosveracruz.com\\\/?p=43319\"},\"wordCount\":1056,\"commentCount\":0,\"publisher\":{\"@id\":\"https:\\\/\\\/lospoliticosveracruz.com\\\/#organization\"},\"keywords\":[\"Agua\",\"Conagua\",\"Presidente\",\"Privatizaci\u00f3n\"],\"articleSection\":[\"Palomazos\"],\"inLanguage\":\"es\",\"potentialAction\":[{\"@type\":\"CommentAction\",\"name\":\"Comment\",\"target\":[\"https:\\\/\\\/lospoliticosveracruz.com\\\/?p=43319#respond\"]}]},{\"@type\":\"WebPage\",\"@id\":\"https:\\\/\\\/lospoliticosveracruz.com\\\/?p=43319\",\"url\":\"https:\\\/\\\/lospoliticosveracruz.com\\\/?p=43319\",\"name\":\"A r\u00edo revuelto, ganancia de mentirosos - Los pol\u00edticos Veracruz\",\"isPartOf\":{\"@id\":\"https:\\\/\\\/lospoliticosveracruz.com\\\/#website\"},\"datePublished\":\"2018-06-22T16:26:58+00:00\",\"breadcrumb\":{\"@id\":\"https:\\\/\\\/lospoliticosveracruz.com\\\/?p=43319#breadcrumb\"},\"inLanguage\":\"es\",\"potentialAction\":[{\"@type\":\"ReadAction\",\"target\":[\"https:\\\/\\\/lospoliticosveracruz.com\\\/?p=43319\"]}]},{\"@type\":\"BreadcrumbList\",\"@id\":\"https:\\\/\\\/lospoliticosveracruz.com\\\/?p=43319#breadcrumb\",\"itemListElement\":[{\"@type\":\"ListItem\",\"position\":1,\"name\":\"Portada\",\"item\":\"https:\\\/\\\/lospoliticosveracruz.com\\\/\"},{\"@type\":\"ListItem\",\"position\":2,\"name\":\"A r\u00edo revuelto, ganancia de mentirosos\"}]},{\"@type\":\"WebSite\",\"@id\":\"https:\\\/\\\/lospoliticosveracruz.com\\\/#website\",\"url\":\"https:\\\/\\\/lospoliticosveracruz.com\\\/\",\"name\":\"Los pol\u00edticos Veracruz\",\"description\":\"\",\"publisher\":{\"@id\":\"https:\\\/\\\/lospoliticosveracruz.com\\\/#organization\"},\"potentialAction\":[{\"@type\":\"SearchAction\",\"target\":{\"@type\":\"EntryPoint\",\"urlTemplate\":\"https:\\\/\\\/lospoliticosveracruz.com\\\/?s={search_term_string}\"},\"query-input\":{\"@type\":\"PropertyValueSpecification\",\"valueRequired\":true,\"valueName\":\"search_term_string\"}}],\"inLanguage\":\"es\"},{\"@type\":\"Organization\",\"@id\":\"https:\\\/\\\/lospoliticosveracruz.com\\\/#organization\",\"name\":\"Los pol\u00edticos Veracruz\",\"url\":\"https:\\\/\\\/lospoliticosveracruz.com\\\/\",\"logo\":{\"@type\":\"ImageObject\",\"inLanguage\":\"es\",\"@id\":\"https:\\\/\\\/lospoliticosveracruz.com\\\/#\\\/schema\\\/logo\\\/image\\\/\",\"url\":\"https:\\\/\\\/lospoliticosveracruz.com\\\/wp-content\\\/uploads\\\/2025\\\/12\\\/Logo-Nuevo-LOS-POLITICOS-1.jpg\",\"contentUrl\":\"https:\\\/\\\/lospoliticosveracruz.com\\\/wp-content\\\/uploads\\\/2025\\\/12\\\/Logo-Nuevo-LOS-POLITICOS-1.jpg\",\"width\":260,\"height\":70,\"caption\":\"Los pol\u00edticos Veracruz\"},\"image\":{\"@id\":\"https:\\\/\\\/lospoliticosveracruz.com\\\/#\\\/schema\\\/logo\\\/image\\\/\"},\"sameAs\":[\"https:\\\/\\\/www.facebook.com\\\/people\\\/Notimemes-de-los-Polticos\\\/61565672886568\\\/\",\"https:\\\/\\\/x.com\\\/LosPoliticosVer\"]},{\"@type\":\"Person\",\"@id\":\"https:\\\/\\\/lospoliticosveracruz.com\\\/#\\\/schema\\\/person\\\/b8702bb0e538456e6efd07080bf2a4a2\",\"name\":\"Lo viste en Los Pol\u00edticos\",\"image\":{\"@type\":\"ImageObject\",\"inLanguage\":\"es\",\"@id\":\"https:\\\/\\\/secure.gravatar.com\\\/avatar\\\/3a8de04a2656d44082be478bd6c086daa447c4651605818287b9532d3d0bd435?s=96&d=mm&r=g\",\"url\":\"https:\\\/\\\/secure.gravatar.com\\\/avatar\\\/3a8de04a2656d44082be478bd6c086daa447c4651605818287b9532d3d0bd435?s=96&d=mm&r=g\",\"contentUrl\":\"https:\\\/\\\/secure.gravatar.com\\\/avatar\\\/3a8de04a2656d44082be478bd6c086daa447c4651605818287b9532d3d0bd435?s=96&d=mm&r=g\",\"caption\":\"Lo viste en Los Pol\u00edticos\"},\"url\":\"https:\\\/\\\/lospoliticosveracruz.com\\\/?author=2\"}]}<\/script>\n<!-- \/ Yoast SEO plugin. -->","yoast_head_json":{"title":"A r\u00edo revuelto, ganancia de mentirosos - Los pol\u00edticos Veracruz","robots":{"index":"index","follow":"follow","max-snippet":"max-snippet:-1","max-image-preview":"max-image-preview:large","max-video-preview":"max-video-preview:-1"},"canonical":"https:\/\/lospoliticosveracruz.com\/?p=43319","og_locale":"es_ES","og_type":"article","og_title":"A r\u00edo revuelto, ganancia de mentirosos - Los pol\u00edticos Veracruz","og_description":"Miguel Angel Rodr\u00edguez Todd A principios de esta semana recib\u00ed en mi tel\u00e9fono m\u00f3vil, a trav\u00e9s de la aplicaci\u00f3n WhatsApp, un mensaje que mucho me alarm\u00f3 por lo falso y tendencioso del contenido; mensaje plagado de alta dosis de amarillismo que denota claramente obedecer intereses particulares. El mensaje de referencia alude a una supuesta privatizaci\u00f3n [&hellip;]","og_url":"https:\/\/lospoliticosveracruz.com\/?p=43319","og_site_name":"Los pol\u00edticos Veracruz","article_publisher":"https:\/\/www.facebook.com\/people\/Notimemes-de-los-Polticos\/61565672886568\/","article_published_time":"2018-06-22T16:26:58+00:00","og_image":[{"width":200,"height":200,"url":"https:\/\/lospoliticosveracruz.com\/wp-content\/uploads\/2016\/07\/Logo-Dor.jpg","type":"image\/jpeg"}],"author":"Lo viste en Los Pol\u00edticos","twitter_card":"summary_large_image","twitter_creator":"@LosPoliticosVer","twitter_site":"@LosPoliticosVer","twitter_misc":{"Escrito por":"Lo viste en Los Pol\u00edticos","Tiempo de lectura":"5 minutos"},"schema":{"@context":"https:\/\/schema.org","@graph":[{"@type":"Article","@id":"https:\/\/lospoliticosveracruz.com\/?p=43319#article","isPartOf":{"@id":"https:\/\/lospoliticosveracruz.com\/?p=43319"},"author":{"name":"Lo viste en Los Pol\u00edticos","@id":"https:\/\/lospoliticosveracruz.com\/#\/schema\/person\/b8702bb0e538456e6efd07080bf2a4a2"},"headline":"A r\u00edo revuelto, ganancia de mentirosos","datePublished":"2018-06-22T16:26:58+00:00","mainEntityOfPage":{"@id":"https:\/\/lospoliticosveracruz.com\/?p=43319"},"wordCount":1056,"commentCount":0,"publisher":{"@id":"https:\/\/lospoliticosveracruz.com\/#organization"},"keywords":["Agua","Conagua","Presidente","Privatizaci\u00f3n"],"articleSection":["Palomazos"],"inLanguage":"es","potentialAction":[{"@type":"CommentAction","name":"Comment","target":["https:\/\/lospoliticosveracruz.com\/?p=43319#respond"]}]},{"@type":"WebPage","@id":"https:\/\/lospoliticosveracruz.com\/?p=43319","url":"https:\/\/lospoliticosveracruz.com\/?p=43319","name":"A r\u00edo revuelto, ganancia de mentirosos - Los pol\u00edticos Veracruz","isPartOf":{"@id":"https:\/\/lospoliticosveracruz.com\/#website"},"datePublished":"2018-06-22T16:26:58+00:00","breadcrumb":{"@id":"https:\/\/lospoliticosveracruz.com\/?p=43319#breadcrumb"},"inLanguage":"es","potentialAction":[{"@type":"ReadAction","target":["https:\/\/lospoliticosveracruz.com\/?p=43319"]}]},{"@type":"BreadcrumbList","@id":"https:\/\/lospoliticosveracruz.com\/?p=43319#breadcrumb","itemListElement":[{"@type":"ListItem","position":1,"name":"Portada","item":"https:\/\/lospoliticosveracruz.com\/"},{"@type":"ListItem","position":2,"name":"A r\u00edo revuelto, ganancia de mentirosos"}]},{"@type":"WebSite","@id":"https:\/\/lospoliticosveracruz.com\/#website","url":"https:\/\/lospoliticosveracruz.com\/","name":"Los pol\u00edticos Veracruz","description":"","publisher":{"@id":"https:\/\/lospoliticosveracruz.com\/#organization"},"potentialAction":[{"@type":"SearchAction","target":{"@type":"EntryPoint","urlTemplate":"https:\/\/lospoliticosveracruz.com\/?s={search_term_string}"},"query-input":{"@type":"PropertyValueSpecification","valueRequired":true,"valueName":"search_term_string"}}],"inLanguage":"es"},{"@type":"Organization","@id":"https:\/\/lospoliticosveracruz.com\/#organization","name":"Los pol\u00edticos Veracruz","url":"https:\/\/lospoliticosveracruz.com\/","logo":{"@type":"ImageObject","inLanguage":"es","@id":"https:\/\/lospoliticosveracruz.com\/#\/schema\/logo\/image\/","url":"https:\/\/lospoliticosveracruz.com\/wp-content\/uploads\/2025\/12\/Logo-Nuevo-LOS-POLITICOS-1.jpg","contentUrl":"https:\/\/lospoliticosveracruz.com\/wp-content\/uploads\/2025\/12\/Logo-Nuevo-LOS-POLITICOS-1.jpg","width":260,"height":70,"caption":"Los pol\u00edticos Veracruz"},"image":{"@id":"https:\/\/lospoliticosveracruz.com\/#\/schema\/logo\/image\/"},"sameAs":["https:\/\/www.facebook.com\/people\/Notimemes-de-los-Polticos\/61565672886568\/","https:\/\/x.com\/LosPoliticosVer"]},{"@type":"Person","@id":"https:\/\/lospoliticosveracruz.com\/#\/schema\/person\/b8702bb0e538456e6efd07080bf2a4a2","name":"Lo viste en Los Pol\u00edticos","image":{"@type":"ImageObject","inLanguage":"es","@id":"https:\/\/secure.gravatar.com\/avatar\/3a8de04a2656d44082be478bd6c086daa447c4651605818287b9532d3d0bd435?s=96&d=mm&r=g","url":"https:\/\/secure.gravatar.com\/avatar\/3a8de04a2656d44082be478bd6c086daa447c4651605818287b9532d3d0bd435?s=96&d=mm&r=g","contentUrl":"https:\/\/secure.gravatar.com\/avatar\/3a8de04a2656d44082be478bd6c086daa447c4651605818287b9532d3d0bd435?s=96&d=mm&r=g","caption":"Lo viste en Los Pol\u00edticos"},"url":"https:\/\/lospoliticosveracruz.com\/?author=2"}]}},"_links":{"self":[{"href":"https:\/\/lospoliticosveracruz.com\/index.php?rest_route=\/wp\/v2\/posts\/43319","targetHints":{"allow":["GET"]}}],"collection":[{"href":"https:\/\/lospoliticosveracruz.com\/index.php?rest_route=\/wp\/v2\/posts"}],"about":[{"href":"https:\/\/lospoliticosveracruz.com\/index.php?rest_route=\/wp\/v2\/types\/post"}],"author":[{"embeddable":true,"href":"https:\/\/lospoliticosveracruz.com\/index.php?rest_route=\/wp\/v2\/users\/2"}],"replies":[{"embeddable":true,"href":"https:\/\/lospoliticosveracruz.com\/index.php?rest_route=%2Fwp%2Fv2%2Fcomments&post=43319"}],"version-history":[{"count":1,"href":"https:\/\/lospoliticosveracruz.com\/index.php?rest_route=\/wp\/v2\/posts\/43319\/revisions"}],"predecessor-version":[{"id":43321,"href":"https:\/\/lospoliticosveracruz.com\/index.php?rest_route=\/wp\/v2\/posts\/43319\/revisions\/43321"}],"wp:attachment":[{"href":"https:\/\/lospoliticosveracruz.com\/index.php?rest_route=%2Fwp%2Fv2%2Fmedia&parent=43319"}],"wp:term":[{"taxonomy":"category","embeddable":true,"href":"https:\/\/lospoliticosveracruz.com\/index.php?rest_route=%2Fwp%2Fv2%2Fcategories&post=43319"},{"taxonomy":"post_tag","embeddable":true,"href":"https:\/\/lospoliticosveracruz.com\/index.php?rest_route=%2Fwp%2Fv2%2Ftags&post=43319"}],"curies":[{"name":"wp","href":"https:\/\/api.w.org\/{rel}","templated":true}]}}