{"id":43339,"date":"2018-06-24T22:26:02","date_gmt":"2018-06-25T03:26:02","guid":{"rendered":"http:\/\/www.lospoliticosveracruz.com.mx\/?p=43339"},"modified":"2018-06-24T22:26:02","modified_gmt":"2018-06-25T03:26:02","slug":"los-distritos-daran-la-victoria","status":"publish","type":"post","link":"https:\/\/lospoliticosveracruz.com\/?p=43339","title":{"rendered":"Los distritos dar\u00e1n la victoria"},"content":{"rendered":"<p><strong>Salvador Mu\u00f1oz<\/strong><\/p>\n<p><em>Los Pol\u00edticos<\/em><\/p>\n<p>&nbsp;<\/p>\n<p>&nbsp;<\/p>\n<p>Hay tres maneras simplistas de entender el vac\u00edo en el Pirata Fuente: 1) el nulo poder de convocatoria per se del candidato a la Gubernatura de Morena, Cuitl\u00e1huac Garc\u00eda Jim\u00e9nez. 2) El que precisamente en el cierre de campa\u00f1a, jug\u00f3 la selecci\u00f3n mexicana contra Corea del Sur en Rusia. 3) El distrito local donde pretendi\u00f3 Morena mostrar su \u201cm\u00fasculo\u201d&#8230;<\/p>\n<p>Para quienes no simpatizan con Morena, han de apostarle al primer punto; los optimistas del morenismo culpar\u00e1n del vac\u00edo al juego del tri&#8230; aunque siendo sinceros, los promocionales de Morena usaban como gancho ver el partido antes del cierre de campa\u00f1a. Y quienes gustan de la \u201cgeopol\u00edtica\u201d, podr\u00e1n apostar que fue un p\u00e9simo c\u00e1lculo el pretender hacerlo en la casa del candidato del PAN a la Gubernatura. Al final, es seguro que algunos mezclen las tres opciones, algunos agreguen otras, y algunos m\u00e1s, usen s\u00f3lo una&#8230;<\/p>\n<p>En lo particular, yo apuesto a la fuerza del distrito empezando por sus candidatos a diputados; de all\u00ed, mucho tiene que ver el amarre con los diversos sectores en torno a su distrito que van desde transportistas, c\u00e1maras, asociaciones civiles, fundaciones y dem\u00e1s entidades que se les ocurra. En el caso de ser Diputado y busque la reelecci\u00f3n, sume el trabajo que en materia de gestor\u00eda haya realizado en coordinaci\u00f3n con ayuntamientos, Gobierno estatal, secretar\u00edas federales o estatales, o por s\u00ed solos. As\u00ed, la idea es conjuntar fuerzas en torno de cada candidato a diputado.<\/p>\n<p>\u00a1Ah! Olvid\u00e9 algo sumamente importante&#8230; Para ser candidato se requiere no s\u00f3lo de liderazgo o carisma, as\u00ed como popularidad; tambi\u00e9n se necesita de Estructura.<\/p>\n<p>\u00bfY qui\u00e9nes tienen Estructura? De ello nos puede hablar el PRI, que si bien no las ha tenido consigo en las \u00faltimas dos contiendas, se mantiene entre un segundo y tercer lugar en las preferencias porque a\u00fan da batalla. El PAN es otro partido que cuenta con ella y no en balde se encuentra en el poder. Morena, conformado al inicio con ciudadanos (con excepci\u00f3n de su l\u00edder), entendi\u00f3 que deb\u00eda hacer uso de los mismos \u201cusos y costumbres\u201d pol\u00edticos que de donde eman\u00f3 L\u00f3pez Obrador y la ha ido armando.<\/p>\n<p>Luego entonces, ya con estos elementos en torno, podemos ir haci\u00e9ndonos un panorama \u201cgeopol\u00edtico\u201d a pocos d\u00edas de la elecci\u00f3n:<\/p>\n<p>Por ejemplo, en el distrito 1, P\u00e1nuco, destacan dos fuerzas a disputarse esa curul: Rodrigo Garcia Escalante y Tava Ortega Arteaga. Morena, con Baltazar Avenda\u00f1o, no se ve.<\/p>\n<p>En el distrito 2, Tantoyuca, el PAN goza de altas posibilidades de triunfo, as\u00ed como en Tuxpan (Distrito 3), aunque all\u00ed, la competencia podr\u00eda ser cerrada con Morena; en \u00c1lamo (Distrito 4), la lucha est\u00e1 entre PAN y PRI aunque la balanza se inclina a favor del azul. En el distrito 5, Poza Rica, Morena tiene altas posibilidades de triunfo con fuerte competencia contra el PAN-PRD tomando en cuenta la labor de Jos\u00e9 Kirsch. En Papantla (D-6), Morena puede mandar a volar a sus contrincantes.<\/p>\n<p>En Mart\u00ednez de la Torre (D-7) se consolida el PAN pero dar\u00e1 batalla Morena&#8230; el PRI, a la baja; no as\u00ed en Misantla (D-8), que luchar\u00e1 como gato \u201cpanzarriba\u201d, aunque los momios est\u00e1n a favor de los azules.<\/p>\n<p>En Perote (D-9), tendr\u00e1 que sacar la casta el candidato a la Gubernatura, Pepe Yunes, y demostrar qui\u00e9n manda all\u00e1, por lo que se augura el triunfo para el PRI. Aqu\u00ed, supongo, pesar\u00e1 m\u00e1s el orgullo de Pepe que el trabajo de Carlos Morales.<\/p>\n<p>En el Distrito 10 y 11 (Xalapa), si no pesan los yerros que tuvo a su inicio Hip\u00f3lito Rodr\u00edguez Herrero ni el \u201casco\u201d ni el \u201cfeo\u201d de Ana Miriam Ferr\u00e1ez al referirse a Andr\u00e9s Manuel L\u00f3pez Obrador, se los podr\u00eda llevar Morena. Ahora que si la labor de gestor\u00eda de Sergio Hern\u00e1ndez pesa m\u00e1s que la de las dos diputadas locales (Daniela Griego y Tanya Carola), el PAN puede dar la sorpresa.<\/p>\n<p>En Coatepec, si Morena no dice otra cosa, se la lleva el PAN; y en el distrito 13 (Emiliano Zapata), los pejistas pudieran ser sorprendidos por el PAN.<\/p>\n<p>Hablar de los distritos 14, 15, 16 y 17 (Veracruz, Boca del R\u00edo y Medell\u00edn) est\u00e1 de m\u00e1s. Territorio Yunes. Y ojo, porque en Huatusco, el PRI pudiera sorprender como Morena en C\u00f3rdoba. No as\u00ed en Orizaba, que con la nueva adquisici\u00f3n del PAN (Juan Manuel Diez Francos) amarra un posible triunfo.<\/p>\n<p>En Ciudad Mendoza, \u201cel tirito\u201d se dar\u00e1 entre PAN y Morena&#8230;<\/p>\n<p>Ni qu\u00e9 decir de Zongolica, un distrito que viene pint\u00e1ndose de azul desde hace rato, as\u00ed como en Cosamaloapan, Santiago Tuxtla y San Andr\u00e9s.<\/p>\n<p>En Cosoleacaque, la puja por la curul es posible que se d\u00e9 entre PRI y Morena; pero Acayucan ser\u00e1 entre PAN y PRI.<\/p>\n<p>El corredor del Sur que comprende Minatitl\u00e1n y los dos distritos de Coatza, se inclina para Morena con una re\u00f1ida competencia del PAN.<\/p>\n<p>Independientemente de cu\u00e1ntos distritos se ganen, el asunto es que, de acuerdo al mapa \u201cgeopol\u00edtico\u201d que se tiene en este momento, es obvio qui\u00e9n ser\u00eda el candidato a Gobernador ganador, eso, s\u00f3lo atendiendo los \u00faltimos resultados electorales del 2016, del a\u00f1o pasado, as\u00ed como los candidatos de cada partido y su influencia por distrito en este momento, \u00a1ah! y por estructura: Miguel \u00c1ngel Yunes M\u00e1rquez; eso, sin contar el cierre de campa\u00f1a que tuvo ayer en el Puerto. Conste, es un simple escenario&#8230; el pr\u00f3ximo lunes se ver\u00e1 qu\u00e9 tanto funciona la \u201cgeopol\u00edtica\u201d por distrito.<\/p>\n<p><strong>PD. NAHLE EMPINA A AMLO<\/strong><\/p>\n<p>Por cierto, muy molesto se encuentra el equipo cercano de Andr\u00e9s Manuel L\u00f3pez Obrador con Roc\u00edo Nahle por la empinada que le dio al candidato presidencial de Morena al organizar un evento vac\u00edo en el estadio Luis de la Fuente \u201cel Pirata\u201d.<\/p>\n<p>Y es que la zacatecana todav\u00eda un d\u00eda antes, le asegur\u00f3 a AMLO y a su grupo cercano que el evento en el Pirata ser\u00eda un exitazo. \u00a1Vaya embarcada que les peg\u00f3 cuando al llegar al estadio de los Tiburones Rojos se dieron cuenta que estaba vac\u00edo! El da\u00f1o de Roc\u00edo Nahle a la campa\u00f1a de L\u00f3pez Obrador ya estaba hecho. Ahora habr\u00e1 que ver cu\u00e1les son las repercusiones de esta nueva aventura de Nahle.<\/p>\n<p>smcainito@gmail.com<\/p>\n","protected":false},"excerpt":{"rendered":"<p>Salvador Mu\u00f1oz Los Pol\u00edticos &nbsp; &nbsp; Hay tres maneras simplistas de entender el vac\u00edo en el Pirata Fuente: 1) el nulo poder de convocatoria per se del candidato a la Gubernatura de Morena, Cuitl\u00e1huac Garc\u00eda Jim\u00e9nez. 2) El que precisamente en el cierre de campa\u00f1a, jug\u00f3 la selecci\u00f3n mexicana contra Corea del Sur en Rusia. [&hellip;]<\/p>\n","protected":false},"author":2,"featured_media":0,"comment_status":"open","ping_status":"open","sticky":false,"template":"","format":"standard","meta":{"tdm_status":"","tdm_grid_status":"","footnotes":""},"categories":[70],"tags":[11470,1026,11990,3578],"class_list":{"0":"post-43339","1":"post","2":"type-post","3":"status-publish","4":"format-standard","6":"category-de-opinion","7":"tag-estadio-pirata-fuente","8":"tag-morena","9":"tag-nahle","10":"tag-rocio-nahle"},"yoast_head":"<!-- This site is optimized with the Yoast SEO plugin v27.4 - https:\/\/yoast.com\/product\/yoast-seo-wordpress\/ -->\n<title>Los distritos dar\u00e1n la victoria - Los pol\u00edticos Veracruz<\/title>\n<meta name=\"robots\" content=\"index, follow, max-snippet:-1, max-image-preview:large, max-video-preview:-1\" \/>\n<link rel=\"canonical\" href=\"https:\/\/lospoliticosveracruz.com\/?p=43339\" \/>\n<meta property=\"og:locale\" content=\"es_ES\" \/>\n<meta property=\"og:type\" content=\"article\" \/>\n<meta property=\"og:title\" content=\"Los distritos dar\u00e1n la victoria - Los pol\u00edticos Veracruz\" \/>\n<meta property=\"og:description\" content=\"Salvador Mu\u00f1oz Los Pol\u00edticos &nbsp; &nbsp; Hay tres maneras simplistas de entender el vac\u00edo en el Pirata Fuente: 1) el nulo poder de convocatoria per se del candidato a la Gubernatura de Morena, Cuitl\u00e1huac Garc\u00eda Jim\u00e9nez. 2) El que precisamente en el cierre de campa\u00f1a, jug\u00f3 la selecci\u00f3n mexicana contra Corea del Sur en Rusia. [&hellip;]\" \/>\n<meta property=\"og:url\" content=\"https:\/\/lospoliticosveracruz.com\/?p=43339\" \/>\n<meta property=\"og:site_name\" content=\"Los pol\u00edticos Veracruz\" \/>\n<meta property=\"article:publisher\" content=\"https:\/\/www.facebook.com\/people\/Notimemes-de-los-Polticos\/61565672886568\/\" \/>\n<meta property=\"article:published_time\" content=\"2018-06-25T03:26:02+00:00\" \/>\n<meta property=\"og:image\" content=\"https:\/\/lospoliticosveracruz.com\/wp-content\/uploads\/2016\/07\/Logo-Dor.jpg\" \/>\n\t<meta property=\"og:image:width\" content=\"200\" \/>\n\t<meta property=\"og:image:height\" content=\"200\" \/>\n\t<meta property=\"og:image:type\" content=\"image\/jpeg\" \/>\n<meta name=\"author\" content=\"Lo viste en Los Pol\u00edticos\" \/>\n<meta name=\"twitter:card\" content=\"summary_large_image\" \/>\n<meta name=\"twitter:creator\" content=\"@LosPoliticosVer\" \/>\n<meta name=\"twitter:site\" content=\"@LosPoliticosVer\" \/>\n<meta name=\"twitter:label1\" content=\"Escrito por\" \/>\n\t<meta name=\"twitter:data1\" content=\"Lo viste en Los Pol\u00edticos\" \/>\n\t<meta name=\"twitter:label2\" content=\"Tiempo de lectura\" \/>\n\t<meta name=\"twitter:data2\" content=\"5 minutos\" \/>\n<script type=\"application\/ld+json\" class=\"yoast-schema-graph\">{\"@context\":\"https:\\\/\\\/schema.org\",\"@graph\":[{\"@type\":\"Article\",\"@id\":\"https:\\\/\\\/lospoliticosveracruz.com\\\/?p=43339#article\",\"isPartOf\":{\"@id\":\"https:\\\/\\\/lospoliticosveracruz.com\\\/?p=43339\"},\"author\":{\"name\":\"Lo viste en Los Pol\u00edticos\",\"@id\":\"https:\\\/\\\/lospoliticosveracruz.com\\\/#\\\/schema\\\/person\\\/b8702bb0e538456e6efd07080bf2a4a2\"},\"headline\":\"Los distritos dar\u00e1n la victoria\",\"datePublished\":\"2018-06-25T03:26:02+00:00\",\"mainEntityOfPage\":{\"@id\":\"https:\\\/\\\/lospoliticosveracruz.com\\\/?p=43339\"},\"wordCount\":1104,\"commentCount\":0,\"publisher\":{\"@id\":\"https:\\\/\\\/lospoliticosveracruz.com\\\/#organization\"},\"keywords\":[\"Estadio Pirata Fuente\",\"Morena\",\"Nahle\",\"Roc\u00edo Nahle\"],\"articleSection\":[\"De Opini\u00f3n\"],\"inLanguage\":\"es\",\"potentialAction\":[{\"@type\":\"CommentAction\",\"name\":\"Comment\",\"target\":[\"https:\\\/\\\/lospoliticosveracruz.com\\\/?p=43339#respond\"]}]},{\"@type\":\"WebPage\",\"@id\":\"https:\\\/\\\/lospoliticosveracruz.com\\\/?p=43339\",\"url\":\"https:\\\/\\\/lospoliticosveracruz.com\\\/?p=43339\",\"name\":\"Los distritos dar\u00e1n la victoria - Los pol\u00edticos Veracruz\",\"isPartOf\":{\"@id\":\"https:\\\/\\\/lospoliticosveracruz.com\\\/#website\"},\"datePublished\":\"2018-06-25T03:26:02+00:00\",\"breadcrumb\":{\"@id\":\"https:\\\/\\\/lospoliticosveracruz.com\\\/?p=43339#breadcrumb\"},\"inLanguage\":\"es\",\"potentialAction\":[{\"@type\":\"ReadAction\",\"target\":[\"https:\\\/\\\/lospoliticosveracruz.com\\\/?p=43339\"]}]},{\"@type\":\"BreadcrumbList\",\"@id\":\"https:\\\/\\\/lospoliticosveracruz.com\\\/?p=43339#breadcrumb\",\"itemListElement\":[{\"@type\":\"ListItem\",\"position\":1,\"name\":\"Portada\",\"item\":\"https:\\\/\\\/lospoliticosveracruz.com\\\/\"},{\"@type\":\"ListItem\",\"position\":2,\"name\":\"Los distritos dar\u00e1n la victoria\"}]},{\"@type\":\"WebSite\",\"@id\":\"https:\\\/\\\/lospoliticosveracruz.com\\\/#website\",\"url\":\"https:\\\/\\\/lospoliticosveracruz.com\\\/\",\"name\":\"Los pol\u00edticos Veracruz\",\"description\":\"\",\"publisher\":{\"@id\":\"https:\\\/\\\/lospoliticosveracruz.com\\\/#organization\"},\"potentialAction\":[{\"@type\":\"SearchAction\",\"target\":{\"@type\":\"EntryPoint\",\"urlTemplate\":\"https:\\\/\\\/lospoliticosveracruz.com\\\/?s={search_term_string}\"},\"query-input\":{\"@type\":\"PropertyValueSpecification\",\"valueRequired\":true,\"valueName\":\"search_term_string\"}}],\"inLanguage\":\"es\"},{\"@type\":\"Organization\",\"@id\":\"https:\\\/\\\/lospoliticosveracruz.com\\\/#organization\",\"name\":\"Los pol\u00edticos Veracruz\",\"url\":\"https:\\\/\\\/lospoliticosveracruz.com\\\/\",\"logo\":{\"@type\":\"ImageObject\",\"inLanguage\":\"es\",\"@id\":\"https:\\\/\\\/lospoliticosveracruz.com\\\/#\\\/schema\\\/logo\\\/image\\\/\",\"url\":\"https:\\\/\\\/lospoliticosveracruz.com\\\/wp-content\\\/uploads\\\/2025\\\/12\\\/Logo-Nuevo-LOS-POLITICOS-1.jpg\",\"contentUrl\":\"https:\\\/\\\/lospoliticosveracruz.com\\\/wp-content\\\/uploads\\\/2025\\\/12\\\/Logo-Nuevo-LOS-POLITICOS-1.jpg\",\"width\":260,\"height\":70,\"caption\":\"Los pol\u00edticos Veracruz\"},\"image\":{\"@id\":\"https:\\\/\\\/lospoliticosveracruz.com\\\/#\\\/schema\\\/logo\\\/image\\\/\"},\"sameAs\":[\"https:\\\/\\\/www.facebook.com\\\/people\\\/Notimemes-de-los-Polticos\\\/61565672886568\\\/\",\"https:\\\/\\\/x.com\\\/LosPoliticosVer\"]},{\"@type\":\"Person\",\"@id\":\"https:\\\/\\\/lospoliticosveracruz.com\\\/#\\\/schema\\\/person\\\/b8702bb0e538456e6efd07080bf2a4a2\",\"name\":\"Lo viste en Los Pol\u00edticos\",\"image\":{\"@type\":\"ImageObject\",\"inLanguage\":\"es\",\"@id\":\"https:\\\/\\\/secure.gravatar.com\\\/avatar\\\/3a8de04a2656d44082be478bd6c086daa447c4651605818287b9532d3d0bd435?s=96&d=mm&r=g\",\"url\":\"https:\\\/\\\/secure.gravatar.com\\\/avatar\\\/3a8de04a2656d44082be478bd6c086daa447c4651605818287b9532d3d0bd435?s=96&d=mm&r=g\",\"contentUrl\":\"https:\\\/\\\/secure.gravatar.com\\\/avatar\\\/3a8de04a2656d44082be478bd6c086daa447c4651605818287b9532d3d0bd435?s=96&d=mm&r=g\",\"caption\":\"Lo viste en Los Pol\u00edticos\"},\"url\":\"https:\\\/\\\/lospoliticosveracruz.com\\\/?author=2\"}]}<\/script>\n<!-- \/ Yoast SEO plugin. -->","yoast_head_json":{"title":"Los distritos dar\u00e1n la victoria - Los pol\u00edticos Veracruz","robots":{"index":"index","follow":"follow","max-snippet":"max-snippet:-1","max-image-preview":"max-image-preview:large","max-video-preview":"max-video-preview:-1"},"canonical":"https:\/\/lospoliticosveracruz.com\/?p=43339","og_locale":"es_ES","og_type":"article","og_title":"Los distritos dar\u00e1n la victoria - Los pol\u00edticos Veracruz","og_description":"Salvador Mu\u00f1oz Los Pol\u00edticos &nbsp; &nbsp; Hay tres maneras simplistas de entender el vac\u00edo en el Pirata Fuente: 1) el nulo poder de convocatoria per se del candidato a la Gubernatura de Morena, Cuitl\u00e1huac Garc\u00eda Jim\u00e9nez. 2) El que precisamente en el cierre de campa\u00f1a, jug\u00f3 la selecci\u00f3n mexicana contra Corea del Sur en Rusia. [&hellip;]","og_url":"https:\/\/lospoliticosveracruz.com\/?p=43339","og_site_name":"Los pol\u00edticos Veracruz","article_publisher":"https:\/\/www.facebook.com\/people\/Notimemes-de-los-Polticos\/61565672886568\/","article_published_time":"2018-06-25T03:26:02+00:00","og_image":[{"width":200,"height":200,"url":"https:\/\/lospoliticosveracruz.com\/wp-content\/uploads\/2016\/07\/Logo-Dor.jpg","type":"image\/jpeg"}],"author":"Lo viste en Los Pol\u00edticos","twitter_card":"summary_large_image","twitter_creator":"@LosPoliticosVer","twitter_site":"@LosPoliticosVer","twitter_misc":{"Escrito por":"Lo viste en Los Pol\u00edticos","Tiempo de lectura":"5 minutos"},"schema":{"@context":"https:\/\/schema.org","@graph":[{"@type":"Article","@id":"https:\/\/lospoliticosveracruz.com\/?p=43339#article","isPartOf":{"@id":"https:\/\/lospoliticosveracruz.com\/?p=43339"},"author":{"name":"Lo viste en Los Pol\u00edticos","@id":"https:\/\/lospoliticosveracruz.com\/#\/schema\/person\/b8702bb0e538456e6efd07080bf2a4a2"},"headline":"Los distritos dar\u00e1n la victoria","datePublished":"2018-06-25T03:26:02+00:00","mainEntityOfPage":{"@id":"https:\/\/lospoliticosveracruz.com\/?p=43339"},"wordCount":1104,"commentCount":0,"publisher":{"@id":"https:\/\/lospoliticosveracruz.com\/#organization"},"keywords":["Estadio Pirata Fuente","Morena","Nahle","Roc\u00edo Nahle"],"articleSection":["De Opini\u00f3n"],"inLanguage":"es","potentialAction":[{"@type":"CommentAction","name":"Comment","target":["https:\/\/lospoliticosveracruz.com\/?p=43339#respond"]}]},{"@type":"WebPage","@id":"https:\/\/lospoliticosveracruz.com\/?p=43339","url":"https:\/\/lospoliticosveracruz.com\/?p=43339","name":"Los distritos dar\u00e1n la victoria - Los pol\u00edticos Veracruz","isPartOf":{"@id":"https:\/\/lospoliticosveracruz.com\/#website"},"datePublished":"2018-06-25T03:26:02+00:00","breadcrumb":{"@id":"https:\/\/lospoliticosveracruz.com\/?p=43339#breadcrumb"},"inLanguage":"es","potentialAction":[{"@type":"ReadAction","target":["https:\/\/lospoliticosveracruz.com\/?p=43339"]}]},{"@type":"BreadcrumbList","@id":"https:\/\/lospoliticosveracruz.com\/?p=43339#breadcrumb","itemListElement":[{"@type":"ListItem","position":1,"name":"Portada","item":"https:\/\/lospoliticosveracruz.com\/"},{"@type":"ListItem","position":2,"name":"Los distritos dar\u00e1n la victoria"}]},{"@type":"WebSite","@id":"https:\/\/lospoliticosveracruz.com\/#website","url":"https:\/\/lospoliticosveracruz.com\/","name":"Los pol\u00edticos Veracruz","description":"","publisher":{"@id":"https:\/\/lospoliticosveracruz.com\/#organization"},"potentialAction":[{"@type":"SearchAction","target":{"@type":"EntryPoint","urlTemplate":"https:\/\/lospoliticosveracruz.com\/?s={search_term_string}"},"query-input":{"@type":"PropertyValueSpecification","valueRequired":true,"valueName":"search_term_string"}}],"inLanguage":"es"},{"@type":"Organization","@id":"https:\/\/lospoliticosveracruz.com\/#organization","name":"Los pol\u00edticos Veracruz","url":"https:\/\/lospoliticosveracruz.com\/","logo":{"@type":"ImageObject","inLanguage":"es","@id":"https:\/\/lospoliticosveracruz.com\/#\/schema\/logo\/image\/","url":"https:\/\/lospoliticosveracruz.com\/wp-content\/uploads\/2025\/12\/Logo-Nuevo-LOS-POLITICOS-1.jpg","contentUrl":"https:\/\/lospoliticosveracruz.com\/wp-content\/uploads\/2025\/12\/Logo-Nuevo-LOS-POLITICOS-1.jpg","width":260,"height":70,"caption":"Los pol\u00edticos Veracruz"},"image":{"@id":"https:\/\/lospoliticosveracruz.com\/#\/schema\/logo\/image\/"},"sameAs":["https:\/\/www.facebook.com\/people\/Notimemes-de-los-Polticos\/61565672886568\/","https:\/\/x.com\/LosPoliticosVer"]},{"@type":"Person","@id":"https:\/\/lospoliticosveracruz.com\/#\/schema\/person\/b8702bb0e538456e6efd07080bf2a4a2","name":"Lo viste en Los Pol\u00edticos","image":{"@type":"ImageObject","inLanguage":"es","@id":"https:\/\/secure.gravatar.com\/avatar\/3a8de04a2656d44082be478bd6c086daa447c4651605818287b9532d3d0bd435?s=96&d=mm&r=g","url":"https:\/\/secure.gravatar.com\/avatar\/3a8de04a2656d44082be478bd6c086daa447c4651605818287b9532d3d0bd435?s=96&d=mm&r=g","contentUrl":"https:\/\/secure.gravatar.com\/avatar\/3a8de04a2656d44082be478bd6c086daa447c4651605818287b9532d3d0bd435?s=96&d=mm&r=g","caption":"Lo viste en Los Pol\u00edticos"},"url":"https:\/\/lospoliticosveracruz.com\/?author=2"}]}},"_links":{"self":[{"href":"https:\/\/lospoliticosveracruz.com\/index.php?rest_route=\/wp\/v2\/posts\/43339","targetHints":{"allow":["GET"]}}],"collection":[{"href":"https:\/\/lospoliticosveracruz.com\/index.php?rest_route=\/wp\/v2\/posts"}],"about":[{"href":"https:\/\/lospoliticosveracruz.com\/index.php?rest_route=\/wp\/v2\/types\/post"}],"author":[{"embeddable":true,"href":"https:\/\/lospoliticosveracruz.com\/index.php?rest_route=\/wp\/v2\/users\/2"}],"replies":[{"embeddable":true,"href":"https:\/\/lospoliticosveracruz.com\/index.php?rest_route=%2Fwp%2Fv2%2Fcomments&post=43339"}],"version-history":[{"count":2,"href":"https:\/\/lospoliticosveracruz.com\/index.php?rest_route=\/wp\/v2\/posts\/43339\/revisions"}],"predecessor-version":[{"id":43370,"href":"https:\/\/lospoliticosveracruz.com\/index.php?rest_route=\/wp\/v2\/posts\/43339\/revisions\/43370"}],"wp:attachment":[{"href":"https:\/\/lospoliticosveracruz.com\/index.php?rest_route=%2Fwp%2Fv2%2Fmedia&parent=43339"}],"wp:term":[{"taxonomy":"category","embeddable":true,"href":"https:\/\/lospoliticosveracruz.com\/index.php?rest_route=%2Fwp%2Fv2%2Fcategories&post=43339"},{"taxonomy":"post_tag","embeddable":true,"href":"https:\/\/lospoliticosveracruz.com\/index.php?rest_route=%2Fwp%2Fv2%2Ftags&post=43339"}],"curies":[{"name":"wp","href":"https:\/\/api.w.org\/{rel}","templated":true}]}}