{"id":43344,"date":"2018-06-23T09:09:55","date_gmt":"2018-06-23T14:09:55","guid":{"rendered":"http:\/\/www.lospoliticosveracruz.com.mx\/?p=43344"},"modified":"2018-06-23T09:09:55","modified_gmt":"2018-06-23T14:09:55","slug":"las-cuentas-no-cuadran","status":"publish","type":"post","link":"https:\/\/lospoliticosveracruz.com\/?p=43344","title":{"rendered":"Las cuentas no cuadran"},"content":{"rendered":"<p><b>Brenda Caballero<\/b><\/p>\n<p><i>N\u00fameros Rojos<\/i><\/p>\n<p>&nbsp;<\/p>\n<p>&nbsp;<\/p>\n<p>Por m\u00e1s que trato de hacer cuentas\u2026 \u00a1nom\u00e1s no me cuadran las cifras<\/p>\n<p>\u00bfC\u00f3mo puede un funcionario p\u00fablico veracruzano comprar 21 residencias en Estados Unidos?<\/p>\n<p>Si se hubiera sacado varias veces la loter\u00eda, lo entender\u00eda, pero \u00bfpagar 420 millones de pesos aproximadamente por esas propiedades de ensue\u00f1o?, \u00bfpues de d\u00f3nde?<\/p>\n<p>Pero, vamos por partes\u2026<\/p>\n<p>Seg\u00fan un video que transmiti\u00f3 ayer el gobernador Miguel \u00c1ngel Yunes Linares desde Woodlands, Texas, un ex Secretario de Gabinete del sexenio de Javier Duarte de Ochoa, adquiri\u00f3 \u00e9l solito todas esas propiedades.<\/p>\n<p>\u00a1Hagamos cuentas!<\/p>\n<p>Seg\u00fan el \u00faltimo tabulador de sueldos del 2016, un Secretario de Despacho ganaba mensualmente algo as\u00ed como 92 mil 925 pesos mensuales. Imaginando que no gastaba nada de su sueldo, cosa que es imposible pues com\u00eda y vest\u00eda bastante bien, y haciendo unas cuantas ecuaciones, el funcionario inversionista tuvo que haber trabajado casi 377 a\u00f1os con esa percepci\u00f3n econ\u00f3mica para poder comprar esas residencias.<\/p>\n<p>Desde luego que no cuadran las cifras y mucho menos las adquisiciones.<\/p>\n<p>Entonces, como dijera el difunto Chico Ch\u00e9: \u00bfQui\u00e9n pomp\u00f3? \u00a1Pues los veracruzanos! \u00a1Y hasta los mexicanos! pues recordemos que tambi\u00e9n viene dinero de la Federaci\u00f3n a trav\u00e9s de las participaciones.<\/p>\n<p>Basta recordar los casi 30 pr\u00e9stamos millonarios que pidi\u00f3 Javier Duarte durante su mandato a diversas instituciones financieras que se contabilizan por m\u00e1s de 40 mil millones de pesos. Incluso, 15 d\u00edas despu\u00e9s de haber tomado protesta, Duarte nos endeud\u00f3 con mil 500 millones de pesos dizque para inversi\u00f3n p\u00fablica. Por supuesto, antes de huir, tambi\u00e9n desaparecieron m\u00e1s de mil millones de pesos equivalentes a 3 pr\u00e9stamos solicitados en el 2016.<\/p>\n<p>\u00a1Ah! pero para Javier Duarte, la recuperaci\u00f3n de bienes, en este caso de Texas por parte del gobernador Yunes Linares es totalmente \u201celectorera y desesperada\u201d. As\u00ed lo hizo saber desde la c\u00e1rcel al escribir una carta donde se\u00f1ala que su esposa y sus colaboradores son \u201ccobardemente perseguidos\u201d para desviar la atenci\u00f3n ante los problemas del estado. Solamente falt\u00f3 que dijera \u201cocasionados por m\u00ed y mi pandilla\u201d. Por favor, eso s\u00ed es cinismo y del bueno.<\/p>\n<p>Por si algo faltara, afirma que Karime y sus hijos viven de la manera m\u00e1s austera posible, pues rentan un departamento de dos rec\u00e1maras; ella se dedica a todas las labores dom\u00e9sticas, pues no tienen servidumbre, y que el m\u00e1ximo lujo que se dan es salir los domingos a un parque para que los ni\u00f1os corran, situaci\u00f3n muy diferente a la que observamos todos los mexicanos en el video mostrado por el gobernador. \u00bfY si Yunes Linares no hubiese mostrado ese video? Simplemente pensar\u00edamos que Javier Duarte dice la verdad.<\/p>\n<p>Ahora bien, para los que nos preguntamos con qu\u00e9 recursos vive la familia Mac\u00edas Tubilla en Londres, Duarte contesta que le manda lo que tiene ahorrado, algunas veces su familia le apoya y hasta algunos amigos\u2026 con eso, apenas les alcanza para pagar la renta. Cuando lo le\u00ed no pude evitar hacer una comparaci\u00f3n con la Bartola de Chava Flores.<\/p>\n<p>Pero si a m\u00ed no me cuadran las cuentas, a Duarte menos, pues hace m\u00e1s de un a\u00f1o, al presentar su 3 de 3, para aclarar todas las supuestas dudas que ten\u00edamos de \u00e9l los veracruzanos, dijo tener dos cuentas bancarias de n\u00f3mina: una, por 622 mil 354 mil pesos; y otra, por un mill\u00f3n 315 mil 635 mil pesos. \u00bfA poco con eso ahorrado alcanza para vivir holgadamente en Londres m\u00e1s de un a\u00f1o y pagar varios despachos de abogados al mismo tiempo? \u00bfO ser\u00e1 que los amigos de los que habla somos todos los veracruzanos? \u00a1Pues mire que somos los que m\u00e1s hemos contribuido a su vida de \u201cmerecida abundancia\u201d!<\/p>\n<p>* Ganancias: Mucho se habla y comenta que se viol\u00f3 el debido proceso al exhibir el video de Karime Mac\u00edas en Londres y que hasta le ayuda para conseguir su anhelado asilo; pero \u00bfha pensado usted en la posibilidad de que esa medida fue realmente porque la PGR no har\u00e1 nada contra ella ni hoy ni nunca y que la \u00fanica forma de que conocieran los veracruzanos la verdad de su situaci\u00f3n de abundancia era exhibi\u00e9ndola?<\/p>\n<p>Es verdad, la ley es clara y los procedimientos para que se ejecute tambi\u00e9n. Pero \u00bfa cu\u00e1ntos delincuentes de cuello blanco se les ha aplicado la justicia en este sexenio?<\/p>\n<p>* P\u00e9rdidas: Subo la carta de Javier Duarte a mi facebook y en lugar de cuestionar su corrupci\u00f3n y cinismo as\u00ed como pedir que se le aplique la ley, me comentan que no es transparente la forma en que el gobernador est\u00e1 recuperando los bienes. \u00bfY la corrupci\u00f3n de Duarte? Porque la f\u00f3rmula es f\u00e1cil, si Javier Duarte y su gabinete no hubieran saqueado Veracruz y comprado todo tipo de inmuebles, simplemente no habr\u00eda bienes que recuperar. \u00bfAs\u00ed o m\u00e1s claro? Porque as\u00ed como vamos, el \u00fanico culpable ser\u00e1 Miguel \u00c1ngel Yunes Linares por perseguir corruptos.<\/p>\n<p><a href=\"mailto:caballero_brenda@hotmail.com\">caballero_brenda@hotmail.com<\/a><\/p>\n<p>@NumerosRojos_BC<\/p>\n","protected":false},"excerpt":{"rendered":"<p>Brenda Caballero N\u00fameros Rojos &nbsp; &nbsp; Por m\u00e1s que trato de hacer cuentas\u2026 \u00a1nom\u00e1s no me cuadran las cifras \u00bfC\u00f3mo puede un funcionario p\u00fablico veracruzano comprar 21 residencias en Estados Unidos? Si se hubiera sacado varias veces la loter\u00eda, lo entender\u00eda, pero \u00bfpagar 420 millones de pesos aproximadamente por esas propiedades de ensue\u00f1o?, \u00bfpues de [&hellip;]<\/p>\n","protected":false},"author":2,"featured_media":0,"comment_status":"open","ping_status":"open","sticky":false,"template":"","format":"standard","meta":{"tdm_status":"","tdm_grid_status":"","footnotes":""},"categories":[70],"tags":[260,789,11073,7209],"class_list":{"0":"post-43344","1":"post","2":"type-post","3":"status-publish","4":"format-standard","6":"category-de-opinion","7":"tag-javier-duarte-de-ochoa","8":"tag-karime-macias","9":"tag-miguel-angel-angel-yunes-linares","10":"tag-texas"},"yoast_head":"<!-- This site is optimized with the Yoast SEO plugin v27.4 - https:\/\/yoast.com\/product\/yoast-seo-wordpress\/ -->\n<title>Las cuentas no cuadran - Los pol\u00edticos Veracruz<\/title>\n<meta name=\"robots\" content=\"index, follow, max-snippet:-1, max-image-preview:large, max-video-preview:-1\" \/>\n<link rel=\"canonical\" href=\"https:\/\/lospoliticosveracruz.com\/?p=43344\" \/>\n<meta property=\"og:locale\" content=\"es_ES\" \/>\n<meta property=\"og:type\" content=\"article\" \/>\n<meta property=\"og:title\" content=\"Las cuentas no cuadran - Los pol\u00edticos Veracruz\" \/>\n<meta property=\"og:description\" content=\"Brenda Caballero N\u00fameros Rojos &nbsp; &nbsp; Por m\u00e1s que trato de hacer cuentas\u2026 \u00a1nom\u00e1s no me cuadran las cifras \u00bfC\u00f3mo puede un funcionario p\u00fablico veracruzano comprar 21 residencias en Estados Unidos? Si se hubiera sacado varias veces la loter\u00eda, lo entender\u00eda, pero \u00bfpagar 420 millones de pesos aproximadamente por esas propiedades de ensue\u00f1o?, \u00bfpues de [&hellip;]\" \/>\n<meta property=\"og:url\" content=\"https:\/\/lospoliticosveracruz.com\/?p=43344\" \/>\n<meta property=\"og:site_name\" content=\"Los pol\u00edticos Veracruz\" \/>\n<meta property=\"article:publisher\" content=\"https:\/\/www.facebook.com\/people\/Notimemes-de-los-Polticos\/61565672886568\/\" \/>\n<meta property=\"article:published_time\" content=\"2018-06-23T14:09:55+00:00\" \/>\n<meta property=\"og:image\" content=\"https:\/\/lospoliticosveracruz.com\/wp-content\/uploads\/2016\/07\/Logo-Dor.jpg\" \/>\n\t<meta property=\"og:image:width\" content=\"200\" \/>\n\t<meta property=\"og:image:height\" content=\"200\" \/>\n\t<meta property=\"og:image:type\" content=\"image\/jpeg\" \/>\n<meta name=\"author\" content=\"Lo viste en Los Pol\u00edticos\" \/>\n<meta name=\"twitter:card\" content=\"summary_large_image\" \/>\n<meta name=\"twitter:creator\" content=\"@LosPoliticosVer\" \/>\n<meta name=\"twitter:site\" content=\"@LosPoliticosVer\" \/>\n<meta name=\"twitter:label1\" content=\"Escrito por\" \/>\n\t<meta name=\"twitter:data1\" content=\"Lo viste en Los Pol\u00edticos\" \/>\n\t<meta name=\"twitter:label2\" content=\"Tiempo de lectura\" \/>\n\t<meta name=\"twitter:data2\" content=\"4 minutos\" \/>\n<script type=\"application\/ld+json\" class=\"yoast-schema-graph\">{\"@context\":\"https:\\\/\\\/schema.org\",\"@graph\":[{\"@type\":\"Article\",\"@id\":\"https:\\\/\\\/lospoliticosveracruz.com\\\/?p=43344#article\",\"isPartOf\":{\"@id\":\"https:\\\/\\\/lospoliticosveracruz.com\\\/?p=43344\"},\"author\":{\"name\":\"Lo viste en Los Pol\u00edticos\",\"@id\":\"https:\\\/\\\/lospoliticosveracruz.com\\\/#\\\/schema\\\/person\\\/b8702bb0e538456e6efd07080bf2a4a2\"},\"headline\":\"Las cuentas no cuadran\",\"datePublished\":\"2018-06-23T14:09:55+00:00\",\"mainEntityOfPage\":{\"@id\":\"https:\\\/\\\/lospoliticosveracruz.com\\\/?p=43344\"},\"wordCount\":863,\"commentCount\":0,\"publisher\":{\"@id\":\"https:\\\/\\\/lospoliticosveracruz.com\\\/#organization\"},\"keywords\":[\"Javier Duarte de Ochoa\",\"Karime Mac\u00edas\",\"Miguel \u00c1ngel \u00c1ngel Yunes Linares\",\"Texas\"],\"articleSection\":[\"De Opini\u00f3n\"],\"inLanguage\":\"es\",\"potentialAction\":[{\"@type\":\"CommentAction\",\"name\":\"Comment\",\"target\":[\"https:\\\/\\\/lospoliticosveracruz.com\\\/?p=43344#respond\"]}]},{\"@type\":\"WebPage\",\"@id\":\"https:\\\/\\\/lospoliticosveracruz.com\\\/?p=43344\",\"url\":\"https:\\\/\\\/lospoliticosveracruz.com\\\/?p=43344\",\"name\":\"Las cuentas no cuadran - Los pol\u00edticos Veracruz\",\"isPartOf\":{\"@id\":\"https:\\\/\\\/lospoliticosveracruz.com\\\/#website\"},\"datePublished\":\"2018-06-23T14:09:55+00:00\",\"breadcrumb\":{\"@id\":\"https:\\\/\\\/lospoliticosveracruz.com\\\/?p=43344#breadcrumb\"},\"inLanguage\":\"es\",\"potentialAction\":[{\"@type\":\"ReadAction\",\"target\":[\"https:\\\/\\\/lospoliticosveracruz.com\\\/?p=43344\"]}]},{\"@type\":\"BreadcrumbList\",\"@id\":\"https:\\\/\\\/lospoliticosveracruz.com\\\/?p=43344#breadcrumb\",\"itemListElement\":[{\"@type\":\"ListItem\",\"position\":1,\"name\":\"Portada\",\"item\":\"https:\\\/\\\/lospoliticosveracruz.com\\\/\"},{\"@type\":\"ListItem\",\"position\":2,\"name\":\"Las cuentas no cuadran\"}]},{\"@type\":\"WebSite\",\"@id\":\"https:\\\/\\\/lospoliticosveracruz.com\\\/#website\",\"url\":\"https:\\\/\\\/lospoliticosveracruz.com\\\/\",\"name\":\"Los pol\u00edticos Veracruz\",\"description\":\"\",\"publisher\":{\"@id\":\"https:\\\/\\\/lospoliticosveracruz.com\\\/#organization\"},\"potentialAction\":[{\"@type\":\"SearchAction\",\"target\":{\"@type\":\"EntryPoint\",\"urlTemplate\":\"https:\\\/\\\/lospoliticosveracruz.com\\\/?s={search_term_string}\"},\"query-input\":{\"@type\":\"PropertyValueSpecification\",\"valueRequired\":true,\"valueName\":\"search_term_string\"}}],\"inLanguage\":\"es\"},{\"@type\":\"Organization\",\"@id\":\"https:\\\/\\\/lospoliticosveracruz.com\\\/#organization\",\"name\":\"Los pol\u00edticos Veracruz\",\"url\":\"https:\\\/\\\/lospoliticosveracruz.com\\\/\",\"logo\":{\"@type\":\"ImageObject\",\"inLanguage\":\"es\",\"@id\":\"https:\\\/\\\/lospoliticosveracruz.com\\\/#\\\/schema\\\/logo\\\/image\\\/\",\"url\":\"https:\\\/\\\/lospoliticosveracruz.com\\\/wp-content\\\/uploads\\\/2025\\\/12\\\/Logo-Nuevo-LOS-POLITICOS-1.jpg\",\"contentUrl\":\"https:\\\/\\\/lospoliticosveracruz.com\\\/wp-content\\\/uploads\\\/2025\\\/12\\\/Logo-Nuevo-LOS-POLITICOS-1.jpg\",\"width\":260,\"height\":70,\"caption\":\"Los pol\u00edticos Veracruz\"},\"image\":{\"@id\":\"https:\\\/\\\/lospoliticosveracruz.com\\\/#\\\/schema\\\/logo\\\/image\\\/\"},\"sameAs\":[\"https:\\\/\\\/www.facebook.com\\\/people\\\/Notimemes-de-los-Polticos\\\/61565672886568\\\/\",\"https:\\\/\\\/x.com\\\/LosPoliticosVer\"]},{\"@type\":\"Person\",\"@id\":\"https:\\\/\\\/lospoliticosveracruz.com\\\/#\\\/schema\\\/person\\\/b8702bb0e538456e6efd07080bf2a4a2\",\"name\":\"Lo viste en Los Pol\u00edticos\",\"image\":{\"@type\":\"ImageObject\",\"inLanguage\":\"es\",\"@id\":\"https:\\\/\\\/secure.gravatar.com\\\/avatar\\\/3a8de04a2656d44082be478bd6c086daa447c4651605818287b9532d3d0bd435?s=96&d=mm&r=g\",\"url\":\"https:\\\/\\\/secure.gravatar.com\\\/avatar\\\/3a8de04a2656d44082be478bd6c086daa447c4651605818287b9532d3d0bd435?s=96&d=mm&r=g\",\"contentUrl\":\"https:\\\/\\\/secure.gravatar.com\\\/avatar\\\/3a8de04a2656d44082be478bd6c086daa447c4651605818287b9532d3d0bd435?s=96&d=mm&r=g\",\"caption\":\"Lo viste en Los Pol\u00edticos\"},\"url\":\"https:\\\/\\\/lospoliticosveracruz.com\\\/?author=2\"}]}<\/script>\n<!-- \/ Yoast SEO plugin. -->","yoast_head_json":{"title":"Las cuentas no cuadran - Los pol\u00edticos Veracruz","robots":{"index":"index","follow":"follow","max-snippet":"max-snippet:-1","max-image-preview":"max-image-preview:large","max-video-preview":"max-video-preview:-1"},"canonical":"https:\/\/lospoliticosveracruz.com\/?p=43344","og_locale":"es_ES","og_type":"article","og_title":"Las cuentas no cuadran - Los pol\u00edticos Veracruz","og_description":"Brenda Caballero N\u00fameros Rojos &nbsp; &nbsp; Por m\u00e1s que trato de hacer cuentas\u2026 \u00a1nom\u00e1s no me cuadran las cifras \u00bfC\u00f3mo puede un funcionario p\u00fablico veracruzano comprar 21 residencias en Estados Unidos? Si se hubiera sacado varias veces la loter\u00eda, lo entender\u00eda, pero \u00bfpagar 420 millones de pesos aproximadamente por esas propiedades de ensue\u00f1o?, \u00bfpues de [&hellip;]","og_url":"https:\/\/lospoliticosveracruz.com\/?p=43344","og_site_name":"Los pol\u00edticos Veracruz","article_publisher":"https:\/\/www.facebook.com\/people\/Notimemes-de-los-Polticos\/61565672886568\/","article_published_time":"2018-06-23T14:09:55+00:00","og_image":[{"width":200,"height":200,"url":"https:\/\/lospoliticosveracruz.com\/wp-content\/uploads\/2016\/07\/Logo-Dor.jpg","type":"image\/jpeg"}],"author":"Lo viste en Los Pol\u00edticos","twitter_card":"summary_large_image","twitter_creator":"@LosPoliticosVer","twitter_site":"@LosPoliticosVer","twitter_misc":{"Escrito por":"Lo viste en Los Pol\u00edticos","Tiempo de lectura":"4 minutos"},"schema":{"@context":"https:\/\/schema.org","@graph":[{"@type":"Article","@id":"https:\/\/lospoliticosveracruz.com\/?p=43344#article","isPartOf":{"@id":"https:\/\/lospoliticosveracruz.com\/?p=43344"},"author":{"name":"Lo viste en Los Pol\u00edticos","@id":"https:\/\/lospoliticosveracruz.com\/#\/schema\/person\/b8702bb0e538456e6efd07080bf2a4a2"},"headline":"Las cuentas no cuadran","datePublished":"2018-06-23T14:09:55+00:00","mainEntityOfPage":{"@id":"https:\/\/lospoliticosveracruz.com\/?p=43344"},"wordCount":863,"commentCount":0,"publisher":{"@id":"https:\/\/lospoliticosveracruz.com\/#organization"},"keywords":["Javier Duarte de Ochoa","Karime Mac\u00edas","Miguel \u00c1ngel \u00c1ngel Yunes Linares","Texas"],"articleSection":["De Opini\u00f3n"],"inLanguage":"es","potentialAction":[{"@type":"CommentAction","name":"Comment","target":["https:\/\/lospoliticosveracruz.com\/?p=43344#respond"]}]},{"@type":"WebPage","@id":"https:\/\/lospoliticosveracruz.com\/?p=43344","url":"https:\/\/lospoliticosveracruz.com\/?p=43344","name":"Las cuentas no cuadran - Los pol\u00edticos Veracruz","isPartOf":{"@id":"https:\/\/lospoliticosveracruz.com\/#website"},"datePublished":"2018-06-23T14:09:55+00:00","breadcrumb":{"@id":"https:\/\/lospoliticosveracruz.com\/?p=43344#breadcrumb"},"inLanguage":"es","potentialAction":[{"@type":"ReadAction","target":["https:\/\/lospoliticosveracruz.com\/?p=43344"]}]},{"@type":"BreadcrumbList","@id":"https:\/\/lospoliticosveracruz.com\/?p=43344#breadcrumb","itemListElement":[{"@type":"ListItem","position":1,"name":"Portada","item":"https:\/\/lospoliticosveracruz.com\/"},{"@type":"ListItem","position":2,"name":"Las cuentas no cuadran"}]},{"@type":"WebSite","@id":"https:\/\/lospoliticosveracruz.com\/#website","url":"https:\/\/lospoliticosveracruz.com\/","name":"Los pol\u00edticos Veracruz","description":"","publisher":{"@id":"https:\/\/lospoliticosveracruz.com\/#organization"},"potentialAction":[{"@type":"SearchAction","target":{"@type":"EntryPoint","urlTemplate":"https:\/\/lospoliticosveracruz.com\/?s={search_term_string}"},"query-input":{"@type":"PropertyValueSpecification","valueRequired":true,"valueName":"search_term_string"}}],"inLanguage":"es"},{"@type":"Organization","@id":"https:\/\/lospoliticosveracruz.com\/#organization","name":"Los pol\u00edticos Veracruz","url":"https:\/\/lospoliticosveracruz.com\/","logo":{"@type":"ImageObject","inLanguage":"es","@id":"https:\/\/lospoliticosveracruz.com\/#\/schema\/logo\/image\/","url":"https:\/\/lospoliticosveracruz.com\/wp-content\/uploads\/2025\/12\/Logo-Nuevo-LOS-POLITICOS-1.jpg","contentUrl":"https:\/\/lospoliticosveracruz.com\/wp-content\/uploads\/2025\/12\/Logo-Nuevo-LOS-POLITICOS-1.jpg","width":260,"height":70,"caption":"Los pol\u00edticos Veracruz"},"image":{"@id":"https:\/\/lospoliticosveracruz.com\/#\/schema\/logo\/image\/"},"sameAs":["https:\/\/www.facebook.com\/people\/Notimemes-de-los-Polticos\/61565672886568\/","https:\/\/x.com\/LosPoliticosVer"]},{"@type":"Person","@id":"https:\/\/lospoliticosveracruz.com\/#\/schema\/person\/b8702bb0e538456e6efd07080bf2a4a2","name":"Lo viste en Los Pol\u00edticos","image":{"@type":"ImageObject","inLanguage":"es","@id":"https:\/\/secure.gravatar.com\/avatar\/3a8de04a2656d44082be478bd6c086daa447c4651605818287b9532d3d0bd435?s=96&d=mm&r=g","url":"https:\/\/secure.gravatar.com\/avatar\/3a8de04a2656d44082be478bd6c086daa447c4651605818287b9532d3d0bd435?s=96&d=mm&r=g","contentUrl":"https:\/\/secure.gravatar.com\/avatar\/3a8de04a2656d44082be478bd6c086daa447c4651605818287b9532d3d0bd435?s=96&d=mm&r=g","caption":"Lo viste en Los Pol\u00edticos"},"url":"https:\/\/lospoliticosveracruz.com\/?author=2"}]}},"_links":{"self":[{"href":"https:\/\/lospoliticosveracruz.com\/index.php?rest_route=\/wp\/v2\/posts\/43344","targetHints":{"allow":["GET"]}}],"collection":[{"href":"https:\/\/lospoliticosveracruz.com\/index.php?rest_route=\/wp\/v2\/posts"}],"about":[{"href":"https:\/\/lospoliticosveracruz.com\/index.php?rest_route=\/wp\/v2\/types\/post"}],"author":[{"embeddable":true,"href":"https:\/\/lospoliticosveracruz.com\/index.php?rest_route=\/wp\/v2\/users\/2"}],"replies":[{"embeddable":true,"href":"https:\/\/lospoliticosveracruz.com\/index.php?rest_route=%2Fwp%2Fv2%2Fcomments&post=43344"}],"version-history":[{"count":1,"href":"https:\/\/lospoliticosveracruz.com\/index.php?rest_route=\/wp\/v2\/posts\/43344\/revisions"}],"predecessor-version":[{"id":43345,"href":"https:\/\/lospoliticosveracruz.com\/index.php?rest_route=\/wp\/v2\/posts\/43344\/revisions\/43345"}],"wp:attachment":[{"href":"https:\/\/lospoliticosveracruz.com\/index.php?rest_route=%2Fwp%2Fv2%2Fmedia&parent=43344"}],"wp:term":[{"taxonomy":"category","embeddable":true,"href":"https:\/\/lospoliticosveracruz.com\/index.php?rest_route=%2Fwp%2Fv2%2Fcategories&post=43344"},{"taxonomy":"post_tag","embeddable":true,"href":"https:\/\/lospoliticosveracruz.com\/index.php?rest_route=%2Fwp%2Fv2%2Ftags&post=43344"}],"curies":[{"name":"wp","href":"https:\/\/api.w.org\/{rel}","templated":true}]}}