{"id":43365,"date":"2018-06-24T22:51:19","date_gmt":"2018-06-25T03:51:19","guid":{"rendered":"http:\/\/www.lospoliticosveracruz.com.mx\/?p=43365"},"modified":"2018-06-24T22:51:19","modified_gmt":"2018-06-25T03:51:19","slug":"violencia-cierres-y-libros","status":"publish","type":"post","link":"https:\/\/lospoliticosveracruz.com\/?p=43365","title":{"rendered":"Violencia, cierres y libros"},"content":{"rendered":"<p><strong>Brenda Caballero<\/strong><\/p>\n<p><em>N\u00fameros Rojos<\/em><\/p>\n<p>&nbsp;<br \/>\nEn Veracruz, el padr\u00f3n electoral est\u00e1 conformado por el 53 por ciento de las mujeres, raz\u00f3n por la que se dice que la decisi\u00f3n ser\u00e1 nuestra. Claro, esperando que todas las f\u00e9minas salgan a votar.<br \/>\nAlgo que destacar en este proceso electoral es que predomin\u00f3 la violencia pol\u00edtica por cuestiones de g\u00e9nero; aunque a\u00fan no se tiene una cifra oficial, se habla de 18 casos en Veracruz.<br \/>\nLa violencia puede presentarse algunas veces de manera tan sutil, como cuando en sus recorridos le preguntan a Rosario Quirasco Pi\u00f1a, \u201cqu\u00e9 opina su esposo sobre su candidatura\u201d; ella es candidata a diputada local por el Distrito de Coatepec por la Coalici\u00f3n Veracruz al Frente; o con amenazas con una mano mutilada que le dejaron en su domicilio a la candidata a diputada local por el Distrito I de P\u00e1nuco del partido Verde y PRI, Octavia Ortega Arteaga.<br \/>\nAng\u00e9lica Cristiani Mantilla, candidata de Nueva Alianza por el Distrito Local 10 de Xalapa, tambi\u00e9n sufri\u00f3 actos de violencia en el veh\u00edculo que le prestaron; al principio le poncharon una llanta y posteriormente denunci\u00f3 que le hab\u00edan cortado los frenos al carro.<br \/>\nEn redes sociales tambi\u00e9n se observ\u00f3 un incremento desmesurado de comentarios violentos hacia las mujeres, siendo la candidata de Nueva Alianza a la gubernatura de Veracruz, Miriam Judith Gonz\u00e1lez Sheridan, la mayor receptora de todos ellos al vincularla con un supuesto apoyo al gobernador, seguida muy de cerca por la candidata de Morena por el Distrito Local XI de Xalapa Rural, Ana Miriam Ferr\u00e1ez. Aunque en el caso de la candidata de Morena, el rechazo incluye el de los militantes del partido por el que fue postulada, ya que ni un a\u00f1o estuvo en el PAN y de inmediato se refugi\u00f3 en Morena.<br \/>\nA estos casos habr\u00eda que agregarle las declaraciones en tonos machistas y mis\u00f3ginos de algunos candidatos varones con respecto a las mujeres.<br \/>\nAunque se conocen varios casos de violencia pol\u00edtica en Veracruz, el OPLE solamente ha recibido dos quejas.<br \/>\n<strong>MARICARMEN CIERRA<\/strong><br \/>\nLos cierres de varias campa\u00f1as electorales iniciaron ayer. Muchas mujeres candidatas de diversos partidos pol\u00edticos que buscan un cargo de elecci\u00f3n popular y que presentaron sus propuestas cierran pidiendo el voto de los ciudadanos para este primero de julio.<br \/>\nOficialmente las campa\u00f1as terminan el 27 de junio, sin embargo algun@s aprovecharon cerrar este domingo, por ser d\u00eda de descanso, como la candidata a diputada federal por el Distrito X, Xalapa Urbano, Maricarmen Rizo, de Nueva Alianza quien lo hizo en una zona emblem\u00e1tica de la capital veracruzana, como es la explanada de Los Lavaderos Xallitic con un espect\u00e1culo de lucha libre.<br \/>\nCon respecto a las campa\u00f1as, los tiempos de duraci\u00f3n fueron algo extensos para unas y muy cortos para otras. Se entiende que los tres meses para los puestos federales era para recorrer todo el distrito; sin embargo, un mes para las locales no fue suficiente.<br \/>\nREBECCA ARENAS PRESENTA LIBRO<br \/>\nAcompa\u00f1ada de la periodista Sonia Garc\u00eda que radica en Espa\u00f1a, y Jos\u00e9 Calafell, CEO de la editorial Planeta para M\u00e9xico, Rebecca Arenas present\u00f3 su libro \u201cAgenda Ciudadana, Pensar Global, Actuar Local\u201d en Catalunya, Barcelona, en la BiblioMusiCineteca de Sonia.<br \/>\nEn el evento estuvo presente Mexcat (Mexicanos en Catalunya), organizaci\u00f3n que apoya, promueve y difunde las actividades art\u00edsticas de creadores mexicanos en Catalunya.<br \/>\ncaballero_brenda@hotmail.com<br \/>\n@NumerosRojos_BC<\/p>\n","protected":false},"excerpt":{"rendered":"<p>Brenda Caballero N\u00fameros Rojos &nbsp; En Veracruz, el padr\u00f3n electoral est\u00e1 conformado por el 53 por ciento de las mujeres, raz\u00f3n por la que se dice que la decisi\u00f3n ser\u00e1 nuestra. Claro, esperando que todas las f\u00e9minas salgan a votar. Algo que destacar en este proceso electoral es que predomin\u00f3 la violencia pol\u00edtica por cuestiones [&hellip;]<\/p>\n","protected":false},"author":2,"featured_media":0,"comment_status":"open","ping_status":"open","sticky":false,"template":"","format":"standard","meta":{"tdm_status":"","tdm_grid_status":"","footnotes":""},"categories":[70],"tags":[10579,6684,1443,11991,1562],"class_list":{"0":"post-43365","1":"post","2":"type-post","3":"status-publish","4":"format-standard","6":"category-de-opinion","7":"tag-maricarmen-rizo","8":"tag-miriam-judith-gonzalez-sheridan","9":"tag-octavia-ortega-arteaga","10":"tag-re","11":"tag-rosario-quirasco-pina"},"yoast_head":"<!-- This site is optimized with the Yoast SEO plugin v27.4 - https:\/\/yoast.com\/product\/yoast-seo-wordpress\/ -->\n<title>Violencia, cierres y libros - Los pol\u00edticos Veracruz<\/title>\n<meta name=\"robots\" content=\"index, follow, max-snippet:-1, max-image-preview:large, max-video-preview:-1\" \/>\n<link rel=\"canonical\" href=\"https:\/\/lospoliticosveracruz.com\/?p=43365\" \/>\n<meta property=\"og:locale\" content=\"es_ES\" \/>\n<meta property=\"og:type\" content=\"article\" \/>\n<meta property=\"og:title\" content=\"Violencia, cierres y libros - Los pol\u00edticos Veracruz\" \/>\n<meta property=\"og:description\" content=\"Brenda Caballero N\u00fameros Rojos &nbsp; En Veracruz, el padr\u00f3n electoral est\u00e1 conformado por el 53 por ciento de las mujeres, raz\u00f3n por la que se dice que la decisi\u00f3n ser\u00e1 nuestra. Claro, esperando que todas las f\u00e9minas salgan a votar. Algo que destacar en este proceso electoral es que predomin\u00f3 la violencia pol\u00edtica por cuestiones [&hellip;]\" \/>\n<meta property=\"og:url\" content=\"https:\/\/lospoliticosveracruz.com\/?p=43365\" \/>\n<meta property=\"og:site_name\" content=\"Los pol\u00edticos Veracruz\" \/>\n<meta property=\"article:publisher\" content=\"https:\/\/www.facebook.com\/people\/Notimemes-de-los-Polticos\/61565672886568\/\" \/>\n<meta property=\"article:published_time\" content=\"2018-06-25T03:51:19+00:00\" \/>\n<meta property=\"og:image\" content=\"https:\/\/lospoliticosveracruz.com\/wp-content\/uploads\/2016\/07\/Logo-Dor.jpg\" \/>\n\t<meta property=\"og:image:width\" content=\"200\" \/>\n\t<meta property=\"og:image:height\" content=\"200\" \/>\n\t<meta property=\"og:image:type\" content=\"image\/jpeg\" \/>\n<meta name=\"author\" content=\"Lo viste en Los Pol\u00edticos\" \/>\n<meta name=\"twitter:card\" content=\"summary_large_image\" \/>\n<meta name=\"twitter:creator\" content=\"@LosPoliticosVer\" \/>\n<meta name=\"twitter:site\" content=\"@LosPoliticosVer\" \/>\n<meta name=\"twitter:label1\" content=\"Escrito por\" \/>\n\t<meta name=\"twitter:data1\" content=\"Lo viste en Los Pol\u00edticos\" \/>\n\t<meta name=\"twitter:label2\" content=\"Tiempo de lectura\" \/>\n\t<meta name=\"twitter:data2\" content=\"3 minutos\" \/>\n<script type=\"application\/ld+json\" class=\"yoast-schema-graph\">{\"@context\":\"https:\\\/\\\/schema.org\",\"@graph\":[{\"@type\":\"Article\",\"@id\":\"https:\\\/\\\/lospoliticosveracruz.com\\\/?p=43365#article\",\"isPartOf\":{\"@id\":\"https:\\\/\\\/lospoliticosveracruz.com\\\/?p=43365\"},\"author\":{\"name\":\"Lo viste en Los Pol\u00edticos\",\"@id\":\"https:\\\/\\\/lospoliticosveracruz.com\\\/#\\\/schema\\\/person\\\/b8702bb0e538456e6efd07080bf2a4a2\"},\"headline\":\"Violencia, cierres y libros\",\"datePublished\":\"2018-06-25T03:51:19+00:00\",\"mainEntityOfPage\":{\"@id\":\"https:\\\/\\\/lospoliticosveracruz.com\\\/?p=43365\"},\"wordCount\":592,\"commentCount\":0,\"publisher\":{\"@id\":\"https:\\\/\\\/lospoliticosveracruz.com\\\/#organization\"},\"keywords\":[\"Maricarmen Rizo\",\"Miriam Judith Gonz\u00e1lez Sheridan\",\"Octavia Ortega Arteaga\",\"Re\",\"Rosario Quirasco Pi\u00f1a\"],\"articleSection\":[\"De Opini\u00f3n\"],\"inLanguage\":\"es\",\"potentialAction\":[{\"@type\":\"CommentAction\",\"name\":\"Comment\",\"target\":[\"https:\\\/\\\/lospoliticosveracruz.com\\\/?p=43365#respond\"]}]},{\"@type\":\"WebPage\",\"@id\":\"https:\\\/\\\/lospoliticosveracruz.com\\\/?p=43365\",\"url\":\"https:\\\/\\\/lospoliticosveracruz.com\\\/?p=43365\",\"name\":\"Violencia, cierres y libros - Los pol\u00edticos Veracruz\",\"isPartOf\":{\"@id\":\"https:\\\/\\\/lospoliticosveracruz.com\\\/#website\"},\"datePublished\":\"2018-06-25T03:51:19+00:00\",\"breadcrumb\":{\"@id\":\"https:\\\/\\\/lospoliticosveracruz.com\\\/?p=43365#breadcrumb\"},\"inLanguage\":\"es\",\"potentialAction\":[{\"@type\":\"ReadAction\",\"target\":[\"https:\\\/\\\/lospoliticosveracruz.com\\\/?p=43365\"]}]},{\"@type\":\"BreadcrumbList\",\"@id\":\"https:\\\/\\\/lospoliticosveracruz.com\\\/?p=43365#breadcrumb\",\"itemListElement\":[{\"@type\":\"ListItem\",\"position\":1,\"name\":\"Portada\",\"item\":\"https:\\\/\\\/lospoliticosveracruz.com\\\/\"},{\"@type\":\"ListItem\",\"position\":2,\"name\":\"Violencia, cierres y libros\"}]},{\"@type\":\"WebSite\",\"@id\":\"https:\\\/\\\/lospoliticosveracruz.com\\\/#website\",\"url\":\"https:\\\/\\\/lospoliticosveracruz.com\\\/\",\"name\":\"Los pol\u00edticos Veracruz\",\"description\":\"\",\"publisher\":{\"@id\":\"https:\\\/\\\/lospoliticosveracruz.com\\\/#organization\"},\"potentialAction\":[{\"@type\":\"SearchAction\",\"target\":{\"@type\":\"EntryPoint\",\"urlTemplate\":\"https:\\\/\\\/lospoliticosveracruz.com\\\/?s={search_term_string}\"},\"query-input\":{\"@type\":\"PropertyValueSpecification\",\"valueRequired\":true,\"valueName\":\"search_term_string\"}}],\"inLanguage\":\"es\"},{\"@type\":\"Organization\",\"@id\":\"https:\\\/\\\/lospoliticosveracruz.com\\\/#organization\",\"name\":\"Los pol\u00edticos Veracruz\",\"url\":\"https:\\\/\\\/lospoliticosveracruz.com\\\/\",\"logo\":{\"@type\":\"ImageObject\",\"inLanguage\":\"es\",\"@id\":\"https:\\\/\\\/lospoliticosveracruz.com\\\/#\\\/schema\\\/logo\\\/image\\\/\",\"url\":\"https:\\\/\\\/lospoliticosveracruz.com\\\/wp-content\\\/uploads\\\/2025\\\/12\\\/Logo-Nuevo-LOS-POLITICOS-1.jpg\",\"contentUrl\":\"https:\\\/\\\/lospoliticosveracruz.com\\\/wp-content\\\/uploads\\\/2025\\\/12\\\/Logo-Nuevo-LOS-POLITICOS-1.jpg\",\"width\":260,\"height\":70,\"caption\":\"Los pol\u00edticos Veracruz\"},\"image\":{\"@id\":\"https:\\\/\\\/lospoliticosveracruz.com\\\/#\\\/schema\\\/logo\\\/image\\\/\"},\"sameAs\":[\"https:\\\/\\\/www.facebook.com\\\/people\\\/Notimemes-de-los-Polticos\\\/61565672886568\\\/\",\"https:\\\/\\\/x.com\\\/LosPoliticosVer\"]},{\"@type\":\"Person\",\"@id\":\"https:\\\/\\\/lospoliticosveracruz.com\\\/#\\\/schema\\\/person\\\/b8702bb0e538456e6efd07080bf2a4a2\",\"name\":\"Lo viste en Los Pol\u00edticos\",\"image\":{\"@type\":\"ImageObject\",\"inLanguage\":\"es\",\"@id\":\"https:\\\/\\\/secure.gravatar.com\\\/avatar\\\/3a8de04a2656d44082be478bd6c086daa447c4651605818287b9532d3d0bd435?s=96&d=mm&r=g\",\"url\":\"https:\\\/\\\/secure.gravatar.com\\\/avatar\\\/3a8de04a2656d44082be478bd6c086daa447c4651605818287b9532d3d0bd435?s=96&d=mm&r=g\",\"contentUrl\":\"https:\\\/\\\/secure.gravatar.com\\\/avatar\\\/3a8de04a2656d44082be478bd6c086daa447c4651605818287b9532d3d0bd435?s=96&d=mm&r=g\",\"caption\":\"Lo viste en Los Pol\u00edticos\"},\"url\":\"https:\\\/\\\/lospoliticosveracruz.com\\\/?author=2\"}]}<\/script>\n<!-- \/ Yoast SEO plugin. -->","yoast_head_json":{"title":"Violencia, cierres y libros - Los pol\u00edticos Veracruz","robots":{"index":"index","follow":"follow","max-snippet":"max-snippet:-1","max-image-preview":"max-image-preview:large","max-video-preview":"max-video-preview:-1"},"canonical":"https:\/\/lospoliticosveracruz.com\/?p=43365","og_locale":"es_ES","og_type":"article","og_title":"Violencia, cierres y libros - Los pol\u00edticos Veracruz","og_description":"Brenda Caballero N\u00fameros Rojos &nbsp; En Veracruz, el padr\u00f3n electoral est\u00e1 conformado por el 53 por ciento de las mujeres, raz\u00f3n por la que se dice que la decisi\u00f3n ser\u00e1 nuestra. Claro, esperando que todas las f\u00e9minas salgan a votar. Algo que destacar en este proceso electoral es que predomin\u00f3 la violencia pol\u00edtica por cuestiones [&hellip;]","og_url":"https:\/\/lospoliticosveracruz.com\/?p=43365","og_site_name":"Los pol\u00edticos Veracruz","article_publisher":"https:\/\/www.facebook.com\/people\/Notimemes-de-los-Polticos\/61565672886568\/","article_published_time":"2018-06-25T03:51:19+00:00","og_image":[{"width":200,"height":200,"url":"https:\/\/lospoliticosveracruz.com\/wp-content\/uploads\/2016\/07\/Logo-Dor.jpg","type":"image\/jpeg"}],"author":"Lo viste en Los Pol\u00edticos","twitter_card":"summary_large_image","twitter_creator":"@LosPoliticosVer","twitter_site":"@LosPoliticosVer","twitter_misc":{"Escrito por":"Lo viste en Los Pol\u00edticos","Tiempo de lectura":"3 minutos"},"schema":{"@context":"https:\/\/schema.org","@graph":[{"@type":"Article","@id":"https:\/\/lospoliticosveracruz.com\/?p=43365#article","isPartOf":{"@id":"https:\/\/lospoliticosveracruz.com\/?p=43365"},"author":{"name":"Lo viste en Los Pol\u00edticos","@id":"https:\/\/lospoliticosveracruz.com\/#\/schema\/person\/b8702bb0e538456e6efd07080bf2a4a2"},"headline":"Violencia, cierres y libros","datePublished":"2018-06-25T03:51:19+00:00","mainEntityOfPage":{"@id":"https:\/\/lospoliticosveracruz.com\/?p=43365"},"wordCount":592,"commentCount":0,"publisher":{"@id":"https:\/\/lospoliticosveracruz.com\/#organization"},"keywords":["Maricarmen Rizo","Miriam Judith Gonz\u00e1lez Sheridan","Octavia Ortega Arteaga","Re","Rosario Quirasco Pi\u00f1a"],"articleSection":["De Opini\u00f3n"],"inLanguage":"es","potentialAction":[{"@type":"CommentAction","name":"Comment","target":["https:\/\/lospoliticosveracruz.com\/?p=43365#respond"]}]},{"@type":"WebPage","@id":"https:\/\/lospoliticosveracruz.com\/?p=43365","url":"https:\/\/lospoliticosveracruz.com\/?p=43365","name":"Violencia, cierres y libros - Los pol\u00edticos Veracruz","isPartOf":{"@id":"https:\/\/lospoliticosveracruz.com\/#website"},"datePublished":"2018-06-25T03:51:19+00:00","breadcrumb":{"@id":"https:\/\/lospoliticosveracruz.com\/?p=43365#breadcrumb"},"inLanguage":"es","potentialAction":[{"@type":"ReadAction","target":["https:\/\/lospoliticosveracruz.com\/?p=43365"]}]},{"@type":"BreadcrumbList","@id":"https:\/\/lospoliticosveracruz.com\/?p=43365#breadcrumb","itemListElement":[{"@type":"ListItem","position":1,"name":"Portada","item":"https:\/\/lospoliticosveracruz.com\/"},{"@type":"ListItem","position":2,"name":"Violencia, cierres y libros"}]},{"@type":"WebSite","@id":"https:\/\/lospoliticosveracruz.com\/#website","url":"https:\/\/lospoliticosveracruz.com\/","name":"Los pol\u00edticos Veracruz","description":"","publisher":{"@id":"https:\/\/lospoliticosveracruz.com\/#organization"},"potentialAction":[{"@type":"SearchAction","target":{"@type":"EntryPoint","urlTemplate":"https:\/\/lospoliticosveracruz.com\/?s={search_term_string}"},"query-input":{"@type":"PropertyValueSpecification","valueRequired":true,"valueName":"search_term_string"}}],"inLanguage":"es"},{"@type":"Organization","@id":"https:\/\/lospoliticosveracruz.com\/#organization","name":"Los pol\u00edticos Veracruz","url":"https:\/\/lospoliticosveracruz.com\/","logo":{"@type":"ImageObject","inLanguage":"es","@id":"https:\/\/lospoliticosveracruz.com\/#\/schema\/logo\/image\/","url":"https:\/\/lospoliticosveracruz.com\/wp-content\/uploads\/2025\/12\/Logo-Nuevo-LOS-POLITICOS-1.jpg","contentUrl":"https:\/\/lospoliticosveracruz.com\/wp-content\/uploads\/2025\/12\/Logo-Nuevo-LOS-POLITICOS-1.jpg","width":260,"height":70,"caption":"Los pol\u00edticos Veracruz"},"image":{"@id":"https:\/\/lospoliticosveracruz.com\/#\/schema\/logo\/image\/"},"sameAs":["https:\/\/www.facebook.com\/people\/Notimemes-de-los-Polticos\/61565672886568\/","https:\/\/x.com\/LosPoliticosVer"]},{"@type":"Person","@id":"https:\/\/lospoliticosveracruz.com\/#\/schema\/person\/b8702bb0e538456e6efd07080bf2a4a2","name":"Lo viste en Los Pol\u00edticos","image":{"@type":"ImageObject","inLanguage":"es","@id":"https:\/\/secure.gravatar.com\/avatar\/3a8de04a2656d44082be478bd6c086daa447c4651605818287b9532d3d0bd435?s=96&d=mm&r=g","url":"https:\/\/secure.gravatar.com\/avatar\/3a8de04a2656d44082be478bd6c086daa447c4651605818287b9532d3d0bd435?s=96&d=mm&r=g","contentUrl":"https:\/\/secure.gravatar.com\/avatar\/3a8de04a2656d44082be478bd6c086daa447c4651605818287b9532d3d0bd435?s=96&d=mm&r=g","caption":"Lo viste en Los Pol\u00edticos"},"url":"https:\/\/lospoliticosveracruz.com\/?author=2"}]}},"_links":{"self":[{"href":"https:\/\/lospoliticosveracruz.com\/index.php?rest_route=\/wp\/v2\/posts\/43365","targetHints":{"allow":["GET"]}}],"collection":[{"href":"https:\/\/lospoliticosveracruz.com\/index.php?rest_route=\/wp\/v2\/posts"}],"about":[{"href":"https:\/\/lospoliticosveracruz.com\/index.php?rest_route=\/wp\/v2\/types\/post"}],"author":[{"embeddable":true,"href":"https:\/\/lospoliticosveracruz.com\/index.php?rest_route=\/wp\/v2\/users\/2"}],"replies":[{"embeddable":true,"href":"https:\/\/lospoliticosveracruz.com\/index.php?rest_route=%2Fwp%2Fv2%2Fcomments&post=43365"}],"version-history":[{"count":2,"href":"https:\/\/lospoliticosveracruz.com\/index.php?rest_route=\/wp\/v2\/posts\/43365\/revisions"}],"predecessor-version":[{"id":43371,"href":"https:\/\/lospoliticosveracruz.com\/index.php?rest_route=\/wp\/v2\/posts\/43365\/revisions\/43371"}],"wp:attachment":[{"href":"https:\/\/lospoliticosveracruz.com\/index.php?rest_route=%2Fwp%2Fv2%2Fmedia&parent=43365"}],"wp:term":[{"taxonomy":"category","embeddable":true,"href":"https:\/\/lospoliticosveracruz.com\/index.php?rest_route=%2Fwp%2Fv2%2Fcategories&post=43365"},{"taxonomy":"post_tag","embeddable":true,"href":"https:\/\/lospoliticosveracruz.com\/index.php?rest_route=%2Fwp%2Fv2%2Ftags&post=43365"}],"curies":[{"name":"wp","href":"https:\/\/api.w.org\/{rel}","templated":true}]}}