{"id":43598,"date":"2018-07-08T22:43:33","date_gmt":"2018-07-09T03:43:33","guid":{"rendered":"http:\/\/www.lospoliticosveracruz.com.mx\/?p=43598"},"modified":"2018-07-08T22:43:33","modified_gmt":"2018-07-09T03:43:33","slug":"ellas-van-por-veracruz","status":"publish","type":"post","link":"https:\/\/lospoliticosveracruz.com\/?p=43598","title":{"rendered":"Ellas van por Veracruz"},"content":{"rendered":"<p class=\"x_MsoNormal\"><strong>Brenda Caballero<\/strong><\/p>\n<p class=\"x_MsoNormal\"><em>N\u00fameros Rojos<\/em><\/p>\n<p class=\"x_MsoNormal\">\n<p class=\"x_MsoNormal\">\n<p class=\"x_MsoNormal\">\u00bfPor fin nos hizo justicia la Revoluci\u00f3n? Algunos dir\u00edan que fue la paridad. Sin embargo, la realidad es que ya\u00a0\u00a0tenemos un Congreso con 50 por ciento de mujeres y 50 por ciento de varones.<\/p>\n<p class=\"x_MsoNormal\">Siendo realistas, la paridad no se hubiese dado sin todas aquellas mujeres que fueron abriendo los espacios necesarios a lo largo del tiempo para que esto sucediera. Y al hablar de justicia, recuerdo un caso singular, el de la hoy candidata a diputada federal electa, por la v\u00eda plurinominal, Anil\u00fa Ingram Vallines, quien por el trabajo que hab\u00eda realizado en la Sedesol Federal era la candidata natural a la Senadur\u00eda por el PRI en Veracruz; sin embargo, no se la dieron, ya que para que se llevara a cabo la alianza PRI-Verde, ped\u00edan un var\u00f3n. \u00a1Vaya mis\u00f3gino el asunto!<\/p>\n<p class=\"x_MsoNormal\">Hoy, Anil\u00fa debe estar feliz, pues si hubiera sido la candidata al Senado, simplemente no hubiese llegado.<\/p>\n<p class=\"x_MsoNormal\">Y hablando del Senado, la que no llegar\u00e1 es la morenista Roc\u00edo Nahle Garc\u00eda, pero no creo que le acongoje mucho, pues ser\u00e1 la pr\u00f3xima Secretaria de Energ\u00eda en el Gabinete de Andr\u00e9s Manuel L\u00f3pez Obrador. Ya lo hab\u00edamos escrito antes, Nahle es una de las mujeres con mayor peso pol\u00edtico, ya que conoce las entra\u00f1as de Pemex, ha sido asesora de la Comisi\u00f3n de Energ\u00eda en dos Legislaturas y Coordinadora de Morena en la C\u00e1mara de Diputados a nivel federal. Despu\u00e9s del fen\u00f3meno AMLO, ella es la raz\u00f3n principal de la victoria de Morena en Veracruz. Dependiendo del papel que desempe\u00f1e en el Gabinete, y si la dejan llegar, podr\u00eda ser la pr\u00f3xima candidata a la Gubernatura de Veracruz\u2026 por supuesto, falta mucho por delante.<\/p>\n<p class=\"x_MsoNormal\">En lugar de Roc\u00edo, la senadora ser\u00eda la maestra Gloria S\u00e1nchez Hern\u00e1ndez quien ya ha sido diputada federal y fue dirigente de Morena, adem\u00e1s de ser la primera mujer en postularse a la gubernatura en 1986 por el extinto Partido Mexicano de los Trabajadores. Algo que se le reconoce a S\u00e1nchez es que nunca cambi\u00f3 sus ideas de izquierda ni se integr\u00f3 a partidos de derecha con tal de ganar un cargo.<\/p>\n<p class=\"x_MsoNormal\">Indira Rosales San Rom\u00e1n ser\u00e1 otra de las senadoras por Veracruz. Aunque a muchos sorprendi\u00f3 su designaci\u00f3n por la v\u00eda plurinominal, es de reconocerle a la joven panista su entrega de tiempo completo a la pol\u00edtica y su aplicaci\u00f3n. Por lo que no hay que perderla de vista.<\/p>\n<p class=\"x_MsoNormal\">Las mujeres que se van a una diputaci\u00f3n federal y que ya hab\u00edan sido diputadas locales son la panista Mariana Dunyaska Rojas, una de las m\u00e1s votadas por los ciudadanos seguramente por haber realizado un sinn\u00famero de gestiones en su distrito. Mariana ya tiene la experiencia de haber sido diputada federal. La otra que pasa de diputada local a federal es la morena Daniela Griego Ceballos, que se convirti\u00f3 en un icono de la izquierda en la pasada legislatura local.<\/p>\n<p class=\"x_MsoNormal\">Adem\u00e1s de Daniela, otras candidatas de Morena que resultaron ganadoras por votaci\u00f3n son: Mar\u00eda Bertha Espinoza Segura por Tuxpan. Ella ya hab\u00eda sido candidata a diputada federal en 2015. Raquel Bonilla Herrera, por Poza Rica; fundadora de los Comit\u00e9s Locales de Morena y la primera abanderada por Morena en 2015; la empresaria de la industria de la tortilla Carmen Mora Garc\u00eda, por Coatepec; Flora Tania Cruz Santos, por Coatzacoalcos, ella pertenec\u00eda a Movimiento Ciudadano pero renunci\u00f3\u00a0\u00a0al partido afili\u00e1ndose a Morena; Mar\u00eda del Carmen Medel Palma es doctora ultranografista y empresaria que fue secuestrada y liberada en 2016; a partir de all\u00ed, inici\u00f3 un movimiento que le vali\u00f3 para ser invitada como candidata de Morena; Dulce Mar\u00eda Corina Villegas Guarneros fue tambi\u00e9n de las primeras candidatas de Morena en el estado, ya hab\u00eda buscado la curul federal en el 2015. Tambi\u00e9n<\/p>\n<p class=\"x_MsoNormal\">Paola Tenorio Adame, ex delegada municipal por San Andr\u00e9s Tuxtla, ser\u00e1 ahora diputada federal.<\/p>\n<p class=\"x_MsoNormal\">Aclaro que a\u00fan faltan las mujeres designadas por la v\u00eda plurinominal para las diputaciones federales, pero \u00e9sa es otra historia.<\/p>\n<p class=\"x_MsoNormal\">La actual legislatura local tiene 19 mujeres de 50 diputados; con las elecciones actuales, la pr\u00f3xima legislatura estar\u00e1 conformada por 25 mujeres y 25 hombres; es decir: habr\u00e1 6 diputadas m\u00e1s.<\/p>\n<p class=\"x_MsoNormal\">De Morena ser\u00e1n 6 mujeres: Adriana Paola Linares Capitanachi, abogada que en la pasada contienda particip\u00f3 por el mismo cargo; Rosalinda Galindo Silva, una de las fundadoras de Morena en el estado; Magaly Armenta Oliveros, odont\u00f3loga ex candidata a la alcald\u00eda de Chinameca, y Jessica Ram\u00edrez Cisneros, licenciada en administraci\u00f3n, quien apoy\u00f3 a AMLO desde que estaba en el PRD, adem\u00e1s fue coordinadora local de Morena, as\u00ed como Margarita Corro Mendoza, Adriana Esther Mart\u00ednez S\u00e1nchez, Adriana Esther Mart\u00ednez S\u00e1nchez.<\/p>\n<p class=\"x_MsoNormal\">Del PAN, tres mujeres: Judith Pineda Andrade y Mar\u00eda Josefina Gamboa Torales quienes se reeligen como diputadas; y la arquitecta Nora Jessica Lagunes Jauregui, consejera social del IVM. De Movimiento Ciudadano solamente Ivonne Trujillo Ortiz; del PT, Ana Miriam Ferr\u00e1ez Centeno (de las candidatas m\u00e1s pol\u00e9micas por sus declaraciones contra AMLO cuando fue candidata a la alcald\u00eda por el PAN-PRD) y Deysi Juan Antonio, ex perredista e integrante del magisterio. Del PES, 3: Mar\u00eda Esther L\u00f3pez Callejas, Mar\u00eda Candelas Francisco Doce, la enfermera Janix Liliana Castro Mu\u00f1oz, ex candidata a la diputaci\u00f3n federal quien sufri\u00f3 un atentado en el 2015, cuando le incendiaron su casa de campa\u00f1a.<\/p>\n<p class=\"x_MsoNormal\">Diez mujeres ingresar\u00e1n por la v\u00eda plurinominal al Congreso Local. De Morena: Elizabeth Cervantes de la Cruz,\u00a0\u00a0Cristina Alarc\u00f3n Guti\u00e9rrez, M\u00f3nica Robles Barajas, Virginia Tadeo R\u00edos, y Josefina Cervantes Ram\u00edrez.<\/p>\n<p class=\"x_MsoNormal\">Del PAN: Mar\u00eda de Jes\u00fas Mart\u00ednez D\u00edaz, Monserrat Ortega Ruiz.<\/p>\n<p class=\"x_MsoNormal\">Del PRD: Florencia Mart\u00ednez Rivera. Del PRI, Erika Ayala R\u00edos y del Verde, Andrea Yunes Yunes. En el caso de Andrea no se tom\u00f3 en cuenta el lugar de la lista, sino el g\u00e9nero.<\/p>\n<p class=\"x_MsoNormal\">Ellas son las que van por Veracruz, esperemos pongan en alto a las veracruzanas.<\/p>\n<p class=\"x_MsoNormal\">\n<p class=\"x_MsoNormal\"><a href=\"mailto:caballero_brenda@hotmail.com\" target=\"_blank\" rel=\"noopener noreferrer\" data-auth=\"NotApplicable\">caballero_brenda@hotmail.com<\/a><\/p>\n<p class=\"x_MsoNormal\">@NumerosRojos_BC<\/p>\n","protected":false},"excerpt":{"rendered":"<p>Brenda Caballero N\u00fameros Rojos \u00bfPor fin nos hizo justicia la Revoluci\u00f3n? Algunos dir\u00edan que fue la paridad. Sin embargo, la realidad es que ya\u00a0\u00a0tenemos un Congreso con 50 por ciento de mujeres y 50 por ciento de varones. Siendo realistas, la paridad no se hubiese dado sin todas aquellas mujeres que fueron abriendo los espacios [&hellip;]<\/p>\n","protected":false},"author":2,"featured_media":0,"comment_status":"open","ping_status":"open","sticky":false,"template":"","format":"standard","meta":{"tdm_status":"","tdm_grid_status":"","footnotes":""},"categories":[70],"tags":[6947,2305,4842,3578],"class_list":{"0":"post-43598","1":"post","2":"type-post","3":"status-publish","4":"format-standard","6":"category-de-opinion","7":"tag-mariana-dunyaska","8":"tag-mujeres","9":"tag-paridad","10":"tag-rocio-nahle"},"yoast_head":"<!-- This site is optimized with the Yoast SEO plugin v27.4 - https:\/\/yoast.com\/product\/yoast-seo-wordpress\/ -->\n<title>Ellas van por Veracruz - Los pol\u00edticos Veracruz<\/title>\n<meta name=\"robots\" content=\"index, follow, max-snippet:-1, max-image-preview:large, max-video-preview:-1\" \/>\n<link rel=\"canonical\" href=\"https:\/\/lospoliticosveracruz.com\/?p=43598\" \/>\n<meta property=\"og:locale\" content=\"es_ES\" \/>\n<meta property=\"og:type\" content=\"article\" \/>\n<meta property=\"og:title\" content=\"Ellas van por Veracruz - Los pol\u00edticos Veracruz\" \/>\n<meta property=\"og:description\" content=\"Brenda Caballero N\u00fameros Rojos \u00bfPor fin nos hizo justicia la Revoluci\u00f3n? Algunos dir\u00edan que fue la paridad. Sin embargo, la realidad es que ya\u00a0\u00a0tenemos un Congreso con 50 por ciento de mujeres y 50 por ciento de varones. Siendo realistas, la paridad no se hubiese dado sin todas aquellas mujeres que fueron abriendo los espacios [&hellip;]\" \/>\n<meta property=\"og:url\" content=\"https:\/\/lospoliticosveracruz.com\/?p=43598\" \/>\n<meta property=\"og:site_name\" content=\"Los pol\u00edticos Veracruz\" \/>\n<meta property=\"article:publisher\" content=\"https:\/\/www.facebook.com\/people\/Notimemes-de-los-Polticos\/61565672886568\/\" \/>\n<meta property=\"article:published_time\" content=\"2018-07-09T03:43:33+00:00\" \/>\n<meta property=\"og:image\" content=\"https:\/\/lospoliticosveracruz.com\/wp-content\/uploads\/2016\/07\/Logo-Dor.jpg\" \/>\n\t<meta property=\"og:image:width\" content=\"200\" \/>\n\t<meta property=\"og:image:height\" content=\"200\" \/>\n\t<meta property=\"og:image:type\" content=\"image\/jpeg\" \/>\n<meta name=\"author\" content=\"Lo viste en Los Pol\u00edticos\" \/>\n<meta name=\"twitter:card\" content=\"summary_large_image\" \/>\n<meta name=\"twitter:creator\" content=\"@LosPoliticosVer\" \/>\n<meta name=\"twitter:site\" content=\"@LosPoliticosVer\" \/>\n<meta name=\"twitter:label1\" content=\"Escrito por\" \/>\n\t<meta name=\"twitter:data1\" content=\"Lo viste en Los Pol\u00edticos\" \/>\n\t<meta name=\"twitter:label2\" content=\"Tiempo de lectura\" \/>\n\t<meta name=\"twitter:data2\" content=\"5 minutos\" \/>\n<script type=\"application\/ld+json\" class=\"yoast-schema-graph\">{\"@context\":\"https:\\\/\\\/schema.org\",\"@graph\":[{\"@type\":\"Article\",\"@id\":\"https:\\\/\\\/lospoliticosveracruz.com\\\/?p=43598#article\",\"isPartOf\":{\"@id\":\"https:\\\/\\\/lospoliticosveracruz.com\\\/?p=43598\"},\"author\":{\"name\":\"Lo viste en Los Pol\u00edticos\",\"@id\":\"https:\\\/\\\/lospoliticosveracruz.com\\\/#\\\/schema\\\/person\\\/b8702bb0e538456e6efd07080bf2a4a2\"},\"headline\":\"Ellas van por Veracruz\",\"datePublished\":\"2018-07-09T03:43:33+00:00\",\"mainEntityOfPage\":{\"@id\":\"https:\\\/\\\/lospoliticosveracruz.com\\\/?p=43598\"},\"wordCount\":1051,\"commentCount\":0,\"publisher\":{\"@id\":\"https:\\\/\\\/lospoliticosveracruz.com\\\/#organization\"},\"keywords\":[\"Mariana Dunyaska\",\"Mujeres\",\"paridad\",\"Roc\u00edo Nahle\"],\"articleSection\":[\"De Opini\u00f3n\"],\"inLanguage\":\"es\",\"potentialAction\":[{\"@type\":\"CommentAction\",\"name\":\"Comment\",\"target\":[\"https:\\\/\\\/lospoliticosveracruz.com\\\/?p=43598#respond\"]}]},{\"@type\":\"WebPage\",\"@id\":\"https:\\\/\\\/lospoliticosveracruz.com\\\/?p=43598\",\"url\":\"https:\\\/\\\/lospoliticosveracruz.com\\\/?p=43598\",\"name\":\"Ellas van por Veracruz - Los pol\u00edticos Veracruz\",\"isPartOf\":{\"@id\":\"https:\\\/\\\/lospoliticosveracruz.com\\\/#website\"},\"datePublished\":\"2018-07-09T03:43:33+00:00\",\"breadcrumb\":{\"@id\":\"https:\\\/\\\/lospoliticosveracruz.com\\\/?p=43598#breadcrumb\"},\"inLanguage\":\"es\",\"potentialAction\":[{\"@type\":\"ReadAction\",\"target\":[\"https:\\\/\\\/lospoliticosveracruz.com\\\/?p=43598\"]}]},{\"@type\":\"BreadcrumbList\",\"@id\":\"https:\\\/\\\/lospoliticosveracruz.com\\\/?p=43598#breadcrumb\",\"itemListElement\":[{\"@type\":\"ListItem\",\"position\":1,\"name\":\"Portada\",\"item\":\"https:\\\/\\\/lospoliticosveracruz.com\\\/\"},{\"@type\":\"ListItem\",\"position\":2,\"name\":\"Ellas van por Veracruz\"}]},{\"@type\":\"WebSite\",\"@id\":\"https:\\\/\\\/lospoliticosveracruz.com\\\/#website\",\"url\":\"https:\\\/\\\/lospoliticosveracruz.com\\\/\",\"name\":\"Los pol\u00edticos Veracruz\",\"description\":\"\",\"publisher\":{\"@id\":\"https:\\\/\\\/lospoliticosveracruz.com\\\/#organization\"},\"potentialAction\":[{\"@type\":\"SearchAction\",\"target\":{\"@type\":\"EntryPoint\",\"urlTemplate\":\"https:\\\/\\\/lospoliticosveracruz.com\\\/?s={search_term_string}\"},\"query-input\":{\"@type\":\"PropertyValueSpecification\",\"valueRequired\":true,\"valueName\":\"search_term_string\"}}],\"inLanguage\":\"es\"},{\"@type\":\"Organization\",\"@id\":\"https:\\\/\\\/lospoliticosveracruz.com\\\/#organization\",\"name\":\"Los pol\u00edticos Veracruz\",\"url\":\"https:\\\/\\\/lospoliticosveracruz.com\\\/\",\"logo\":{\"@type\":\"ImageObject\",\"inLanguage\":\"es\",\"@id\":\"https:\\\/\\\/lospoliticosveracruz.com\\\/#\\\/schema\\\/logo\\\/image\\\/\",\"url\":\"https:\\\/\\\/lospoliticosveracruz.com\\\/wp-content\\\/uploads\\\/2025\\\/12\\\/Logo-Nuevo-LOS-POLITICOS-1.jpg\",\"contentUrl\":\"https:\\\/\\\/lospoliticosveracruz.com\\\/wp-content\\\/uploads\\\/2025\\\/12\\\/Logo-Nuevo-LOS-POLITICOS-1.jpg\",\"width\":260,\"height\":70,\"caption\":\"Los pol\u00edticos Veracruz\"},\"image\":{\"@id\":\"https:\\\/\\\/lospoliticosveracruz.com\\\/#\\\/schema\\\/logo\\\/image\\\/\"},\"sameAs\":[\"https:\\\/\\\/www.facebook.com\\\/people\\\/Notimemes-de-los-Polticos\\\/61565672886568\\\/\",\"https:\\\/\\\/x.com\\\/LosPoliticosVer\"]},{\"@type\":\"Person\",\"@id\":\"https:\\\/\\\/lospoliticosveracruz.com\\\/#\\\/schema\\\/person\\\/b8702bb0e538456e6efd07080bf2a4a2\",\"name\":\"Lo viste en Los Pol\u00edticos\",\"image\":{\"@type\":\"ImageObject\",\"inLanguage\":\"es\",\"@id\":\"https:\\\/\\\/secure.gravatar.com\\\/avatar\\\/3a8de04a2656d44082be478bd6c086daa447c4651605818287b9532d3d0bd435?s=96&d=mm&r=g\",\"url\":\"https:\\\/\\\/secure.gravatar.com\\\/avatar\\\/3a8de04a2656d44082be478bd6c086daa447c4651605818287b9532d3d0bd435?s=96&d=mm&r=g\",\"contentUrl\":\"https:\\\/\\\/secure.gravatar.com\\\/avatar\\\/3a8de04a2656d44082be478bd6c086daa447c4651605818287b9532d3d0bd435?s=96&d=mm&r=g\",\"caption\":\"Lo viste en Los Pol\u00edticos\"},\"url\":\"https:\\\/\\\/lospoliticosveracruz.com\\\/?author=2\"}]}<\/script>\n<!-- \/ Yoast SEO plugin. -->","yoast_head_json":{"title":"Ellas van por Veracruz - Los pol\u00edticos Veracruz","robots":{"index":"index","follow":"follow","max-snippet":"max-snippet:-1","max-image-preview":"max-image-preview:large","max-video-preview":"max-video-preview:-1"},"canonical":"https:\/\/lospoliticosveracruz.com\/?p=43598","og_locale":"es_ES","og_type":"article","og_title":"Ellas van por Veracruz - Los pol\u00edticos Veracruz","og_description":"Brenda Caballero N\u00fameros Rojos \u00bfPor fin nos hizo justicia la Revoluci\u00f3n? Algunos dir\u00edan que fue la paridad. Sin embargo, la realidad es que ya\u00a0\u00a0tenemos un Congreso con 50 por ciento de mujeres y 50 por ciento de varones. Siendo realistas, la paridad no se hubiese dado sin todas aquellas mujeres que fueron abriendo los espacios [&hellip;]","og_url":"https:\/\/lospoliticosveracruz.com\/?p=43598","og_site_name":"Los pol\u00edticos Veracruz","article_publisher":"https:\/\/www.facebook.com\/people\/Notimemes-de-los-Polticos\/61565672886568\/","article_published_time":"2018-07-09T03:43:33+00:00","og_image":[{"width":200,"height":200,"url":"https:\/\/lospoliticosveracruz.com\/wp-content\/uploads\/2016\/07\/Logo-Dor.jpg","type":"image\/jpeg"}],"author":"Lo viste en Los Pol\u00edticos","twitter_card":"summary_large_image","twitter_creator":"@LosPoliticosVer","twitter_site":"@LosPoliticosVer","twitter_misc":{"Escrito por":"Lo viste en Los Pol\u00edticos","Tiempo de lectura":"5 minutos"},"schema":{"@context":"https:\/\/schema.org","@graph":[{"@type":"Article","@id":"https:\/\/lospoliticosveracruz.com\/?p=43598#article","isPartOf":{"@id":"https:\/\/lospoliticosveracruz.com\/?p=43598"},"author":{"name":"Lo viste en Los Pol\u00edticos","@id":"https:\/\/lospoliticosveracruz.com\/#\/schema\/person\/b8702bb0e538456e6efd07080bf2a4a2"},"headline":"Ellas van por Veracruz","datePublished":"2018-07-09T03:43:33+00:00","mainEntityOfPage":{"@id":"https:\/\/lospoliticosveracruz.com\/?p=43598"},"wordCount":1051,"commentCount":0,"publisher":{"@id":"https:\/\/lospoliticosveracruz.com\/#organization"},"keywords":["Mariana Dunyaska","Mujeres","paridad","Roc\u00edo Nahle"],"articleSection":["De Opini\u00f3n"],"inLanguage":"es","potentialAction":[{"@type":"CommentAction","name":"Comment","target":["https:\/\/lospoliticosveracruz.com\/?p=43598#respond"]}]},{"@type":"WebPage","@id":"https:\/\/lospoliticosveracruz.com\/?p=43598","url":"https:\/\/lospoliticosveracruz.com\/?p=43598","name":"Ellas van por Veracruz - Los pol\u00edticos Veracruz","isPartOf":{"@id":"https:\/\/lospoliticosveracruz.com\/#website"},"datePublished":"2018-07-09T03:43:33+00:00","breadcrumb":{"@id":"https:\/\/lospoliticosveracruz.com\/?p=43598#breadcrumb"},"inLanguage":"es","potentialAction":[{"@type":"ReadAction","target":["https:\/\/lospoliticosveracruz.com\/?p=43598"]}]},{"@type":"BreadcrumbList","@id":"https:\/\/lospoliticosveracruz.com\/?p=43598#breadcrumb","itemListElement":[{"@type":"ListItem","position":1,"name":"Portada","item":"https:\/\/lospoliticosveracruz.com\/"},{"@type":"ListItem","position":2,"name":"Ellas van por Veracruz"}]},{"@type":"WebSite","@id":"https:\/\/lospoliticosveracruz.com\/#website","url":"https:\/\/lospoliticosveracruz.com\/","name":"Los pol\u00edticos Veracruz","description":"","publisher":{"@id":"https:\/\/lospoliticosveracruz.com\/#organization"},"potentialAction":[{"@type":"SearchAction","target":{"@type":"EntryPoint","urlTemplate":"https:\/\/lospoliticosveracruz.com\/?s={search_term_string}"},"query-input":{"@type":"PropertyValueSpecification","valueRequired":true,"valueName":"search_term_string"}}],"inLanguage":"es"},{"@type":"Organization","@id":"https:\/\/lospoliticosveracruz.com\/#organization","name":"Los pol\u00edticos Veracruz","url":"https:\/\/lospoliticosveracruz.com\/","logo":{"@type":"ImageObject","inLanguage":"es","@id":"https:\/\/lospoliticosveracruz.com\/#\/schema\/logo\/image\/","url":"https:\/\/lospoliticosveracruz.com\/wp-content\/uploads\/2025\/12\/Logo-Nuevo-LOS-POLITICOS-1.jpg","contentUrl":"https:\/\/lospoliticosveracruz.com\/wp-content\/uploads\/2025\/12\/Logo-Nuevo-LOS-POLITICOS-1.jpg","width":260,"height":70,"caption":"Los pol\u00edticos Veracruz"},"image":{"@id":"https:\/\/lospoliticosveracruz.com\/#\/schema\/logo\/image\/"},"sameAs":["https:\/\/www.facebook.com\/people\/Notimemes-de-los-Polticos\/61565672886568\/","https:\/\/x.com\/LosPoliticosVer"]},{"@type":"Person","@id":"https:\/\/lospoliticosveracruz.com\/#\/schema\/person\/b8702bb0e538456e6efd07080bf2a4a2","name":"Lo viste en Los Pol\u00edticos","image":{"@type":"ImageObject","inLanguage":"es","@id":"https:\/\/secure.gravatar.com\/avatar\/3a8de04a2656d44082be478bd6c086daa447c4651605818287b9532d3d0bd435?s=96&d=mm&r=g","url":"https:\/\/secure.gravatar.com\/avatar\/3a8de04a2656d44082be478bd6c086daa447c4651605818287b9532d3d0bd435?s=96&d=mm&r=g","contentUrl":"https:\/\/secure.gravatar.com\/avatar\/3a8de04a2656d44082be478bd6c086daa447c4651605818287b9532d3d0bd435?s=96&d=mm&r=g","caption":"Lo viste en Los Pol\u00edticos"},"url":"https:\/\/lospoliticosveracruz.com\/?author=2"}]}},"_links":{"self":[{"href":"https:\/\/lospoliticosveracruz.com\/index.php?rest_route=\/wp\/v2\/posts\/43598","targetHints":{"allow":["GET"]}}],"collection":[{"href":"https:\/\/lospoliticosveracruz.com\/index.php?rest_route=\/wp\/v2\/posts"}],"about":[{"href":"https:\/\/lospoliticosveracruz.com\/index.php?rest_route=\/wp\/v2\/types\/post"}],"author":[{"embeddable":true,"href":"https:\/\/lospoliticosveracruz.com\/index.php?rest_route=\/wp\/v2\/users\/2"}],"replies":[{"embeddable":true,"href":"https:\/\/lospoliticosveracruz.com\/index.php?rest_route=%2Fwp%2Fv2%2Fcomments&post=43598"}],"version-history":[{"count":1,"href":"https:\/\/lospoliticosveracruz.com\/index.php?rest_route=\/wp\/v2\/posts\/43598\/revisions"}],"predecessor-version":[{"id":43599,"href":"https:\/\/lospoliticosveracruz.com\/index.php?rest_route=\/wp\/v2\/posts\/43598\/revisions\/43599"}],"wp:attachment":[{"href":"https:\/\/lospoliticosveracruz.com\/index.php?rest_route=%2Fwp%2Fv2%2Fmedia&parent=43598"}],"wp:term":[{"taxonomy":"category","embeddable":true,"href":"https:\/\/lospoliticosveracruz.com\/index.php?rest_route=%2Fwp%2Fv2%2Fcategories&post=43598"},{"taxonomy":"post_tag","embeddable":true,"href":"https:\/\/lospoliticosveracruz.com\/index.php?rest_route=%2Fwp%2Fv2%2Ftags&post=43598"}],"curies":[{"name":"wp","href":"https:\/\/api.w.org\/{rel}","templated":true}]}}