{"id":43600,"date":"2018-07-08T22:55:48","date_gmt":"2018-07-09T03:55:48","guid":{"rendered":"http:\/\/www.lospoliticosveracruz.com.mx\/?p=43600"},"modified":"2018-07-08T22:55:48","modified_gmt":"2018-07-09T03:55:48","slug":"los-momios-de-pepe-y-miguel","status":"publish","type":"post","link":"https:\/\/lospoliticosveracruz.com\/?p=43600","title":{"rendered":"Los momios de Pepe y Miguel"},"content":{"rendered":"<p dir=\"ltr\"><strong>Salvador Mu\u00f1oz<\/strong><\/p>\n<p dir=\"ltr\"><em>Los Pol\u00edticos<\/em><\/p>\n<p>&nbsp;<\/p>\n<p>&nbsp;<\/p>\n<p dir=\"ltr\">A una semana despu\u00e9s de la elecci\u00f3n de Gobernador y diputados locales, los n\u00fameros podr\u00edan hablar de la actuaci\u00f3n de cada responsable de partido, tan as\u00ed, que \u201ca estas alturas del partido\u201d, ya se empieza a hablar de la renovaci\u00f3n de la dirigencia del PAN\u2026 pero hay que aclararlo, no es en funci\u00f3n de los resultados, sino de que \u201cya le toca\u201d. Si no mal recuerdo, esta renovaci\u00f3n tendr\u00eda que haberse dado hace m\u00e1s de un a\u00f1o pero le ocurri\u00f3 lo que a otros partidos: el PAN se vio envuelto en un torbellino de elecciones del 2015 a la fecha donde no hubo descanso ni tregua.<\/p>\n<p dir=\"ltr\">Ahora, hasta se cita para ocupar tal dirigencia a Miguel \u00c1ngel Yunes M\u00e1rquez en funci\u00f3n de los votos obtenidos en esta elecci\u00f3n\u2026 un mill\u00f3n y 200 mil.<\/p>\n<p dir=\"ltr\">Si bien, los bienintencionados para con Yunes M\u00e1rquez, el silogismo les podr\u00eda dar la raz\u00f3n, bien valdr\u00eda citar entonces los antecedentes de Pepe Mancha como dirigente estatal, para poner en su justo balance a dos posibles contendientes.<\/p>\n<p dir=\"ltr\">Partamos desde el 2015-16, con la elecci\u00f3n a Gobernador y diputados locales\u2026 \u00bfc\u00f3mo le fue a Pepe Mancha? \u00a1Pues de maravilla! Junto con Miguel \u00c1ngel Yunes Linares pasan a ser los panistas que, desde su trinchera respectiva, sacan al PRI del Gobierno estatal con casi 950 mil votos (800 mil por s\u00ed solo\u2026 la diferencia la puso el PRD) contra 840 mil del PRI (en coalici\u00f3n con Verde, Nueva Alianza, AVE y Frente Cardenista) y 721 mil de Morena.<\/p>\n<p dir=\"ltr\">Por cierto, nom\u00e1s como para dejar antecedente, el Movimiento Ciudadano en esa elecci\u00f3n obtuvo 33 mil votos, el PT, 45 mil y el PES, 30 mil.<\/p>\n<p dir=\"ltr\">En cuanto a la conformaci\u00f3n del Congreso local, el PAN de Pepe Mancha obtuvo en esa elecci\u00f3n, 16 curules de las cuales, seis fueron pluris, aunque al tiempo, su n\u00famero se increment\u00f3 hasta alcanzar 21 curules y sum\u00e1ndole las seis del PRD, ten\u00eda 27 \u00a1ah! pero con el berrinche de Sergio Rodr\u00edguez descu\u00e9ntele una curul.<\/p>\n<p dir=\"ltr\">Morena entr\u00f3 con 13 curules, de las cuales, si no mal recuerdo, 5 eran pluris\u2026 igual, al tiempo, se redujo su n\u00famero por las \u201cbajas\u201d de Eva Cadena (\u201cexpulsada\u201d por el mismo partido), July Sheridan y Sebasti\u00e1n Reyes Arellano. El PRI ten\u00eda 9 si no mal recuerdo pero se le fue Regina V\u00e1zquez y el Verde nunca le hizo fuerte.<\/p>\n<p dir=\"ltr\">Para 2017, el PAN, ya siendo Gobierno y con la dirigencia de Pepe Mancha, logra el triunfo en 117 ayuntamientos (1 mill\u00f3n 50 mil votos), pero ojo, Morena en ese proceso electoral, logr\u00f3 s\u00f3lo 17 presidencias municipales pero con ese marcador, alcanz\u00f3 m\u00e1s de 500 mil votos, la mitad de lo obtenido por el blanquiazul, lo que implicaba ya una luz roja para los contrincantes de Morena.<\/p>\n<p dir=\"ltr\">En esta contienda, como ya se cit\u00f3, el PAN logra llevando como candidato a Miguel \u00c1ngel Yunes M\u00e1rquez, 1 mill\u00f3n 200 mil. Es decir, 400 mil m\u00e1s de lo que en 2016 hizo en la elecci\u00f3n por la Gubernatura, mientras Morena duplic\u00f3 sus 700 mil.<\/p>\n<p dir=\"ltr\">En t\u00e9rmino simples, Pepe Mancha puede representar un liderazgo triunfador aun con el tropiezo que significa el fen\u00f3meno Morena, tan similar al ocurrido con el foxismo en su momento.<\/p>\n<p dir=\"ltr\">Ahora, se cita a Miguel \u00c1ngel Yunes M\u00e1rquez para contender por la dirigencia del PAN\u2026 por lo que podr\u00eda encontrarse en esta pugna con el mismo Pepe Mancha porque la figura de la reelecci\u00f3n se lo permite, adem\u00e1s de los n\u00fameros citados que aqu\u00ed lo avalan.<\/p>\n<p dir=\"ltr\">Para nadie es un secreto que el PAN sabe ser oposici\u00f3n, y en su momento, cuando haya que decidir, tendr\u00e1 que elegir al menos por el momento, entre estos dos estilos de hacer pol\u00edtica, el de Pepe Mancha y el de Miguel \u00c1ngel Yunes\u2026 pero a\u00fan falta tiempo y quiz\u00e1s entren a la contienda m\u00e1s personajes, pero dif\u00edcilmente tendr\u00e1n los momios que al menos en este trance, Pepe y Miguel \u00c1ngel tienen.<\/p>\n<p>&nbsp;<\/p>\n<p dir=\"ltr\"><a href=\"mailto:smcainito@gmail.com\" target=\"_blank\" rel=\"noopener noreferrer\" data-auth=\"NotApplicable\">smcainito@gmail.com<\/a><\/p>\n<p>&nbsp;<\/p>\n","protected":false},"excerpt":{"rendered":"<p>Salvador Mu\u00f1oz Los Pol\u00edticos &nbsp; &nbsp; A una semana despu\u00e9s de la elecci\u00f3n de Gobernador y diputados locales, los n\u00fameros podr\u00edan hablar de la actuaci\u00f3n de cada responsable de partido, tan as\u00ed, que \u201ca estas alturas del partido\u201d, ya se empieza a hablar de la renovaci\u00f3n de la dirigencia del PAN\u2026 pero hay que aclararlo, [&hellip;]<\/p>\n","protected":false},"author":2,"featured_media":0,"comment_status":"open","ping_status":"open","sticky":false,"template":"","format":"standard","meta":{"tdm_status":"","tdm_grid_status":"","footnotes":""},"categories":[70],"tags":[536,266,1065],"class_list":{"0":"post-43600","1":"post","2":"type-post","3":"status-publish","4":"format-standard","6":"category-de-opinion","7":"tag-miguel-angel-yunes-marquez","8":"tag-pan","9":"tag-pepe-mancha"},"yoast_head":"<!-- This site is optimized with the Yoast SEO plugin v27.4 - https:\/\/yoast.com\/product\/yoast-seo-wordpress\/ -->\n<title>Los momios de Pepe y Miguel - Los pol\u00edticos Veracruz<\/title>\n<meta name=\"robots\" content=\"index, follow, max-snippet:-1, max-image-preview:large, max-video-preview:-1\" \/>\n<link rel=\"canonical\" href=\"https:\/\/lospoliticosveracruz.com\/?p=43600\" \/>\n<meta property=\"og:locale\" content=\"es_ES\" \/>\n<meta property=\"og:type\" content=\"article\" \/>\n<meta property=\"og:title\" content=\"Los momios de Pepe y Miguel - Los pol\u00edticos Veracruz\" \/>\n<meta property=\"og:description\" content=\"Salvador Mu\u00f1oz Los Pol\u00edticos &nbsp; &nbsp; A una semana despu\u00e9s de la elecci\u00f3n de Gobernador y diputados locales, los n\u00fameros podr\u00edan hablar de la actuaci\u00f3n de cada responsable de partido, tan as\u00ed, que \u201ca estas alturas del partido\u201d, ya se empieza a hablar de la renovaci\u00f3n de la dirigencia del PAN\u2026 pero hay que aclararlo, [&hellip;]\" \/>\n<meta property=\"og:url\" content=\"https:\/\/lospoliticosveracruz.com\/?p=43600\" \/>\n<meta property=\"og:site_name\" content=\"Los pol\u00edticos Veracruz\" \/>\n<meta property=\"article:publisher\" content=\"https:\/\/www.facebook.com\/people\/Notimemes-de-los-Polticos\/61565672886568\/\" \/>\n<meta property=\"article:published_time\" content=\"2018-07-09T03:55:48+00:00\" \/>\n<meta property=\"og:image\" content=\"https:\/\/lospoliticosveracruz.com\/wp-content\/uploads\/2016\/07\/Logo-Dor.jpg\" \/>\n\t<meta property=\"og:image:width\" content=\"200\" \/>\n\t<meta property=\"og:image:height\" content=\"200\" \/>\n\t<meta property=\"og:image:type\" content=\"image\/jpeg\" \/>\n<meta name=\"author\" content=\"Lo viste en Los Pol\u00edticos\" \/>\n<meta name=\"twitter:card\" content=\"summary_large_image\" \/>\n<meta name=\"twitter:creator\" content=\"@LosPoliticosVer\" \/>\n<meta name=\"twitter:site\" content=\"@LosPoliticosVer\" \/>\n<meta name=\"twitter:label1\" content=\"Escrito por\" \/>\n\t<meta name=\"twitter:data1\" content=\"Lo viste en Los Pol\u00edticos\" \/>\n\t<meta name=\"twitter:label2\" content=\"Tiempo de lectura\" \/>\n\t<meta name=\"twitter:data2\" content=\"3 minutos\" \/>\n<script type=\"application\/ld+json\" class=\"yoast-schema-graph\">{\"@context\":\"https:\\\/\\\/schema.org\",\"@graph\":[{\"@type\":\"Article\",\"@id\":\"https:\\\/\\\/lospoliticosveracruz.com\\\/?p=43600#article\",\"isPartOf\":{\"@id\":\"https:\\\/\\\/lospoliticosveracruz.com\\\/?p=43600\"},\"author\":{\"name\":\"Lo viste en Los Pol\u00edticos\",\"@id\":\"https:\\\/\\\/lospoliticosveracruz.com\\\/#\\\/schema\\\/person\\\/b8702bb0e538456e6efd07080bf2a4a2\"},\"headline\":\"Los momios de Pepe y Miguel\",\"datePublished\":\"2018-07-09T03:55:48+00:00\",\"mainEntityOfPage\":{\"@id\":\"https:\\\/\\\/lospoliticosveracruz.com\\\/?p=43600\"},\"wordCount\":698,\"commentCount\":0,\"publisher\":{\"@id\":\"https:\\\/\\\/lospoliticosveracruz.com\\\/#organization\"},\"keywords\":[\"Miguel \u00c1ngel Yunes M\u00e1rquez\",\"PAN\",\"Pepe Mancha\"],\"articleSection\":[\"De Opini\u00f3n\"],\"inLanguage\":\"es\",\"potentialAction\":[{\"@type\":\"CommentAction\",\"name\":\"Comment\",\"target\":[\"https:\\\/\\\/lospoliticosveracruz.com\\\/?p=43600#respond\"]}]},{\"@type\":\"WebPage\",\"@id\":\"https:\\\/\\\/lospoliticosveracruz.com\\\/?p=43600\",\"url\":\"https:\\\/\\\/lospoliticosveracruz.com\\\/?p=43600\",\"name\":\"Los momios de Pepe y Miguel - Los pol\u00edticos Veracruz\",\"isPartOf\":{\"@id\":\"https:\\\/\\\/lospoliticosveracruz.com\\\/#website\"},\"datePublished\":\"2018-07-09T03:55:48+00:00\",\"breadcrumb\":{\"@id\":\"https:\\\/\\\/lospoliticosveracruz.com\\\/?p=43600#breadcrumb\"},\"inLanguage\":\"es\",\"potentialAction\":[{\"@type\":\"ReadAction\",\"target\":[\"https:\\\/\\\/lospoliticosveracruz.com\\\/?p=43600\"]}]},{\"@type\":\"BreadcrumbList\",\"@id\":\"https:\\\/\\\/lospoliticosveracruz.com\\\/?p=43600#breadcrumb\",\"itemListElement\":[{\"@type\":\"ListItem\",\"position\":1,\"name\":\"Portada\",\"item\":\"https:\\\/\\\/lospoliticosveracruz.com\\\/\"},{\"@type\":\"ListItem\",\"position\":2,\"name\":\"Los momios de Pepe y Miguel\"}]},{\"@type\":\"WebSite\",\"@id\":\"https:\\\/\\\/lospoliticosveracruz.com\\\/#website\",\"url\":\"https:\\\/\\\/lospoliticosveracruz.com\\\/\",\"name\":\"Los pol\u00edticos Veracruz\",\"description\":\"\",\"publisher\":{\"@id\":\"https:\\\/\\\/lospoliticosveracruz.com\\\/#organization\"},\"potentialAction\":[{\"@type\":\"SearchAction\",\"target\":{\"@type\":\"EntryPoint\",\"urlTemplate\":\"https:\\\/\\\/lospoliticosveracruz.com\\\/?s={search_term_string}\"},\"query-input\":{\"@type\":\"PropertyValueSpecification\",\"valueRequired\":true,\"valueName\":\"search_term_string\"}}],\"inLanguage\":\"es\"},{\"@type\":\"Organization\",\"@id\":\"https:\\\/\\\/lospoliticosveracruz.com\\\/#organization\",\"name\":\"Los pol\u00edticos Veracruz\",\"url\":\"https:\\\/\\\/lospoliticosveracruz.com\\\/\",\"logo\":{\"@type\":\"ImageObject\",\"inLanguage\":\"es\",\"@id\":\"https:\\\/\\\/lospoliticosveracruz.com\\\/#\\\/schema\\\/logo\\\/image\\\/\",\"url\":\"https:\\\/\\\/lospoliticosveracruz.com\\\/wp-content\\\/uploads\\\/2025\\\/12\\\/Logo-Nuevo-LOS-POLITICOS-1.jpg\",\"contentUrl\":\"https:\\\/\\\/lospoliticosveracruz.com\\\/wp-content\\\/uploads\\\/2025\\\/12\\\/Logo-Nuevo-LOS-POLITICOS-1.jpg\",\"width\":260,\"height\":70,\"caption\":\"Los pol\u00edticos Veracruz\"},\"image\":{\"@id\":\"https:\\\/\\\/lospoliticosveracruz.com\\\/#\\\/schema\\\/logo\\\/image\\\/\"},\"sameAs\":[\"https:\\\/\\\/www.facebook.com\\\/people\\\/Notimemes-de-los-Polticos\\\/61565672886568\\\/\",\"https:\\\/\\\/x.com\\\/LosPoliticosVer\"]},{\"@type\":\"Person\",\"@id\":\"https:\\\/\\\/lospoliticosveracruz.com\\\/#\\\/schema\\\/person\\\/b8702bb0e538456e6efd07080bf2a4a2\",\"name\":\"Lo viste en Los Pol\u00edticos\",\"image\":{\"@type\":\"ImageObject\",\"inLanguage\":\"es\",\"@id\":\"https:\\\/\\\/secure.gravatar.com\\\/avatar\\\/3a8de04a2656d44082be478bd6c086daa447c4651605818287b9532d3d0bd435?s=96&d=mm&r=g\",\"url\":\"https:\\\/\\\/secure.gravatar.com\\\/avatar\\\/3a8de04a2656d44082be478bd6c086daa447c4651605818287b9532d3d0bd435?s=96&d=mm&r=g\",\"contentUrl\":\"https:\\\/\\\/secure.gravatar.com\\\/avatar\\\/3a8de04a2656d44082be478bd6c086daa447c4651605818287b9532d3d0bd435?s=96&d=mm&r=g\",\"caption\":\"Lo viste en Los Pol\u00edticos\"},\"url\":\"https:\\\/\\\/lospoliticosveracruz.com\\\/?author=2\"}]}<\/script>\n<!-- \/ Yoast SEO plugin. -->","yoast_head_json":{"title":"Los momios de Pepe y Miguel - Los pol\u00edticos Veracruz","robots":{"index":"index","follow":"follow","max-snippet":"max-snippet:-1","max-image-preview":"max-image-preview:large","max-video-preview":"max-video-preview:-1"},"canonical":"https:\/\/lospoliticosveracruz.com\/?p=43600","og_locale":"es_ES","og_type":"article","og_title":"Los momios de Pepe y Miguel - Los pol\u00edticos Veracruz","og_description":"Salvador Mu\u00f1oz Los Pol\u00edticos &nbsp; &nbsp; A una semana despu\u00e9s de la elecci\u00f3n de Gobernador y diputados locales, los n\u00fameros podr\u00edan hablar de la actuaci\u00f3n de cada responsable de partido, tan as\u00ed, que \u201ca estas alturas del partido\u201d, ya se empieza a hablar de la renovaci\u00f3n de la dirigencia del PAN\u2026 pero hay que aclararlo, [&hellip;]","og_url":"https:\/\/lospoliticosveracruz.com\/?p=43600","og_site_name":"Los pol\u00edticos Veracruz","article_publisher":"https:\/\/www.facebook.com\/people\/Notimemes-de-los-Polticos\/61565672886568\/","article_published_time":"2018-07-09T03:55:48+00:00","og_image":[{"width":200,"height":200,"url":"https:\/\/lospoliticosveracruz.com\/wp-content\/uploads\/2016\/07\/Logo-Dor.jpg","type":"image\/jpeg"}],"author":"Lo viste en Los Pol\u00edticos","twitter_card":"summary_large_image","twitter_creator":"@LosPoliticosVer","twitter_site":"@LosPoliticosVer","twitter_misc":{"Escrito por":"Lo viste en Los Pol\u00edticos","Tiempo de lectura":"3 minutos"},"schema":{"@context":"https:\/\/schema.org","@graph":[{"@type":"Article","@id":"https:\/\/lospoliticosveracruz.com\/?p=43600#article","isPartOf":{"@id":"https:\/\/lospoliticosveracruz.com\/?p=43600"},"author":{"name":"Lo viste en Los Pol\u00edticos","@id":"https:\/\/lospoliticosveracruz.com\/#\/schema\/person\/b8702bb0e538456e6efd07080bf2a4a2"},"headline":"Los momios de Pepe y Miguel","datePublished":"2018-07-09T03:55:48+00:00","mainEntityOfPage":{"@id":"https:\/\/lospoliticosveracruz.com\/?p=43600"},"wordCount":698,"commentCount":0,"publisher":{"@id":"https:\/\/lospoliticosveracruz.com\/#organization"},"keywords":["Miguel \u00c1ngel Yunes M\u00e1rquez","PAN","Pepe Mancha"],"articleSection":["De Opini\u00f3n"],"inLanguage":"es","potentialAction":[{"@type":"CommentAction","name":"Comment","target":["https:\/\/lospoliticosveracruz.com\/?p=43600#respond"]}]},{"@type":"WebPage","@id":"https:\/\/lospoliticosveracruz.com\/?p=43600","url":"https:\/\/lospoliticosveracruz.com\/?p=43600","name":"Los momios de Pepe y Miguel - Los pol\u00edticos Veracruz","isPartOf":{"@id":"https:\/\/lospoliticosveracruz.com\/#website"},"datePublished":"2018-07-09T03:55:48+00:00","breadcrumb":{"@id":"https:\/\/lospoliticosveracruz.com\/?p=43600#breadcrumb"},"inLanguage":"es","potentialAction":[{"@type":"ReadAction","target":["https:\/\/lospoliticosveracruz.com\/?p=43600"]}]},{"@type":"BreadcrumbList","@id":"https:\/\/lospoliticosveracruz.com\/?p=43600#breadcrumb","itemListElement":[{"@type":"ListItem","position":1,"name":"Portada","item":"https:\/\/lospoliticosveracruz.com\/"},{"@type":"ListItem","position":2,"name":"Los momios de Pepe y Miguel"}]},{"@type":"WebSite","@id":"https:\/\/lospoliticosveracruz.com\/#website","url":"https:\/\/lospoliticosveracruz.com\/","name":"Los pol\u00edticos Veracruz","description":"","publisher":{"@id":"https:\/\/lospoliticosveracruz.com\/#organization"},"potentialAction":[{"@type":"SearchAction","target":{"@type":"EntryPoint","urlTemplate":"https:\/\/lospoliticosveracruz.com\/?s={search_term_string}"},"query-input":{"@type":"PropertyValueSpecification","valueRequired":true,"valueName":"search_term_string"}}],"inLanguage":"es"},{"@type":"Organization","@id":"https:\/\/lospoliticosveracruz.com\/#organization","name":"Los pol\u00edticos Veracruz","url":"https:\/\/lospoliticosveracruz.com\/","logo":{"@type":"ImageObject","inLanguage":"es","@id":"https:\/\/lospoliticosveracruz.com\/#\/schema\/logo\/image\/","url":"https:\/\/lospoliticosveracruz.com\/wp-content\/uploads\/2025\/12\/Logo-Nuevo-LOS-POLITICOS-1.jpg","contentUrl":"https:\/\/lospoliticosveracruz.com\/wp-content\/uploads\/2025\/12\/Logo-Nuevo-LOS-POLITICOS-1.jpg","width":260,"height":70,"caption":"Los pol\u00edticos Veracruz"},"image":{"@id":"https:\/\/lospoliticosveracruz.com\/#\/schema\/logo\/image\/"},"sameAs":["https:\/\/www.facebook.com\/people\/Notimemes-de-los-Polticos\/61565672886568\/","https:\/\/x.com\/LosPoliticosVer"]},{"@type":"Person","@id":"https:\/\/lospoliticosveracruz.com\/#\/schema\/person\/b8702bb0e538456e6efd07080bf2a4a2","name":"Lo viste en Los Pol\u00edticos","image":{"@type":"ImageObject","inLanguage":"es","@id":"https:\/\/secure.gravatar.com\/avatar\/3a8de04a2656d44082be478bd6c086daa447c4651605818287b9532d3d0bd435?s=96&d=mm&r=g","url":"https:\/\/secure.gravatar.com\/avatar\/3a8de04a2656d44082be478bd6c086daa447c4651605818287b9532d3d0bd435?s=96&d=mm&r=g","contentUrl":"https:\/\/secure.gravatar.com\/avatar\/3a8de04a2656d44082be478bd6c086daa447c4651605818287b9532d3d0bd435?s=96&d=mm&r=g","caption":"Lo viste en Los Pol\u00edticos"},"url":"https:\/\/lospoliticosveracruz.com\/?author=2"}]}},"_links":{"self":[{"href":"https:\/\/lospoliticosveracruz.com\/index.php?rest_route=\/wp\/v2\/posts\/43600","targetHints":{"allow":["GET"]}}],"collection":[{"href":"https:\/\/lospoliticosveracruz.com\/index.php?rest_route=\/wp\/v2\/posts"}],"about":[{"href":"https:\/\/lospoliticosveracruz.com\/index.php?rest_route=\/wp\/v2\/types\/post"}],"author":[{"embeddable":true,"href":"https:\/\/lospoliticosveracruz.com\/index.php?rest_route=\/wp\/v2\/users\/2"}],"replies":[{"embeddable":true,"href":"https:\/\/lospoliticosveracruz.com\/index.php?rest_route=%2Fwp%2Fv2%2Fcomments&post=43600"}],"version-history":[{"count":1,"href":"https:\/\/lospoliticosveracruz.com\/index.php?rest_route=\/wp\/v2\/posts\/43600\/revisions"}],"predecessor-version":[{"id":43601,"href":"https:\/\/lospoliticosveracruz.com\/index.php?rest_route=\/wp\/v2\/posts\/43600\/revisions\/43601"}],"wp:attachment":[{"href":"https:\/\/lospoliticosveracruz.com\/index.php?rest_route=%2Fwp%2Fv2%2Fmedia&parent=43600"}],"wp:term":[{"taxonomy":"category","embeddable":true,"href":"https:\/\/lospoliticosveracruz.com\/index.php?rest_route=%2Fwp%2Fv2%2Fcategories&post=43600"},{"taxonomy":"post_tag","embeddable":true,"href":"https:\/\/lospoliticosveracruz.com\/index.php?rest_route=%2Fwp%2Fv2%2Ftags&post=43600"}],"curies":[{"name":"wp","href":"https:\/\/api.w.org\/{rel}","templated":true}]}}