{"id":44187,"date":"2018-08-03T11:41:26","date_gmt":"2018-08-03T16:41:26","guid":{"rendered":"http:\/\/www.lospoliticosveracruz.com.mx\/?p=44187"},"modified":"2018-08-03T11:48:43","modified_gmt":"2018-08-03T16:48:43","slug":"puno-arriba-y-frente-en-alto","status":"publish","type":"post","link":"https:\/\/lospoliticosveracruz.com\/?p=44187","title":{"rendered":"Pu\u00f1o arriba y frente en alto"},"content":{"rendered":"<p align=\"JUSTIFY\"><strong><span lang=\"es-ES\">Naldy Rodr\u00edguez<\/span><\/strong><\/p>\n<p align=\"JUSTIFY\"><em>Transparencia 3.0<\/em><\/p>\n<p align=\"JUSTIFY\">La herida sigue abierta, pero ya no hay miedo. Como ellos lo hac\u00edan, en la misma plaza p\u00fablica, amigos y familiares de Rub\u00e9n Espinosa y Nadia Vera levantaron el pu\u00f1o con la frente en alto para exigir justicia y la verdad, conocer lo que realmente ocurri\u00f3 aquel 31 de julio de 2015.<\/p>\n<p align=\"JUSTIFY\">En el Condominio 1909 de la Colonia Narvarte de la Ciudad de M\u00e9xico torturaron y asesinaron a Mile Mart\u00edn, Yesenia Quiroz, Olivia Negrete, Nadia Dominique Vera y Rub\u00e9n Espinosa Becerril, sin que existan culpables ni castigo.<\/p>\n<p align=\"JUSTIFY\">Es cierto, les quedan a deber las autoridades: no se ha investigado con la debida diligencia (por decir lo menos) ni se han considerado las denuncias que Nadia y Rub\u00e9n hicieron meses y d\u00edas antes de refugiarse en la Ciudad de M\u00e9xico por la persecuci\u00f3n que vivieron del Estado, pero como sociedad les quedamos a deber.<\/p>\n<p align=\"JUSTIFY\">Como ciudadan\u00eda no tenemos el valor de involucrarnos, de comprometernos y solidarizarnos para exigir justicia; tampoco como periodistas -una de las profesiones peor pagadas y menos valoradas-, hemos tenido la asertividad de unirnos como colectivo para demandar el esclarecimiento del crimen y de paso mejores condiciones laborales.<\/p>\n<p align=\"JUSTIFY\">Rub\u00e9n lleg\u00f3 a Xalapa en 2009 contratado por una agencia veracruzana de noticias que hoy no existe, despu\u00e9s trabaj\u00f3 para el ayuntamiento de Xalapa y m\u00e1s tarde se incorpor\u00f3 como fotoperiodista colaborador de Proceso. Cuando se fue a la capital del pa\u00eds autoexiliado buscaba empleo y ya hab\u00edan pasado 47 d\u00edas.<\/p>\n<p align=\"JUSTIFY\">Los medios nacionales, en muchas ocasiones, ni siquiera pagan un salario fijo a los corresponsales en los estados, ni otorgan prestaciones laborales (aguinaldo, vacaciones o seguro m\u00e9dico), cuando en la provincia corren m\u00e1s riesgos que en el centro y se encargan pr\u00e1cticamente de dar cobertura a todo lo relevante que ocurre en el territorio estatal.<\/p>\n<p align=\"JUSTIFY\">En todos los \u00e1mbitos se palpa el desprecio por los periodistas. Hasta en la Universidad Veracruzana, semillero de reconocidos comunicadores, los mismos acad\u00e9micos que convocan a conferencias de prensa o buscan los reflectores en los foros, ven con desd\u00e9n que un reportero quiera estudiar una maestr\u00eda o doctorado en el \u00e1rea de sociales y humanidades.<\/p>\n<p align=\"JUSTIFY\">Este 31 de julio, tres mujeres dieron voz en la plaza Regina a decenas de personas que les lloran y extra\u00f1an. Paty y Alma, hermanas del fotoperiodista de Proceso, se\u00f1alaron que ninguna de las observaciones hechas por la Comisi\u00f3n Nacional de Derechos Humanos hace ya un a\u00f1o se ha cumplido: No hay autoridades sancionadas, por el contrario han sido promovidos en otros cargos, tampoco hay una propuesta formal por parte de las autoridades capitalinas para pedir una disculpa p\u00fablica, ni han dado garant\u00edas de no repetici\u00f3n\u00a0de la violaci\u00f3n de derechos que han sufrido v\u00edctimas directas e indirectas.<\/p>\n<p align=\"JUSTIFY\">A nombre de amigos de Nadia, la universitaria Edith Escal\u00f3n, pidi\u00f3 \u201cconstruir\u201d en colectivo. En medio de tanto dolor, unirse para lograr un espacio libre de violencia, un poco menos injusto y con algo de paz.<\/p>\n<p align=\"JUSTIFY\">Verdad, justicia y acceso a la reparaci\u00f3n del da\u00f1o es lo m\u00ednimo que merecen sus seres queridos.\u00a0 Aunque en realidad jam\u00e1s se llegar\u00e1 a resarcir la maldad con la que mataron una vida, un sue\u00f1o y un gran talento.<\/p>\n<p align=\"JUSTIFY\">\u201cTu ausencia se puede sentir y tu voz no se puede o\u00edr\u201d: Alma Espinosa Becerril.<\/p>\n<p>Twitter @ydlan<\/p>\n<p>&nbsp;<\/p>\n<p><a name=\"_GoBack\"><\/a><\/p>\n<p align=\"JUSTIFY\">\n","protected":false},"excerpt":{"rendered":"<p>Naldy Rodr\u00edguez Transparencia 3.0 La herida sigue abierta, pero ya no hay miedo. Como ellos lo hac\u00edan, en la misma plaza p\u00fablica, amigos y familiares de Rub\u00e9n Espinosa y Nadia Vera levantaron el pu\u00f1o con la frente en alto para exigir justicia y la verdad, conocer lo que realmente ocurri\u00f3 aquel 31 de julio de [&hellip;]<\/p>\n","protected":false},"author":2,"featured_media":0,"comment_status":"open","ping_status":"open","sticky":false,"template":"","format":"standard","meta":{"tdm_status":"","tdm_grid_status":"","footnotes":""},"categories":[70],"tags":[12302,12305,3093,12304,3095,96],"class_list":{"0":"post-44187","1":"post","2":"type-post","3":"status-publish","4":"format-standard","6":"category-de-opinion","7":"tag-mile-martin","8":"tag-nadia-dominique-vera","9":"tag-nadia-vera","10":"tag-olivia-negrete","11":"tag-ruben-espinosa","12":"tag-xalapa"},"yoast_head":"<!-- This site is optimized with the Yoast SEO plugin v27.4 - https:\/\/yoast.com\/product\/yoast-seo-wordpress\/ -->\n<title>Pu\u00f1o arriba y frente en alto - Los pol\u00edticos Veracruz<\/title>\n<meta name=\"robots\" content=\"index, follow, max-snippet:-1, max-image-preview:large, max-video-preview:-1\" \/>\n<link rel=\"canonical\" href=\"https:\/\/lospoliticosveracruz.com\/?p=44187\" \/>\n<meta property=\"og:locale\" content=\"es_ES\" \/>\n<meta property=\"og:type\" content=\"article\" \/>\n<meta property=\"og:title\" content=\"Pu\u00f1o arriba y frente en alto - Los pol\u00edticos Veracruz\" \/>\n<meta property=\"og:description\" content=\"Naldy Rodr\u00edguez Transparencia 3.0 La herida sigue abierta, pero ya no hay miedo. Como ellos lo hac\u00edan, en la misma plaza p\u00fablica, amigos y familiares de Rub\u00e9n Espinosa y Nadia Vera levantaron el pu\u00f1o con la frente en alto para exigir justicia y la verdad, conocer lo que realmente ocurri\u00f3 aquel 31 de julio de [&hellip;]\" \/>\n<meta property=\"og:url\" content=\"https:\/\/lospoliticosveracruz.com\/?p=44187\" \/>\n<meta property=\"og:site_name\" content=\"Los pol\u00edticos Veracruz\" \/>\n<meta property=\"article:publisher\" content=\"https:\/\/www.facebook.com\/people\/Notimemes-de-los-Polticos\/61565672886568\/\" \/>\n<meta property=\"article:published_time\" content=\"2018-08-03T16:41:26+00:00\" \/>\n<meta property=\"article:modified_time\" content=\"2018-08-03T16:48:43+00:00\" \/>\n<meta property=\"og:image\" content=\"https:\/\/lospoliticosveracruz.com\/wp-content\/uploads\/2016\/07\/Logo-Dor.jpg\" \/>\n\t<meta property=\"og:image:width\" content=\"200\" \/>\n\t<meta property=\"og:image:height\" content=\"200\" \/>\n\t<meta property=\"og:image:type\" content=\"image\/jpeg\" \/>\n<meta name=\"author\" content=\"Lo viste en Los Pol\u00edticos\" \/>\n<meta name=\"twitter:card\" content=\"summary_large_image\" \/>\n<meta name=\"twitter:creator\" content=\"@LosPoliticosVer\" \/>\n<meta name=\"twitter:site\" content=\"@LosPoliticosVer\" \/>\n<meta name=\"twitter:label1\" content=\"Escrito por\" \/>\n\t<meta name=\"twitter:data1\" content=\"Lo viste en Los Pol\u00edticos\" \/>\n\t<meta name=\"twitter:label2\" content=\"Tiempo de lectura\" \/>\n\t<meta name=\"twitter:data2\" content=\"3 minutos\" \/>\n<script type=\"application\/ld+json\" class=\"yoast-schema-graph\">{\"@context\":\"https:\\\/\\\/schema.org\",\"@graph\":[{\"@type\":\"Article\",\"@id\":\"https:\\\/\\\/lospoliticosveracruz.com\\\/?p=44187#article\",\"isPartOf\":{\"@id\":\"https:\\\/\\\/lospoliticosveracruz.com\\\/?p=44187\"},\"author\":{\"name\":\"Lo viste en Los Pol\u00edticos\",\"@id\":\"https:\\\/\\\/lospoliticosveracruz.com\\\/#\\\/schema\\\/person\\\/b8702bb0e538456e6efd07080bf2a4a2\"},\"headline\":\"Pu\u00f1o arriba y frente en alto\",\"datePublished\":\"2018-08-03T16:41:26+00:00\",\"dateModified\":\"2018-08-03T16:48:43+00:00\",\"mainEntityOfPage\":{\"@id\":\"https:\\\/\\\/lospoliticosveracruz.com\\\/?p=44187\"},\"wordCount\":588,\"commentCount\":0,\"publisher\":{\"@id\":\"https:\\\/\\\/lospoliticosveracruz.com\\\/#organization\"},\"keywords\":[\"Mile Mart\u00edn\",\"Nadia Dominique Vera\",\"Nadia Vera\",\"Olivia Negrete\",\"Rub\u00e9n Espinosa\",\"Xalapa\"],\"articleSection\":[\"De Opini\u00f3n\"],\"inLanguage\":\"es\",\"potentialAction\":[{\"@type\":\"CommentAction\",\"name\":\"Comment\",\"target\":[\"https:\\\/\\\/lospoliticosveracruz.com\\\/?p=44187#respond\"]}]},{\"@type\":\"WebPage\",\"@id\":\"https:\\\/\\\/lospoliticosveracruz.com\\\/?p=44187\",\"url\":\"https:\\\/\\\/lospoliticosveracruz.com\\\/?p=44187\",\"name\":\"Pu\u00f1o arriba y frente en alto - Los pol\u00edticos Veracruz\",\"isPartOf\":{\"@id\":\"https:\\\/\\\/lospoliticosveracruz.com\\\/#website\"},\"datePublished\":\"2018-08-03T16:41:26+00:00\",\"dateModified\":\"2018-08-03T16:48:43+00:00\",\"breadcrumb\":{\"@id\":\"https:\\\/\\\/lospoliticosveracruz.com\\\/?p=44187#breadcrumb\"},\"inLanguage\":\"es\",\"potentialAction\":[{\"@type\":\"ReadAction\",\"target\":[\"https:\\\/\\\/lospoliticosveracruz.com\\\/?p=44187\"]}]},{\"@type\":\"BreadcrumbList\",\"@id\":\"https:\\\/\\\/lospoliticosveracruz.com\\\/?p=44187#breadcrumb\",\"itemListElement\":[{\"@type\":\"ListItem\",\"position\":1,\"name\":\"Portada\",\"item\":\"https:\\\/\\\/lospoliticosveracruz.com\\\/\"},{\"@type\":\"ListItem\",\"position\":2,\"name\":\"Pu\u00f1o arriba y frente en alto\"}]},{\"@type\":\"WebSite\",\"@id\":\"https:\\\/\\\/lospoliticosveracruz.com\\\/#website\",\"url\":\"https:\\\/\\\/lospoliticosveracruz.com\\\/\",\"name\":\"Los pol\u00edticos Veracruz\",\"description\":\"\",\"publisher\":{\"@id\":\"https:\\\/\\\/lospoliticosveracruz.com\\\/#organization\"},\"potentialAction\":[{\"@type\":\"SearchAction\",\"target\":{\"@type\":\"EntryPoint\",\"urlTemplate\":\"https:\\\/\\\/lospoliticosveracruz.com\\\/?s={search_term_string}\"},\"query-input\":{\"@type\":\"PropertyValueSpecification\",\"valueRequired\":true,\"valueName\":\"search_term_string\"}}],\"inLanguage\":\"es\"},{\"@type\":\"Organization\",\"@id\":\"https:\\\/\\\/lospoliticosveracruz.com\\\/#organization\",\"name\":\"Los pol\u00edticos Veracruz\",\"url\":\"https:\\\/\\\/lospoliticosveracruz.com\\\/\",\"logo\":{\"@type\":\"ImageObject\",\"inLanguage\":\"es\",\"@id\":\"https:\\\/\\\/lospoliticosveracruz.com\\\/#\\\/schema\\\/logo\\\/image\\\/\",\"url\":\"https:\\\/\\\/lospoliticosveracruz.com\\\/wp-content\\\/uploads\\\/2025\\\/12\\\/Logo-Nuevo-LOS-POLITICOS-1.jpg\",\"contentUrl\":\"https:\\\/\\\/lospoliticosveracruz.com\\\/wp-content\\\/uploads\\\/2025\\\/12\\\/Logo-Nuevo-LOS-POLITICOS-1.jpg\",\"width\":260,\"height\":70,\"caption\":\"Los pol\u00edticos Veracruz\"},\"image\":{\"@id\":\"https:\\\/\\\/lospoliticosveracruz.com\\\/#\\\/schema\\\/logo\\\/image\\\/\"},\"sameAs\":[\"https:\\\/\\\/www.facebook.com\\\/people\\\/Notimemes-de-los-Polticos\\\/61565672886568\\\/\",\"https:\\\/\\\/x.com\\\/LosPoliticosVer\"]},{\"@type\":\"Person\",\"@id\":\"https:\\\/\\\/lospoliticosveracruz.com\\\/#\\\/schema\\\/person\\\/b8702bb0e538456e6efd07080bf2a4a2\",\"name\":\"Lo viste en Los Pol\u00edticos\",\"image\":{\"@type\":\"ImageObject\",\"inLanguage\":\"es\",\"@id\":\"https:\\\/\\\/secure.gravatar.com\\\/avatar\\\/3a8de04a2656d44082be478bd6c086daa447c4651605818287b9532d3d0bd435?s=96&d=mm&r=g\",\"url\":\"https:\\\/\\\/secure.gravatar.com\\\/avatar\\\/3a8de04a2656d44082be478bd6c086daa447c4651605818287b9532d3d0bd435?s=96&d=mm&r=g\",\"contentUrl\":\"https:\\\/\\\/secure.gravatar.com\\\/avatar\\\/3a8de04a2656d44082be478bd6c086daa447c4651605818287b9532d3d0bd435?s=96&d=mm&r=g\",\"caption\":\"Lo viste en Los Pol\u00edticos\"},\"url\":\"https:\\\/\\\/lospoliticosveracruz.com\\\/?author=2\"}]}<\/script>\n<!-- \/ Yoast SEO plugin. -->","yoast_head_json":{"title":"Pu\u00f1o arriba y frente en alto - Los pol\u00edticos Veracruz","robots":{"index":"index","follow":"follow","max-snippet":"max-snippet:-1","max-image-preview":"max-image-preview:large","max-video-preview":"max-video-preview:-1"},"canonical":"https:\/\/lospoliticosveracruz.com\/?p=44187","og_locale":"es_ES","og_type":"article","og_title":"Pu\u00f1o arriba y frente en alto - Los pol\u00edticos Veracruz","og_description":"Naldy Rodr\u00edguez Transparencia 3.0 La herida sigue abierta, pero ya no hay miedo. Como ellos lo hac\u00edan, en la misma plaza p\u00fablica, amigos y familiares de Rub\u00e9n Espinosa y Nadia Vera levantaron el pu\u00f1o con la frente en alto para exigir justicia y la verdad, conocer lo que realmente ocurri\u00f3 aquel 31 de julio de [&hellip;]","og_url":"https:\/\/lospoliticosveracruz.com\/?p=44187","og_site_name":"Los pol\u00edticos Veracruz","article_publisher":"https:\/\/www.facebook.com\/people\/Notimemes-de-los-Polticos\/61565672886568\/","article_published_time":"2018-08-03T16:41:26+00:00","article_modified_time":"2018-08-03T16:48:43+00:00","og_image":[{"width":200,"height":200,"url":"https:\/\/lospoliticosveracruz.com\/wp-content\/uploads\/2016\/07\/Logo-Dor.jpg","type":"image\/jpeg"}],"author":"Lo viste en Los Pol\u00edticos","twitter_card":"summary_large_image","twitter_creator":"@LosPoliticosVer","twitter_site":"@LosPoliticosVer","twitter_misc":{"Escrito por":"Lo viste en Los Pol\u00edticos","Tiempo de lectura":"3 minutos"},"schema":{"@context":"https:\/\/schema.org","@graph":[{"@type":"Article","@id":"https:\/\/lospoliticosveracruz.com\/?p=44187#article","isPartOf":{"@id":"https:\/\/lospoliticosveracruz.com\/?p=44187"},"author":{"name":"Lo viste en Los Pol\u00edticos","@id":"https:\/\/lospoliticosveracruz.com\/#\/schema\/person\/b8702bb0e538456e6efd07080bf2a4a2"},"headline":"Pu\u00f1o arriba y frente en alto","datePublished":"2018-08-03T16:41:26+00:00","dateModified":"2018-08-03T16:48:43+00:00","mainEntityOfPage":{"@id":"https:\/\/lospoliticosveracruz.com\/?p=44187"},"wordCount":588,"commentCount":0,"publisher":{"@id":"https:\/\/lospoliticosveracruz.com\/#organization"},"keywords":["Mile Mart\u00edn","Nadia Dominique Vera","Nadia Vera","Olivia Negrete","Rub\u00e9n Espinosa","Xalapa"],"articleSection":["De Opini\u00f3n"],"inLanguage":"es","potentialAction":[{"@type":"CommentAction","name":"Comment","target":["https:\/\/lospoliticosveracruz.com\/?p=44187#respond"]}]},{"@type":"WebPage","@id":"https:\/\/lospoliticosveracruz.com\/?p=44187","url":"https:\/\/lospoliticosveracruz.com\/?p=44187","name":"Pu\u00f1o arriba y frente en alto - Los pol\u00edticos Veracruz","isPartOf":{"@id":"https:\/\/lospoliticosveracruz.com\/#website"},"datePublished":"2018-08-03T16:41:26+00:00","dateModified":"2018-08-03T16:48:43+00:00","breadcrumb":{"@id":"https:\/\/lospoliticosveracruz.com\/?p=44187#breadcrumb"},"inLanguage":"es","potentialAction":[{"@type":"ReadAction","target":["https:\/\/lospoliticosveracruz.com\/?p=44187"]}]},{"@type":"BreadcrumbList","@id":"https:\/\/lospoliticosveracruz.com\/?p=44187#breadcrumb","itemListElement":[{"@type":"ListItem","position":1,"name":"Portada","item":"https:\/\/lospoliticosveracruz.com\/"},{"@type":"ListItem","position":2,"name":"Pu\u00f1o arriba y frente en alto"}]},{"@type":"WebSite","@id":"https:\/\/lospoliticosveracruz.com\/#website","url":"https:\/\/lospoliticosveracruz.com\/","name":"Los pol\u00edticos Veracruz","description":"","publisher":{"@id":"https:\/\/lospoliticosveracruz.com\/#organization"},"potentialAction":[{"@type":"SearchAction","target":{"@type":"EntryPoint","urlTemplate":"https:\/\/lospoliticosveracruz.com\/?s={search_term_string}"},"query-input":{"@type":"PropertyValueSpecification","valueRequired":true,"valueName":"search_term_string"}}],"inLanguage":"es"},{"@type":"Organization","@id":"https:\/\/lospoliticosveracruz.com\/#organization","name":"Los pol\u00edticos Veracruz","url":"https:\/\/lospoliticosveracruz.com\/","logo":{"@type":"ImageObject","inLanguage":"es","@id":"https:\/\/lospoliticosveracruz.com\/#\/schema\/logo\/image\/","url":"https:\/\/lospoliticosveracruz.com\/wp-content\/uploads\/2025\/12\/Logo-Nuevo-LOS-POLITICOS-1.jpg","contentUrl":"https:\/\/lospoliticosveracruz.com\/wp-content\/uploads\/2025\/12\/Logo-Nuevo-LOS-POLITICOS-1.jpg","width":260,"height":70,"caption":"Los pol\u00edticos Veracruz"},"image":{"@id":"https:\/\/lospoliticosveracruz.com\/#\/schema\/logo\/image\/"},"sameAs":["https:\/\/www.facebook.com\/people\/Notimemes-de-los-Polticos\/61565672886568\/","https:\/\/x.com\/LosPoliticosVer"]},{"@type":"Person","@id":"https:\/\/lospoliticosveracruz.com\/#\/schema\/person\/b8702bb0e538456e6efd07080bf2a4a2","name":"Lo viste en Los Pol\u00edticos","image":{"@type":"ImageObject","inLanguage":"es","@id":"https:\/\/secure.gravatar.com\/avatar\/3a8de04a2656d44082be478bd6c086daa447c4651605818287b9532d3d0bd435?s=96&d=mm&r=g","url":"https:\/\/secure.gravatar.com\/avatar\/3a8de04a2656d44082be478bd6c086daa447c4651605818287b9532d3d0bd435?s=96&d=mm&r=g","contentUrl":"https:\/\/secure.gravatar.com\/avatar\/3a8de04a2656d44082be478bd6c086daa447c4651605818287b9532d3d0bd435?s=96&d=mm&r=g","caption":"Lo viste en Los Pol\u00edticos"},"url":"https:\/\/lospoliticosveracruz.com\/?author=2"}]}},"_links":{"self":[{"href":"https:\/\/lospoliticosveracruz.com\/index.php?rest_route=\/wp\/v2\/posts\/44187","targetHints":{"allow":["GET"]}}],"collection":[{"href":"https:\/\/lospoliticosveracruz.com\/index.php?rest_route=\/wp\/v2\/posts"}],"about":[{"href":"https:\/\/lospoliticosveracruz.com\/index.php?rest_route=\/wp\/v2\/types\/post"}],"author":[{"embeddable":true,"href":"https:\/\/lospoliticosveracruz.com\/index.php?rest_route=\/wp\/v2\/users\/2"}],"replies":[{"embeddable":true,"href":"https:\/\/lospoliticosveracruz.com\/index.php?rest_route=%2Fwp%2Fv2%2Fcomments&post=44187"}],"version-history":[{"count":2,"href":"https:\/\/lospoliticosveracruz.com\/index.php?rest_route=\/wp\/v2\/posts\/44187\/revisions"}],"predecessor-version":[{"id":44190,"href":"https:\/\/lospoliticosveracruz.com\/index.php?rest_route=\/wp\/v2\/posts\/44187\/revisions\/44190"}],"wp:attachment":[{"href":"https:\/\/lospoliticosveracruz.com\/index.php?rest_route=%2Fwp%2Fv2%2Fmedia&parent=44187"}],"wp:term":[{"taxonomy":"category","embeddable":true,"href":"https:\/\/lospoliticosveracruz.com\/index.php?rest_route=%2Fwp%2Fv2%2Fcategories&post=44187"},{"taxonomy":"post_tag","embeddable":true,"href":"https:\/\/lospoliticosveracruz.com\/index.php?rest_route=%2Fwp%2Fv2%2Ftags&post=44187"}],"curies":[{"name":"wp","href":"https:\/\/api.w.org\/{rel}","templated":true}]}}